{"id":7774,"date":"2019-03-12T10:03:59","date_gmt":"2019-03-12T09:03:59","guid":{"rendered":"https:\/\/news.save.ch\/?p=7774"},"modified":"2019-03-12T10:03:59","modified_gmt":"2019-03-12T09:03:59","slug":"rueckschlag-fuer-ju-air","status":null,"type":"post","link":"https:\/\/news.save.ch\/de\/rueckschlag-fuer-ju-air\/","title":{"rendered":"Tante Ju &#8211; keine kommerziellen Fl\u00fcge mehr"},"content":{"rendered":"<figure id=\"attachment_7775\" aria-describedby=\"caption-attachment-7775\" style=\"width: 680px\" class=\"wp-caption aligncenter\"><img loading=\"lazy\" decoding=\"async\" class=\"size-medium wp-image-7775\" src=\"https:\/\/news.save.ch\/wp-content\/uploads\/2019\/03\/Ju-IMG_0598.jpg\" alt=\"\" width=\"680\" height=\"453\" \/><figcaption id=\"caption-attachment-7775\" class=\"wp-caption-text\">Momentan darf der Oldtimer noch nicht in die Luft. Foto: R. Str\u00e4ssle<\/figcaption><\/figure>\n<p>&nbsp;<\/p>\n<p>Bei Gr\u00fcndung der Ju-Air vor \u00fcber 35 Jahren erteilte das Bundesamt f\u00fcr Zivilluftfahrt (<a href=\"https:\/\/www.ju-air.ch\">Bazl<\/a>) drei aus Schweizer Milit\u00e4rbest\u00e4nden stammenden Oldtimern des Typs Junkers Ju-52 eine Betriebsbewilligung f\u00fcr kommerzielle Passagierfl\u00fcge. Dabei wurden damals mehrere Ausnahmen f\u00fcr eine nationale Regelung gew\u00e4hrt.<\/p>\n<p><strong>Risiko neu beurteilt<\/strong><\/p>\n<p>Nach dem Unfall einer Ju-Air-Maschine im Sommer 2018 hat das Bazl die Risiken von Passagierfl\u00fcgen mit Oldtimern neu beurteilt und ist zum Schluss gekommen, dass ein kommerzieller Weiterbetrieb mit historischen Luftfahrzeugen die heutigen Sicherheitsanforderungen nicht mehr erf\u00fcllt. Dieser Entscheid werde auch durch Fakten aus der laufenden Unfalluntersuchung durch die <a href=\"https:\/\/www.sust.admin.ch\/de\/sust-startseite\/\">Sust<\/a> gest\u00fctzt. Zus\u00e4tzlich werde sich die europ\u00e4ische Gesetzgebung f\u00fcr Oldtimer ab Mitte 2019 \u00e4ndern und einen kommerziellen Betrieb nicht mehr zulassen, so das Bundesamt. In Deutschland unterst\u00fctzt die Lufthansa kommerzielle Passagierfl\u00fcge mit ihrer eigenen Ju-52 ebenfalls nicht mehr.<\/p>\n<p><strong>Betrieb nur noch f\u00fcr Vereinsmitglieder\u00a0<\/strong><\/p>\n<p>Hingegen soll ein Betrieb im privaten Rahmen und unter nationalen Auflagen weiterhin m\u00f6glich sein, wie das Bazl schreibt. Wer als Mitglied dem &#8222;Oldtimer-Verein&#8220; angeh\u00f6rt, muss nicht auf den Erlebnisflug verzichten. Aus diesem Grund trifft diese Vorgabe die Ju-Air nicht allzu hart, wie ihr Pressesprecher gegen\u00fcber dem Regionaljournal sagte: Die meisten Flugpassagiere geh\u00f6rten bereits heute schon dem Verein der Freunde der schweizerischen Luftwaffe (VFL) an; es handelt sich um die Tr\u00e4gerorganisation der Ju-Air. Das Bundesamt verlangt neu vom Oldtimer-Betreiber, dass er seine Vereinsmitglieder \u00fcber die h\u00f6heren Risiken aufkl\u00e4rt, die bei historischen Flugzeugen im Vergleich zu modernen Passagierflugzeugen bestehen.<\/p>\n<p>Da Flugzeuge wie die Ju-52 eine gr\u00f6ssere Zahl von Passagieren bef\u00f6rdern k\u00f6nnen, m\u00fcssen sie gem\u00e4ss Bazl technisch und operationell h\u00f6here Anforderungen erf\u00fcllen als kleinere Oldtimerflugzeuge. Erschwerend k\u00e4me bei den Ju-52 hinzu, dass es keinen Hersteller mehr gebe, der f\u00fcr die Aufrechterhaltung der Luftt\u00fcchtigkeit verantwortlich sei. Das Bazl sei wie andere nationalen Aufsichtsbeh\u00f6rden schon aus Ressourcengr\u00fcnden nicht in der Lage, diese Aufgabe zu \u00fcbernehmen. Die privaten Betreiber von grossen Oldtimerflugzeugen m\u00fcssten sich daher entweder selbst dieses Fachwissen aneignen oder diese Aufgabe an einen externen Betrieb delegieren.<\/p>\n<p><strong>Technische Massnahmen noch nicht erf\u00fcllt<\/strong><\/p>\n<p>Da die Ju-Air die vom Bazl geforderten technischen Massnahmen noch nicht vollst\u00e4ndig erf\u00fcllen k\u00f6nne, m\u00fcssten ihre Oldtimerflugzeuge weiterhin am Boden. Solange lassen sich aus Sicht des Bazl auch keine Aussagen \u00fcber den Zeitpunkt der Wiederaufnahme des Flugbetriebes durch die Ju-Air machen, heisst es abschliessend in der Medienmitteilung.<\/p>\n<p><strong>Ju-Air will diesen Sommer mit einer Ju-52 abheben<\/strong><\/p>\n<p>In ihrer Medienmitteilung vom 12. M\u00e4rz schreibt die Ju-Air in D\u00fcbendorf, man sein in der Lage, die vom Bazl verlangte Organisation zur Gew\u00e4hrleistung eines k\u00fcnftigen Flugbetriebs aufzubauen und die dazu n\u00f6tigen externen Fachleute und -organisationen zu verpflichten. Dies werde allerdings mehrere Monate dauern. In der Zwischenzeit sei der Oldtimer-Fluggesellschaft eine \u00dcbergangsregelung zu gew\u00e4hren, die einen sicheren Flugbetrieb erm\u00f6gliche.<\/p>\n<p>Das Flugunternehmen bereitet sich nach eigenem Bekunden auf einen langfristigen Weiterbetrieb ihrer drei historischen Ju-52 vor. Dazu w\u00fcrden die heute 70 und 80 Jahre alten Flugzeuge komplett demontiert und \u00fcberholt. F\u00fcr die umfassendsten Revisionsarbeiten in der 36-j\u00e4hrigen Geschichte der Ju-Air m\u00fcsse der Flugbetrieb im Sommer 2019 und 2020 reduziert werden. Ein erster Oldtimer soll jedoch bereits diesen Sommer 2019 wieder abheben.<\/p>\n<p>Ferner wird in der Ju-Air-Medienmitteilung betont, dass es nach wie vor keine Hinweise darauf gebe, dass eine technische Ursache zum Unfall der HB-HOT gef\u00fchrt habe.\u00a0\u00a0<em>(rs)<\/em><\/p>\n<p>&nbsp;<\/p>\n","protected":false},"excerpt":{"rendered":"<p>&nbsp; Bei Gr\u00fcndung der Ju-Air vor \u00fcber 35 Jahren erteilte das Bundesamt f\u00fcr Zivilluftfahrt (Bazl) drei aus Schweizer Milit\u00e4rbest\u00e4nden stammenden Oldtimern des Typs Junkers Ju-52 eine Betriebsbewilligung f\u00fcr kommerzielle Passagierfl\u00fcge. Dabei wurden damals mehrere Ausnahmen f\u00fcr eine nationale Regelung gew\u00e4hrt. Risiko neu beurteilt Nach dem Unfall einer Ju-Air-Maschine im Sommer 2018 hat das Bazl die [&hellip;]<\/p>\n","protected":false},"author":8,"featured_media":7775,"comment_status":"open","ping_status":"open","sticky":false,"template":"","format":"standard","meta":{"_acf_changed":false,"pgc_sgb_lightbox_settings":"","footnotes":""},"categories":[1],"tags":[416],"class_list":["post-7774","post","type-post","status-publish","format-standard","has-post-thumbnail","hentry","category-allgemein","tag-flugbetrieb"],"acf":[],"hkrextid":null,"publication":null,"issue":null,"workflow":null,"startPage":null,"spitzmarke":null,"_posts_by_tag_page_fields":{"widget_title":"","widget_tags":""},"_at_widget":"1","_yoast_wpseo_primary_category":"1","_yoast_wpseo_focuskw_text_input":"Ju-Air","_yoast_wpseo_opengraph-image":null,"_yoast_wpseo_opengraph-description":null,"_yoast_wpseo_opengraph-title":null,"enclosure":null,"_yoast_wpseo_twitter-title":null,"_yoast_wpseo_twitter-description":null,"_yoast_wpseo_twitter-image":null,"_wp_old_slug":null,"_yoast_wpseo_title":null,"_yoast_wpseo_canonical":null,"yoast_head":"<!-- This site is optimized with the Yoast SEO plugin v27.4 - https:\/\/yoast.com\/product\/yoast-seo-wordpress\/ -->\n<title>Tante Ju - keine kommerziellen Fl\u00fcge mehr - Save<\/title>\n<meta name=\"description\" content=\"Der Ju-Air wird die Genehmigung f\u00fcr kommerzielle Passagierfl\u00fcge entzogen. Das hat das Bundesamt f\u00fcr Zivilluftfahrt mitgeteilt.\" \/>\n<meta name=\"robots\" content=\"index, follow, max-snippet:-1, max-image-preview:large, max-video-preview:-1\" \/>\n<link rel=\"canonical\" href=\"https:\/\/news.save.ch\/de\/rueckschlag-fuer-ju-air\/\" \/>\n<meta property=\"og:locale\" content=\"de_DE\" \/>\n<meta property=\"og:type\" content=\"article\" \/>\n<meta property=\"og:title\" content=\"Tante Ju - keine kommerziellen Fl\u00fcge mehr - Save\" \/>\n<meta property=\"og:description\" content=\"Der Ju-Air wird die Genehmigung f\u00fcr kommerzielle Passagierfl\u00fcge entzogen. Das hat das Bundesamt f\u00fcr Zivilluftfahrt mitgeteilt.\" \/>\n<meta property=\"og:url\" content=\"https:\/\/news.save.ch\/de\/rueckschlag-fuer-ju-air\/\" \/>\n<meta property=\"og:site_name\" content=\"Save\" \/>\n<meta property=\"article:published_time\" content=\"2019-03-12T09:03:59+00:00\" \/>\n<meta name=\"author\" content=\"Roger Str\u00e4ssle\" \/>\n<meta name=\"twitter:card\" content=\"summary_large_image\" \/>\n<meta name=\"twitter:label1\" content=\"Geschrieben von\" \/>\n\t<meta name=\"twitter:data1\" content=\"Roger Str\u00e4ssle\" \/>\n\t<meta name=\"twitter:label2\" content=\"Gesch\u00e4tzte Lesezeit\" \/>\n\t<meta name=\"twitter:data2\" content=\"3\u00a0Minuten\" \/>\n<script type=\"application\/ld+json\" class=\"yoast-schema-graph\">{\"@context\":\"https:\\\/\\\/schema.org\",\"@graph\":[{\"@type\":\"Article\",\"@id\":\"https:\\\/\\\/news.save.ch\\\/rueckschlag-fuer-ju-air\\\/#article\",\"isPartOf\":{\"@id\":\"https:\\\/\\\/news.save.ch\\\/rueckschlag-fuer-ju-air\\\/\"},\"author\":{\"name\":\"Roger Str\u00e4ssle\",\"@id\":\"https:\\\/\\\/news.save.ch\\\/de\\\/#\\\/schema\\\/person\\\/d5022db048e0e2b9785c50e5b24da5aa\"},\"headline\":\"Tante Ju &#8211; keine kommerziellen Fl\u00fcge mehr\",\"datePublished\":\"2019-03-12T09:03:59+00:00\",\"mainEntityOfPage\":{\"@id\":\"https:\\\/\\\/news.save.ch\\\/rueckschlag-fuer-ju-air\\\/\"},\"wordCount\":596,\"commentCount\":0,\"publisher\":{\"@id\":\"https:\\\/\\\/news.save.ch\\\/de\\\/#organization\"},\"image\":{\"@id\":\"https:\\\/\\\/news.save.ch\\\/rueckschlag-fuer-ju-air\\\/#primaryimage\"},\"thumbnailUrl\":\"\",\"keywords\":[\"Flugbetrieb\"],\"articleSection\":[\"ALLGEMEIN\"],\"inLanguage\":\"de\"},{\"@type\":\"WebPage\",\"@id\":\"https:\\\/\\\/news.save.ch\\\/rueckschlag-fuer-ju-air\\\/\",\"url\":\"https:\\\/\\\/news.save.ch\\\/rueckschlag-fuer-ju-air\\\/\",\"name\":\"Tante Ju - keine kommerziellen Fl\u00fcge mehr - Save\",\"isPartOf\":{\"@id\":\"https:\\\/\\\/news.save.ch\\\/de\\\/#website\"},\"primaryImageOfPage\":{\"@id\":\"https:\\\/\\\/news.save.ch\\\/rueckschlag-fuer-ju-air\\\/#primaryimage\"},\"image\":{\"@id\":\"https:\\\/\\\/news.save.ch\\\/rueckschlag-fuer-ju-air\\\/#primaryimage\"},\"thumbnailUrl\":\"\",\"datePublished\":\"2019-03-12T09:03:59+00:00\",\"description\":\"Der Ju-Air wird die Genehmigung f\u00fcr kommerzielle Passagierfl\u00fcge entzogen. Das hat das Bundesamt f\u00fcr Zivilluftfahrt mitgeteilt.\",\"breadcrumb\":{\"@id\":\"https:\\\/\\\/news.save.ch\\\/rueckschlag-fuer-ju-air\\\/#breadcrumb\"},\"inLanguage\":\"de\",\"potentialAction\":[{\"@type\":\"ReadAction\",\"target\":[\"https:\\\/\\\/news.save.ch\\\/rueckschlag-fuer-ju-air\\\/\"]}]},{\"@type\":\"ImageObject\",\"inLanguage\":\"de\",\"@id\":\"https:\\\/\\\/news.save.ch\\\/rueckschlag-fuer-ju-air\\\/#primaryimage\",\"url\":\"\",\"contentUrl\":\"\"},{\"@type\":\"BreadcrumbList\",\"@id\":\"https:\\\/\\\/news.save.ch\\\/rueckschlag-fuer-ju-air\\\/#breadcrumb\",\"itemListElement\":[{\"@type\":\"ListItem\",\"position\":1,\"name\":\"Home\",\"item\":\"https:\\\/\\\/news.save.ch\\\/de\\\/\"},{\"@type\":\"ListItem\",\"position\":2,\"name\":\"Tante Ju &#8211; keine kommerziellen Fl\u00fcge mehr\"}]},{\"@type\":\"WebSite\",\"@id\":\"https:\\\/\\\/news.save.ch\\\/de\\\/#website\",\"url\":\"https:\\\/\\\/news.save.ch\\\/de\\\/\",\"name\":\"Save\",\"description\":\"Schweizer Fachzeitschrift f\u00fcr Sicherheit\",\"publisher\":{\"@id\":\"https:\\\/\\\/news.save.ch\\\/de\\\/#organization\"},\"potentialAction\":[{\"@type\":\"SearchAction\",\"target\":{\"@type\":\"EntryPoint\",\"urlTemplate\":\"https:\\\/\\\/news.save.ch\\\/de\\\/?s={search_term_string}\"},\"query-input\":{\"@type\":\"PropertyValueSpecification\",\"valueRequired\":true,\"valueName\":\"search_term_string\"}}],\"inLanguage\":\"de\"},{\"@type\":\"Organization\",\"@id\":\"https:\\\/\\\/news.save.ch\\\/de\\\/#organization\",\"name\":\"Sicherheitsforum\",\"url\":\"https:\\\/\\\/news.save.ch\\\/de\\\/\",\"logo\":{\"@type\":\"ImageObject\",\"inLanguage\":\"de\",\"@id\":\"https:\\\/\\\/news.save.ch\\\/de\\\/#\\\/schema\\\/logo\\\/image\\\/\",\"url\":\"https:\\\/\\\/news.save.ch\\\/wp-content\\\/uploads\\\/2022\\\/06\\\/Logo_SF_2012.png\",\"contentUrl\":\"https:\\\/\\\/news.save.ch\\\/wp-content\\\/uploads\\\/2022\\\/06\\\/Logo_SF_2012.png\",\"width\":1100,\"height\":91,\"caption\":\"Sicherheitsforum\"},\"image\":{\"@id\":\"https:\\\/\\\/news.save.ch\\\/de\\\/#\\\/schema\\\/logo\\\/image\\\/\"}},{\"@type\":\"Person\",\"@id\":\"https:\\\/\\\/news.save.ch\\\/de\\\/#\\\/schema\\\/person\\\/d5022db048e0e2b9785c50e5b24da5aa\",\"name\":\"Roger Str\u00e4ssle\",\"image\":{\"@type\":\"ImageObject\",\"inLanguage\":\"de\",\"@id\":\"https:\\\/\\\/secure.gravatar.com\\\/avatar\\\/862a5569d087de48e5856e32f45d719a03804c891d6deb8d4f71a660e79e4a47?s=96&d=mm&r=g\",\"url\":\"https:\\\/\\\/secure.gravatar.com\\\/avatar\\\/862a5569d087de48e5856e32f45d719a03804c891d6deb8d4f71a660e79e4a47?s=96&d=mm&r=g\",\"contentUrl\":\"https:\\\/\\\/secure.gravatar.com\\\/avatar\\\/862a5569d087de48e5856e32f45d719a03804c891d6deb8d4f71a660e79e4a47?s=96&d=mm&r=g\",\"caption\":\"Roger Str\u00e4ssle\"},\"url\":\"https:\\\/\\\/news.save.ch\\\/de\\\/author\\\/roger-straessle\\\/\"}]}<\/script>\n<!-- \/ Yoast SEO plugin. -->","yoast_head_json":{"title":"Tante Ju - keine kommerziellen Fl\u00fcge mehr - Save","description":"Der Ju-Air wird die Genehmigung f\u00fcr kommerzielle Passagierfl\u00fcge entzogen. Das hat das Bundesamt f\u00fcr Zivilluftfahrt mitgeteilt.","robots":{"index":"index","follow":"follow","max-snippet":"max-snippet:-1","max-image-preview":"max-image-preview:large","max-video-preview":"max-video-preview:-1"},"canonical":"https:\/\/news.save.ch\/de\/rueckschlag-fuer-ju-air\/","og_locale":"de_DE","og_type":"article","og_title":"Tante Ju - keine kommerziellen Fl\u00fcge mehr - Save","og_description":"Der Ju-Air wird die Genehmigung f\u00fcr kommerzielle Passagierfl\u00fcge entzogen. Das hat das Bundesamt f\u00fcr Zivilluftfahrt mitgeteilt.","og_url":"https:\/\/news.save.ch\/de\/rueckschlag-fuer-ju-air\/","og_site_name":"Save","article_published_time":"2019-03-12T09:03:59+00:00","author":"Roger Str\u00e4ssle","twitter_card":"summary_large_image","twitter_misc":{"Geschrieben von":"Roger Str\u00e4ssle","Gesch\u00e4tzte Lesezeit":"3\u00a0Minuten"},"schema":{"@context":"https:\/\/schema.org","@graph":[{"@type":"Article","@id":"https:\/\/news.save.ch\/rueckschlag-fuer-ju-air\/#article","isPartOf":{"@id":"https:\/\/news.save.ch\/rueckschlag-fuer-ju-air\/"},"author":{"name":"Roger Str\u00e4ssle","@id":"https:\/\/news.save.ch\/de\/#\/schema\/person\/d5022db048e0e2b9785c50e5b24da5aa"},"headline":"Tante Ju &#8211; keine kommerziellen Fl\u00fcge mehr","datePublished":"2019-03-12T09:03:59+00:00","mainEntityOfPage":{"@id":"https:\/\/news.save.ch\/rueckschlag-fuer-ju-air\/"},"wordCount":596,"commentCount":0,"publisher":{"@id":"https:\/\/news.save.ch\/de\/#organization"},"image":{"@id":"https:\/\/news.save.ch\/rueckschlag-fuer-ju-air\/#primaryimage"},"thumbnailUrl":"","keywords":["Flugbetrieb"],"articleSection":["ALLGEMEIN"],"inLanguage":"de"},{"@type":"WebPage","@id":"https:\/\/news.save.ch\/rueckschlag-fuer-ju-air\/","url":"https:\/\/news.save.ch\/rueckschlag-fuer-ju-air\/","name":"Tante Ju - keine kommerziellen Fl\u00fcge mehr - Save","isPartOf":{"@id":"https:\/\/news.save.ch\/de\/#website"},"primaryImageOfPage":{"@id":"https:\/\/news.save.ch\/rueckschlag-fuer-ju-air\/#primaryimage"},"image":{"@id":"https:\/\/news.save.ch\/rueckschlag-fuer-ju-air\/#primaryimage"},"thumbnailUrl":"","datePublished":"2019-03-12T09:03:59+00:00","description":"Der Ju-Air wird die Genehmigung f\u00fcr kommerzielle Passagierfl\u00fcge entzogen. Das hat das Bundesamt f\u00fcr Zivilluftfahrt mitgeteilt.","breadcrumb":{"@id":"https:\/\/news.save.ch\/rueckschlag-fuer-ju-air\/#breadcrumb"},"inLanguage":"de","potentialAction":[{"@type":"ReadAction","target":["https:\/\/news.save.ch\/rueckschlag-fuer-ju-air\/"]}]},{"@type":"ImageObject","inLanguage":"de","@id":"https:\/\/news.save.ch\/rueckschlag-fuer-ju-air\/#primaryimage","url":"","contentUrl":""},{"@type":"BreadcrumbList","@id":"https:\/\/news.save.ch\/rueckschlag-fuer-ju-air\/#breadcrumb","itemListElement":[{"@type":"ListItem","position":1,"name":"Home","item":"https:\/\/news.save.ch\/de\/"},{"@type":"ListItem","position":2,"name":"Tante Ju &#8211; keine kommerziellen Fl\u00fcge mehr"}]},{"@type":"WebSite","@id":"https:\/\/news.save.ch\/de\/#website","url":"https:\/\/news.save.ch\/de\/","name":"Save","description":"Schweizer Fachzeitschrift f\u00fcr Sicherheit","publisher":{"@id":"https:\/\/news.save.ch\/de\/#organization"},"potentialAction":[{"@type":"SearchAction","target":{"@type":"EntryPoint","urlTemplate":"https:\/\/news.save.ch\/de\/?s={search_term_string}"},"query-input":{"@type":"PropertyValueSpecification","valueRequired":true,"valueName":"search_term_string"}}],"inLanguage":"de"},{"@type":"Organization","@id":"https:\/\/news.save.ch\/de\/#organization","name":"Sicherheitsforum","url":"https:\/\/news.save.ch\/de\/","logo":{"@type":"ImageObject","inLanguage":"de","@id":"https:\/\/news.save.ch\/de\/#\/schema\/logo\/image\/","url":"https:\/\/news.save.ch\/wp-content\/uploads\/2022\/06\/Logo_SF_2012.png","contentUrl":"https:\/\/news.save.ch\/wp-content\/uploads\/2022\/06\/Logo_SF_2012.png","width":1100,"height":91,"caption":"Sicherheitsforum"},"image":{"@id":"https:\/\/news.save.ch\/de\/#\/schema\/logo\/image\/"}},{"@type":"Person","@id":"https:\/\/news.save.ch\/de\/#\/schema\/person\/d5022db048e0e2b9785c50e5b24da5aa","name":"Roger Str\u00e4ssle","image":{"@type":"ImageObject","inLanguage":"de","@id":"https:\/\/secure.gravatar.com\/avatar\/862a5569d087de48e5856e32f45d719a03804c891d6deb8d4f71a660e79e4a47?s=96&d=mm&r=g","url":"https:\/\/secure.gravatar.com\/avatar\/862a5569d087de48e5856e32f45d719a03804c891d6deb8d4f71a660e79e4a47?s=96&d=mm&r=g","contentUrl":"https:\/\/secure.gravatar.com\/avatar\/862a5569d087de48e5856e32f45d719a03804c891d6deb8d4f71a660e79e4a47?s=96&d=mm&r=g","caption":"Roger Str\u00e4ssle"},"url":"https:\/\/news.save.ch\/de\/author\/roger-straessle\/"}]}},"_links":{"self":[{"href":"https:\/\/news.save.ch\/de\/wp-json\/wp\/v2\/posts\/7774","targetHints":{"allow":["GET"]}}],"collection":[{"href":"https:\/\/news.save.ch\/de\/wp-json\/wp\/v2\/posts"}],"about":[{"href":"https:\/\/news.save.ch\/de\/wp-json\/wp\/v2\/types\/post"}],"author":[{"embeddable":true,"href":"https:\/\/news.save.ch\/de\/wp-json\/wp\/v2\/users\/8"}],"replies":[{"embeddable":true,"href":"https:\/\/news.save.ch\/de\/wp-json\/wp\/v2\/comments?post=7774"}],"version-history":[{"count":0,"href":"https:\/\/news.save.ch\/de\/wp-json\/wp\/v2\/posts\/7774\/revisions"}],"wp:featuredmedia":[{"embeddable":true,"href":"https:\/\/news.save.ch\/de\/wp-json\/"}],"wp:attachment":[{"href":"https:\/\/news.save.ch\/de\/wp-json\/wp\/v2\/media?parent=7774"}],"wp:term":[{"taxonomy":"category","embeddable":true,"href":"https:\/\/news.save.ch\/de\/wp-json\/wp\/v2\/categories?post=7774"},{"taxonomy":"post_tag","embeddable":true,"href":"https:\/\/news.save.ch\/de\/wp-json\/wp\/v2\/tags?post=7774"}],"curies":[{"name":"wp","href":"https:\/\/api.w.org\/{rel}","templated":true}]}}