{"id":7882,"date":"2019-04-02T16:56:38","date_gmt":"2019-04-02T14:56:38","guid":{"rendered":"https:\/\/news.save.ch\/?p=7882"},"modified":"2019-04-02T16:56:38","modified_gmt":"2019-04-02T14:56:38","slug":"sicherheit-und-ineltec-eine-neue-heimat-fuer-das-gescheiterte-messeduo","status":null,"type":"post","link":"https:\/\/news.save.ch\/de\/sicherheit-und-ineltec-eine-neue-heimat-fuer-das-gescheiterte-messeduo\/","title":{"rendered":"Sicherheit &#038; Ineltec: Eine neue Heimat f\u00fcr gescheitertes Messeduo"},"content":{"rendered":"<figure id=\"attachment_7883\" aria-describedby=\"caption-attachment-7883\" style=\"width: 680px\" class=\"wp-caption aligncenter\"><img loading=\"lazy\" decoding=\"async\" class=\"wp-image-7883 size-medium\" src=\"https:\/\/news.save.ch\/wp-content\/uploads\/2019\/04\/SWISSBAU-scaled-1.jpg\" alt=\"Swissbau\" width=\"680\" height=\"453\" \/><figcaption id=\"caption-attachment-7883\" class=\"wp-caption-text\">\u00a9 MCH Messe Schweiz<\/figcaption><\/figure>\n<p>In den vergangenen Wochen habe man Gespr\u00e4che mit relevanten Vertretern der von der <a href=\"https:\/\/news.save.ch\/sicherheitsfachmesse-wird-abgesagt\/\">Absage Sicherheit und der Ineltec<\/a> betroffenen Branchen gef\u00fchrt, schreibt die MCH Group und unterstreicht: \u00abSchon l\u00e4nger gab es bei den drei Messeangeboten \u00dcberschneidungen in den Sektoren Geb\u00e4udeautomation, Energie im Geb\u00e4ude, Licht und Beleuchtungstechnik sowie Geb\u00e4udesicherheit.\u00bb Nun w\u00fcrden diese Sektoren in der <a href=\"https:\/\/www.swissbau.ch\">Swissbau<\/a> (14. bis 18. Januar 2020) erweitert.<\/p>\n<p><strong>Ideale Plattform f\u00fcr Geb\u00e4udesicherheit<\/strong><\/p>\n<p>Swissbau-Messeleiter Rudolf Pfander betont die hohe Relevanz der Swissbau und das Wachstumspotenzial der intelligenten Geb\u00e4udetechnologie: \u00abDurch die Digitalisierung ver\u00e4ndert sich die Branche, die verschiedenen Bereiche der Bau- und Immobilienwirtschaft wachsen zusammen. Die Geb\u00e4udetechnik ist bereits mit Anbietern aus den Bereichen Heizung, L\u00fcftung und Geb\u00e4udeautomation vertreten.\u00bb Die St\u00e4rkung mit dem Hauptfokus Geb\u00e4udeautomation und Energie im Geb\u00e4ude komplettiere die Geb\u00e4udetechnik neu unter einem Dach. Ebenso biete die Swissbau der Geb\u00e4udesicherheit sowie Licht und Beleuchtungstechnik die ideale Plattform.\u00bb<\/p>\n<p><strong>Interdisziplin\u00e4re Vernetzung<\/strong><\/p>\n<p>Laut der Fachmesse der Schweizer Bau- und Immobilienwirtschaft kommen jeweils rund 100&#8217;000 Besucher (80% Fachbesucher und 20% Bauherren bzw. Nutzer) an die Swissbau nach Basel, davon 57&#8217;000 Entscheidungstr\u00e4ger. Zunehmend werde die Messe auch von Eigent\u00fcmern und Investoren, Immobiliendienstleistern, Facility Managern, Verantwortlichen von Building Information Modeling (BIM) und Geb\u00e4udetechnikspezialisten besucht. Mit den drei Gef\u00e4ssen Messe, Swissbau Focus und Innovation Lab bilde die Veranstaltung den gesamten Life Cycle einer Immobilie ab.<\/p>\n<p>Walo Dalh\u00e4user, Leiter Fach- und Publikumsmessen MCH Messe Schweiz: \u00abF\u00fcr die Aussteller der Ineltec und Sicherheit ergibt sich erg\u00e4nzend zu den bisherigen Besucherzielgruppen der Planer und Installateure neu das Potenzial von \u00fcber 21&#8217;000 Architekten, Innenarchitekten sowie weiteren Fachplanern und Ingenieuren.\u00bb<\/p>\n<p>Werner Fehlmann, Building Technologies, Siemens, unterstreicht: \u00abDie Erweiterung der Swissbau mit Energie im Geb\u00e4ude, Geb\u00e4udeautomation und Geb\u00e4udesicherheit ist zukunftsgerichtet und entspricht dem wachsenden Bed\u00fcrfnis nach interdisziplin\u00e4rer Vernetzung.\u00a0\u00a0\u00a0\u00a0\u00a0 <em>(rs)<\/em><\/p>\n","protected":false},"excerpt":{"rendered":"<p>In den vergangenen Wochen habe man Gespr\u00e4che mit relevanten Vertretern der von der Absage Sicherheit und der Ineltec betroffenen Branchen gef\u00fchrt, schreibt die MCH Group und unterstreicht: \u00abSchon l\u00e4nger gab es bei den drei Messeangeboten \u00dcberschneidungen in den Sektoren Geb\u00e4udeautomation, Energie im Geb\u00e4ude, Licht und Beleuchtungstechnik sowie Geb\u00e4udesicherheit.\u00bb Nun w\u00fcrden diese Sektoren in der Swissbau [&hellip;]<\/p>\n","protected":false},"author":8,"featured_media":7883,"comment_status":"open","ping_status":"open","sticky":false,"template":"","format":"standard","meta":{"_acf_changed":false,"pgc_sgb_lightbox_settings":"","footnotes":""},"categories":[1],"tags":[278,160],"class_list":["post-7882","post","type-post","status-publish","format-standard","has-post-thumbnail","hentry","category-allgemein","tag-fachkongress-fachmesse","tag-veranstaltungen"],"acf":[],"hkrextid":null,"publication":null,"issue":null,"workflow":null,"startPage":null,"spitzmarke":null,"_posts_by_tag_page_fields":{"widget_title":"","widget_tags":""},"_at_widget":"1","_yoast_wpseo_primary_category":"1","_yoast_wpseo_focuskw_text_input":"Swissbau","_yoast_wpseo_opengraph-image":null,"_yoast_wpseo_opengraph-description":null,"_yoast_wpseo_opengraph-title":null,"enclosure":null,"_yoast_wpseo_twitter-title":null,"_yoast_wpseo_twitter-description":null,"_yoast_wpseo_twitter-image":null,"_wp_old_slug":null,"_yoast_wpseo_title":null,"_yoast_wpseo_canonical":null,"yoast_head":"<!-- This site is optimized with the Yoast SEO plugin v27.5 - https:\/\/yoast.com\/product\/yoast-seo-wordpress\/ -->\n<title>Sicherheit &amp; Ineltec: Eine neue Heimat f\u00fcr gescheitertes Messeduo - Save<\/title>\n<meta name=\"description\" content=\"Mit der Swissbau 2020 biete man der Sicherheitsbranche und der Geb\u00e4udetechnologie eine interdisziplin\u00e4re Business-Plattform.\" \/>\n<meta name=\"robots\" content=\"index, follow, max-snippet:-1, max-image-preview:large, max-video-preview:-1\" \/>\n<link rel=\"canonical\" href=\"https:\/\/news.save.ch\/de\/sicherheit-und-ineltec-eine-neue-heimat-fuer-das-gescheiterte-messeduo\/\" \/>\n<meta property=\"og:locale\" content=\"de_DE\" \/>\n<meta property=\"og:type\" content=\"article\" \/>\n<meta property=\"og:title\" content=\"Sicherheit &amp; Ineltec: Eine neue Heimat f\u00fcr gescheitertes Messeduo - Save\" \/>\n<meta property=\"og:description\" content=\"Mit der Swissbau 2020 biete man der Sicherheitsbranche und der Geb\u00e4udetechnologie eine interdisziplin\u00e4re Business-Plattform.\" \/>\n<meta property=\"og:url\" content=\"https:\/\/news.save.ch\/de\/sicherheit-und-ineltec-eine-neue-heimat-fuer-das-gescheiterte-messeduo\/\" \/>\n<meta property=\"og:site_name\" content=\"Save\" \/>\n<meta property=\"article:published_time\" content=\"2019-04-02T14:56:38+00:00\" \/>\n<meta property=\"og:image\" content=\"https:\/\/news.save.ch\/wp-content\/uploads\/2019\/04\/SWISSBAU-scaled-1-scaled.jpg\" \/>\n\t<meta property=\"og:image:width\" content=\"1400\" \/>\n\t<meta property=\"og:image:height\" content=\"934\" \/>\n\t<meta property=\"og:image:type\" content=\"image\/jpeg\" \/>\n<meta name=\"author\" content=\"Roger Str\u00e4ssle\" \/>\n<meta name=\"twitter:card\" content=\"summary_large_image\" \/>\n<meta name=\"twitter:label1\" content=\"Geschrieben von\" \/>\n\t<meta name=\"twitter:data1\" content=\"Roger Str\u00e4ssle\" \/>\n\t<meta name=\"twitter:label2\" content=\"Gesch\u00e4tzte Lesezeit\" \/>\n\t<meta name=\"twitter:data2\" content=\"2\u00a0Minuten\" \/>\n<script type=\"application\/ld+json\" class=\"yoast-schema-graph\">{\"@context\":\"https:\\\/\\\/schema.org\",\"@graph\":[{\"@type\":\"Article\",\"@id\":\"https:\\\/\\\/news.save.ch\\\/sicherheit-und-ineltec-eine-neue-heimat-fuer-das-gescheiterte-messeduo\\\/#article\",\"isPartOf\":{\"@id\":\"https:\\\/\\\/news.save.ch\\\/sicherheit-und-ineltec-eine-neue-heimat-fuer-das-gescheiterte-messeduo\\\/\"},\"author\":{\"name\":\"Roger Str\u00e4ssle\",\"@id\":\"https:\\\/\\\/news.save.ch\\\/de\\\/#\\\/schema\\\/person\\\/d5022db048e0e2b9785c50e5b24da5aa\"},\"headline\":\"Sicherheit &#038; Ineltec: Eine neue Heimat f\u00fcr gescheitertes Messeduo\",\"datePublished\":\"2019-04-02T14:56:38+00:00\",\"mainEntityOfPage\":{\"@id\":\"https:\\\/\\\/news.save.ch\\\/sicherheit-und-ineltec-eine-neue-heimat-fuer-das-gescheiterte-messeduo\\\/\"},\"wordCount\":322,\"commentCount\":0,\"publisher\":{\"@id\":\"https:\\\/\\\/news.save.ch\\\/de\\\/#organization\"},\"image\":{\"@id\":\"https:\\\/\\\/news.save.ch\\\/sicherheit-und-ineltec-eine-neue-heimat-fuer-das-gescheiterte-messeduo\\\/#primaryimage\"},\"thumbnailUrl\":\"https:\\\/\\\/news.save.ch\\\/wp-content\\\/uploads\\\/2019\\\/04\\\/SWISSBAU-scaled-1-scaled.jpg\",\"keywords\":[\"Fachkongress \\\/ Fachmesse\",\"Veranstaltungen\"],\"articleSection\":[\"ALLGEMEIN\"],\"inLanguage\":\"de\"},{\"@type\":\"WebPage\",\"@id\":\"https:\\\/\\\/news.save.ch\\\/sicherheit-und-ineltec-eine-neue-heimat-fuer-das-gescheiterte-messeduo\\\/\",\"url\":\"https:\\\/\\\/news.save.ch\\\/sicherheit-und-ineltec-eine-neue-heimat-fuer-das-gescheiterte-messeduo\\\/\",\"name\":\"Sicherheit & Ineltec: Eine neue Heimat f\u00fcr gescheitertes Messeduo - Save\",\"isPartOf\":{\"@id\":\"https:\\\/\\\/news.save.ch\\\/de\\\/#website\"},\"primaryImageOfPage\":{\"@id\":\"https:\\\/\\\/news.save.ch\\\/sicherheit-und-ineltec-eine-neue-heimat-fuer-das-gescheiterte-messeduo\\\/#primaryimage\"},\"image\":{\"@id\":\"https:\\\/\\\/news.save.ch\\\/sicherheit-und-ineltec-eine-neue-heimat-fuer-das-gescheiterte-messeduo\\\/#primaryimage\"},\"thumbnailUrl\":\"https:\\\/\\\/news.save.ch\\\/wp-content\\\/uploads\\\/2019\\\/04\\\/SWISSBAU-scaled-1-scaled.jpg\",\"datePublished\":\"2019-04-02T14:56:38+00:00\",\"description\":\"Mit der Swissbau 2020 biete man der Sicherheitsbranche und der Geb\u00e4udetechnologie eine interdisziplin\u00e4re Business-Plattform.\",\"breadcrumb\":{\"@id\":\"https:\\\/\\\/news.save.ch\\\/sicherheit-und-ineltec-eine-neue-heimat-fuer-das-gescheiterte-messeduo\\\/#breadcrumb\"},\"inLanguage\":\"de\",\"potentialAction\":[{\"@type\":\"ReadAction\",\"target\":[\"https:\\\/\\\/news.save.ch\\\/sicherheit-und-ineltec-eine-neue-heimat-fuer-das-gescheiterte-messeduo\\\/\"]}]},{\"@type\":\"ImageObject\",\"inLanguage\":\"de\",\"@id\":\"https:\\\/\\\/news.save.ch\\\/sicherheit-und-ineltec-eine-neue-heimat-fuer-das-gescheiterte-messeduo\\\/#primaryimage\",\"url\":\"https:\\\/\\\/news.save.ch\\\/wp-content\\\/uploads\\\/2019\\\/04\\\/SWISSBAU-scaled-1-scaled.jpg\",\"contentUrl\":\"https:\\\/\\\/news.save.ch\\\/wp-content\\\/uploads\\\/2019\\\/04\\\/SWISSBAU-scaled-1-scaled.jpg\",\"width\":1400,\"height\":934,\"caption\":\"\u00a9 MCH Messe Schweiz\"},{\"@type\":\"BreadcrumbList\",\"@id\":\"https:\\\/\\\/news.save.ch\\\/sicherheit-und-ineltec-eine-neue-heimat-fuer-das-gescheiterte-messeduo\\\/#breadcrumb\",\"itemListElement\":[{\"@type\":\"ListItem\",\"position\":1,\"name\":\"Home\",\"item\":\"https:\\\/\\\/news.save.ch\\\/de\\\/\"},{\"@type\":\"ListItem\",\"position\":2,\"name\":\"Sicherheit &#038; Ineltec: Eine neue Heimat f\u00fcr gescheitertes Messeduo\"}]},{\"@type\":\"WebSite\",\"@id\":\"https:\\\/\\\/news.save.ch\\\/de\\\/#website\",\"url\":\"https:\\\/\\\/news.save.ch\\\/de\\\/\",\"name\":\"Save\",\"description\":\"Schweizer Fachzeitschrift f\u00fcr Sicherheit\",\"publisher\":{\"@id\":\"https:\\\/\\\/news.save.ch\\\/de\\\/#organization\"},\"potentialAction\":[{\"@type\":\"SearchAction\",\"target\":{\"@type\":\"EntryPoint\",\"urlTemplate\":\"https:\\\/\\\/news.save.ch\\\/de\\\/?s={search_term_string}\"},\"query-input\":{\"@type\":\"PropertyValueSpecification\",\"valueRequired\":true,\"valueName\":\"search_term_string\"}}],\"inLanguage\":\"de\"},{\"@type\":\"Organization\",\"@id\":\"https:\\\/\\\/news.save.ch\\\/de\\\/#organization\",\"name\":\"Sicherheitsforum\",\"url\":\"https:\\\/\\\/news.save.ch\\\/de\\\/\",\"logo\":{\"@type\":\"ImageObject\",\"inLanguage\":\"de\",\"@id\":\"https:\\\/\\\/news.save.ch\\\/de\\\/#\\\/schema\\\/logo\\\/image\\\/\",\"url\":\"https:\\\/\\\/news.save.ch\\\/wp-content\\\/uploads\\\/2022\\\/06\\\/Logo_SF_2012.png\",\"contentUrl\":\"https:\\\/\\\/news.save.ch\\\/wp-content\\\/uploads\\\/2022\\\/06\\\/Logo_SF_2012.png\",\"width\":1100,\"height\":91,\"caption\":\"Sicherheitsforum\"},\"image\":{\"@id\":\"https:\\\/\\\/news.save.ch\\\/de\\\/#\\\/schema\\\/logo\\\/image\\\/\"}},{\"@type\":\"Person\",\"@id\":\"https:\\\/\\\/news.save.ch\\\/de\\\/#\\\/schema\\\/person\\\/d5022db048e0e2b9785c50e5b24da5aa\",\"name\":\"Roger Str\u00e4ssle\",\"image\":{\"@type\":\"ImageObject\",\"inLanguage\":\"de\",\"@id\":\"https:\\\/\\\/secure.gravatar.com\\\/avatar\\\/862a5569d087de48e5856e32f45d719a03804c891d6deb8d4f71a660e79e4a47?s=96&d=mm&r=g\",\"url\":\"https:\\\/\\\/secure.gravatar.com\\\/avatar\\\/862a5569d087de48e5856e32f45d719a03804c891d6deb8d4f71a660e79e4a47?s=96&d=mm&r=g\",\"contentUrl\":\"https:\\\/\\\/secure.gravatar.com\\\/avatar\\\/862a5569d087de48e5856e32f45d719a03804c891d6deb8d4f71a660e79e4a47?s=96&d=mm&r=g\",\"caption\":\"Roger Str\u00e4ssle\"},\"url\":\"https:\\\/\\\/news.save.ch\\\/de\\\/author\\\/roger-straessle\\\/\"}]}<\/script>\n<!-- \/ Yoast SEO plugin. -->","yoast_head_json":{"title":"Sicherheit & Ineltec: Eine neue Heimat f\u00fcr gescheitertes Messeduo - Save","description":"Mit der Swissbau 2020 biete man der Sicherheitsbranche und der Geb\u00e4udetechnologie eine interdisziplin\u00e4re Business-Plattform.","robots":{"index":"index","follow":"follow","max-snippet":"max-snippet:-1","max-image-preview":"max-image-preview:large","max-video-preview":"max-video-preview:-1"},"canonical":"https:\/\/news.save.ch\/de\/sicherheit-und-ineltec-eine-neue-heimat-fuer-das-gescheiterte-messeduo\/","og_locale":"de_DE","og_type":"article","og_title":"Sicherheit & Ineltec: Eine neue Heimat f\u00fcr gescheitertes Messeduo - Save","og_description":"Mit der Swissbau 2020 biete man der Sicherheitsbranche und der Geb\u00e4udetechnologie eine interdisziplin\u00e4re Business-Plattform.","og_url":"https:\/\/news.save.ch\/de\/sicherheit-und-ineltec-eine-neue-heimat-fuer-das-gescheiterte-messeduo\/","og_site_name":"Save","article_published_time":"2019-04-02T14:56:38+00:00","og_image":[{"width":1400,"height":934,"url":"https:\/\/news.save.ch\/wp-content\/uploads\/2019\/04\/SWISSBAU-scaled-1-scaled.jpg","type":"image\/jpeg"}],"author":"Roger Str\u00e4ssle","twitter_card":"summary_large_image","twitter_misc":{"Geschrieben von":"Roger Str\u00e4ssle","Gesch\u00e4tzte Lesezeit":"2\u00a0Minuten"},"schema":{"@context":"https:\/\/schema.org","@graph":[{"@type":"Article","@id":"https:\/\/news.save.ch\/sicherheit-und-ineltec-eine-neue-heimat-fuer-das-gescheiterte-messeduo\/#article","isPartOf":{"@id":"https:\/\/news.save.ch\/sicherheit-und-ineltec-eine-neue-heimat-fuer-das-gescheiterte-messeduo\/"},"author":{"name":"Roger Str\u00e4ssle","@id":"https:\/\/news.save.ch\/de\/#\/schema\/person\/d5022db048e0e2b9785c50e5b24da5aa"},"headline":"Sicherheit &#038; Ineltec: Eine neue Heimat f\u00fcr gescheitertes Messeduo","datePublished":"2019-04-02T14:56:38+00:00","mainEntityOfPage":{"@id":"https:\/\/news.save.ch\/sicherheit-und-ineltec-eine-neue-heimat-fuer-das-gescheiterte-messeduo\/"},"wordCount":322,"commentCount":0,"publisher":{"@id":"https:\/\/news.save.ch\/de\/#organization"},"image":{"@id":"https:\/\/news.save.ch\/sicherheit-und-ineltec-eine-neue-heimat-fuer-das-gescheiterte-messeduo\/#primaryimage"},"thumbnailUrl":"https:\/\/news.save.ch\/wp-content\/uploads\/2019\/04\/SWISSBAU-scaled-1-scaled.jpg","keywords":["Fachkongress \/ Fachmesse","Veranstaltungen"],"articleSection":["ALLGEMEIN"],"inLanguage":"de"},{"@type":"WebPage","@id":"https:\/\/news.save.ch\/sicherheit-und-ineltec-eine-neue-heimat-fuer-das-gescheiterte-messeduo\/","url":"https:\/\/news.save.ch\/sicherheit-und-ineltec-eine-neue-heimat-fuer-das-gescheiterte-messeduo\/","name":"Sicherheit & Ineltec: Eine neue Heimat f\u00fcr gescheitertes Messeduo - Save","isPartOf":{"@id":"https:\/\/news.save.ch\/de\/#website"},"primaryImageOfPage":{"@id":"https:\/\/news.save.ch\/sicherheit-und-ineltec-eine-neue-heimat-fuer-das-gescheiterte-messeduo\/#primaryimage"},"image":{"@id":"https:\/\/news.save.ch\/sicherheit-und-ineltec-eine-neue-heimat-fuer-das-gescheiterte-messeduo\/#primaryimage"},"thumbnailUrl":"https:\/\/news.save.ch\/wp-content\/uploads\/2019\/04\/SWISSBAU-scaled-1-scaled.jpg","datePublished":"2019-04-02T14:56:38+00:00","description":"Mit der Swissbau 2020 biete man der Sicherheitsbranche und der Geb\u00e4udetechnologie eine interdisziplin\u00e4re Business-Plattform.","breadcrumb":{"@id":"https:\/\/news.save.ch\/sicherheit-und-ineltec-eine-neue-heimat-fuer-das-gescheiterte-messeduo\/#breadcrumb"},"inLanguage":"de","potentialAction":[{"@type":"ReadAction","target":["https:\/\/news.save.ch\/sicherheit-und-ineltec-eine-neue-heimat-fuer-das-gescheiterte-messeduo\/"]}]},{"@type":"ImageObject","inLanguage":"de","@id":"https:\/\/news.save.ch\/sicherheit-und-ineltec-eine-neue-heimat-fuer-das-gescheiterte-messeduo\/#primaryimage","url":"https:\/\/news.save.ch\/wp-content\/uploads\/2019\/04\/SWISSBAU-scaled-1-scaled.jpg","contentUrl":"https:\/\/news.save.ch\/wp-content\/uploads\/2019\/04\/SWISSBAU-scaled-1-scaled.jpg","width":1400,"height":934,"caption":"\u00a9 MCH Messe Schweiz"},{"@type":"BreadcrumbList","@id":"https:\/\/news.save.ch\/sicherheit-und-ineltec-eine-neue-heimat-fuer-das-gescheiterte-messeduo\/#breadcrumb","itemListElement":[{"@type":"ListItem","position":1,"name":"Home","item":"https:\/\/news.save.ch\/de\/"},{"@type":"ListItem","position":2,"name":"Sicherheit &#038; Ineltec: Eine neue Heimat f\u00fcr gescheitertes Messeduo"}]},{"@type":"WebSite","@id":"https:\/\/news.save.ch\/de\/#website","url":"https:\/\/news.save.ch\/de\/","name":"Save","description":"Schweizer Fachzeitschrift f\u00fcr Sicherheit","publisher":{"@id":"https:\/\/news.save.ch\/de\/#organization"},"potentialAction":[{"@type":"SearchAction","target":{"@type":"EntryPoint","urlTemplate":"https:\/\/news.save.ch\/de\/?s={search_term_string}"},"query-input":{"@type":"PropertyValueSpecification","valueRequired":true,"valueName":"search_term_string"}}],"inLanguage":"de"},{"@type":"Organization","@id":"https:\/\/news.save.ch\/de\/#organization","name":"Sicherheitsforum","url":"https:\/\/news.save.ch\/de\/","logo":{"@type":"ImageObject","inLanguage":"de","@id":"https:\/\/news.save.ch\/de\/#\/schema\/logo\/image\/","url":"https:\/\/news.save.ch\/wp-content\/uploads\/2022\/06\/Logo_SF_2012.png","contentUrl":"https:\/\/news.save.ch\/wp-content\/uploads\/2022\/06\/Logo_SF_2012.png","width":1100,"height":91,"caption":"Sicherheitsforum"},"image":{"@id":"https:\/\/news.save.ch\/de\/#\/schema\/logo\/image\/"}},{"@type":"Person","@id":"https:\/\/news.save.ch\/de\/#\/schema\/person\/d5022db048e0e2b9785c50e5b24da5aa","name":"Roger Str\u00e4ssle","image":{"@type":"ImageObject","inLanguage":"de","@id":"https:\/\/secure.gravatar.com\/avatar\/862a5569d087de48e5856e32f45d719a03804c891d6deb8d4f71a660e79e4a47?s=96&d=mm&r=g","url":"https:\/\/secure.gravatar.com\/avatar\/862a5569d087de48e5856e32f45d719a03804c891d6deb8d4f71a660e79e4a47?s=96&d=mm&r=g","contentUrl":"https:\/\/secure.gravatar.com\/avatar\/862a5569d087de48e5856e32f45d719a03804c891d6deb8d4f71a660e79e4a47?s=96&d=mm&r=g","caption":"Roger Str\u00e4ssle"},"url":"https:\/\/news.save.ch\/de\/author\/roger-straessle\/"}]}},"_links":{"self":[{"href":"https:\/\/news.save.ch\/de\/wp-json\/wp\/v2\/posts\/7882","targetHints":{"allow":["GET"]}}],"collection":[{"href":"https:\/\/news.save.ch\/de\/wp-json\/wp\/v2\/posts"}],"about":[{"href":"https:\/\/news.save.ch\/de\/wp-json\/wp\/v2\/types\/post"}],"author":[{"embeddable":true,"href":"https:\/\/news.save.ch\/de\/wp-json\/wp\/v2\/users\/8"}],"replies":[{"embeddable":true,"href":"https:\/\/news.save.ch\/de\/wp-json\/wp\/v2\/comments?post=7882"}],"version-history":[{"count":0,"href":"https:\/\/news.save.ch\/de\/wp-json\/wp\/v2\/posts\/7882\/revisions"}],"wp:featuredmedia":[{"embeddable":true,"href":"https:\/\/news.save.ch\/de\/wp-json\/wp\/v2\/media\/7883"}],"wp:attachment":[{"href":"https:\/\/news.save.ch\/de\/wp-json\/wp\/v2\/media?parent=7882"}],"wp:term":[{"taxonomy":"category","embeddable":true,"href":"https:\/\/news.save.ch\/de\/wp-json\/wp\/v2\/categories?post=7882"},{"taxonomy":"post_tag","embeddable":true,"href":"https:\/\/news.save.ch\/de\/wp-json\/wp\/v2\/tags?post=7882"}],"curies":[{"name":"wp","href":"https:\/\/api.w.org\/{rel}","templated":true}]}}