{"id":7950,"date":"2019-05-23T16:45:35","date_gmt":"2019-05-23T14:45:35","guid":{"rendered":"https:\/\/news.save.ch\/?p=7950"},"modified":"2019-05-23T16:45:35","modified_gmt":"2019-05-23T14:45:35","slug":"einsatzsprechstelle-fuer-akustische-alarmierung","status":"11 Artikel fertig","type":"post","link":"https:\/\/news.save.ch\/de\/einsatzsprechstelle-fuer-akustische-alarmierung\/","title":{"rendered":"Einsatzsprechstelle f\u00fcr akustische Alarmierung"},"content":{"rendered":"<p><img loading=\"lazy\" decoding=\"async\" class=\"alignleft wp-image-8089 size-medium\" src=\"https:\/\/news.save.ch\/wp-content\/uploads\/2019\/04\/Abb_1-Alarmierung.gif\" alt=\"Sprachalarmierungsanlage\" width=\"680\" height=\"461\" srcset=\"https:\/\/news.save.ch\/wp-content\/uploads\/2019\/04\/Abb_1-Alarmierung.gif 1055w, https:\/\/news.save.ch\/wp-content\/uploads\/2019\/04\/Abb_1-Alarmierung-375x254.gif 375w\" sizes=\"auto, (max-width: 680px) 100vw, 680px\" \/><\/p>\n<p>Ein Brandereignis ist immer ein Wettlauf gegen die Zeit. Rauch, Hitze und giftige Gase breiten sich binnen Sekunden aus und bedrohen Leib und Leben, aber auch die Infrastruktur eines Geb\u00e4udes.\u00a0Im Ernstfall ist Schnelligkeit und vor allem ein geordnetes Vorgehen oberstes Gebot der im Einsatz stehenden Interventionskr\u00e4fte. H\u00f6chste Priorit\u00e4t haben die Menschen in Not; es gilt, sie schnellstm\u00f6glich in Sicherheit zu bringen.<\/p>\n<p>Damit die Betroffenen gen\u00fcgend Zeit haben, sich selber aus dem Geb\u00e4ude zu begeben, sollte die Alarmierung m\u00f6glichst fr\u00fchzeitig, geordnet und systematisch erfolgen. Schon vor dem Eintreffen der Rettungskr\u00e4fte kann mit einer zertifizierten Sprachalarmierungsanlage (SAA) das Geb\u00e4ude automatisiert ger\u00e4umt werden, damit ein Vorfall nicht im Chaos endet und das Geb\u00e4ude beim Eintreffen der Feuerwehr bereits leer steht.<\/p>\n<h4>Einsatzsprechstelle schafft Abhilfe<\/h4>\n<p>Befinden sich trotzdem noch Personen in der Gefahrenzone, fehlt oft die Sprechverbindung zwischen den Einsatzkr\u00e4ften und den sich in Gefahr befindenden Menschen. Abhilfe schafft hier eine Einsatzsprechstelle mit einem Feuerwehrmikrofon, die sich beim Brandmelde\u00adtableau oder beim Feuerwehrzugriffspunkt befindet.<\/p>\n<p>Selbstverst\u00e4ndlich ist es m\u00f6glich, eine Geb\u00e4uder\u00e4umung vom Geb\u00e4udebetreiber rein organisatorisch zu l\u00f6sen. Im Ernstfall zeigt sich aber oft, dass trotz j\u00e4hrlicher \u00dcbungen diese Organisationen \u00fcber die Jahre hinweg nicht mehr richtig unterhalten werden und versagen. Sei es durch fehlende oder ver\u00e4nderte Massnahmenpl\u00e4ne, unklare Zust\u00e4ndigkeiten oder ungeregelte Stellvertreterrollen. Zudem ist erwiesen, dass eine R\u00e4umung mittels automatisierter Sprachdurchsagen viel effizienter und schneller erfolgt, als wenn nur durch Sirenen der Brandmeldeanlagen alarmiert wird.<\/p>\n<h4>Sprachalarmierung f\u00fcr weitere Gefahrenereignisse nutzen<\/h4>\n<p>Ein weiterer Vorteil einer Sprachalarmierungsanlage ist, dass diese auch zur Alarmierung von anderen Gefahrenereignissen genutzt werden kann. In der heutigen Zeit, in der Terror, Amok, Geiselnahmen und Bombendrohungen immer h\u00e4ufiger werden, ist eine Sprachalarmierungs\u00adanlage ein fester Bestandteil in einem modernen Notfallkonzept und nicht mehr wegzudenken.<\/p>\n<p>In allen vorg\u00e4ngig erw\u00e4hnten Gefahrensituationen leistet die Feuerwehrsprechstelle einen entscheidenden Vorteil, weil damit direkt in das Geb\u00e4ude zu den betroffenen Personen gesprochen wird. In der Hektik, wenn es sehr schnell gehen muss, ist entscheidend, dass die Bedienung der Feuerwehrsprechstelle f\u00fcr die Rettungskr\u00e4fte immer einheitlich und sofort klar ist, unabh\u00e4ngig vom Ger\u00e4tehersteller.<\/p>\n<h4>Einfache Standardisierung f\u00fcr die Schweiz<\/h4>\n<p>Da f\u00fcr Feuerwehrsprechstellen noch kein europ\u00e4ischer Standard vorliegt, hat sich der Verband Schweizerischer Errichter von Sicherheitsanlagen (<a href=\"https:\/\/www.sicher-ses.ch\/de\">SES<\/a>) diesem Thema angenommen und entschieden, in der Schweiz eine einfache Standardi\u00adsierung f\u00fcr Feuerwehrsprechstellen zu etablieren. Mit schnell erkennbaren Farbkennzeichnungen werden die Grund\u00adfunktionen einer jeden Feuerwehrsprechstelle markiert, womit sofort klar ist, welche Funktion die Taste aufweist. Zur Vereinfachung werden f\u00fcr die eingesetzten Wand-Handtaster die identischen Farben gew\u00e4hlt. Damit es keine Rolle spielt, auf welches Produkt die Einsatzleitung trifft, sind die farblichen Kennzeichnungen herstellerunabh\u00e4ngig.<\/p>\n<p>Folgende Tastenkennzeichnungen werden per 2020 im neuen \u00abStand der Technik\u00bb-Papier des SES publiziert (siehe Abb. 2):<\/p>\n<figure id=\"attachment_7951\" aria-describedby=\"caption-attachment-7951\" style=\"width: 330px\" class=\"wp-caption alignleft\"><img loading=\"lazy\" decoding=\"async\" class=\"wp-image-7951\" src=\"https:\/\/news.save.ch\/wp-content\/uploads\/2019\/04\/20-Abb.-2-Feuerwehrsprechstelle_V_1569989.jpg\" alt=\"Sprachalarmierungsanlage\" width=\"330\" height=\"508\" \/><figcaption id=\"caption-attachment-7951\" class=\"wp-caption-text\">Abb. 2: Tastenkennzeichnungen per 2020.<\/figcaption><\/figure>\n<ol class=\"aufzp\">\n<li>Blaue Tastenmarkierung: Ausl\u00f6sung Amok-Alarm (ab 2020, vorher Farbe orange)<\/li>\n<li>Gr\u00fcne Tastenmarkierung: Ausl\u00f6sung Gesamtr\u00e4umung des Geb\u00e4udes (ab 2020, vorher rot)<\/li>\n<li>Graue Tastenmarkierung: Ausl\u00f6sen der Entwarnungsmeldung (ab 2020, vorher gr\u00fcn)<\/li>\n<li>Gelbe Tastenmarkierung: R\u00fcckstellen des Alarmmodus in den Normalzustand<\/li>\n<\/ol>\n<p>Mit zus\u00e4tzlichen, weiss markierten Tasten ist es auch m\u00f6glich, nicht standardisierte oder zonenbezogene Alarmtexte abzuspielen.\u00a0Mit dieser schweizweiten Standardisierung von Feuerwehrsprechstellen wird eine effizientere und schnellere Reaktion der Einsatzkr\u00e4fte erreicht.<\/p>\n<p>Weitere Informationen zu Geb\u00e4udeevakuierungen und Sprachalarmanlagen finden sich im Dokument \u00abSTP Sprachalarmanlagen (SAA) &amp; Elektro-akustische Notfallwarnsysteme (ENS), Planung, Einbau und Betrieb\u00bb. Dieses kann beim <a href=\"https:\/\/www.sicher-ses.ch\/de\">SES<\/a> bezogen werden.<\/p>\n<p>&nbsp;<\/p>\n<p>&nbsp;<\/p>\n","protected":false},"excerpt":{"rendered":"<p>Ein Brandereignis ist immer ein Wettlauf gegen die Zeit. Rauch, Hitze und giftige Gase breiten sich binnen Sekunden aus und bedrohen Leib und Leben, aber auch die Infrastruktur eines Geb\u00e4udes.\u00a0Im Ernstfall ist Schnelligkeit und vor allem ein geordnetes Vorgehen oberstes Gebot der im Einsatz stehenden Interventionskr\u00e4fte. H\u00f6chste Priorit\u00e4t haben die Menschen in Not; es gilt, [&hellip;]<\/p>\n","protected":false},"author":11,"featured_media":8303,"comment_status":"open","ping_status":"open","sticky":false,"template":"","format":"standard","meta":{"_acf_changed":false,"pgc_sgb_lightbox_settings":"","footnotes":""},"categories":[1],"tags":[151,299],"class_list":["post-7950","post","type-post","status-publish","format-standard","has-post-thumbnail","hentry","category-allgemein","tag-alarmierung","tag-sprachalarmierung"],"acf":[],"hkrextid":"15902351446018166386","publication":"sf","issue":"2019_02","workflow":"Artikel","startPage":"40 40 41 40 41","spitzmarke":"SES-Verband","_posts_by_tag_page_fields":{"widget_title":"","widget_tags":""},"_at_widget":"1","_yoast_wpseo_primary_category":"4","_yoast_wpseo_focuskw_text_input":"Sprachalarmierungsanlage","_yoast_wpseo_opengraph-image":null,"_yoast_wpseo_opengraph-description":null,"_yoast_wpseo_opengraph-title":null,"enclosure":null,"_yoast_wpseo_twitter-title":null,"_yoast_wpseo_twitter-description":null,"_yoast_wpseo_twitter-image":null,"_wp_old_slug":null,"_yoast_wpseo_title":null,"_yoast_wpseo_canonical":null,"yoast_head":"<!-- This site is optimized with the Yoast SEO plugin v27.4 - https:\/\/yoast.com\/product\/yoast-seo-wordpress\/ -->\n<title>Einsatzsprechstelle f\u00fcr akustische Alarmierung - Save<\/title>\n<meta name=\"description\" content=\"Im Ernstfall kann vor dem Eintreffen der Rettungskr\u00e4fte mit einer zertifizierten Sprachalarmierungsanlage (SAA) das Geb\u00e4ude automatisiert ger\u00e4umt werden,\" \/>\n<meta name=\"robots\" content=\"index, follow, max-snippet:-1, max-image-preview:large, max-video-preview:-1\" \/>\n<link rel=\"canonical\" href=\"https:\/\/news.save.ch\/de\/einsatzsprechstelle-fuer-akustische-alarmierung\/\" \/>\n<meta property=\"og:locale\" content=\"de_DE\" \/>\n<meta property=\"og:type\" content=\"article\" \/>\n<meta property=\"og:title\" content=\"Einsatzsprechstelle f\u00fcr akustische Alarmierung - Save\" \/>\n<meta property=\"og:description\" content=\"Im Ernstfall kann vor dem Eintreffen der Rettungskr\u00e4fte mit einer zertifizierten Sprachalarmierungsanlage (SAA) das Geb\u00e4ude automatisiert ger\u00e4umt werden,\" \/>\n<meta property=\"og:url\" content=\"https:\/\/news.save.ch\/de\/einsatzsprechstelle-fuer-akustische-alarmierung\/\" \/>\n<meta property=\"og:site_name\" content=\"Save\" \/>\n<meta property=\"article:published_time\" content=\"2019-05-23T14:45:35+00:00\" \/>\n<meta property=\"og:image\" content=\"https:\/\/news.save.ch\/wp-content\/uploads\/2019\/05\/20-Abb.-2-Feuerwehrsprechstelle_V_1569989-scaled.jpg\" \/>\n\t<meta property=\"og:image:width\" content=\"910\" \/>\n\t<meta property=\"og:image:height\" content=\"1400\" \/>\n\t<meta property=\"og:image:type\" content=\"image\/jpeg\" \/>\n<meta name=\"author\" content=\"K4-Import\" \/>\n<meta name=\"twitter:card\" content=\"summary_large_image\" \/>\n<meta name=\"twitter:label1\" content=\"Geschrieben von\" \/>\n\t<meta name=\"twitter:data1\" content=\"K4-Import\" \/>\n\t<meta name=\"twitter:label2\" content=\"Gesch\u00e4tzte Lesezeit\" \/>\n\t<meta name=\"twitter:data2\" content=\"3\u00a0Minuten\" \/>\n<script type=\"application\/ld+json\" class=\"yoast-schema-graph\">{\"@context\":\"https:\\\/\\\/schema.org\",\"@graph\":[{\"@type\":\"Article\",\"@id\":\"https:\\\/\\\/news.save.ch\\\/einsatzsprechstelle-fuer-akustische-alarmierung\\\/#article\",\"isPartOf\":{\"@id\":\"https:\\\/\\\/news.save.ch\\\/einsatzsprechstelle-fuer-akustische-alarmierung\\\/\"},\"author\":{\"name\":\"K4-Import\",\"@id\":\"https:\\\/\\\/news.save.ch\\\/de\\\/#\\\/schema\\\/person\\\/6b3bad59a78ac363e711533cb8c62c11\"},\"headline\":\"Einsatzsprechstelle f\u00fcr akustische Alarmierung\",\"datePublished\":\"2019-05-23T14:45:35+00:00\",\"mainEntityOfPage\":{\"@id\":\"https:\\\/\\\/news.save.ch\\\/einsatzsprechstelle-fuer-akustische-alarmierung\\\/\"},\"wordCount\":593,\"commentCount\":0,\"publisher\":{\"@id\":\"https:\\\/\\\/news.save.ch\\\/de\\\/#organization\"},\"image\":{\"@id\":\"https:\\\/\\\/news.save.ch\\\/einsatzsprechstelle-fuer-akustische-alarmierung\\\/#primaryimage\"},\"thumbnailUrl\":\"https:\\\/\\\/news.save.ch\\\/wp-content\\\/uploads\\\/2019\\\/05\\\/20-Abb.-2-Feuerwehrsprechstelle_V_1569989-scaled.jpg\",\"keywords\":[\"Alarmierung\",\"Sprachalarmierung\"],\"articleSection\":[\"ALLGEMEIN\"],\"inLanguage\":\"de\"},{\"@type\":\"WebPage\",\"@id\":\"https:\\\/\\\/news.save.ch\\\/einsatzsprechstelle-fuer-akustische-alarmierung\\\/\",\"url\":\"https:\\\/\\\/news.save.ch\\\/einsatzsprechstelle-fuer-akustische-alarmierung\\\/\",\"name\":\"Einsatzsprechstelle f\u00fcr akustische Alarmierung - Save\",\"isPartOf\":{\"@id\":\"https:\\\/\\\/news.save.ch\\\/de\\\/#website\"},\"primaryImageOfPage\":{\"@id\":\"https:\\\/\\\/news.save.ch\\\/einsatzsprechstelle-fuer-akustische-alarmierung\\\/#primaryimage\"},\"image\":{\"@id\":\"https:\\\/\\\/news.save.ch\\\/einsatzsprechstelle-fuer-akustische-alarmierung\\\/#primaryimage\"},\"thumbnailUrl\":\"https:\\\/\\\/news.save.ch\\\/wp-content\\\/uploads\\\/2019\\\/05\\\/20-Abb.-2-Feuerwehrsprechstelle_V_1569989-scaled.jpg\",\"datePublished\":\"2019-05-23T14:45:35+00:00\",\"description\":\"Im Ernstfall kann vor dem Eintreffen der Rettungskr\u00e4fte mit einer zertifizierten Sprachalarmierungsanlage (SAA) das Geb\u00e4ude automatisiert ger\u00e4umt werden,\",\"breadcrumb\":{\"@id\":\"https:\\\/\\\/news.save.ch\\\/einsatzsprechstelle-fuer-akustische-alarmierung\\\/#breadcrumb\"},\"inLanguage\":\"de\",\"potentialAction\":[{\"@type\":\"ReadAction\",\"target\":[\"https:\\\/\\\/news.save.ch\\\/einsatzsprechstelle-fuer-akustische-alarmierung\\\/\"]}]},{\"@type\":\"ImageObject\",\"inLanguage\":\"de\",\"@id\":\"https:\\\/\\\/news.save.ch\\\/einsatzsprechstelle-fuer-akustische-alarmierung\\\/#primaryimage\",\"url\":\"https:\\\/\\\/news.save.ch\\\/wp-content\\\/uploads\\\/2019\\\/05\\\/20-Abb.-2-Feuerwehrsprechstelle_V_1569989-scaled.jpg\",\"contentUrl\":\"https:\\\/\\\/news.save.ch\\\/wp-content\\\/uploads\\\/2019\\\/05\\\/20-Abb.-2-Feuerwehrsprechstelle_V_1569989-scaled.jpg\",\"width\":910,\"height\":1400,\"caption\":\"\u2022 Abb. 2: Tastenkennzeichnungen per 2020.\"},{\"@type\":\"BreadcrumbList\",\"@id\":\"https:\\\/\\\/news.save.ch\\\/einsatzsprechstelle-fuer-akustische-alarmierung\\\/#breadcrumb\",\"itemListElement\":[{\"@type\":\"ListItem\",\"position\":1,\"name\":\"Home\",\"item\":\"https:\\\/\\\/news.save.ch\\\/de\\\/\"},{\"@type\":\"ListItem\",\"position\":2,\"name\":\"Einsatzsprechstelle f\u00fcr akustische Alarmierung\"}]},{\"@type\":\"WebSite\",\"@id\":\"https:\\\/\\\/news.save.ch\\\/de\\\/#website\",\"url\":\"https:\\\/\\\/news.save.ch\\\/de\\\/\",\"name\":\"Save\",\"description\":\"Schweizer Fachzeitschrift f\u00fcr Sicherheit\",\"publisher\":{\"@id\":\"https:\\\/\\\/news.save.ch\\\/de\\\/#organization\"},\"potentialAction\":[{\"@type\":\"SearchAction\",\"target\":{\"@type\":\"EntryPoint\",\"urlTemplate\":\"https:\\\/\\\/news.save.ch\\\/de\\\/?s={search_term_string}\"},\"query-input\":{\"@type\":\"PropertyValueSpecification\",\"valueRequired\":true,\"valueName\":\"search_term_string\"}}],\"inLanguage\":\"de\"},{\"@type\":\"Organization\",\"@id\":\"https:\\\/\\\/news.save.ch\\\/de\\\/#organization\",\"name\":\"Sicherheitsforum\",\"url\":\"https:\\\/\\\/news.save.ch\\\/de\\\/\",\"logo\":{\"@type\":\"ImageObject\",\"inLanguage\":\"de\",\"@id\":\"https:\\\/\\\/news.save.ch\\\/de\\\/#\\\/schema\\\/logo\\\/image\\\/\",\"url\":\"https:\\\/\\\/news.save.ch\\\/wp-content\\\/uploads\\\/2022\\\/06\\\/Logo_SF_2012.png\",\"contentUrl\":\"https:\\\/\\\/news.save.ch\\\/wp-content\\\/uploads\\\/2022\\\/06\\\/Logo_SF_2012.png\",\"width\":1100,\"height\":91,\"caption\":\"Sicherheitsforum\"},\"image\":{\"@id\":\"https:\\\/\\\/news.save.ch\\\/de\\\/#\\\/schema\\\/logo\\\/image\\\/\"}},{\"@type\":\"Person\",\"@id\":\"https:\\\/\\\/news.save.ch\\\/de\\\/#\\\/schema\\\/person\\\/6b3bad59a78ac363e711533cb8c62c11\",\"name\":\"K4-Import\",\"image\":{\"@type\":\"ImageObject\",\"inLanguage\":\"de\",\"@id\":\"https:\\\/\\\/secure.gravatar.com\\\/avatar\\\/1b8ccc30f7a6db4f37d37910d994e4afa9de6bf43cd655153526733a63bafb0b?s=96&d=mm&r=g\",\"url\":\"https:\\\/\\\/secure.gravatar.com\\\/avatar\\\/1b8ccc30f7a6db4f37d37910d994e4afa9de6bf43cd655153526733a63bafb0b?s=96&d=mm&r=g\",\"contentUrl\":\"https:\\\/\\\/secure.gravatar.com\\\/avatar\\\/1b8ccc30f7a6db4f37d37910d994e4afa9de6bf43cd655153526733a63bafb0b?s=96&d=mm&r=g\",\"caption\":\"K4-Import\"},\"url\":\"https:\\\/\\\/news.save.ch\\\/de\\\/author\\\/k4-import\\\/\"}]}<\/script>\n<!-- \/ Yoast SEO plugin. -->","yoast_head_json":{"title":"Einsatzsprechstelle f\u00fcr akustische Alarmierung - Save","description":"Im Ernstfall kann vor dem Eintreffen der Rettungskr\u00e4fte mit einer zertifizierten Sprachalarmierungsanlage (SAA) das Geb\u00e4ude automatisiert ger\u00e4umt werden,","robots":{"index":"index","follow":"follow","max-snippet":"max-snippet:-1","max-image-preview":"max-image-preview:large","max-video-preview":"max-video-preview:-1"},"canonical":"https:\/\/news.save.ch\/de\/einsatzsprechstelle-fuer-akustische-alarmierung\/","og_locale":"de_DE","og_type":"article","og_title":"Einsatzsprechstelle f\u00fcr akustische Alarmierung - Save","og_description":"Im Ernstfall kann vor dem Eintreffen der Rettungskr\u00e4fte mit einer zertifizierten Sprachalarmierungsanlage (SAA) das Geb\u00e4ude automatisiert ger\u00e4umt werden,","og_url":"https:\/\/news.save.ch\/de\/einsatzsprechstelle-fuer-akustische-alarmierung\/","og_site_name":"Save","article_published_time":"2019-05-23T14:45:35+00:00","og_image":[{"width":910,"height":1400,"url":"https:\/\/news.save.ch\/wp-content\/uploads\/2019\/05\/20-Abb.-2-Feuerwehrsprechstelle_V_1569989-scaled.jpg","type":"image\/jpeg"}],"author":"K4-Import","twitter_card":"summary_large_image","twitter_misc":{"Geschrieben von":"K4-Import","Gesch\u00e4tzte Lesezeit":"3\u00a0Minuten"},"schema":{"@context":"https:\/\/schema.org","@graph":[{"@type":"Article","@id":"https:\/\/news.save.ch\/einsatzsprechstelle-fuer-akustische-alarmierung\/#article","isPartOf":{"@id":"https:\/\/news.save.ch\/einsatzsprechstelle-fuer-akustische-alarmierung\/"},"author":{"name":"K4-Import","@id":"https:\/\/news.save.ch\/de\/#\/schema\/person\/6b3bad59a78ac363e711533cb8c62c11"},"headline":"Einsatzsprechstelle f\u00fcr akustische Alarmierung","datePublished":"2019-05-23T14:45:35+00:00","mainEntityOfPage":{"@id":"https:\/\/news.save.ch\/einsatzsprechstelle-fuer-akustische-alarmierung\/"},"wordCount":593,"commentCount":0,"publisher":{"@id":"https:\/\/news.save.ch\/de\/#organization"},"image":{"@id":"https:\/\/news.save.ch\/einsatzsprechstelle-fuer-akustische-alarmierung\/#primaryimage"},"thumbnailUrl":"https:\/\/news.save.ch\/wp-content\/uploads\/2019\/05\/20-Abb.-2-Feuerwehrsprechstelle_V_1569989-scaled.jpg","keywords":["Alarmierung","Sprachalarmierung"],"articleSection":["ALLGEMEIN"],"inLanguage":"de"},{"@type":"WebPage","@id":"https:\/\/news.save.ch\/einsatzsprechstelle-fuer-akustische-alarmierung\/","url":"https:\/\/news.save.ch\/einsatzsprechstelle-fuer-akustische-alarmierung\/","name":"Einsatzsprechstelle f\u00fcr akustische Alarmierung - Save","isPartOf":{"@id":"https:\/\/news.save.ch\/de\/#website"},"primaryImageOfPage":{"@id":"https:\/\/news.save.ch\/einsatzsprechstelle-fuer-akustische-alarmierung\/#primaryimage"},"image":{"@id":"https:\/\/news.save.ch\/einsatzsprechstelle-fuer-akustische-alarmierung\/#primaryimage"},"thumbnailUrl":"https:\/\/news.save.ch\/wp-content\/uploads\/2019\/05\/20-Abb.-2-Feuerwehrsprechstelle_V_1569989-scaled.jpg","datePublished":"2019-05-23T14:45:35+00:00","description":"Im Ernstfall kann vor dem Eintreffen der Rettungskr\u00e4fte mit einer zertifizierten Sprachalarmierungsanlage (SAA) das Geb\u00e4ude automatisiert ger\u00e4umt werden,","breadcrumb":{"@id":"https:\/\/news.save.ch\/einsatzsprechstelle-fuer-akustische-alarmierung\/#breadcrumb"},"inLanguage":"de","potentialAction":[{"@type":"ReadAction","target":["https:\/\/news.save.ch\/einsatzsprechstelle-fuer-akustische-alarmierung\/"]}]},{"@type":"ImageObject","inLanguage":"de","@id":"https:\/\/news.save.ch\/einsatzsprechstelle-fuer-akustische-alarmierung\/#primaryimage","url":"https:\/\/news.save.ch\/wp-content\/uploads\/2019\/05\/20-Abb.-2-Feuerwehrsprechstelle_V_1569989-scaled.jpg","contentUrl":"https:\/\/news.save.ch\/wp-content\/uploads\/2019\/05\/20-Abb.-2-Feuerwehrsprechstelle_V_1569989-scaled.jpg","width":910,"height":1400,"caption":"\u2022 Abb. 2: Tastenkennzeichnungen per 2020."},{"@type":"BreadcrumbList","@id":"https:\/\/news.save.ch\/einsatzsprechstelle-fuer-akustische-alarmierung\/#breadcrumb","itemListElement":[{"@type":"ListItem","position":1,"name":"Home","item":"https:\/\/news.save.ch\/de\/"},{"@type":"ListItem","position":2,"name":"Einsatzsprechstelle f\u00fcr akustische Alarmierung"}]},{"@type":"WebSite","@id":"https:\/\/news.save.ch\/de\/#website","url":"https:\/\/news.save.ch\/de\/","name":"Save","description":"Schweizer Fachzeitschrift f\u00fcr Sicherheit","publisher":{"@id":"https:\/\/news.save.ch\/de\/#organization"},"potentialAction":[{"@type":"SearchAction","target":{"@type":"EntryPoint","urlTemplate":"https:\/\/news.save.ch\/de\/?s={search_term_string}"},"query-input":{"@type":"PropertyValueSpecification","valueRequired":true,"valueName":"search_term_string"}}],"inLanguage":"de"},{"@type":"Organization","@id":"https:\/\/news.save.ch\/de\/#organization","name":"Sicherheitsforum","url":"https:\/\/news.save.ch\/de\/","logo":{"@type":"ImageObject","inLanguage":"de","@id":"https:\/\/news.save.ch\/de\/#\/schema\/logo\/image\/","url":"https:\/\/news.save.ch\/wp-content\/uploads\/2022\/06\/Logo_SF_2012.png","contentUrl":"https:\/\/news.save.ch\/wp-content\/uploads\/2022\/06\/Logo_SF_2012.png","width":1100,"height":91,"caption":"Sicherheitsforum"},"image":{"@id":"https:\/\/news.save.ch\/de\/#\/schema\/logo\/image\/"}},{"@type":"Person","@id":"https:\/\/news.save.ch\/de\/#\/schema\/person\/6b3bad59a78ac363e711533cb8c62c11","name":"K4-Import","image":{"@type":"ImageObject","inLanguage":"de","@id":"https:\/\/secure.gravatar.com\/avatar\/1b8ccc30f7a6db4f37d37910d994e4afa9de6bf43cd655153526733a63bafb0b?s=96&d=mm&r=g","url":"https:\/\/secure.gravatar.com\/avatar\/1b8ccc30f7a6db4f37d37910d994e4afa9de6bf43cd655153526733a63bafb0b?s=96&d=mm&r=g","contentUrl":"https:\/\/secure.gravatar.com\/avatar\/1b8ccc30f7a6db4f37d37910d994e4afa9de6bf43cd655153526733a63bafb0b?s=96&d=mm&r=g","caption":"K4-Import"},"url":"https:\/\/news.save.ch\/de\/author\/k4-import\/"}]}},"_links":{"self":[{"href":"https:\/\/news.save.ch\/de\/wp-json\/wp\/v2\/posts\/7950","targetHints":{"allow":["GET"]}}],"collection":[{"href":"https:\/\/news.save.ch\/de\/wp-json\/wp\/v2\/posts"}],"about":[{"href":"https:\/\/news.save.ch\/de\/wp-json\/wp\/v2\/types\/post"}],"author":[{"embeddable":true,"href":"https:\/\/news.save.ch\/de\/wp-json\/wp\/v2\/users\/11"}],"replies":[{"embeddable":true,"href":"https:\/\/news.save.ch\/de\/wp-json\/wp\/v2\/comments?post=7950"}],"version-history":[{"count":0,"href":"https:\/\/news.save.ch\/de\/wp-json\/wp\/v2\/posts\/7950\/revisions"}],"wp:featuredmedia":[{"embeddable":true,"href":"https:\/\/news.save.ch\/de\/wp-json\/wp\/v2\/media\/8303"}],"wp:attachment":[{"href":"https:\/\/news.save.ch\/de\/wp-json\/wp\/v2\/media?parent=7950"}],"wp:term":[{"taxonomy":"category","embeddable":true,"href":"https:\/\/news.save.ch\/de\/wp-json\/wp\/v2\/categories?post=7950"},{"taxonomy":"post_tag","embeddable":true,"href":"https:\/\/news.save.ch\/de\/wp-json\/wp\/v2\/tags?post=7950"}],"curies":[{"name":"wp","href":"https:\/\/api.w.org\/{rel}","templated":true}]}}