{"id":8059,"date":"2019-05-19T17:48:00","date_gmt":"2019-05-19T15:48:00","guid":{"rendered":"https:\/\/news.save.ch\/?p=8059"},"modified":"2019-05-19T17:48:00","modified_gmt":"2019-05-19T15:48:00","slug":"svti-neues-akademie-und-tagungszentrums-eroeffnet","status":null,"type":"post","link":"https:\/\/news.save.ch\/de\/svti-neues-akademie-und-tagungszentrums-eroeffnet\/","title":{"rendered":"SVTI: Neues Akademie- und Tagungszentrum er\u00f6ffnet"},"content":{"rendered":"<figure id=\"attachment_8074\" aria-describedby=\"caption-attachment-8074\" style=\"width: 680px\" class=\"wp-caption aligncenter\"><img loading=\"lazy\" decoding=\"async\" class=\"size-medium wp-image-8074\" src=\"https:\/\/news.save.ch\/wp-content\/uploads\/2019\/05\/Sprinkleranlage-1_bearbeitet-1.jpg\" alt=\"\" width=\"680\" height=\"509\" \/><figcaption id=\"caption-attachment-8074\" class=\"wp-caption-text\"><a href=\"https:\/\/news.save.ch\/?s=SVTI\">Raffael Schubiger<\/a>, SVTI-Direktor, gef\u00e4llt die neue Sprinkler-Test-Anlage f\u00fcr die Kursteilnehmer. (Foto: R. Str\u00e4ssle)<\/figcaption><\/figure>\n<p>Am 9. Juli 1869, also genau vor 150 Jahren, wurde der Schweizerische Verein von Dampfkesselbesitzern in Z\u00fcrich gegr\u00fcndet. Die Industriellen hatten sich zu einem Zweckverband zusammengeschlossen. Das Ziel hiess damals: \u00abDie \u00dcberwachung der Dampfkessel, um Explosionen m\u00f6glichst vorzubeugen und Ersparnisse in der Erzeugung und Verwendung von Dampf zu erzielen.\u00bb Aus diesem Zweckverband ist schliesslich der Schweizerische Verein f\u00fcr technische Inspektionen (<a href=\"https:\/\/www.svti.ch\">SVTI<\/a>) entstanden. Die Inspektion der Sicherheit von Druckger\u00e4ten ist heute nur noch ein kleiner Teil der Aufgaben, die die SVTI-Gruppe ausf\u00fchrt. Der Zweck der Organisation liegt in der Verh\u00fctung von Unf\u00e4llen, St\u00f6rungen sowie Sch\u00e4den und der Beseitigung von Gefahren bei der Herstellung und dem Betrieb technischer Anlagen aller Art, wie der Verein seine T\u00e4tigkeiten umschreibt. So ist der SVTI Nuklear-, Rohrleitungs- und Gefahrgutinspektorat, Inspektorat f\u00fcr Aufz\u00fcge, aber auch ein Institut f\u00fcr Werkstofftechnologie, um nur ein paar Aktivit\u00e4ten zu nennen.<\/p>\n<p><strong>Das neue Akademie- und Tagungszentrum<\/strong><\/p>\n<p>Zu den Anl\u00e4ssen im Jubil\u00e4umsjahr geh\u00f6rt auch die feierliche Er\u00f6ffnung des Erweiterungsbaus am Hauptsitz in Wallisellen. Es handelt sich um das neue Akademie- und Tagungszentrum, das Mitte Mai 2019 offiziell eingeweiht werden konnte. Einziger Wermutstropfen: Urspr\u00fcnglich h\u00e4tte das Geb\u00e4ude bereits vor zwei Jahren den Betrieb aufnehmen sollen. Bauprobleme f\u00fchrten letztlich zur unsch\u00f6nen Verz\u00f6gerung. Daf\u00fcr macht die neue Lehrst\u00e4tte ihren Auftakt im Jubil\u00e4umsjahr. Architektonisch f\u00fcgt sich der Neubau optimal an das bestehende Geb\u00e4ude an. Dank der Glasfassade wirkt der Innenraum lichtdurchflutet. Die grossz\u00fcgigen Glasfl\u00e4chen st\u00fcnden f\u00fcr Trans\u00adparenz, zu der sich der SVTI verpflichtet sehe, heisst es. Vom neuen Attikageschoss aus hat man einen wunderbaren Blick \u00fcber die stark verdichtete Wohn- und Industrielandschaft dieser Gegend. Das weit auskragende Flugdach setzt einen markanten Orientierungs\u00adpunkt und ist vom gegen\u00fcberliegenden Bahnhof Wallisellen gut zu sehen.<\/p>\n<p><strong>Gesamte Ausbildungst\u00e4tigkeit unter einem Dach<\/strong><\/p>\n<p>Nebst B\u00fcrogeschossen ist im Erweiterungsbau vor allem das neue Akademie- und Tagungszentrum untergebracht. Damit k\u00f6nne die gesamte Ausbildungst\u00e4tigkeit der Deutschschweiz am Hauptsitz in Wallisellen zusammen\u00adgefasst werden, schreibt der SVTI. Mit einem Auditorium sowie Seminar- und Tagungsr\u00e4umen in verschiedenen Gr\u00f6s\u00adsen biete man den Teilnehmern von Aus- und Weiterbildungen eine moderne Infrastruktur an. Dazu geh\u00f6rt beispielsweise auch die neue Sprinkler-Test-Anlage in der Tiefgarage. Wer einen Kurs dieser Fachrichtung absolviert, erh\u00e4lt praktische Vorf\u00fchrungen, wie Brandmelder und Sprinkleranlage im Ernstfall funktionieren. Bekanntlich sollen Weiterbildungen nicht nur kopflastig sein.<\/p>\n<p><strong>Kurse in anderen Landesteilen<\/strong><\/p>\n<p>Zu den Dienstleistungen des unabh\u00e4ngigen Kompetenzzentrums f\u00fcr technische Sicherheit und Risikomanagement geh\u00f6re wie gesagt ein umfangreiches Informations-, Aus- und Weiterbildungs\u00adangebot. Dieses wird laut Verein schwerpunktm\u00e4ssig von der Tochter\u00adgesellschaft Swiss Safety Center AG realisiert und laufend erweitert. Es umfasst auch Kurse f\u00fcr die franz\u00f6sisch- und italienischsprachige Schweiz in den Niederlassungen in Neuenburg und Lugano.<\/p>\n<p><a href=\"https:\/\/www.svti-gruppe.ch\/fileadmin\/SVTI_Gruppe\/Erweiterung_West\/videopraesentation_erweiterungwest.mp4\"><em>Hier geht es zum virtuellen Rundgang durch das neue SVTI-Geb\u00e4ude.<\/em><\/a><\/p>\n<figure id=\"attachment_8178\" aria-describedby=\"caption-attachment-8178\" style=\"width: 680px\" class=\"wp-caption aligncenter\"><img loading=\"lazy\" decoding=\"async\" class=\"size-medium wp-image-8178\" src=\"https:\/\/news.save.ch\/wp-content\/uploads\/2019\/05\/35-IMG_0048-scaled-1.jpg\" alt=\"\" width=\"680\" height=\"453\" \/><figcaption id=\"caption-attachment-8178\" class=\"wp-caption-text\">Glas dominiert &#8211; der Erweiterungsbau am SVTI-Hauptsitz in Wallisellen.\u00a0(Fotos: R. Str\u00e4ssle)<\/figcaption><\/figure>\n<figure id=\"attachment_8061\" aria-describedby=\"caption-attachment-8061\" style=\"width: 680px\" class=\"wp-caption aligncenter\"><img loading=\"lazy\" decoding=\"async\" class=\"size-medium wp-image-8061\" src=\"https:\/\/news.save.ch\/wp-content\/uploads\/2019\/05\/Spielplatz-1-scaled-1.jpg\" alt=\"\" width=\"680\" height=\"453\" \/><figcaption id=\"caption-attachment-8061\" class=\"wp-caption-text\">Interessierte erhalten am Er\u00f6ffnungstagung Einblick in die verschiedenen Inspektionst\u00e4tigkeiten des Vereins.<\/figcaption><\/figure>\n<p><img loading=\"lazy\" decoding=\"async\" class=\"aligncenter size-medium wp-image-8066\" src=\"https:\/\/news.save.ch\/wp-content\/uploads\/2019\/05\/IMG_9883-scaled-1.jpg\" alt=\"\" width=\"680\" height=\"453\" \/><\/p>\n<p>&nbsp;<\/p>\n<p>&nbsp;<\/p>\n","protected":false},"excerpt":{"rendered":"<p>Am 9. Juli 1869, also genau vor 150 Jahren, wurde der Schweizerische Verein von Dampfkesselbesitzern in Z\u00fcrich gegr\u00fcndet. Die Industriellen hatten sich zu einem Zweckverband zusammengeschlossen. Das Ziel hiess damals: \u00abDie \u00dcberwachung der Dampfkessel, um Explosionen m\u00f6glichst vorzubeugen und Ersparnisse in der Erzeugung und Verwendung von Dampf zu erzielen.\u00bb Aus diesem Zweckverband ist schliesslich der [&hellip;]<\/p>\n","protected":false},"author":8,"featured_media":8074,"comment_status":"open","ping_status":"open","sticky":false,"template":"","format":"standard","meta":{"_acf_changed":false,"pgc_sgb_lightbox_settings":"","footnotes":""},"categories":[1],"tags":[487,446],"class_list":["post-8059","post","type-post","status-publish","format-standard","has-post-thumbnail","hentry","category-allgemein","tag-inspektionen","tag-svti"],"acf":[],"hkrextid":null,"publication":null,"issue":null,"workflow":null,"startPage":null,"spitzmarke":null,"_posts_by_tag_page_fields":{"widget_title":"","widget_tags":""},"_at_widget":"1","_yoast_wpseo_primary_category":"1","_yoast_wpseo_focuskw_text_input":"SVTI","_yoast_wpseo_opengraph-image":null,"_yoast_wpseo_opengraph-description":null,"_yoast_wpseo_opengraph-title":null,"enclosure":"https:\/\/www.svti-gruppe.ch\/fileadmin\/SVTI_Gruppe\/Erweiterung_West\/videopraesentation_erweiterungwest.mp4\n33373412\nvideo\/mp4\n","_yoast_wpseo_twitter-title":null,"_yoast_wpseo_twitter-description":null,"_yoast_wpseo_twitter-image":null,"_wp_old_slug":null,"_yoast_wpseo_title":null,"_yoast_wpseo_canonical":null,"yoast_head":"<!-- This site is optimized with the Yoast SEO plugin v27.5 - https:\/\/yoast.com\/product\/yoast-seo-wordpress\/ -->\n<title>SVTI: Neues Akademie- und Tagungszentrum er\u00f6ffnet - Save<\/title>\n<meta name=\"description\" content=\"Nach einer intensiven Bauphase hat die SVTI-Gruppe das neue Akademie- und Tagungszentrum vor wenigen Tagen in Wallisellen eingeweiht.\" \/>\n<meta name=\"robots\" content=\"index, follow, max-snippet:-1, max-image-preview:large, max-video-preview:-1\" \/>\n<link rel=\"canonical\" href=\"https:\/\/news.save.ch\/de\/svti-neues-akademie-und-tagungszentrums-eroeffnet\/\" \/>\n<meta property=\"og:locale\" content=\"de_DE\" \/>\n<meta property=\"og:type\" content=\"article\" \/>\n<meta property=\"og:title\" content=\"SVTI: Neues Akademie- und Tagungszentrum er\u00f6ffnet - Save\" \/>\n<meta property=\"og:description\" content=\"Nach einer intensiven Bauphase hat die SVTI-Gruppe das neue Akademie- und Tagungszentrum vor wenigen Tagen in Wallisellen eingeweiht.\" \/>\n<meta property=\"og:url\" content=\"https:\/\/news.save.ch\/de\/svti-neues-akademie-und-tagungszentrums-eroeffnet\/\" \/>\n<meta property=\"og:site_name\" content=\"Save\" \/>\n<meta property=\"article:published_time\" content=\"2019-05-19T15:48:00+00:00\" \/>\n<meta property=\"og:image\" content=\"https:\/\/news.save.ch\/wp-content\/uploads\/2019\/05\/Sprinkleranlage-1_bearbeitet-1-scaled.jpg\" \/>\n\t<meta property=\"og:image:width\" content=\"1400\" \/>\n\t<meta property=\"og:image:height\" content=\"1048\" \/>\n\t<meta property=\"og:image:type\" content=\"image\/jpeg\" \/>\n<meta name=\"author\" content=\"Roger Str\u00e4ssle\" \/>\n<meta name=\"twitter:card\" content=\"summary_large_image\" \/>\n<meta name=\"twitter:label1\" content=\"Geschrieben von\" \/>\n\t<meta name=\"twitter:data1\" content=\"Roger Str\u00e4ssle\" \/>\n\t<meta name=\"twitter:label2\" content=\"Gesch\u00e4tzte Lesezeit\" \/>\n\t<meta name=\"twitter:data2\" content=\"3\u00a0Minuten\" \/>\n<script type=\"application\/ld+json\" class=\"yoast-schema-graph\">{\"@context\":\"https:\\\/\\\/schema.org\",\"@graph\":[{\"@type\":\"Article\",\"@id\":\"https:\\\/\\\/news.save.ch\\\/svti-neues-akademie-und-tagungszentrums-eroeffnet\\\/#article\",\"isPartOf\":{\"@id\":\"https:\\\/\\\/news.save.ch\\\/svti-neues-akademie-und-tagungszentrums-eroeffnet\\\/\"},\"author\":{\"name\":\"Roger Str\u00e4ssle\",\"@id\":\"https:\\\/\\\/news.save.ch\\\/de\\\/#\\\/schema\\\/person\\\/d5022db048e0e2b9785c50e5b24da5aa\"},\"headline\":\"SVTI: Neues Akademie- und Tagungszentrum er\u00f6ffnet\",\"datePublished\":\"2019-05-19T15:48:00+00:00\",\"mainEntityOfPage\":{\"@id\":\"https:\\\/\\\/news.save.ch\\\/svti-neues-akademie-und-tagungszentrums-eroeffnet\\\/\"},\"wordCount\":555,\"commentCount\":0,\"publisher\":{\"@id\":\"https:\\\/\\\/news.save.ch\\\/de\\\/#organization\"},\"image\":{\"@id\":\"https:\\\/\\\/news.save.ch\\\/svti-neues-akademie-und-tagungszentrums-eroeffnet\\\/#primaryimage\"},\"thumbnailUrl\":\"https:\\\/\\\/news.save.ch\\\/wp-content\\\/uploads\\\/2019\\\/05\\\/Sprinkleranlage-1_bearbeitet-1-scaled.jpg\",\"keywords\":[\"Inspektionen\",\"SVTI\"],\"articleSection\":[\"ALLGEMEIN\"],\"inLanguage\":\"de\"},{\"@type\":\"WebPage\",\"@id\":\"https:\\\/\\\/news.save.ch\\\/svti-neues-akademie-und-tagungszentrums-eroeffnet\\\/\",\"url\":\"https:\\\/\\\/news.save.ch\\\/svti-neues-akademie-und-tagungszentrums-eroeffnet\\\/\",\"name\":\"SVTI: Neues Akademie- und Tagungszentrum er\u00f6ffnet - Save\",\"isPartOf\":{\"@id\":\"https:\\\/\\\/news.save.ch\\\/de\\\/#website\"},\"primaryImageOfPage\":{\"@id\":\"https:\\\/\\\/news.save.ch\\\/svti-neues-akademie-und-tagungszentrums-eroeffnet\\\/#primaryimage\"},\"image\":{\"@id\":\"https:\\\/\\\/news.save.ch\\\/svti-neues-akademie-und-tagungszentrums-eroeffnet\\\/#primaryimage\"},\"thumbnailUrl\":\"https:\\\/\\\/news.save.ch\\\/wp-content\\\/uploads\\\/2019\\\/05\\\/Sprinkleranlage-1_bearbeitet-1-scaled.jpg\",\"datePublished\":\"2019-05-19T15:48:00+00:00\",\"description\":\"Nach einer intensiven Bauphase hat die SVTI-Gruppe das neue Akademie- und Tagungszentrum vor wenigen Tagen in Wallisellen eingeweiht.\",\"breadcrumb\":{\"@id\":\"https:\\\/\\\/news.save.ch\\\/svti-neues-akademie-und-tagungszentrums-eroeffnet\\\/#breadcrumb\"},\"inLanguage\":\"de\",\"potentialAction\":[{\"@type\":\"ReadAction\",\"target\":[\"https:\\\/\\\/news.save.ch\\\/svti-neues-akademie-und-tagungszentrums-eroeffnet\\\/\"]}]},{\"@type\":\"ImageObject\",\"inLanguage\":\"de\",\"@id\":\"https:\\\/\\\/news.save.ch\\\/svti-neues-akademie-und-tagungszentrums-eroeffnet\\\/#primaryimage\",\"url\":\"https:\\\/\\\/news.save.ch\\\/wp-content\\\/uploads\\\/2019\\\/05\\\/Sprinkleranlage-1_bearbeitet-1-scaled.jpg\",\"contentUrl\":\"https:\\\/\\\/news.save.ch\\\/wp-content\\\/uploads\\\/2019\\\/05\\\/Sprinkleranlage-1_bearbeitet-1-scaled.jpg\",\"width\":1400,\"height\":1048,\"caption\":\"Raffael Schubiger, SVTI-Direktor, gef\u00e4llt die neue Sprinkleranlage f\u00fcr Testzwecke seiner Kursteilnehmer. (Foto: R. Str\u00e4ssle)\"},{\"@type\":\"BreadcrumbList\",\"@id\":\"https:\\\/\\\/news.save.ch\\\/svti-neues-akademie-und-tagungszentrums-eroeffnet\\\/#breadcrumb\",\"itemListElement\":[{\"@type\":\"ListItem\",\"position\":1,\"name\":\"Home\",\"item\":\"https:\\\/\\\/news.save.ch\\\/de\\\/\"},{\"@type\":\"ListItem\",\"position\":2,\"name\":\"SVTI: Neues Akademie- und Tagungszentrum er\u00f6ffnet\"}]},{\"@type\":\"WebSite\",\"@id\":\"https:\\\/\\\/news.save.ch\\\/de\\\/#website\",\"url\":\"https:\\\/\\\/news.save.ch\\\/de\\\/\",\"name\":\"Save\",\"description\":\"Schweizer Fachzeitschrift f\u00fcr Sicherheit\",\"publisher\":{\"@id\":\"https:\\\/\\\/news.save.ch\\\/de\\\/#organization\"},\"potentialAction\":[{\"@type\":\"SearchAction\",\"target\":{\"@type\":\"EntryPoint\",\"urlTemplate\":\"https:\\\/\\\/news.save.ch\\\/de\\\/?s={search_term_string}\"},\"query-input\":{\"@type\":\"PropertyValueSpecification\",\"valueRequired\":true,\"valueName\":\"search_term_string\"}}],\"inLanguage\":\"de\"},{\"@type\":\"Organization\",\"@id\":\"https:\\\/\\\/news.save.ch\\\/de\\\/#organization\",\"name\":\"Sicherheitsforum\",\"url\":\"https:\\\/\\\/news.save.ch\\\/de\\\/\",\"logo\":{\"@type\":\"ImageObject\",\"inLanguage\":\"de\",\"@id\":\"https:\\\/\\\/news.save.ch\\\/de\\\/#\\\/schema\\\/logo\\\/image\\\/\",\"url\":\"https:\\\/\\\/news.save.ch\\\/wp-content\\\/uploads\\\/2022\\\/06\\\/Logo_SF_2012.png\",\"contentUrl\":\"https:\\\/\\\/news.save.ch\\\/wp-content\\\/uploads\\\/2022\\\/06\\\/Logo_SF_2012.png\",\"width\":1100,\"height\":91,\"caption\":\"Sicherheitsforum\"},\"image\":{\"@id\":\"https:\\\/\\\/news.save.ch\\\/de\\\/#\\\/schema\\\/logo\\\/image\\\/\"}},{\"@type\":\"Person\",\"@id\":\"https:\\\/\\\/news.save.ch\\\/de\\\/#\\\/schema\\\/person\\\/d5022db048e0e2b9785c50e5b24da5aa\",\"name\":\"Roger Str\u00e4ssle\",\"image\":{\"@type\":\"ImageObject\",\"inLanguage\":\"de\",\"@id\":\"https:\\\/\\\/secure.gravatar.com\\\/avatar\\\/862a5569d087de48e5856e32f45d719a03804c891d6deb8d4f71a660e79e4a47?s=96&d=mm&r=g\",\"url\":\"https:\\\/\\\/secure.gravatar.com\\\/avatar\\\/862a5569d087de48e5856e32f45d719a03804c891d6deb8d4f71a660e79e4a47?s=96&d=mm&r=g\",\"contentUrl\":\"https:\\\/\\\/secure.gravatar.com\\\/avatar\\\/862a5569d087de48e5856e32f45d719a03804c891d6deb8d4f71a660e79e4a47?s=96&d=mm&r=g\",\"caption\":\"Roger Str\u00e4ssle\"},\"url\":\"https:\\\/\\\/news.save.ch\\\/de\\\/author\\\/roger-straessle\\\/\"}]}<\/script>\n<!-- \/ Yoast SEO plugin. -->","yoast_head_json":{"title":"SVTI: Neues Akademie- und Tagungszentrum er\u00f6ffnet - Save","description":"Nach einer intensiven Bauphase hat die SVTI-Gruppe das neue Akademie- und Tagungszentrum vor wenigen Tagen in Wallisellen eingeweiht.","robots":{"index":"index","follow":"follow","max-snippet":"max-snippet:-1","max-image-preview":"max-image-preview:large","max-video-preview":"max-video-preview:-1"},"canonical":"https:\/\/news.save.ch\/de\/svti-neues-akademie-und-tagungszentrums-eroeffnet\/","og_locale":"de_DE","og_type":"article","og_title":"SVTI: Neues Akademie- und Tagungszentrum er\u00f6ffnet - Save","og_description":"Nach einer intensiven Bauphase hat die SVTI-Gruppe das neue Akademie- und Tagungszentrum vor wenigen Tagen in Wallisellen eingeweiht.","og_url":"https:\/\/news.save.ch\/de\/svti-neues-akademie-und-tagungszentrums-eroeffnet\/","og_site_name":"Save","article_published_time":"2019-05-19T15:48:00+00:00","og_image":[{"width":1400,"height":1048,"url":"https:\/\/news.save.ch\/wp-content\/uploads\/2019\/05\/Sprinkleranlage-1_bearbeitet-1-scaled.jpg","type":"image\/jpeg"}],"author":"Roger Str\u00e4ssle","twitter_card":"summary_large_image","twitter_misc":{"Geschrieben von":"Roger Str\u00e4ssle","Gesch\u00e4tzte Lesezeit":"3\u00a0Minuten"},"schema":{"@context":"https:\/\/schema.org","@graph":[{"@type":"Article","@id":"https:\/\/news.save.ch\/svti-neues-akademie-und-tagungszentrums-eroeffnet\/#article","isPartOf":{"@id":"https:\/\/news.save.ch\/svti-neues-akademie-und-tagungszentrums-eroeffnet\/"},"author":{"name":"Roger Str\u00e4ssle","@id":"https:\/\/news.save.ch\/de\/#\/schema\/person\/d5022db048e0e2b9785c50e5b24da5aa"},"headline":"SVTI: Neues Akademie- und Tagungszentrum er\u00f6ffnet","datePublished":"2019-05-19T15:48:00+00:00","mainEntityOfPage":{"@id":"https:\/\/news.save.ch\/svti-neues-akademie-und-tagungszentrums-eroeffnet\/"},"wordCount":555,"commentCount":0,"publisher":{"@id":"https:\/\/news.save.ch\/de\/#organization"},"image":{"@id":"https:\/\/news.save.ch\/svti-neues-akademie-und-tagungszentrums-eroeffnet\/#primaryimage"},"thumbnailUrl":"https:\/\/news.save.ch\/wp-content\/uploads\/2019\/05\/Sprinkleranlage-1_bearbeitet-1-scaled.jpg","keywords":["Inspektionen","SVTI"],"articleSection":["ALLGEMEIN"],"inLanguage":"de"},{"@type":"WebPage","@id":"https:\/\/news.save.ch\/svti-neues-akademie-und-tagungszentrums-eroeffnet\/","url":"https:\/\/news.save.ch\/svti-neues-akademie-und-tagungszentrums-eroeffnet\/","name":"SVTI: Neues Akademie- und Tagungszentrum er\u00f6ffnet - Save","isPartOf":{"@id":"https:\/\/news.save.ch\/de\/#website"},"primaryImageOfPage":{"@id":"https:\/\/news.save.ch\/svti-neues-akademie-und-tagungszentrums-eroeffnet\/#primaryimage"},"image":{"@id":"https:\/\/news.save.ch\/svti-neues-akademie-und-tagungszentrums-eroeffnet\/#primaryimage"},"thumbnailUrl":"https:\/\/news.save.ch\/wp-content\/uploads\/2019\/05\/Sprinkleranlage-1_bearbeitet-1-scaled.jpg","datePublished":"2019-05-19T15:48:00+00:00","description":"Nach einer intensiven Bauphase hat die SVTI-Gruppe das neue Akademie- und Tagungszentrum vor wenigen Tagen in Wallisellen eingeweiht.","breadcrumb":{"@id":"https:\/\/news.save.ch\/svti-neues-akademie-und-tagungszentrums-eroeffnet\/#breadcrumb"},"inLanguage":"de","potentialAction":[{"@type":"ReadAction","target":["https:\/\/news.save.ch\/svti-neues-akademie-und-tagungszentrums-eroeffnet\/"]}]},{"@type":"ImageObject","inLanguage":"de","@id":"https:\/\/news.save.ch\/svti-neues-akademie-und-tagungszentrums-eroeffnet\/#primaryimage","url":"https:\/\/news.save.ch\/wp-content\/uploads\/2019\/05\/Sprinkleranlage-1_bearbeitet-1-scaled.jpg","contentUrl":"https:\/\/news.save.ch\/wp-content\/uploads\/2019\/05\/Sprinkleranlage-1_bearbeitet-1-scaled.jpg","width":1400,"height":1048,"caption":"Raffael Schubiger, SVTI-Direktor, gef\u00e4llt die neue Sprinkleranlage f\u00fcr Testzwecke seiner Kursteilnehmer. (Foto: R. Str\u00e4ssle)"},{"@type":"BreadcrumbList","@id":"https:\/\/news.save.ch\/svti-neues-akademie-und-tagungszentrums-eroeffnet\/#breadcrumb","itemListElement":[{"@type":"ListItem","position":1,"name":"Home","item":"https:\/\/news.save.ch\/de\/"},{"@type":"ListItem","position":2,"name":"SVTI: Neues Akademie- und Tagungszentrum er\u00f6ffnet"}]},{"@type":"WebSite","@id":"https:\/\/news.save.ch\/de\/#website","url":"https:\/\/news.save.ch\/de\/","name":"Save","description":"Schweizer Fachzeitschrift f\u00fcr Sicherheit","publisher":{"@id":"https:\/\/news.save.ch\/de\/#organization"},"potentialAction":[{"@type":"SearchAction","target":{"@type":"EntryPoint","urlTemplate":"https:\/\/news.save.ch\/de\/?s={search_term_string}"},"query-input":{"@type":"PropertyValueSpecification","valueRequired":true,"valueName":"search_term_string"}}],"inLanguage":"de"},{"@type":"Organization","@id":"https:\/\/news.save.ch\/de\/#organization","name":"Sicherheitsforum","url":"https:\/\/news.save.ch\/de\/","logo":{"@type":"ImageObject","inLanguage":"de","@id":"https:\/\/news.save.ch\/de\/#\/schema\/logo\/image\/","url":"https:\/\/news.save.ch\/wp-content\/uploads\/2022\/06\/Logo_SF_2012.png","contentUrl":"https:\/\/news.save.ch\/wp-content\/uploads\/2022\/06\/Logo_SF_2012.png","width":1100,"height":91,"caption":"Sicherheitsforum"},"image":{"@id":"https:\/\/news.save.ch\/de\/#\/schema\/logo\/image\/"}},{"@type":"Person","@id":"https:\/\/news.save.ch\/de\/#\/schema\/person\/d5022db048e0e2b9785c50e5b24da5aa","name":"Roger Str\u00e4ssle","image":{"@type":"ImageObject","inLanguage":"de","@id":"https:\/\/secure.gravatar.com\/avatar\/862a5569d087de48e5856e32f45d719a03804c891d6deb8d4f71a660e79e4a47?s=96&d=mm&r=g","url":"https:\/\/secure.gravatar.com\/avatar\/862a5569d087de48e5856e32f45d719a03804c891d6deb8d4f71a660e79e4a47?s=96&d=mm&r=g","contentUrl":"https:\/\/secure.gravatar.com\/avatar\/862a5569d087de48e5856e32f45d719a03804c891d6deb8d4f71a660e79e4a47?s=96&d=mm&r=g","caption":"Roger Str\u00e4ssle"},"url":"https:\/\/news.save.ch\/de\/author\/roger-straessle\/"}]}},"_links":{"self":[{"href":"https:\/\/news.save.ch\/de\/wp-json\/wp\/v2\/posts\/8059","targetHints":{"allow":["GET"]}}],"collection":[{"href":"https:\/\/news.save.ch\/de\/wp-json\/wp\/v2\/posts"}],"about":[{"href":"https:\/\/news.save.ch\/de\/wp-json\/wp\/v2\/types\/post"}],"author":[{"embeddable":true,"href":"https:\/\/news.save.ch\/de\/wp-json\/wp\/v2\/users\/8"}],"replies":[{"embeddable":true,"href":"https:\/\/news.save.ch\/de\/wp-json\/wp\/v2\/comments?post=8059"}],"version-history":[{"count":0,"href":"https:\/\/news.save.ch\/de\/wp-json\/wp\/v2\/posts\/8059\/revisions"}],"wp:featuredmedia":[{"embeddable":true,"href":"https:\/\/news.save.ch\/de\/wp-json\/wp\/v2\/media\/8074"}],"wp:attachment":[{"href":"https:\/\/news.save.ch\/de\/wp-json\/wp\/v2\/media?parent=8059"}],"wp:term":[{"taxonomy":"category","embeddable":true,"href":"https:\/\/news.save.ch\/de\/wp-json\/wp\/v2\/categories?post=8059"},{"taxonomy":"post_tag","embeddable":true,"href":"https:\/\/news.save.ch\/de\/wp-json\/wp\/v2\/tags?post=8059"}],"curies":[{"name":"wp","href":"https:\/\/api.w.org\/{rel}","templated":true}]}}