{"id":8078,"date":"2019-05-21T17:14:24","date_gmt":"2019-05-21T15:14:24","guid":{"rendered":"https:\/\/news.save.ch\/?p=8078"},"modified":"2019-05-21T17:14:24","modified_gmt":"2019-05-21T15:14:24","slug":"personelle-aenderungen-im-ses-vorstand","status":null,"type":"post","link":"https:\/\/news.save.ch\/de\/personelle-aenderungen-im-ses-vorstand\/","title":{"rendered":"Personelle \u00c4nderungen im SES-Vorstand"},"content":{"rendered":"<figure id=\"attachment_8085\" aria-describedby=\"caption-attachment-8085\" style=\"width: 680px\" class=\"wp-caption aligncenter\"><img loading=\"lazy\" decoding=\"async\" class=\"size-medium wp-image-8085\" src=\"https:\/\/news.save.ch\/wp-content\/uploads\/2019\/05\/IMG_9983_bearbeitet-korr-scaled-1.jpg\" alt=\"\" width=\"680\" height=\"447\" \/><figcaption id=\"caption-attachment-8085\" class=\"wp-caption-text\">Bruno Steiner, Natalie Cattaneo von der SES-Gesch\u00e4ftsstelle und SES-Pr\u00e4sident Peter Nebiker. (Foto: R. Str\u00e4ssle)<\/figcaption><\/figure>\n<p>Zwei altgediente Herren im <a href=\"https:\/\/www.sicher-ses.ch\/de\">SES<\/a>-Vorstand treten k\u00fcrzer: Bruno Steiner ist ein Urgestein in der Sicherheitsbranche und seit \u00fcber 40 Jahren Mitglied im Verband. Er geh\u00f6rt zu den Gr\u00fcnderv\u00e4tern seiner Firma BSW Security. Steiner kam im Jahr 1977 zum SES, der 1972 als Vereinigung Schweizerischer Hersteller von Brandmeldeanlagen ins Leben gerufen wurde. SES-Pr\u00e4sident Peter Nebiker w\u00fcrdigte das langj\u00e4hrige Mitglied: Steiner habe fast die gesamte Verbandsgeschichte begleitet und mitgestaltet. Er pr\u00e4gte mit seinem Know-how insbesondere die Arbeit in der Technischen Arbeitskommission Brandmeldeanlagen (TAK BMA) im SES. Steiner ist aus TAK BMA zur\u00fcckgetreten, sein Nachfolger heisst Ren\u00e9 H\u00e4cki, ebenfalls von der Firma BSW.<\/p>\n<p><strong>Auch Guido Portmann tritt zur\u00fcck<\/strong><\/p>\n<p>Aus dem Vorstand zur\u00fcckgetreten ist auch Vizepr\u00e4sident Guido Portmann (Securiton). Er geh\u00f6rte dem Vorstand seit 2004 an, davon mehrere Jahre als Pr\u00e4sident. Nebiker w\u00fcrdigte das Wirken von Portmann im SES als \u00e4usserst verdienstvoll, denn er sei ein wichtiger Treiber des Bereichs Ausbildung gewesen. Die Weiterbildung zum <a href=\"https:\/\/news.save.ch\/dieses-diplom-kann-meiner-karriere-nur-foerderlich-sein\/\">Projektleiter Sicherheitstechnik<\/a>, die der Verband 2009 erstmals ausgeschrieben hat, ist \u00e4usserst beliebt. Jedes Jahr kann der Verband diverse eidgen\u00f6ssische Fachausweise seinen Nachwuchskr\u00e4ften \u00fcberreichen.<\/p>\n<p>Die neu gew\u00e4hlten Mitglieder im SES-Vorstand heissen Jim Steiner (BSW Security) und Martin Altorfer (Securiton), der Vizepr\u00e4sident wird. Als SES-Pr\u00e4sident wurde Peter Nebiker mit Applaus best\u00e4tigt.<\/p>\n<p><strong>96 SES-Mitglieder<\/strong><\/p>\n<p>Die Mitgliederzahl im Verband SES betr\u00e4gt momentan 96 Errichter, Produktelieferanten, Planer und Beh\u00f6rden. Im Verbandsjahr 2018-2019 sind acht neue Mitglieder dazugestossen, f\u00fcnf\u00a0 sind ausgetreten.\u00a0 <em>(rs)<\/em><\/p>\n<p><em>Ein ausf\u00fchrlicher Bericht erfolgt im <a href=\"https:\/\/news.save.ch\/sicherheitsforum\/\">SicherheitsForum<\/a> 3\/2019.<\/em><\/p>\n<p>&nbsp;<\/p>\n","protected":false},"excerpt":{"rendered":"<p>Zwei altgediente Herren im SES-Vorstand treten k\u00fcrzer: Bruno Steiner ist ein Urgestein in der Sicherheitsbranche und seit \u00fcber 40 Jahren Mitglied im Verband. Er geh\u00f6rt zu den Gr\u00fcnderv\u00e4tern seiner Firma BSW Security. Steiner kam im Jahr 1977 zum SES, der 1972 als Vereinigung Schweizerischer Hersteller von Brandmeldeanlagen ins Leben gerufen wurde. SES-Pr\u00e4sident Peter Nebiker w\u00fcrdigte [&hellip;]<\/p>\n","protected":false},"author":8,"featured_media":8085,"comment_status":"open","ping_status":"open","sticky":false,"template":"","format":"standard","meta":{"_acf_changed":false,"pgc_sgb_lightbox_settings":"","footnotes":""},"categories":[1],"tags":[144,450,66],"class_list":["post-8078","post","type-post","status-publish","format-standard","has-post-thumbnail","hentry","category-allgemein","tag-personalien","tag-ses","tag-verbaende"],"acf":[],"hkrextid":null,"publication":null,"issue":null,"workflow":null,"startPage":null,"spitzmarke":null,"_posts_by_tag_page_fields":{"widget_title":"","widget_tags":""},"_at_widget":"1","_yoast_wpseo_primary_category":"1","_yoast_wpseo_focuskw_text_input":"SES-Vorstand","_yoast_wpseo_opengraph-image":null,"_yoast_wpseo_opengraph-description":null,"_yoast_wpseo_opengraph-title":null,"enclosure":null,"_yoast_wpseo_twitter-title":null,"_yoast_wpseo_twitter-description":null,"_yoast_wpseo_twitter-image":null,"_wp_old_slug":null,"_yoast_wpseo_title":null,"_yoast_wpseo_canonical":null,"yoast_head":"<!-- This site is optimized with the Yoast SEO plugin v27.5 - https:\/\/yoast.com\/product\/yoast-seo-wordpress\/ -->\n<title>Personelle \u00c4nderungen im SES-Vorstand - Save<\/title>\n<meta name=\"description\" content=\"Der Verband Schweizerischer Errichter von Sicherheitsanlagen (SES) hat am 21. Mai 2019 seine Mitgliederversammlung in Pf\u00e4ffikon SZ durchgef\u00fchrt.\" \/>\n<meta name=\"robots\" content=\"index, follow, max-snippet:-1, max-image-preview:large, max-video-preview:-1\" \/>\n<link rel=\"canonical\" href=\"https:\/\/news.save.ch\/de\/personelle-aenderungen-im-ses-vorstand\/\" \/>\n<meta property=\"og:locale\" content=\"de_DE\" \/>\n<meta property=\"og:type\" content=\"article\" \/>\n<meta property=\"og:title\" content=\"Personelle \u00c4nderungen im SES-Vorstand - Save\" \/>\n<meta property=\"og:description\" content=\"Der Verband Schweizerischer Errichter von Sicherheitsanlagen (SES) hat am 21. Mai 2019 seine Mitgliederversammlung in Pf\u00e4ffikon SZ durchgef\u00fchrt.\" \/>\n<meta property=\"og:url\" content=\"https:\/\/news.save.ch\/de\/personelle-aenderungen-im-ses-vorstand\/\" \/>\n<meta property=\"og:site_name\" content=\"Save\" \/>\n<meta property=\"article:published_time\" content=\"2019-05-21T15:14:24+00:00\" \/>\n<meta property=\"og:image\" content=\"https:\/\/news.save.ch\/wp-content\/uploads\/2019\/05\/IMG_9983_bearbeitet-korr-scaled-1-scaled.jpg\" \/>\n\t<meta property=\"og:image:width\" content=\"1400\" \/>\n\t<meta property=\"og:image:height\" content=\"920\" \/>\n\t<meta property=\"og:image:type\" content=\"image\/jpeg\" \/>\n<meta name=\"author\" content=\"Roger Str\u00e4ssle\" \/>\n<meta name=\"twitter:card\" content=\"summary_large_image\" \/>\n<meta name=\"twitter:label1\" content=\"Geschrieben von\" \/>\n\t<meta name=\"twitter:data1\" content=\"Roger Str\u00e4ssle\" \/>\n\t<meta name=\"twitter:label2\" content=\"Gesch\u00e4tzte Lesezeit\" \/>\n\t<meta name=\"twitter:data2\" content=\"1\u00a0Minute\" \/>\n<script type=\"application\/ld+json\" class=\"yoast-schema-graph\">{\"@context\":\"https:\\\/\\\/schema.org\",\"@graph\":[{\"@type\":\"Article\",\"@id\":\"https:\\\/\\\/news.save.ch\\\/personelle-aenderungen-im-ses-vorstand\\\/#article\",\"isPartOf\":{\"@id\":\"https:\\\/\\\/news.save.ch\\\/personelle-aenderungen-im-ses-vorstand\\\/\"},\"author\":{\"name\":\"Roger Str\u00e4ssle\",\"@id\":\"https:\\\/\\\/news.save.ch\\\/de\\\/#\\\/schema\\\/person\\\/d5022db048e0e2b9785c50e5b24da5aa\"},\"headline\":\"Personelle \u00c4nderungen im SES-Vorstand\",\"datePublished\":\"2019-05-21T15:14:24+00:00\",\"mainEntityOfPage\":{\"@id\":\"https:\\\/\\\/news.save.ch\\\/personelle-aenderungen-im-ses-vorstand\\\/\"},\"wordCount\":281,\"commentCount\":0,\"publisher\":{\"@id\":\"https:\\\/\\\/news.save.ch\\\/de\\\/#organization\"},\"image\":{\"@id\":\"https:\\\/\\\/news.save.ch\\\/personelle-aenderungen-im-ses-vorstand\\\/#primaryimage\"},\"thumbnailUrl\":\"https:\\\/\\\/news.save.ch\\\/wp-content\\\/uploads\\\/2019\\\/05\\\/IMG_9983_bearbeitet-korr-scaled-1-scaled.jpg\",\"keywords\":[\"Personalien\",\"SES\",\"Verb\u00e4nde\"],\"articleSection\":[\"ALLGEMEIN\"],\"inLanguage\":\"de\"},{\"@type\":\"WebPage\",\"@id\":\"https:\\\/\\\/news.save.ch\\\/personelle-aenderungen-im-ses-vorstand\\\/\",\"url\":\"https:\\\/\\\/news.save.ch\\\/personelle-aenderungen-im-ses-vorstand\\\/\",\"name\":\"Personelle \u00c4nderungen im SES-Vorstand - Save\",\"isPartOf\":{\"@id\":\"https:\\\/\\\/news.save.ch\\\/de\\\/#website\"},\"primaryImageOfPage\":{\"@id\":\"https:\\\/\\\/news.save.ch\\\/personelle-aenderungen-im-ses-vorstand\\\/#primaryimage\"},\"image\":{\"@id\":\"https:\\\/\\\/news.save.ch\\\/personelle-aenderungen-im-ses-vorstand\\\/#primaryimage\"},\"thumbnailUrl\":\"https:\\\/\\\/news.save.ch\\\/wp-content\\\/uploads\\\/2019\\\/05\\\/IMG_9983_bearbeitet-korr-scaled-1-scaled.jpg\",\"datePublished\":\"2019-05-21T15:14:24+00:00\",\"description\":\"Der Verband Schweizerischer Errichter von Sicherheitsanlagen (SES) hat am 21. Mai 2019 seine Mitgliederversammlung in Pf\u00e4ffikon SZ durchgef\u00fchrt.\",\"breadcrumb\":{\"@id\":\"https:\\\/\\\/news.save.ch\\\/personelle-aenderungen-im-ses-vorstand\\\/#breadcrumb\"},\"inLanguage\":\"de\",\"potentialAction\":[{\"@type\":\"ReadAction\",\"target\":[\"https:\\\/\\\/news.save.ch\\\/personelle-aenderungen-im-ses-vorstand\\\/\"]}]},{\"@type\":\"ImageObject\",\"inLanguage\":\"de\",\"@id\":\"https:\\\/\\\/news.save.ch\\\/personelle-aenderungen-im-ses-vorstand\\\/#primaryimage\",\"url\":\"https:\\\/\\\/news.save.ch\\\/wp-content\\\/uploads\\\/2019\\\/05\\\/IMG_9983_bearbeitet-korr-scaled-1-scaled.jpg\",\"contentUrl\":\"https:\\\/\\\/news.save.ch\\\/wp-content\\\/uploads\\\/2019\\\/05\\\/IMG_9983_bearbeitet-korr-scaled-1-scaled.jpg\",\"width\":1400,\"height\":920,\"caption\":\"Bruno Steiner, Natalie Cattaneo von der SES-Gesch\u00e4ftsstelle und SES-Pr\u00e4sident Peter Nebiker. (Foto: R. Str\u00e4ssle)\"},{\"@type\":\"BreadcrumbList\",\"@id\":\"https:\\\/\\\/news.save.ch\\\/personelle-aenderungen-im-ses-vorstand\\\/#breadcrumb\",\"itemListElement\":[{\"@type\":\"ListItem\",\"position\":1,\"name\":\"Home\",\"item\":\"https:\\\/\\\/news.save.ch\\\/de\\\/\"},{\"@type\":\"ListItem\",\"position\":2,\"name\":\"Personelle \u00c4nderungen im SES-Vorstand\"}]},{\"@type\":\"WebSite\",\"@id\":\"https:\\\/\\\/news.save.ch\\\/de\\\/#website\",\"url\":\"https:\\\/\\\/news.save.ch\\\/de\\\/\",\"name\":\"Save\",\"description\":\"Schweizer Fachzeitschrift f\u00fcr Sicherheit\",\"publisher\":{\"@id\":\"https:\\\/\\\/news.save.ch\\\/de\\\/#organization\"},\"potentialAction\":[{\"@type\":\"SearchAction\",\"target\":{\"@type\":\"EntryPoint\",\"urlTemplate\":\"https:\\\/\\\/news.save.ch\\\/de\\\/?s={search_term_string}\"},\"query-input\":{\"@type\":\"PropertyValueSpecification\",\"valueRequired\":true,\"valueName\":\"search_term_string\"}}],\"inLanguage\":\"de\"},{\"@type\":\"Organization\",\"@id\":\"https:\\\/\\\/news.save.ch\\\/de\\\/#organization\",\"name\":\"Sicherheitsforum\",\"url\":\"https:\\\/\\\/news.save.ch\\\/de\\\/\",\"logo\":{\"@type\":\"ImageObject\",\"inLanguage\":\"de\",\"@id\":\"https:\\\/\\\/news.save.ch\\\/de\\\/#\\\/schema\\\/logo\\\/image\\\/\",\"url\":\"https:\\\/\\\/news.save.ch\\\/wp-content\\\/uploads\\\/2022\\\/06\\\/Logo_SF_2012.png\",\"contentUrl\":\"https:\\\/\\\/news.save.ch\\\/wp-content\\\/uploads\\\/2022\\\/06\\\/Logo_SF_2012.png\",\"width\":1100,\"height\":91,\"caption\":\"Sicherheitsforum\"},\"image\":{\"@id\":\"https:\\\/\\\/news.save.ch\\\/de\\\/#\\\/schema\\\/logo\\\/image\\\/\"}},{\"@type\":\"Person\",\"@id\":\"https:\\\/\\\/news.save.ch\\\/de\\\/#\\\/schema\\\/person\\\/d5022db048e0e2b9785c50e5b24da5aa\",\"name\":\"Roger Str\u00e4ssle\",\"image\":{\"@type\":\"ImageObject\",\"inLanguage\":\"de\",\"@id\":\"https:\\\/\\\/secure.gravatar.com\\\/avatar\\\/862a5569d087de48e5856e32f45d719a03804c891d6deb8d4f71a660e79e4a47?s=96&d=mm&r=g\",\"url\":\"https:\\\/\\\/secure.gravatar.com\\\/avatar\\\/862a5569d087de48e5856e32f45d719a03804c891d6deb8d4f71a660e79e4a47?s=96&d=mm&r=g\",\"contentUrl\":\"https:\\\/\\\/secure.gravatar.com\\\/avatar\\\/862a5569d087de48e5856e32f45d719a03804c891d6deb8d4f71a660e79e4a47?s=96&d=mm&r=g\",\"caption\":\"Roger Str\u00e4ssle\"},\"url\":\"https:\\\/\\\/news.save.ch\\\/de\\\/author\\\/roger-straessle\\\/\"}]}<\/script>\n<!-- \/ Yoast SEO plugin. -->","yoast_head_json":{"title":"Personelle \u00c4nderungen im SES-Vorstand - Save","description":"Der Verband Schweizerischer Errichter von Sicherheitsanlagen (SES) hat am 21. Mai 2019 seine Mitgliederversammlung in Pf\u00e4ffikon SZ durchgef\u00fchrt.","robots":{"index":"index","follow":"follow","max-snippet":"max-snippet:-1","max-image-preview":"max-image-preview:large","max-video-preview":"max-video-preview:-1"},"canonical":"https:\/\/news.save.ch\/de\/personelle-aenderungen-im-ses-vorstand\/","og_locale":"de_DE","og_type":"article","og_title":"Personelle \u00c4nderungen im SES-Vorstand - Save","og_description":"Der Verband Schweizerischer Errichter von Sicherheitsanlagen (SES) hat am 21. Mai 2019 seine Mitgliederversammlung in Pf\u00e4ffikon SZ durchgef\u00fchrt.","og_url":"https:\/\/news.save.ch\/de\/personelle-aenderungen-im-ses-vorstand\/","og_site_name":"Save","article_published_time":"2019-05-21T15:14:24+00:00","og_image":[{"width":1400,"height":920,"url":"https:\/\/news.save.ch\/wp-content\/uploads\/2019\/05\/IMG_9983_bearbeitet-korr-scaled-1-scaled.jpg","type":"image\/jpeg"}],"author":"Roger Str\u00e4ssle","twitter_card":"summary_large_image","twitter_misc":{"Geschrieben von":"Roger Str\u00e4ssle","Gesch\u00e4tzte Lesezeit":"1\u00a0Minute"},"schema":{"@context":"https:\/\/schema.org","@graph":[{"@type":"Article","@id":"https:\/\/news.save.ch\/personelle-aenderungen-im-ses-vorstand\/#article","isPartOf":{"@id":"https:\/\/news.save.ch\/personelle-aenderungen-im-ses-vorstand\/"},"author":{"name":"Roger Str\u00e4ssle","@id":"https:\/\/news.save.ch\/de\/#\/schema\/person\/d5022db048e0e2b9785c50e5b24da5aa"},"headline":"Personelle \u00c4nderungen im SES-Vorstand","datePublished":"2019-05-21T15:14:24+00:00","mainEntityOfPage":{"@id":"https:\/\/news.save.ch\/personelle-aenderungen-im-ses-vorstand\/"},"wordCount":281,"commentCount":0,"publisher":{"@id":"https:\/\/news.save.ch\/de\/#organization"},"image":{"@id":"https:\/\/news.save.ch\/personelle-aenderungen-im-ses-vorstand\/#primaryimage"},"thumbnailUrl":"https:\/\/news.save.ch\/wp-content\/uploads\/2019\/05\/IMG_9983_bearbeitet-korr-scaled-1-scaled.jpg","keywords":["Personalien","SES","Verb\u00e4nde"],"articleSection":["ALLGEMEIN"],"inLanguage":"de"},{"@type":"WebPage","@id":"https:\/\/news.save.ch\/personelle-aenderungen-im-ses-vorstand\/","url":"https:\/\/news.save.ch\/personelle-aenderungen-im-ses-vorstand\/","name":"Personelle \u00c4nderungen im SES-Vorstand - Save","isPartOf":{"@id":"https:\/\/news.save.ch\/de\/#website"},"primaryImageOfPage":{"@id":"https:\/\/news.save.ch\/personelle-aenderungen-im-ses-vorstand\/#primaryimage"},"image":{"@id":"https:\/\/news.save.ch\/personelle-aenderungen-im-ses-vorstand\/#primaryimage"},"thumbnailUrl":"https:\/\/news.save.ch\/wp-content\/uploads\/2019\/05\/IMG_9983_bearbeitet-korr-scaled-1-scaled.jpg","datePublished":"2019-05-21T15:14:24+00:00","description":"Der Verband Schweizerischer Errichter von Sicherheitsanlagen (SES) hat am 21. Mai 2019 seine Mitgliederversammlung in Pf\u00e4ffikon SZ durchgef\u00fchrt.","breadcrumb":{"@id":"https:\/\/news.save.ch\/personelle-aenderungen-im-ses-vorstand\/#breadcrumb"},"inLanguage":"de","potentialAction":[{"@type":"ReadAction","target":["https:\/\/news.save.ch\/personelle-aenderungen-im-ses-vorstand\/"]}]},{"@type":"ImageObject","inLanguage":"de","@id":"https:\/\/news.save.ch\/personelle-aenderungen-im-ses-vorstand\/#primaryimage","url":"https:\/\/news.save.ch\/wp-content\/uploads\/2019\/05\/IMG_9983_bearbeitet-korr-scaled-1-scaled.jpg","contentUrl":"https:\/\/news.save.ch\/wp-content\/uploads\/2019\/05\/IMG_9983_bearbeitet-korr-scaled-1-scaled.jpg","width":1400,"height":920,"caption":"Bruno Steiner, Natalie Cattaneo von der SES-Gesch\u00e4ftsstelle und SES-Pr\u00e4sident Peter Nebiker. (Foto: R. Str\u00e4ssle)"},{"@type":"BreadcrumbList","@id":"https:\/\/news.save.ch\/personelle-aenderungen-im-ses-vorstand\/#breadcrumb","itemListElement":[{"@type":"ListItem","position":1,"name":"Home","item":"https:\/\/news.save.ch\/de\/"},{"@type":"ListItem","position":2,"name":"Personelle \u00c4nderungen im SES-Vorstand"}]},{"@type":"WebSite","@id":"https:\/\/news.save.ch\/de\/#website","url":"https:\/\/news.save.ch\/de\/","name":"Save","description":"Schweizer Fachzeitschrift f\u00fcr Sicherheit","publisher":{"@id":"https:\/\/news.save.ch\/de\/#organization"},"potentialAction":[{"@type":"SearchAction","target":{"@type":"EntryPoint","urlTemplate":"https:\/\/news.save.ch\/de\/?s={search_term_string}"},"query-input":{"@type":"PropertyValueSpecification","valueRequired":true,"valueName":"search_term_string"}}],"inLanguage":"de"},{"@type":"Organization","@id":"https:\/\/news.save.ch\/de\/#organization","name":"Sicherheitsforum","url":"https:\/\/news.save.ch\/de\/","logo":{"@type":"ImageObject","inLanguage":"de","@id":"https:\/\/news.save.ch\/de\/#\/schema\/logo\/image\/","url":"https:\/\/news.save.ch\/wp-content\/uploads\/2022\/06\/Logo_SF_2012.png","contentUrl":"https:\/\/news.save.ch\/wp-content\/uploads\/2022\/06\/Logo_SF_2012.png","width":1100,"height":91,"caption":"Sicherheitsforum"},"image":{"@id":"https:\/\/news.save.ch\/de\/#\/schema\/logo\/image\/"}},{"@type":"Person","@id":"https:\/\/news.save.ch\/de\/#\/schema\/person\/d5022db048e0e2b9785c50e5b24da5aa","name":"Roger Str\u00e4ssle","image":{"@type":"ImageObject","inLanguage":"de","@id":"https:\/\/secure.gravatar.com\/avatar\/862a5569d087de48e5856e32f45d719a03804c891d6deb8d4f71a660e79e4a47?s=96&d=mm&r=g","url":"https:\/\/secure.gravatar.com\/avatar\/862a5569d087de48e5856e32f45d719a03804c891d6deb8d4f71a660e79e4a47?s=96&d=mm&r=g","contentUrl":"https:\/\/secure.gravatar.com\/avatar\/862a5569d087de48e5856e32f45d719a03804c891d6deb8d4f71a660e79e4a47?s=96&d=mm&r=g","caption":"Roger Str\u00e4ssle"},"url":"https:\/\/news.save.ch\/de\/author\/roger-straessle\/"}]}},"_links":{"self":[{"href":"https:\/\/news.save.ch\/de\/wp-json\/wp\/v2\/posts\/8078","targetHints":{"allow":["GET"]}}],"collection":[{"href":"https:\/\/news.save.ch\/de\/wp-json\/wp\/v2\/posts"}],"about":[{"href":"https:\/\/news.save.ch\/de\/wp-json\/wp\/v2\/types\/post"}],"author":[{"embeddable":true,"href":"https:\/\/news.save.ch\/de\/wp-json\/wp\/v2\/users\/8"}],"replies":[{"embeddable":true,"href":"https:\/\/news.save.ch\/de\/wp-json\/wp\/v2\/comments?post=8078"}],"version-history":[{"count":0,"href":"https:\/\/news.save.ch\/de\/wp-json\/wp\/v2\/posts\/8078\/revisions"}],"wp:featuredmedia":[{"embeddable":true,"href":"https:\/\/news.save.ch\/de\/wp-json\/wp\/v2\/media\/8085"}],"wp:attachment":[{"href":"https:\/\/news.save.ch\/de\/wp-json\/wp\/v2\/media?parent=8078"}],"wp:term":[{"taxonomy":"category","embeddable":true,"href":"https:\/\/news.save.ch\/de\/wp-json\/wp\/v2\/categories?post=8078"},{"taxonomy":"post_tag","embeddable":true,"href":"https:\/\/news.save.ch\/de\/wp-json\/wp\/v2\/tags?post=8078"}],"curies":[{"name":"wp","href":"https:\/\/api.w.org\/{rel}","templated":true}]}}