{"id":8141,"date":"2019-05-29T06:41:04","date_gmt":"2019-05-29T04:41:04","guid":{"rendered":"https:\/\/news.save.ch\/?p=8141"},"modified":"2023-03-14T08:56:46","modified_gmt":"2023-03-14T07:56:46","slug":"informationssicherheit-im-gesundheitswesen-2","status":null,"type":"post","link":"https:\/\/news.save.ch\/de\/informationssicherheit-im-gesundheitswesen-2\/","title":{"rendered":"Informationssicherheit im Gesundheitswesen"},"content":{"rendered":"<figure id=\"attachment_8142\" aria-describedby=\"caption-attachment-8142\" style=\"width: 680px\" class=\"wp-caption aligncenter\"><img loading=\"lazy\" decoding=\"async\" class=\"wp-image-8142 size-medium\" src=\"https:\/\/news.save.ch\/wp-content\/uploads\/2019\/05\/Depositphotos_63732323_s-2019.jpg\" alt=\"Informationssicherheit\" width=\"680\" height=\"454\" srcset=\"https:\/\/news.save.ch\/wp-content\/uploads\/2019\/05\/Depositphotos_63732323_s-2019.jpg 1000w, https:\/\/news.save.ch\/wp-content\/uploads\/2019\/05\/Depositphotos_63732323_s-2019-375x250.jpg 375w\" sizes=\"auto, (max-width: 680px) 100vw, 680px\" \/><figcaption id=\"caption-attachment-8142\" class=\"wp-caption-text\">\u00a9 depositphotos, scanrail<\/figcaption><\/figure>\n<p>Nur wenn Anwender, Anbieter, Patienten und Entscheidungstr\u00e4ger besser miteinander sprechen lernen, lassen sich die Informationssicherheit und der Datenschutz im Gesundheitswesen erh\u00f6hen und die Digitalisierung realisieren, schreiben die Veranstalter der Konferenz <a href=\"https:\/\/www.infosec-health.ch\/conference-2019.html\">\u00abInformation Security in Healthcare\u00bb<\/a>.\u00a0Der Anlass wird am 6. Juni 2019 in Rotkreuz durchgef\u00fchrt. Grundsatzreferate, parallele Streams und ein zusammenfassender Ausblick sollen Gesundheitsfachleuten das n\u00f6tige Wissen zur Informationssicherheit in der Medizintechnik vermitteln (<a href=\"https:\/\/www.infosec-health.ch\/programm.html\">detailliertes Programm<\/a>).<\/p>\n<p>Aufgezeigt werden auch Trends: Nur wer weiss, was morgen sein k\u00f6nnte, hat eine solide Basis f\u00fcr sein heutiges Handeln. Vermittelt werden Updates zu den Entwicklungen im IT-Health-Sektor.<\/p>\n<p>Zudem erfahren die Teilnehmenden laut Veranstalter, wie sie Sicherheitsl\u00fccken in ihren Informationssystemen finden k\u00f6nnen. Gezeigt werde, wie man seine IT-Infrastruktur absichern k\u00f6nne, ohne dass die Kosten \u00fcberm\u00e4ssig in die H\u00f6he schnellen.<\/p>\n","protected":false},"excerpt":{"rendered":"<p>Nur wenn Anwender, Anbieter, Patienten und Entscheidungstr\u00e4ger besser miteinander sprechen lernen, lassen sich die Informationssicherheit und der Datenschutz im Gesundheitswesen erh\u00f6hen und die Digitalisierung realisieren, schreiben die Veranstalter der Konferenz \u00abInformation Security in Healthcare\u00bb.\u00a0Der Anlass wird am 6. Juni 2019 in Rotkreuz durchgef\u00fchrt. Grundsatzreferate, parallele Streams und ein zusammenfassender Ausblick sollen Gesundheitsfachleuten das n\u00f6tige Wissen [&hellip;]<\/p>\n","protected":false},"author":8,"featured_media":8142,"comment_status":"open","ping_status":"open","sticky":false,"template":"","format":"standard","meta":{"_acf_changed":false,"pgc_sgb_lightbox_settings":"","footnotes":""},"categories":[3313],"tags":[492,63],"class_list":["post-8141","post","type-post","status-publish","format-standard","has-post-thumbnail","hentry","category-digitalisierung","tag-gesundheitswesen","tag-it-security"],"acf":[],"hkrextid":null,"publication":null,"issue":null,"workflow":null,"startPage":null,"spitzmarke":null,"_posts_by_tag_page_fields":{"widget_title":"","widget_tags":""},"_at_widget":"1","_yoast_wpseo_primary_category":"2","_yoast_wpseo_focuskw_text_input":"Informationssicherheit","_yoast_wpseo_opengraph-image":null,"_yoast_wpseo_opengraph-description":null,"_yoast_wpseo_opengraph-title":null,"enclosure":null,"_yoast_wpseo_twitter-title":null,"_yoast_wpseo_twitter-description":null,"_yoast_wpseo_twitter-image":null,"_wp_old_slug":null,"_yoast_wpseo_title":null,"_yoast_wpseo_canonical":null,"yoast_head":"<!-- This site is optimized with the Yoast SEO plugin v27.4 - https:\/\/yoast.com\/product\/yoast-seo-wordpress\/ -->\n<title>Informationssicherheit im Gesundheitswesen - Save<\/title>\n<meta name=\"description\" content=\"Die Konferenz \u00abInformation Security in Healthcare\u00bb in Rotkreuz beleuchtet das Thema Informationssicherheit im Gesundheitswesen.\" \/>\n<meta name=\"robots\" content=\"index, follow, max-snippet:-1, max-image-preview:large, max-video-preview:-1\" \/>\n<link rel=\"canonical\" href=\"https:\/\/news.save.ch\/de\/informationssicherheit-im-gesundheitswesen-2\/\" \/>\n<meta property=\"og:locale\" content=\"de_DE\" \/>\n<meta property=\"og:type\" content=\"article\" \/>\n<meta property=\"og:title\" content=\"Informationssicherheit im Gesundheitswesen - Save\" \/>\n<meta property=\"og:description\" content=\"Die Konferenz \u00abInformation Security in Healthcare\u00bb in Rotkreuz beleuchtet das Thema Informationssicherheit im Gesundheitswesen.\" \/>\n<meta property=\"og:url\" content=\"https:\/\/news.save.ch\/de\/informationssicherheit-im-gesundheitswesen-2\/\" \/>\n<meta property=\"og:site_name\" content=\"Save\" \/>\n<meta property=\"article:published_time\" content=\"2019-05-29T04:41:04+00:00\" \/>\n<meta property=\"article:modified_time\" content=\"2023-03-14T07:56:46+00:00\" \/>\n<meta property=\"og:image\" content=\"https:\/\/news.save.ch\/wp-content\/uploads\/2019\/05\/Depositphotos_63732323_s-2019.jpg\" \/>\n\t<meta property=\"og:image:width\" content=\"1000\" \/>\n\t<meta property=\"og:image:height\" content=\"667\" \/>\n\t<meta property=\"og:image:type\" content=\"image\/jpeg\" \/>\n<meta name=\"author\" content=\"Roger Str\u00e4ssle\" \/>\n<meta name=\"twitter:card\" content=\"summary_large_image\" \/>\n<meta name=\"twitter:label1\" content=\"Geschrieben von\" \/>\n\t<meta name=\"twitter:data1\" content=\"Roger Str\u00e4ssle\" \/>\n\t<meta name=\"twitter:label2\" content=\"Gesch\u00e4tzte Lesezeit\" \/>\n\t<meta name=\"twitter:data2\" content=\"1\u00a0Minute\" \/>\n<script type=\"application\/ld+json\" class=\"yoast-schema-graph\">{\"@context\":\"https:\\\/\\\/schema.org\",\"@graph\":[{\"@type\":\"Article\",\"@id\":\"https:\\\/\\\/news.save.ch\\\/informationssicherheit-im-gesundheitswesen-2\\\/#article\",\"isPartOf\":{\"@id\":\"https:\\\/\\\/news.save.ch\\\/informationssicherheit-im-gesundheitswesen-2\\\/\"},\"author\":{\"name\":\"Roger Str\u00e4ssle\",\"@id\":\"https:\\\/\\\/news.save.ch\\\/de\\\/#\\\/schema\\\/person\\\/d5022db048e0e2b9785c50e5b24da5aa\"},\"headline\":\"Informationssicherheit im Gesundheitswesen\",\"datePublished\":\"2019-05-29T04:41:04+00:00\",\"dateModified\":\"2023-03-14T07:56:46+00:00\",\"mainEntityOfPage\":{\"@id\":\"https:\\\/\\\/news.save.ch\\\/informationssicherheit-im-gesundheitswesen-2\\\/\"},\"wordCount\":143,\"commentCount\":0,\"publisher\":{\"@id\":\"https:\\\/\\\/news.save.ch\\\/de\\\/#organization\"},\"image\":{\"@id\":\"https:\\\/\\\/news.save.ch\\\/informationssicherheit-im-gesundheitswesen-2\\\/#primaryimage\"},\"thumbnailUrl\":\"https:\\\/\\\/news.save.ch\\\/wp-content\\\/uploads\\\/2019\\\/05\\\/Depositphotos_63732323_s-2019.jpg\",\"keywords\":[\"Gesundheitswesen\",\"IT-SECURITY\"],\"articleSection\":[\"DIGITALISIERUNG\"],\"inLanguage\":\"de\"},{\"@type\":\"WebPage\",\"@id\":\"https:\\\/\\\/news.save.ch\\\/informationssicherheit-im-gesundheitswesen-2\\\/\",\"url\":\"https:\\\/\\\/news.save.ch\\\/informationssicherheit-im-gesundheitswesen-2\\\/\",\"name\":\"Informationssicherheit im Gesundheitswesen - Save\",\"isPartOf\":{\"@id\":\"https:\\\/\\\/news.save.ch\\\/de\\\/#website\"},\"primaryImageOfPage\":{\"@id\":\"https:\\\/\\\/news.save.ch\\\/informationssicherheit-im-gesundheitswesen-2\\\/#primaryimage\"},\"image\":{\"@id\":\"https:\\\/\\\/news.save.ch\\\/informationssicherheit-im-gesundheitswesen-2\\\/#primaryimage\"},\"thumbnailUrl\":\"https:\\\/\\\/news.save.ch\\\/wp-content\\\/uploads\\\/2019\\\/05\\\/Depositphotos_63732323_s-2019.jpg\",\"datePublished\":\"2019-05-29T04:41:04+00:00\",\"dateModified\":\"2023-03-14T07:56:46+00:00\",\"description\":\"Die Konferenz \u00abInformation Security in Healthcare\u00bb in Rotkreuz beleuchtet das Thema Informationssicherheit im Gesundheitswesen.\",\"breadcrumb\":{\"@id\":\"https:\\\/\\\/news.save.ch\\\/informationssicherheit-im-gesundheitswesen-2\\\/#breadcrumb\"},\"inLanguage\":\"de\",\"potentialAction\":[{\"@type\":\"ReadAction\",\"target\":[\"https:\\\/\\\/news.save.ch\\\/informationssicherheit-im-gesundheitswesen-2\\\/\"]}]},{\"@type\":\"ImageObject\",\"inLanguage\":\"de\",\"@id\":\"https:\\\/\\\/news.save.ch\\\/informationssicherheit-im-gesundheitswesen-2\\\/#primaryimage\",\"url\":\"https:\\\/\\\/news.save.ch\\\/wp-content\\\/uploads\\\/2019\\\/05\\\/Depositphotos_63732323_s-2019.jpg\",\"contentUrl\":\"https:\\\/\\\/news.save.ch\\\/wp-content\\\/uploads\\\/2019\\\/05\\\/Depositphotos_63732323_s-2019.jpg\",\"width\":1000,\"height\":667,\"caption\":\"\u00a9 depositphotos, scanrail\"},{\"@type\":\"BreadcrumbList\",\"@id\":\"https:\\\/\\\/news.save.ch\\\/informationssicherheit-im-gesundheitswesen-2\\\/#breadcrumb\",\"itemListElement\":[{\"@type\":\"ListItem\",\"position\":1,\"name\":\"Home\",\"item\":\"https:\\\/\\\/news.save.ch\\\/de\\\/\"},{\"@type\":\"ListItem\",\"position\":2,\"name\":\"Informationssicherheit im Gesundheitswesen\"}]},{\"@type\":\"WebSite\",\"@id\":\"https:\\\/\\\/news.save.ch\\\/de\\\/#website\",\"url\":\"https:\\\/\\\/news.save.ch\\\/de\\\/\",\"name\":\"Save\",\"description\":\"Schweizer Fachzeitschrift f\u00fcr Sicherheit\",\"publisher\":{\"@id\":\"https:\\\/\\\/news.save.ch\\\/de\\\/#organization\"},\"potentialAction\":[{\"@type\":\"SearchAction\",\"target\":{\"@type\":\"EntryPoint\",\"urlTemplate\":\"https:\\\/\\\/news.save.ch\\\/de\\\/?s={search_term_string}\"},\"query-input\":{\"@type\":\"PropertyValueSpecification\",\"valueRequired\":true,\"valueName\":\"search_term_string\"}}],\"inLanguage\":\"de\"},{\"@type\":\"Organization\",\"@id\":\"https:\\\/\\\/news.save.ch\\\/de\\\/#organization\",\"name\":\"Sicherheitsforum\",\"url\":\"https:\\\/\\\/news.save.ch\\\/de\\\/\",\"logo\":{\"@type\":\"ImageObject\",\"inLanguage\":\"de\",\"@id\":\"https:\\\/\\\/news.save.ch\\\/de\\\/#\\\/schema\\\/logo\\\/image\\\/\",\"url\":\"https:\\\/\\\/news.save.ch\\\/wp-content\\\/uploads\\\/2022\\\/06\\\/Logo_SF_2012.png\",\"contentUrl\":\"https:\\\/\\\/news.save.ch\\\/wp-content\\\/uploads\\\/2022\\\/06\\\/Logo_SF_2012.png\",\"width\":1100,\"height\":91,\"caption\":\"Sicherheitsforum\"},\"image\":{\"@id\":\"https:\\\/\\\/news.save.ch\\\/de\\\/#\\\/schema\\\/logo\\\/image\\\/\"}},{\"@type\":\"Person\",\"@id\":\"https:\\\/\\\/news.save.ch\\\/de\\\/#\\\/schema\\\/person\\\/d5022db048e0e2b9785c50e5b24da5aa\",\"name\":\"Roger Str\u00e4ssle\",\"image\":{\"@type\":\"ImageObject\",\"inLanguage\":\"de\",\"@id\":\"https:\\\/\\\/secure.gravatar.com\\\/avatar\\\/862a5569d087de48e5856e32f45d719a03804c891d6deb8d4f71a660e79e4a47?s=96&d=mm&r=g\",\"url\":\"https:\\\/\\\/secure.gravatar.com\\\/avatar\\\/862a5569d087de48e5856e32f45d719a03804c891d6deb8d4f71a660e79e4a47?s=96&d=mm&r=g\",\"contentUrl\":\"https:\\\/\\\/secure.gravatar.com\\\/avatar\\\/862a5569d087de48e5856e32f45d719a03804c891d6deb8d4f71a660e79e4a47?s=96&d=mm&r=g\",\"caption\":\"Roger Str\u00e4ssle\"},\"url\":\"https:\\\/\\\/news.save.ch\\\/de\\\/author\\\/roger-straessle\\\/\"}]}<\/script>\n<!-- \/ Yoast SEO plugin. -->","yoast_head_json":{"title":"Informationssicherheit im Gesundheitswesen - Save","description":"Die Konferenz \u00abInformation Security in Healthcare\u00bb in Rotkreuz beleuchtet das Thema Informationssicherheit im Gesundheitswesen.","robots":{"index":"index","follow":"follow","max-snippet":"max-snippet:-1","max-image-preview":"max-image-preview:large","max-video-preview":"max-video-preview:-1"},"canonical":"https:\/\/news.save.ch\/de\/informationssicherheit-im-gesundheitswesen-2\/","og_locale":"de_DE","og_type":"article","og_title":"Informationssicherheit im Gesundheitswesen - Save","og_description":"Die Konferenz \u00abInformation Security in Healthcare\u00bb in Rotkreuz beleuchtet das Thema Informationssicherheit im Gesundheitswesen.","og_url":"https:\/\/news.save.ch\/de\/informationssicherheit-im-gesundheitswesen-2\/","og_site_name":"Save","article_published_time":"2019-05-29T04:41:04+00:00","article_modified_time":"2023-03-14T07:56:46+00:00","og_image":[{"width":1000,"height":667,"url":"https:\/\/news.save.ch\/wp-content\/uploads\/2019\/05\/Depositphotos_63732323_s-2019.jpg","type":"image\/jpeg"}],"author":"Roger Str\u00e4ssle","twitter_card":"summary_large_image","twitter_misc":{"Geschrieben von":"Roger Str\u00e4ssle","Gesch\u00e4tzte Lesezeit":"1\u00a0Minute"},"schema":{"@context":"https:\/\/schema.org","@graph":[{"@type":"Article","@id":"https:\/\/news.save.ch\/informationssicherheit-im-gesundheitswesen-2\/#article","isPartOf":{"@id":"https:\/\/news.save.ch\/informationssicherheit-im-gesundheitswesen-2\/"},"author":{"name":"Roger Str\u00e4ssle","@id":"https:\/\/news.save.ch\/de\/#\/schema\/person\/d5022db048e0e2b9785c50e5b24da5aa"},"headline":"Informationssicherheit im Gesundheitswesen","datePublished":"2019-05-29T04:41:04+00:00","dateModified":"2023-03-14T07:56:46+00:00","mainEntityOfPage":{"@id":"https:\/\/news.save.ch\/informationssicherheit-im-gesundheitswesen-2\/"},"wordCount":143,"commentCount":0,"publisher":{"@id":"https:\/\/news.save.ch\/de\/#organization"},"image":{"@id":"https:\/\/news.save.ch\/informationssicherheit-im-gesundheitswesen-2\/#primaryimage"},"thumbnailUrl":"https:\/\/news.save.ch\/wp-content\/uploads\/2019\/05\/Depositphotos_63732323_s-2019.jpg","keywords":["Gesundheitswesen","IT-SECURITY"],"articleSection":["DIGITALISIERUNG"],"inLanguage":"de"},{"@type":"WebPage","@id":"https:\/\/news.save.ch\/informationssicherheit-im-gesundheitswesen-2\/","url":"https:\/\/news.save.ch\/informationssicherheit-im-gesundheitswesen-2\/","name":"Informationssicherheit im Gesundheitswesen - Save","isPartOf":{"@id":"https:\/\/news.save.ch\/de\/#website"},"primaryImageOfPage":{"@id":"https:\/\/news.save.ch\/informationssicherheit-im-gesundheitswesen-2\/#primaryimage"},"image":{"@id":"https:\/\/news.save.ch\/informationssicherheit-im-gesundheitswesen-2\/#primaryimage"},"thumbnailUrl":"https:\/\/news.save.ch\/wp-content\/uploads\/2019\/05\/Depositphotos_63732323_s-2019.jpg","datePublished":"2019-05-29T04:41:04+00:00","dateModified":"2023-03-14T07:56:46+00:00","description":"Die Konferenz \u00abInformation Security in Healthcare\u00bb in Rotkreuz beleuchtet das Thema Informationssicherheit im Gesundheitswesen.","breadcrumb":{"@id":"https:\/\/news.save.ch\/informationssicherheit-im-gesundheitswesen-2\/#breadcrumb"},"inLanguage":"de","potentialAction":[{"@type":"ReadAction","target":["https:\/\/news.save.ch\/informationssicherheit-im-gesundheitswesen-2\/"]}]},{"@type":"ImageObject","inLanguage":"de","@id":"https:\/\/news.save.ch\/informationssicherheit-im-gesundheitswesen-2\/#primaryimage","url":"https:\/\/news.save.ch\/wp-content\/uploads\/2019\/05\/Depositphotos_63732323_s-2019.jpg","contentUrl":"https:\/\/news.save.ch\/wp-content\/uploads\/2019\/05\/Depositphotos_63732323_s-2019.jpg","width":1000,"height":667,"caption":"\u00a9 depositphotos, scanrail"},{"@type":"BreadcrumbList","@id":"https:\/\/news.save.ch\/informationssicherheit-im-gesundheitswesen-2\/#breadcrumb","itemListElement":[{"@type":"ListItem","position":1,"name":"Home","item":"https:\/\/news.save.ch\/de\/"},{"@type":"ListItem","position":2,"name":"Informationssicherheit im Gesundheitswesen"}]},{"@type":"WebSite","@id":"https:\/\/news.save.ch\/de\/#website","url":"https:\/\/news.save.ch\/de\/","name":"Save","description":"Schweizer Fachzeitschrift f\u00fcr Sicherheit","publisher":{"@id":"https:\/\/news.save.ch\/de\/#organization"},"potentialAction":[{"@type":"SearchAction","target":{"@type":"EntryPoint","urlTemplate":"https:\/\/news.save.ch\/de\/?s={search_term_string}"},"query-input":{"@type":"PropertyValueSpecification","valueRequired":true,"valueName":"search_term_string"}}],"inLanguage":"de"},{"@type":"Organization","@id":"https:\/\/news.save.ch\/de\/#organization","name":"Sicherheitsforum","url":"https:\/\/news.save.ch\/de\/","logo":{"@type":"ImageObject","inLanguage":"de","@id":"https:\/\/news.save.ch\/de\/#\/schema\/logo\/image\/","url":"https:\/\/news.save.ch\/wp-content\/uploads\/2022\/06\/Logo_SF_2012.png","contentUrl":"https:\/\/news.save.ch\/wp-content\/uploads\/2022\/06\/Logo_SF_2012.png","width":1100,"height":91,"caption":"Sicherheitsforum"},"image":{"@id":"https:\/\/news.save.ch\/de\/#\/schema\/logo\/image\/"}},{"@type":"Person","@id":"https:\/\/news.save.ch\/de\/#\/schema\/person\/d5022db048e0e2b9785c50e5b24da5aa","name":"Roger Str\u00e4ssle","image":{"@type":"ImageObject","inLanguage":"de","@id":"https:\/\/secure.gravatar.com\/avatar\/862a5569d087de48e5856e32f45d719a03804c891d6deb8d4f71a660e79e4a47?s=96&d=mm&r=g","url":"https:\/\/secure.gravatar.com\/avatar\/862a5569d087de48e5856e32f45d719a03804c891d6deb8d4f71a660e79e4a47?s=96&d=mm&r=g","contentUrl":"https:\/\/secure.gravatar.com\/avatar\/862a5569d087de48e5856e32f45d719a03804c891d6deb8d4f71a660e79e4a47?s=96&d=mm&r=g","caption":"Roger Str\u00e4ssle"},"url":"https:\/\/news.save.ch\/de\/author\/roger-straessle\/"}]}},"_links":{"self":[{"href":"https:\/\/news.save.ch\/de\/wp-json\/wp\/v2\/posts\/8141","targetHints":{"allow":["GET"]}}],"collection":[{"href":"https:\/\/news.save.ch\/de\/wp-json\/wp\/v2\/posts"}],"about":[{"href":"https:\/\/news.save.ch\/de\/wp-json\/wp\/v2\/types\/post"}],"author":[{"embeddable":true,"href":"https:\/\/news.save.ch\/de\/wp-json\/wp\/v2\/users\/8"}],"replies":[{"embeddable":true,"href":"https:\/\/news.save.ch\/de\/wp-json\/wp\/v2\/comments?post=8141"}],"version-history":[{"count":1,"href":"https:\/\/news.save.ch\/de\/wp-json\/wp\/v2\/posts\/8141\/revisions"}],"predecessor-version":[{"id":17391,"href":"https:\/\/news.save.ch\/de\/wp-json\/wp\/v2\/posts\/8141\/revisions\/17391"}],"wp:featuredmedia":[{"embeddable":true,"href":"https:\/\/news.save.ch\/de\/wp-json\/wp\/v2\/media\/8142"}],"wp:attachment":[{"href":"https:\/\/news.save.ch\/de\/wp-json\/wp\/v2\/media?parent=8141"}],"wp:term":[{"taxonomy":"category","embeddable":true,"href":"https:\/\/news.save.ch\/de\/wp-json\/wp\/v2\/categories?post=8141"},{"taxonomy":"post_tag","embeddable":true,"href":"https:\/\/news.save.ch\/de\/wp-json\/wp\/v2\/tags?post=8141"}],"curies":[{"name":"wp","href":"https:\/\/api.w.org\/{rel}","templated":true}]}}