{"id":8307,"date":"2019-07-04T10:09:39","date_gmt":"2019-07-04T08:09:39","guid":{"rendered":"https:\/\/news.save.ch\/?p=8307"},"modified":"2019-07-04T10:09:39","modified_gmt":"2019-07-04T08:09:39","slug":"neue-verwaltungsraete-fuer-die-securitas-ag","status":null,"type":"post","link":"https:\/\/news.save.ch\/de\/neue-verwaltungsraete-fuer-die-securitas-ag\/","title":{"rendered":"Neue Verwaltungsr\u00e4te f\u00fcr die Securitas"},"content":{"rendered":"<p>&nbsp;<\/p>\n<figure id=\"attachment_8308\" aria-describedby=\"caption-attachment-8308\" style=\"width: 236px\" class=\"wp-caption alignleft\"><img loading=\"lazy\" decoding=\"async\" class=\" wp-image-8308\" src=\"https:\/\/news.save.ch\/wp-content\/uploads\/2019\/07\/Stephanie-Zuellig-scaled-1.jpg\" alt=\"\" width=\"236\" height=\"157\" \/><figcaption id=\"caption-attachment-8308\" class=\"wp-caption-text\">Stephanie Z\u00fcllig und Stefan Gerber<\/figcaption><\/figure>\n<p><img loading=\"lazy\" decoding=\"async\" class=\" wp-image-8310\" src=\"https:\/\/news.save.ch\/wp-content\/uploads\/2019\/07\/Gerber-def-1.jpg\" alt=\"\" width=\"182\" height=\"169\" \/><\/p>\n<p>&nbsp;<\/p>\n<div class=\"mceTemp\"><\/div>\n<p>&nbsp;<\/p>\n<p>An der diesj\u00e4hrigen Generalversammlung der Securitas wurde der Verwaltungsrat f\u00fcr drei Jahre neu bestellt. Prof. Dr. Richard K\u00fchn verabschiedet sich nach 30 Jahren im Verwaltungsrat der Securitas Gruppe altershalber, wie das Unternehmen schreibt. Auch Oliver Vietze habe sich nicht mehr zur Wiederwahl gestellt. Er werde sich in Zukunft ganz auf die Entwicklung seines Familienunternehmens, der Baumer Group, konzentrieren.<\/p>\n<p><strong>Neue K\u00f6pfe<\/strong><\/p>\n<p>Neu in den Verwaltungsrat wurden Stephanie Z\u00fcllig und Stefan Gerber gew\u00e4hlt. Z\u00fcllig habe mehr als 17 Jahre Industrieerfahrung bei Siemens gesammelt, sei heute CEO von MindScale und habe Einsitz in mehreren Verwaltungsr\u00e4ten.<\/p>\n<p>F\u00fcrsprecher und Notar Stefan Gerber sei bis Ende Februar 2019 in der Gesch\u00e4ftsleitung der Berner Kantonalbank gewesen und sei heute u. a. Verwaltungsratsmitglied der Jura Elektroapparate AG. Der elfk\u00f6pfige Verwaltungsrat der Securitas Gruppe besteht laut Angaben neu aus drei Frauen und acht M\u00e4nnern.<\/p>\n<p>Die von Zollikofen\/Bern aus operierende Securitas Gruppe ist aufgeteilt in die zwei Unternehmensbereiche\u00a0\u00abSicherheitsdienstleistungen\u00bb und \u00abAlarm- und\u00a0Sicherheitssysteme\u00bb. 16&#8217;225 Mitarbeitende stehen in der Schweiz, in Europa\u00a0und dar\u00fcber hinaus im Dienste der zahlreichen Gruppenfirmen, wie es heisst. Die\u00a0Gruppe habe 2018 einen Umsatz von 1,38 Milliarden Franken erzielt.<\/p>\n<p>&nbsp;<\/p>\n","protected":false},"excerpt":{"rendered":"<p>&nbsp; &nbsp; &nbsp; An der diesj\u00e4hrigen Generalversammlung der Securitas wurde der Verwaltungsrat f\u00fcr drei Jahre neu bestellt. Prof. Dr. Richard K\u00fchn verabschiedet sich nach 30 Jahren im Verwaltungsrat der Securitas Gruppe altershalber, wie das Unternehmen schreibt. Auch Oliver Vietze habe sich nicht mehr zur Wiederwahl gestellt. Er werde sich in Zukunft ganz auf die Entwicklung [&hellip;]<\/p>\n","protected":false},"author":8,"featured_media":8308,"comment_status":"open","ping_status":"open","sticky":false,"template":"","format":"standard","meta":{"_acf_changed":false,"pgc_sgb_lightbox_settings":"","footnotes":""},"categories":[1],"tags":[65],"class_list":["post-8307","post","type-post","status-publish","format-standard","has-post-thumbnail","hentry","category-allgemein","tag-unternehmen"],"acf":[],"hkrextid":null,"publication":null,"issue":null,"workflow":null,"startPage":null,"spitzmarke":null,"_posts_by_tag_page_fields":{"widget_title":"","widget_tags":""},"_at_widget":"1","_yoast_wpseo_primary_category":"1","_yoast_wpseo_focuskw_text_input":"Securitas AG","_yoast_wpseo_opengraph-image":null,"_yoast_wpseo_opengraph-description":null,"_yoast_wpseo_opengraph-title":null,"enclosure":null,"_yoast_wpseo_twitter-title":null,"_yoast_wpseo_twitter-description":null,"_yoast_wpseo_twitter-image":null,"_wp_old_slug":null,"_yoast_wpseo_title":null,"_yoast_wpseo_canonical":null,"yoast_head":"<!-- This site is optimized with the Yoast SEO plugin v27.5 - https:\/\/yoast.com\/product\/yoast-seo-wordpress\/ -->\n<title>Neue Verwaltungsr\u00e4te f\u00fcr die Securitas - Save<\/title>\n<meta name=\"description\" content=\"Stephanie Z\u00fcllig und Stefan Gerber sind an der Generalversammlung der Securitas AG in den Verwaltungsrat gew\u00e4hlt worden.\" \/>\n<meta name=\"robots\" content=\"index, follow, max-snippet:-1, max-image-preview:large, max-video-preview:-1\" \/>\n<link rel=\"canonical\" href=\"https:\/\/news.save.ch\/de\/neue-verwaltungsraete-fuer-die-securitas-ag\/\" \/>\n<meta property=\"og:locale\" content=\"de_DE\" \/>\n<meta property=\"og:type\" content=\"article\" \/>\n<meta property=\"og:title\" content=\"Neue Verwaltungsr\u00e4te f\u00fcr die Securitas - Save\" \/>\n<meta property=\"og:description\" content=\"Stephanie Z\u00fcllig und Stefan Gerber sind an der Generalversammlung der Securitas AG in den Verwaltungsrat gew\u00e4hlt worden.\" \/>\n<meta property=\"og:url\" content=\"https:\/\/news.save.ch\/de\/neue-verwaltungsraete-fuer-die-securitas-ag\/\" \/>\n<meta property=\"og:site_name\" content=\"Save\" \/>\n<meta property=\"article:published_time\" content=\"2019-07-04T08:09:39+00:00\" \/>\n<meta property=\"og:image\" content=\"https:\/\/news.save.ch\/wp-content\/uploads\/2019\/07\/Stephanie-Zuellig-scaled-1-scaled.jpg\" \/>\n\t<meta property=\"og:image:width\" content=\"1400\" \/>\n\t<meta property=\"og:image:height\" content=\"935\" \/>\n\t<meta property=\"og:image:type\" content=\"image\/jpeg\" \/>\n<meta name=\"author\" content=\"Roger Str\u00e4ssle\" \/>\n<meta name=\"twitter:card\" content=\"summary_large_image\" \/>\n<meta name=\"twitter:label1\" content=\"Geschrieben von\" \/>\n\t<meta name=\"twitter:data1\" content=\"Roger Str\u00e4ssle\" \/>\n\t<meta name=\"twitter:label2\" content=\"Gesch\u00e4tzte Lesezeit\" \/>\n\t<meta name=\"twitter:data2\" content=\"1\u00a0Minute\" \/>\n<script type=\"application\/ld+json\" class=\"yoast-schema-graph\">{\"@context\":\"https:\\\/\\\/schema.org\",\"@graph\":[{\"@type\":\"Article\",\"@id\":\"https:\\\/\\\/news.save.ch\\\/neue-verwaltungsraete-fuer-die-securitas-ag\\\/#article\",\"isPartOf\":{\"@id\":\"https:\\\/\\\/news.save.ch\\\/neue-verwaltungsraete-fuer-die-securitas-ag\\\/\"},\"author\":{\"name\":\"Roger Str\u00e4ssle\",\"@id\":\"https:\\\/\\\/news.save.ch\\\/de\\\/#\\\/schema\\\/person\\\/d5022db048e0e2b9785c50e5b24da5aa\"},\"headline\":\"Neue Verwaltungsr\u00e4te f\u00fcr die Securitas\",\"datePublished\":\"2019-07-04T08:09:39+00:00\",\"mainEntityOfPage\":{\"@id\":\"https:\\\/\\\/news.save.ch\\\/neue-verwaltungsraete-fuer-die-securitas-ag\\\/\"},\"wordCount\":215,\"commentCount\":0,\"publisher\":{\"@id\":\"https:\\\/\\\/news.save.ch\\\/de\\\/#organization\"},\"image\":{\"@id\":\"https:\\\/\\\/news.save.ch\\\/neue-verwaltungsraete-fuer-die-securitas-ag\\\/#primaryimage\"},\"thumbnailUrl\":\"https:\\\/\\\/news.save.ch\\\/wp-content\\\/uploads\\\/2019\\\/07\\\/Stephanie-Zuellig-scaled-1-scaled.jpg\",\"keywords\":[\"Unternehmen\"],\"articleSection\":[\"ALLGEMEIN\"],\"inLanguage\":\"de\"},{\"@type\":\"WebPage\",\"@id\":\"https:\\\/\\\/news.save.ch\\\/neue-verwaltungsraete-fuer-die-securitas-ag\\\/\",\"url\":\"https:\\\/\\\/news.save.ch\\\/neue-verwaltungsraete-fuer-die-securitas-ag\\\/\",\"name\":\"Neue Verwaltungsr\u00e4te f\u00fcr die Securitas - Save\",\"isPartOf\":{\"@id\":\"https:\\\/\\\/news.save.ch\\\/de\\\/#website\"},\"primaryImageOfPage\":{\"@id\":\"https:\\\/\\\/news.save.ch\\\/neue-verwaltungsraete-fuer-die-securitas-ag\\\/#primaryimage\"},\"image\":{\"@id\":\"https:\\\/\\\/news.save.ch\\\/neue-verwaltungsraete-fuer-die-securitas-ag\\\/#primaryimage\"},\"thumbnailUrl\":\"https:\\\/\\\/news.save.ch\\\/wp-content\\\/uploads\\\/2019\\\/07\\\/Stephanie-Zuellig-scaled-1-scaled.jpg\",\"datePublished\":\"2019-07-04T08:09:39+00:00\",\"description\":\"Stephanie Z\u00fcllig und Stefan Gerber sind an der Generalversammlung der Securitas AG in den Verwaltungsrat gew\u00e4hlt worden.\",\"breadcrumb\":{\"@id\":\"https:\\\/\\\/news.save.ch\\\/neue-verwaltungsraete-fuer-die-securitas-ag\\\/#breadcrumb\"},\"inLanguage\":\"de\",\"potentialAction\":[{\"@type\":\"ReadAction\",\"target\":[\"https:\\\/\\\/news.save.ch\\\/neue-verwaltungsraete-fuer-die-securitas-ag\\\/\"]}]},{\"@type\":\"ImageObject\",\"inLanguage\":\"de\",\"@id\":\"https:\\\/\\\/news.save.ch\\\/neue-verwaltungsraete-fuer-die-securitas-ag\\\/#primaryimage\",\"url\":\"https:\\\/\\\/news.save.ch\\\/wp-content\\\/uploads\\\/2019\\\/07\\\/Stephanie-Zuellig-scaled-1-scaled.jpg\",\"contentUrl\":\"https:\\\/\\\/news.save.ch\\\/wp-content\\\/uploads\\\/2019\\\/07\\\/Stephanie-Zuellig-scaled-1-scaled.jpg\",\"width\":1400,\"height\":935,\"caption\":\"Stephanie Z\u00fcllig\"},{\"@type\":\"BreadcrumbList\",\"@id\":\"https:\\\/\\\/news.save.ch\\\/neue-verwaltungsraete-fuer-die-securitas-ag\\\/#breadcrumb\",\"itemListElement\":[{\"@type\":\"ListItem\",\"position\":1,\"name\":\"Home\",\"item\":\"https:\\\/\\\/news.save.ch\\\/de\\\/\"},{\"@type\":\"ListItem\",\"position\":2,\"name\":\"Neue Verwaltungsr\u00e4te f\u00fcr die Securitas\"}]},{\"@type\":\"WebSite\",\"@id\":\"https:\\\/\\\/news.save.ch\\\/de\\\/#website\",\"url\":\"https:\\\/\\\/news.save.ch\\\/de\\\/\",\"name\":\"Save\",\"description\":\"Schweizer Fachzeitschrift f\u00fcr Sicherheit\",\"publisher\":{\"@id\":\"https:\\\/\\\/news.save.ch\\\/de\\\/#organization\"},\"potentialAction\":[{\"@type\":\"SearchAction\",\"target\":{\"@type\":\"EntryPoint\",\"urlTemplate\":\"https:\\\/\\\/news.save.ch\\\/de\\\/?s={search_term_string}\"},\"query-input\":{\"@type\":\"PropertyValueSpecification\",\"valueRequired\":true,\"valueName\":\"search_term_string\"}}],\"inLanguage\":\"de\"},{\"@type\":\"Organization\",\"@id\":\"https:\\\/\\\/news.save.ch\\\/de\\\/#organization\",\"name\":\"Sicherheitsforum\",\"url\":\"https:\\\/\\\/news.save.ch\\\/de\\\/\",\"logo\":{\"@type\":\"ImageObject\",\"inLanguage\":\"de\",\"@id\":\"https:\\\/\\\/news.save.ch\\\/de\\\/#\\\/schema\\\/logo\\\/image\\\/\",\"url\":\"https:\\\/\\\/news.save.ch\\\/wp-content\\\/uploads\\\/2022\\\/06\\\/Logo_SF_2012.png\",\"contentUrl\":\"https:\\\/\\\/news.save.ch\\\/wp-content\\\/uploads\\\/2022\\\/06\\\/Logo_SF_2012.png\",\"width\":1100,\"height\":91,\"caption\":\"Sicherheitsforum\"},\"image\":{\"@id\":\"https:\\\/\\\/news.save.ch\\\/de\\\/#\\\/schema\\\/logo\\\/image\\\/\"}},{\"@type\":\"Person\",\"@id\":\"https:\\\/\\\/news.save.ch\\\/de\\\/#\\\/schema\\\/person\\\/d5022db048e0e2b9785c50e5b24da5aa\",\"name\":\"Roger Str\u00e4ssle\",\"image\":{\"@type\":\"ImageObject\",\"inLanguage\":\"de\",\"@id\":\"https:\\\/\\\/secure.gravatar.com\\\/avatar\\\/862a5569d087de48e5856e32f45d719a03804c891d6deb8d4f71a660e79e4a47?s=96&d=mm&r=g\",\"url\":\"https:\\\/\\\/secure.gravatar.com\\\/avatar\\\/862a5569d087de48e5856e32f45d719a03804c891d6deb8d4f71a660e79e4a47?s=96&d=mm&r=g\",\"contentUrl\":\"https:\\\/\\\/secure.gravatar.com\\\/avatar\\\/862a5569d087de48e5856e32f45d719a03804c891d6deb8d4f71a660e79e4a47?s=96&d=mm&r=g\",\"caption\":\"Roger Str\u00e4ssle\"},\"url\":\"https:\\\/\\\/news.save.ch\\\/de\\\/author\\\/roger-straessle\\\/\"}]}<\/script>\n<!-- \/ Yoast SEO plugin. -->","yoast_head_json":{"title":"Neue Verwaltungsr\u00e4te f\u00fcr die Securitas - Save","description":"Stephanie Z\u00fcllig und Stefan Gerber sind an der Generalversammlung der Securitas AG in den Verwaltungsrat gew\u00e4hlt worden.","robots":{"index":"index","follow":"follow","max-snippet":"max-snippet:-1","max-image-preview":"max-image-preview:large","max-video-preview":"max-video-preview:-1"},"canonical":"https:\/\/news.save.ch\/de\/neue-verwaltungsraete-fuer-die-securitas-ag\/","og_locale":"de_DE","og_type":"article","og_title":"Neue Verwaltungsr\u00e4te f\u00fcr die Securitas - Save","og_description":"Stephanie Z\u00fcllig und Stefan Gerber sind an der Generalversammlung der Securitas AG in den Verwaltungsrat gew\u00e4hlt worden.","og_url":"https:\/\/news.save.ch\/de\/neue-verwaltungsraete-fuer-die-securitas-ag\/","og_site_name":"Save","article_published_time":"2019-07-04T08:09:39+00:00","og_image":[{"width":1400,"height":935,"url":"https:\/\/news.save.ch\/wp-content\/uploads\/2019\/07\/Stephanie-Zuellig-scaled-1-scaled.jpg","type":"image\/jpeg"}],"author":"Roger Str\u00e4ssle","twitter_card":"summary_large_image","twitter_misc":{"Geschrieben von":"Roger Str\u00e4ssle","Gesch\u00e4tzte Lesezeit":"1\u00a0Minute"},"schema":{"@context":"https:\/\/schema.org","@graph":[{"@type":"Article","@id":"https:\/\/news.save.ch\/neue-verwaltungsraete-fuer-die-securitas-ag\/#article","isPartOf":{"@id":"https:\/\/news.save.ch\/neue-verwaltungsraete-fuer-die-securitas-ag\/"},"author":{"name":"Roger Str\u00e4ssle","@id":"https:\/\/news.save.ch\/de\/#\/schema\/person\/d5022db048e0e2b9785c50e5b24da5aa"},"headline":"Neue Verwaltungsr\u00e4te f\u00fcr die Securitas","datePublished":"2019-07-04T08:09:39+00:00","mainEntityOfPage":{"@id":"https:\/\/news.save.ch\/neue-verwaltungsraete-fuer-die-securitas-ag\/"},"wordCount":215,"commentCount":0,"publisher":{"@id":"https:\/\/news.save.ch\/de\/#organization"},"image":{"@id":"https:\/\/news.save.ch\/neue-verwaltungsraete-fuer-die-securitas-ag\/#primaryimage"},"thumbnailUrl":"https:\/\/news.save.ch\/wp-content\/uploads\/2019\/07\/Stephanie-Zuellig-scaled-1-scaled.jpg","keywords":["Unternehmen"],"articleSection":["ALLGEMEIN"],"inLanguage":"de"},{"@type":"WebPage","@id":"https:\/\/news.save.ch\/neue-verwaltungsraete-fuer-die-securitas-ag\/","url":"https:\/\/news.save.ch\/neue-verwaltungsraete-fuer-die-securitas-ag\/","name":"Neue Verwaltungsr\u00e4te f\u00fcr die Securitas - Save","isPartOf":{"@id":"https:\/\/news.save.ch\/de\/#website"},"primaryImageOfPage":{"@id":"https:\/\/news.save.ch\/neue-verwaltungsraete-fuer-die-securitas-ag\/#primaryimage"},"image":{"@id":"https:\/\/news.save.ch\/neue-verwaltungsraete-fuer-die-securitas-ag\/#primaryimage"},"thumbnailUrl":"https:\/\/news.save.ch\/wp-content\/uploads\/2019\/07\/Stephanie-Zuellig-scaled-1-scaled.jpg","datePublished":"2019-07-04T08:09:39+00:00","description":"Stephanie Z\u00fcllig und Stefan Gerber sind an der Generalversammlung der Securitas AG in den Verwaltungsrat gew\u00e4hlt worden.","breadcrumb":{"@id":"https:\/\/news.save.ch\/neue-verwaltungsraete-fuer-die-securitas-ag\/#breadcrumb"},"inLanguage":"de","potentialAction":[{"@type":"ReadAction","target":["https:\/\/news.save.ch\/neue-verwaltungsraete-fuer-die-securitas-ag\/"]}]},{"@type":"ImageObject","inLanguage":"de","@id":"https:\/\/news.save.ch\/neue-verwaltungsraete-fuer-die-securitas-ag\/#primaryimage","url":"https:\/\/news.save.ch\/wp-content\/uploads\/2019\/07\/Stephanie-Zuellig-scaled-1-scaled.jpg","contentUrl":"https:\/\/news.save.ch\/wp-content\/uploads\/2019\/07\/Stephanie-Zuellig-scaled-1-scaled.jpg","width":1400,"height":935,"caption":"Stephanie Z\u00fcllig"},{"@type":"BreadcrumbList","@id":"https:\/\/news.save.ch\/neue-verwaltungsraete-fuer-die-securitas-ag\/#breadcrumb","itemListElement":[{"@type":"ListItem","position":1,"name":"Home","item":"https:\/\/news.save.ch\/de\/"},{"@type":"ListItem","position":2,"name":"Neue Verwaltungsr\u00e4te f\u00fcr die Securitas"}]},{"@type":"WebSite","@id":"https:\/\/news.save.ch\/de\/#website","url":"https:\/\/news.save.ch\/de\/","name":"Save","description":"Schweizer Fachzeitschrift f\u00fcr Sicherheit","publisher":{"@id":"https:\/\/news.save.ch\/de\/#organization"},"potentialAction":[{"@type":"SearchAction","target":{"@type":"EntryPoint","urlTemplate":"https:\/\/news.save.ch\/de\/?s={search_term_string}"},"query-input":{"@type":"PropertyValueSpecification","valueRequired":true,"valueName":"search_term_string"}}],"inLanguage":"de"},{"@type":"Organization","@id":"https:\/\/news.save.ch\/de\/#organization","name":"Sicherheitsforum","url":"https:\/\/news.save.ch\/de\/","logo":{"@type":"ImageObject","inLanguage":"de","@id":"https:\/\/news.save.ch\/de\/#\/schema\/logo\/image\/","url":"https:\/\/news.save.ch\/wp-content\/uploads\/2022\/06\/Logo_SF_2012.png","contentUrl":"https:\/\/news.save.ch\/wp-content\/uploads\/2022\/06\/Logo_SF_2012.png","width":1100,"height":91,"caption":"Sicherheitsforum"},"image":{"@id":"https:\/\/news.save.ch\/de\/#\/schema\/logo\/image\/"}},{"@type":"Person","@id":"https:\/\/news.save.ch\/de\/#\/schema\/person\/d5022db048e0e2b9785c50e5b24da5aa","name":"Roger Str\u00e4ssle","image":{"@type":"ImageObject","inLanguage":"de","@id":"https:\/\/secure.gravatar.com\/avatar\/862a5569d087de48e5856e32f45d719a03804c891d6deb8d4f71a660e79e4a47?s=96&d=mm&r=g","url":"https:\/\/secure.gravatar.com\/avatar\/862a5569d087de48e5856e32f45d719a03804c891d6deb8d4f71a660e79e4a47?s=96&d=mm&r=g","contentUrl":"https:\/\/secure.gravatar.com\/avatar\/862a5569d087de48e5856e32f45d719a03804c891d6deb8d4f71a660e79e4a47?s=96&d=mm&r=g","caption":"Roger Str\u00e4ssle"},"url":"https:\/\/news.save.ch\/de\/author\/roger-straessle\/"}]}},"_links":{"self":[{"href":"https:\/\/news.save.ch\/de\/wp-json\/wp\/v2\/posts\/8307","targetHints":{"allow":["GET"]}}],"collection":[{"href":"https:\/\/news.save.ch\/de\/wp-json\/wp\/v2\/posts"}],"about":[{"href":"https:\/\/news.save.ch\/de\/wp-json\/wp\/v2\/types\/post"}],"author":[{"embeddable":true,"href":"https:\/\/news.save.ch\/de\/wp-json\/wp\/v2\/users\/8"}],"replies":[{"embeddable":true,"href":"https:\/\/news.save.ch\/de\/wp-json\/wp\/v2\/comments?post=8307"}],"version-history":[{"count":0,"href":"https:\/\/news.save.ch\/de\/wp-json\/wp\/v2\/posts\/8307\/revisions"}],"wp:featuredmedia":[{"embeddable":true,"href":"https:\/\/news.save.ch\/de\/wp-json\/wp\/v2\/media\/8308"}],"wp:attachment":[{"href":"https:\/\/news.save.ch\/de\/wp-json\/wp\/v2\/media?parent=8307"}],"wp:term":[{"taxonomy":"category","embeddable":true,"href":"https:\/\/news.save.ch\/de\/wp-json\/wp\/v2\/categories?post=8307"},{"taxonomy":"post_tag","embeddable":true,"href":"https:\/\/news.save.ch\/de\/wp-json\/wp\/v2\/tags?post=8307"}],"curies":[{"name":"wp","href":"https:\/\/api.w.org\/{rel}","templated":true}]}}