{"id":8313,"date":"2019-07-03T14:11:21","date_gmt":"2019-07-03T12:11:21","guid":{"rendered":"https:\/\/news.save.ch\/?p=8313"},"modified":"2019-07-03T14:11:21","modified_gmt":"2019-07-03T12:11:21","slug":"private-sicherheitsbranche-neuer-gav-ab-2020","status":null,"type":"post","link":"https:\/\/news.save.ch\/de\/private-sicherheitsbranche-neuer-gav-ab-2020\/","title":{"rendered":"Private Sicherheitsbranche: Neuer GAV ab 2020"},"content":{"rendered":"<figure id=\"attachment_8314\" aria-describedby=\"caption-attachment-8314\" style=\"width: 680px\" class=\"wp-caption aligncenter\"><img loading=\"lazy\" decoding=\"async\" class=\"wp-image-8314 size-medium\" src=\"https:\/\/news.save.ch\/wp-content\/uploads\/2019\/07\/Depositphotos_151248194_m-2015.jpg\" alt=\"Sicherheitsfirmen\" width=\"680\" height=\"454\" \/><figcaption id=\"caption-attachment-8314\" class=\"wp-caption-text\">\u00a9 depositphotos, Dmitry Poch<\/figcaption><\/figure>\n<p>&nbsp;<\/p>\n<p>Nach mehr als zwei Jahren Verhandlungen haben sich der Verband Schweizerischer Sicherheitsdienstleistungs-Unternehmen (<a href=\"https:\/\/www.vssu.org\">VSSU<\/a>) und die <a href=\"https:\/\/www.unia.ch\/sicherheit\">Unia<\/a> auf die vom Bundesrat bereits bewilligte Verl\u00e4ngerung des allgemeinverbindlich erkl\u00e4rten GAV geeinigt, wie der VSSU k\u00fcrzlich mitgeteilt hat. So seien alle Sicherheitsunternehmen ab zehn Angestellten auch nach dem 30. Juni 2019 weiterhin zur Einhaltung von Mindeststandards in Sachen L\u00f6hne, Ausbildung und Arbeitszeiten verpflichtet. Ein Wegfall der Allgemeinverbindlichkeitserkl\u00e4rung, welche in ein paar Tagen ausgelaufen w\u00e4re, habe man in letzter Minute verhindert.<\/p>\n<p><strong>Angepasster GAV <\/strong><\/p>\n<p>Die Sozialpartner haben zudem einen neuen GAV vereinbart, der am 1. Januar 2020 in Kraft treten soll, wie der VSSU ferner betont. Die Arbeitsbedingungen der Sicherheitsangestellten sollen in mehreren Punkten verbessert werden:<\/p>\n<ul>\n<li>eine Erh\u00f6hungen der Einstiegsl\u00f6hne um 0,5 % bis 1 % je nach Kategorie<\/li>\n<li>ein Zeitzuschlag f\u00fcr Monate mit hohen Arbeitspensen<\/li>\n<li>ein Vaterschaftsurlaub von 3 Tagen statt bisher 1 Tag<\/li>\n<li>ein Zuschlag f\u00fcr bewaffnetes Personal<\/li>\n<\/ul>\n<p>Zudem soll mit dem GAV die Untervergabe von Auftr\u00e4gen geregelt werden, wie der VSSU ferner schreibt. Schliesslich werde in Bezug auf Minusstunden per Ende Jahr eine gr\u00f6ssere Flexibilit\u00e4t einger\u00e4umt: Minusstunden bis zu -10% k\u00f6nnten auf das Folgejahr \u00fcbertragen werden. Diese \u00c4nderung erm\u00f6gliche, dass so mehr Festanstellungen in der Branche bewahrt werden k\u00f6nnten.<\/p>\n<p><strong>Preisdruck <\/strong><\/p>\n<p>Laut VSSU m\u00f6chten die Sozialpartner der privaten Sicherheitsbranche mit dem angepassten GAV trotz extremer Preiskonkurrenz in der Branche die Qualit\u00e4t der privaten Sicherheitsdienstleistungen bewahren und die Arbeitsbedingungen der Sicherheitsangestellten verbessern. Diesbez\u00fcglich appellierten die Arbeitgeber- und Arbeitnehmervertreter auch an das Verantwortungsbewusstsein der \u00f6ffentlichen Hand: Beh\u00f6rden sollten in Ausschreibungen nur Unternehmen ber\u00fccksichtigen, welche den allgemeinverbindlichen GAV einhalten und somit auf Qualit\u00e4t und faire Arbeitsbedingungen Wert legen w\u00fcrden.<\/p>\n<p>Abschliessend heisst es in der Mitteilung, die Sozialpartner w\u00fcrden an der Verst\u00e4rkung der Kontrolle des GAV 2020 und an dessen Ausdehnung arbeiten.<\/p>\n<p><em>Quelle: VSSU<\/em><\/p>\n<p>&nbsp;<\/p>\n<p>&nbsp;<\/p>\n","protected":false},"excerpt":{"rendered":"<p>&nbsp; Nach mehr als zwei Jahren Verhandlungen haben sich der Verband Schweizerischer Sicherheitsdienstleistungs-Unternehmen (VSSU) und die Unia auf die vom Bundesrat bereits bewilligte Verl\u00e4ngerung des allgemeinverbindlich erkl\u00e4rten GAV geeinigt, wie der VSSU k\u00fcrzlich mitgeteilt hat. So seien alle Sicherheitsunternehmen ab zehn Angestellten auch nach dem 30. Juni 2019 weiterhin zur Einhaltung von Mindeststandards in Sachen [&hellip;]<\/p>\n","protected":false},"author":8,"featured_media":8314,"comment_status":"open","ping_status":"open","sticky":false,"template":"","format":"standard","meta":{"_acf_changed":false,"pgc_sgb_lightbox_settings":"","footnotes":""},"categories":[1],"tags":[103],"class_list":["post-8313","post","type-post","status-publish","format-standard","has-post-thumbnail","hentry","category-allgemein","tag-private-sicherheitsfirma"],"acf":[],"hkrextid":null,"publication":null,"issue":null,"workflow":null,"startPage":null,"spitzmarke":null,"_posts_by_tag_page_fields":{"widget_title":"","widget_tags":""},"_at_widget":"1","_yoast_wpseo_primary_category":"1","_yoast_wpseo_focuskw_text_input":"Sicherheitsfirmen","_yoast_wpseo_opengraph-image":null,"_yoast_wpseo_opengraph-description":null,"_yoast_wpseo_opengraph-title":null,"enclosure":null,"_yoast_wpseo_twitter-title":null,"_yoast_wpseo_twitter-description":null,"_yoast_wpseo_twitter-image":null,"_wp_old_slug":null,"_yoast_wpseo_title":null,"_yoast_wpseo_canonical":null,"yoast_head":"<!-- This site is optimized with the Yoast SEO plugin v27.4 - https:\/\/yoast.com\/product\/yoast-seo-wordpress\/ -->\n<title>Private Sicherheitsbranche: Neuer GAV ab 2020 - Save<\/title>\n<meta name=\"description\" content=\"Der Verband Schweizerischer Sicherheitsdienstleistungs-Unternehmen (VSSU) und die Gewerkschaft Unia sind zu einer GAV-Einigung gekommen.\" \/>\n<meta name=\"robots\" content=\"index, follow, max-snippet:-1, max-image-preview:large, max-video-preview:-1\" \/>\n<link rel=\"canonical\" href=\"https:\/\/news.save.ch\/de\/private-sicherheitsbranche-neuer-gav-ab-2020\/\" \/>\n<meta property=\"og:locale\" content=\"de_DE\" \/>\n<meta property=\"og:type\" content=\"article\" \/>\n<meta property=\"og:title\" content=\"Private Sicherheitsbranche: Neuer GAV ab 2020 - Save\" \/>\n<meta property=\"og:description\" content=\"Der Verband Schweizerischer Sicherheitsdienstleistungs-Unternehmen (VSSU) und die Gewerkschaft Unia sind zu einer GAV-Einigung gekommen.\" \/>\n<meta property=\"og:url\" content=\"https:\/\/news.save.ch\/de\/private-sicherheitsbranche-neuer-gav-ab-2020\/\" \/>\n<meta property=\"og:site_name\" content=\"Save\" \/>\n<meta property=\"article:published_time\" content=\"2019-07-03T12:11:21+00:00\" \/>\n<meta name=\"author\" content=\"Roger Str\u00e4ssle\" \/>\n<meta name=\"twitter:card\" content=\"summary_large_image\" \/>\n<meta name=\"twitter:label1\" content=\"Geschrieben von\" \/>\n\t<meta name=\"twitter:data1\" content=\"Roger Str\u00e4ssle\" \/>\n\t<meta name=\"twitter:label2\" content=\"Gesch\u00e4tzte Lesezeit\" \/>\n\t<meta name=\"twitter:data2\" content=\"2\u00a0Minuten\" \/>\n<script type=\"application\/ld+json\" class=\"yoast-schema-graph\">{\"@context\":\"https:\\\/\\\/schema.org\",\"@graph\":[{\"@type\":\"Article\",\"@id\":\"https:\\\/\\\/news.save.ch\\\/private-sicherheitsbranche-neuer-gav-ab-2020\\\/#article\",\"isPartOf\":{\"@id\":\"https:\\\/\\\/news.save.ch\\\/private-sicherheitsbranche-neuer-gav-ab-2020\\\/\"},\"author\":{\"name\":\"Roger Str\u00e4ssle\",\"@id\":\"https:\\\/\\\/news.save.ch\\\/de\\\/#\\\/schema\\\/person\\\/d5022db048e0e2b9785c50e5b24da5aa\"},\"headline\":\"Private Sicherheitsbranche: Neuer GAV ab 2020\",\"datePublished\":\"2019-07-03T12:11:21+00:00\",\"mainEntityOfPage\":{\"@id\":\"https:\\\/\\\/news.save.ch\\\/private-sicherheitsbranche-neuer-gav-ab-2020\\\/\"},\"wordCount\":319,\"commentCount\":0,\"publisher\":{\"@id\":\"https:\\\/\\\/news.save.ch\\\/de\\\/#organization\"},\"image\":{\"@id\":\"https:\\\/\\\/news.save.ch\\\/private-sicherheitsbranche-neuer-gav-ab-2020\\\/#primaryimage\"},\"thumbnailUrl\":\"\",\"keywords\":[\"Private Sicherheitsfirma\"],\"articleSection\":[\"ALLGEMEIN\"],\"inLanguage\":\"de\"},{\"@type\":\"WebPage\",\"@id\":\"https:\\\/\\\/news.save.ch\\\/private-sicherheitsbranche-neuer-gav-ab-2020\\\/\",\"url\":\"https:\\\/\\\/news.save.ch\\\/private-sicherheitsbranche-neuer-gav-ab-2020\\\/\",\"name\":\"Private Sicherheitsbranche: Neuer GAV ab 2020 - Save\",\"isPartOf\":{\"@id\":\"https:\\\/\\\/news.save.ch\\\/de\\\/#website\"},\"primaryImageOfPage\":{\"@id\":\"https:\\\/\\\/news.save.ch\\\/private-sicherheitsbranche-neuer-gav-ab-2020\\\/#primaryimage\"},\"image\":{\"@id\":\"https:\\\/\\\/news.save.ch\\\/private-sicherheitsbranche-neuer-gav-ab-2020\\\/#primaryimage\"},\"thumbnailUrl\":\"\",\"datePublished\":\"2019-07-03T12:11:21+00:00\",\"description\":\"Der Verband Schweizerischer Sicherheitsdienstleistungs-Unternehmen (VSSU) und die Gewerkschaft Unia sind zu einer GAV-Einigung gekommen.\",\"breadcrumb\":{\"@id\":\"https:\\\/\\\/news.save.ch\\\/private-sicherheitsbranche-neuer-gav-ab-2020\\\/#breadcrumb\"},\"inLanguage\":\"de\",\"potentialAction\":[{\"@type\":\"ReadAction\",\"target\":[\"https:\\\/\\\/news.save.ch\\\/private-sicherheitsbranche-neuer-gav-ab-2020\\\/\"]}]},{\"@type\":\"ImageObject\",\"inLanguage\":\"de\",\"@id\":\"https:\\\/\\\/news.save.ch\\\/private-sicherheitsbranche-neuer-gav-ab-2020\\\/#primaryimage\",\"url\":\"\",\"contentUrl\":\"\"},{\"@type\":\"BreadcrumbList\",\"@id\":\"https:\\\/\\\/news.save.ch\\\/private-sicherheitsbranche-neuer-gav-ab-2020\\\/#breadcrumb\",\"itemListElement\":[{\"@type\":\"ListItem\",\"position\":1,\"name\":\"Home\",\"item\":\"https:\\\/\\\/news.save.ch\\\/de\\\/\"},{\"@type\":\"ListItem\",\"position\":2,\"name\":\"Private Sicherheitsbranche: Neuer GAV ab 2020\"}]},{\"@type\":\"WebSite\",\"@id\":\"https:\\\/\\\/news.save.ch\\\/de\\\/#website\",\"url\":\"https:\\\/\\\/news.save.ch\\\/de\\\/\",\"name\":\"Save\",\"description\":\"Schweizer Fachzeitschrift f\u00fcr Sicherheit\",\"publisher\":{\"@id\":\"https:\\\/\\\/news.save.ch\\\/de\\\/#organization\"},\"potentialAction\":[{\"@type\":\"SearchAction\",\"target\":{\"@type\":\"EntryPoint\",\"urlTemplate\":\"https:\\\/\\\/news.save.ch\\\/de\\\/?s={search_term_string}\"},\"query-input\":{\"@type\":\"PropertyValueSpecification\",\"valueRequired\":true,\"valueName\":\"search_term_string\"}}],\"inLanguage\":\"de\"},{\"@type\":\"Organization\",\"@id\":\"https:\\\/\\\/news.save.ch\\\/de\\\/#organization\",\"name\":\"Sicherheitsforum\",\"url\":\"https:\\\/\\\/news.save.ch\\\/de\\\/\",\"logo\":{\"@type\":\"ImageObject\",\"inLanguage\":\"de\",\"@id\":\"https:\\\/\\\/news.save.ch\\\/de\\\/#\\\/schema\\\/logo\\\/image\\\/\",\"url\":\"https:\\\/\\\/news.save.ch\\\/wp-content\\\/uploads\\\/2022\\\/06\\\/Logo_SF_2012.png\",\"contentUrl\":\"https:\\\/\\\/news.save.ch\\\/wp-content\\\/uploads\\\/2022\\\/06\\\/Logo_SF_2012.png\",\"width\":1100,\"height\":91,\"caption\":\"Sicherheitsforum\"},\"image\":{\"@id\":\"https:\\\/\\\/news.save.ch\\\/de\\\/#\\\/schema\\\/logo\\\/image\\\/\"}},{\"@type\":\"Person\",\"@id\":\"https:\\\/\\\/news.save.ch\\\/de\\\/#\\\/schema\\\/person\\\/d5022db048e0e2b9785c50e5b24da5aa\",\"name\":\"Roger Str\u00e4ssle\",\"image\":{\"@type\":\"ImageObject\",\"inLanguage\":\"de\",\"@id\":\"https:\\\/\\\/secure.gravatar.com\\\/avatar\\\/862a5569d087de48e5856e32f45d719a03804c891d6deb8d4f71a660e79e4a47?s=96&d=mm&r=g\",\"url\":\"https:\\\/\\\/secure.gravatar.com\\\/avatar\\\/862a5569d087de48e5856e32f45d719a03804c891d6deb8d4f71a660e79e4a47?s=96&d=mm&r=g\",\"contentUrl\":\"https:\\\/\\\/secure.gravatar.com\\\/avatar\\\/862a5569d087de48e5856e32f45d719a03804c891d6deb8d4f71a660e79e4a47?s=96&d=mm&r=g\",\"caption\":\"Roger Str\u00e4ssle\"},\"url\":\"https:\\\/\\\/news.save.ch\\\/de\\\/author\\\/roger-straessle\\\/\"}]}<\/script>\n<!-- \/ Yoast SEO plugin. -->","yoast_head_json":{"title":"Private Sicherheitsbranche: Neuer GAV ab 2020 - Save","description":"Der Verband Schweizerischer Sicherheitsdienstleistungs-Unternehmen (VSSU) und die Gewerkschaft Unia sind zu einer GAV-Einigung gekommen.","robots":{"index":"index","follow":"follow","max-snippet":"max-snippet:-1","max-image-preview":"max-image-preview:large","max-video-preview":"max-video-preview:-1"},"canonical":"https:\/\/news.save.ch\/de\/private-sicherheitsbranche-neuer-gav-ab-2020\/","og_locale":"de_DE","og_type":"article","og_title":"Private Sicherheitsbranche: Neuer GAV ab 2020 - Save","og_description":"Der Verband Schweizerischer Sicherheitsdienstleistungs-Unternehmen (VSSU) und die Gewerkschaft Unia sind zu einer GAV-Einigung gekommen.","og_url":"https:\/\/news.save.ch\/de\/private-sicherheitsbranche-neuer-gav-ab-2020\/","og_site_name":"Save","article_published_time":"2019-07-03T12:11:21+00:00","author":"Roger Str\u00e4ssle","twitter_card":"summary_large_image","twitter_misc":{"Geschrieben von":"Roger Str\u00e4ssle","Gesch\u00e4tzte Lesezeit":"2\u00a0Minuten"},"schema":{"@context":"https:\/\/schema.org","@graph":[{"@type":"Article","@id":"https:\/\/news.save.ch\/private-sicherheitsbranche-neuer-gav-ab-2020\/#article","isPartOf":{"@id":"https:\/\/news.save.ch\/private-sicherheitsbranche-neuer-gav-ab-2020\/"},"author":{"name":"Roger Str\u00e4ssle","@id":"https:\/\/news.save.ch\/de\/#\/schema\/person\/d5022db048e0e2b9785c50e5b24da5aa"},"headline":"Private Sicherheitsbranche: Neuer GAV ab 2020","datePublished":"2019-07-03T12:11:21+00:00","mainEntityOfPage":{"@id":"https:\/\/news.save.ch\/private-sicherheitsbranche-neuer-gav-ab-2020\/"},"wordCount":319,"commentCount":0,"publisher":{"@id":"https:\/\/news.save.ch\/de\/#organization"},"image":{"@id":"https:\/\/news.save.ch\/private-sicherheitsbranche-neuer-gav-ab-2020\/#primaryimage"},"thumbnailUrl":"","keywords":["Private Sicherheitsfirma"],"articleSection":["ALLGEMEIN"],"inLanguage":"de"},{"@type":"WebPage","@id":"https:\/\/news.save.ch\/private-sicherheitsbranche-neuer-gav-ab-2020\/","url":"https:\/\/news.save.ch\/private-sicherheitsbranche-neuer-gav-ab-2020\/","name":"Private Sicherheitsbranche: Neuer GAV ab 2020 - Save","isPartOf":{"@id":"https:\/\/news.save.ch\/de\/#website"},"primaryImageOfPage":{"@id":"https:\/\/news.save.ch\/private-sicherheitsbranche-neuer-gav-ab-2020\/#primaryimage"},"image":{"@id":"https:\/\/news.save.ch\/private-sicherheitsbranche-neuer-gav-ab-2020\/#primaryimage"},"thumbnailUrl":"","datePublished":"2019-07-03T12:11:21+00:00","description":"Der Verband Schweizerischer Sicherheitsdienstleistungs-Unternehmen (VSSU) und die Gewerkschaft Unia sind zu einer GAV-Einigung gekommen.","breadcrumb":{"@id":"https:\/\/news.save.ch\/private-sicherheitsbranche-neuer-gav-ab-2020\/#breadcrumb"},"inLanguage":"de","potentialAction":[{"@type":"ReadAction","target":["https:\/\/news.save.ch\/private-sicherheitsbranche-neuer-gav-ab-2020\/"]}]},{"@type":"ImageObject","inLanguage":"de","@id":"https:\/\/news.save.ch\/private-sicherheitsbranche-neuer-gav-ab-2020\/#primaryimage","url":"","contentUrl":""},{"@type":"BreadcrumbList","@id":"https:\/\/news.save.ch\/private-sicherheitsbranche-neuer-gav-ab-2020\/#breadcrumb","itemListElement":[{"@type":"ListItem","position":1,"name":"Home","item":"https:\/\/news.save.ch\/de\/"},{"@type":"ListItem","position":2,"name":"Private Sicherheitsbranche: Neuer GAV ab 2020"}]},{"@type":"WebSite","@id":"https:\/\/news.save.ch\/de\/#website","url":"https:\/\/news.save.ch\/de\/","name":"Save","description":"Schweizer Fachzeitschrift f\u00fcr Sicherheit","publisher":{"@id":"https:\/\/news.save.ch\/de\/#organization"},"potentialAction":[{"@type":"SearchAction","target":{"@type":"EntryPoint","urlTemplate":"https:\/\/news.save.ch\/de\/?s={search_term_string}"},"query-input":{"@type":"PropertyValueSpecification","valueRequired":true,"valueName":"search_term_string"}}],"inLanguage":"de"},{"@type":"Organization","@id":"https:\/\/news.save.ch\/de\/#organization","name":"Sicherheitsforum","url":"https:\/\/news.save.ch\/de\/","logo":{"@type":"ImageObject","inLanguage":"de","@id":"https:\/\/news.save.ch\/de\/#\/schema\/logo\/image\/","url":"https:\/\/news.save.ch\/wp-content\/uploads\/2022\/06\/Logo_SF_2012.png","contentUrl":"https:\/\/news.save.ch\/wp-content\/uploads\/2022\/06\/Logo_SF_2012.png","width":1100,"height":91,"caption":"Sicherheitsforum"},"image":{"@id":"https:\/\/news.save.ch\/de\/#\/schema\/logo\/image\/"}},{"@type":"Person","@id":"https:\/\/news.save.ch\/de\/#\/schema\/person\/d5022db048e0e2b9785c50e5b24da5aa","name":"Roger Str\u00e4ssle","image":{"@type":"ImageObject","inLanguage":"de","@id":"https:\/\/secure.gravatar.com\/avatar\/862a5569d087de48e5856e32f45d719a03804c891d6deb8d4f71a660e79e4a47?s=96&d=mm&r=g","url":"https:\/\/secure.gravatar.com\/avatar\/862a5569d087de48e5856e32f45d719a03804c891d6deb8d4f71a660e79e4a47?s=96&d=mm&r=g","contentUrl":"https:\/\/secure.gravatar.com\/avatar\/862a5569d087de48e5856e32f45d719a03804c891d6deb8d4f71a660e79e4a47?s=96&d=mm&r=g","caption":"Roger Str\u00e4ssle"},"url":"https:\/\/news.save.ch\/de\/author\/roger-straessle\/"}]}},"_links":{"self":[{"href":"https:\/\/news.save.ch\/de\/wp-json\/wp\/v2\/posts\/8313","targetHints":{"allow":["GET"]}}],"collection":[{"href":"https:\/\/news.save.ch\/de\/wp-json\/wp\/v2\/posts"}],"about":[{"href":"https:\/\/news.save.ch\/de\/wp-json\/wp\/v2\/types\/post"}],"author":[{"embeddable":true,"href":"https:\/\/news.save.ch\/de\/wp-json\/wp\/v2\/users\/8"}],"replies":[{"embeddable":true,"href":"https:\/\/news.save.ch\/de\/wp-json\/wp\/v2\/comments?post=8313"}],"version-history":[{"count":0,"href":"https:\/\/news.save.ch\/de\/wp-json\/wp\/v2\/posts\/8313\/revisions"}],"wp:featuredmedia":[{"embeddable":true,"href":"https:\/\/news.save.ch\/de\/wp-json\/wp\/v2\/posts\/8314"}],"wp:attachment":[{"href":"https:\/\/news.save.ch\/de\/wp-json\/wp\/v2\/media?parent=8313"}],"wp:term":[{"taxonomy":"category","embeddable":true,"href":"https:\/\/news.save.ch\/de\/wp-json\/wp\/v2\/categories?post=8313"},{"taxonomy":"post_tag","embeddable":true,"href":"https:\/\/news.save.ch\/de\/wp-json\/wp\/v2\/tags?post=8313"}],"curies":[{"name":"wp","href":"https:\/\/api.w.org\/{rel}","templated":true}]}}