{"id":8316,"date":"2019-07-08T10:00:39","date_gmt":"2019-07-08T08:00:39","guid":{"rendered":"https:\/\/news.save.ch\/?p=8316"},"modified":"2023-03-14T08:58:57","modified_gmt":"2023-03-14T07:58:57","slug":"naturgefahren-praevention","status":null,"type":"post","link":"https:\/\/news.save.ch\/de\/naturgefahren-praevention\/","title":{"rendered":"Naturgefahren-Pr\u00e4vention"},"content":{"rendered":"<figure id=\"attachment_8317\" aria-describedby=\"caption-attachment-8317\" style=\"width: 680px\" class=\"wp-caption alignleft\"><img loading=\"lazy\" decoding=\"async\" class=\"wp-image-8317 size-medium\" src=\"https:\/\/news.save.ch\/wp-content\/uploads\/2019\/07\/Bild-Zurich-Versicherung-1.jpg\" alt=\"Naturgefahren-Pr\u00e4vention\" width=\"680\" height=\"510\" \/><figcaption id=\"caption-attachment-8317\" class=\"wp-caption-text\">\u00a9 Kapo St.Gallen<\/figcaption><\/figure>\n<p>Die Kurve in der Statistik des Bundesamtes f\u00fcr Umwelt zeigt seit Jahren steil nach oben: Es gibt immer mehr Sch\u00e4den durch Naturgefahren in der Schweiz (vgl. <a href=\"https:\/\/news.save.ch\/category\/naturgefahren\/\">hier<\/a>). Im Jahr 2017 waren es beispielsweise \u00fcber drei Milliarden Franken. Experten prognostizieren, dass mit fortschreitendem Klimawandel die H\u00e4ufigkeit und Intensit\u00e4t von Extremereignissen noch mehr zunehmen wird. Im Alpenraum steigt die Permafrostgrenze an, was vermehrt zu Rutschungen, Murg\u00e4ngen sowie Fels- und Bergst\u00fcrzen f\u00fchrt. Im Flachland h\u00e4ufen sich Unwetter, Hochwasser und \u00dcberschwemmungen. Aber auch Erdbeben und Radon-Strahlung sind nicht zu untersch\u00e4tzende Naturgefahren.<\/p>\n<p><strong>Risiken richtig einsch\u00e4tzen<\/strong><\/p>\n<p>Hauseigent\u00fcmer, Unternehmer, Architekt, Immobilien-Bewirtschafter oder Real-Estate- und Facility-Manager sind gut beraten, wenn sie sich mit den m\u00f6glichen Naturgefahren in der Schweiz auseinandersetzen. Denn nur wer sich deren Auswirkungen bewusst ist, kann Sch\u00e4den reduzieren oder sogar verhindern. Doch die Risiken von Naturgefahren richtig einzusch\u00e4tzen, erfordert viel Fachwissen.<\/p>\n<p>Deshalb startet die Zurich Versicherung in Zusammenarbeit mit dem Schweizerischen Ingenieur- und Architektenverein sia, dem Schweizerischen Verband f\u00fcr Facility Management und Maintenance (fmpro), dem Hauseigent\u00fcmerverband (HEV) Schweiz sowie der Fachzeitschrift SicherheitsForum eine neue Veranstaltungsreihe zur Naturgefahren-Pr\u00e4vention in der \u00abUmwelt Arena\u00bb (vgl. Box).<\/p>\n<p><strong>Fachwissen von Experten<\/strong><\/p>\n<p>An der Veranstaltung zeigen Branchenexperten und Schadenspezialisten auf, wie man seine Immobilien vor Naturgefahren wie Hochwasser, Rutschungen, Lawinen oder Murg\u00e4nge sch\u00fctzen kann und wie gef\u00e4hrdet ein Standort ist. Die Teilnehmenden lernen ferner den \u00ab<a href=\"https:\/\/www.zurich.ch\/de\/services\/naturgefahren\">Zurich Naturgefahren-Radar<\/a>\u00bb kennen: Das webbasierte Analyse-Instrument wurde in Zusammenarbeit mit den Ingenieuren und Geologen von Geotest AG sowie der Unterst\u00fctzung von Bund und Kantonen entwickelt.<\/p>\n<p>Immobilien-, Haus- und Wohneigent\u00fcmer, aber auch Bauherren, Architekten und Planer, Immobilienbewirtschafter, Real Estate- und Facility-Manager nutzen das Tool, um Gefahren zu analysieren und notwendige Schutzmassnahmen zu empfehlen und umzusetzen.<\/p>\n<p>&nbsp;<\/p>\n<blockquote>\n<p>Die Veranstaltungsreihe der Zurich Versicherung in der \u00abUmwelt Arena Schweiz\u00bb in Spreitenbach ist kostenlos. Nebst den Referaten findet jeweils im Vorfeld eine F\u00fchrung durch die \u00abUmwelt Arena\u00bb statt. Nach den Vortr\u00e4gen wird ein Networking-Ap\u00e9ro offeriert.<\/p>\n<p><strong>Veranstaltungsdaten 2019<\/strong><\/p>\n<ul>\n<li>Mittwoch, 4. September, 17.45 Uhr &#8211; Guest host: sia<\/li>\n<li>Donnerstag, 26. September, 17.45 Uhr &#8211; Guest host: SicherheitsForum<\/li>\n<li>Donnerstag, 3. Oktober, 17.45 Uhr &#8211; Guest host: FMpro<\/li>\n<li>Samstag, 26. Oktober, 09.30 Uhr &#8211; Guest host: HEV<\/li>\n<li>Mittwoch, 20. November, 17.45 Uhr &#8211; Guest host: sia<\/li>\n<\/ul>\n<p><em>F\u00fcr Anmeldung, Programm, Referate und weitere Informationen:<\/em><\/p>\n<p><em>\u00a0<\/em><em><a href=\"https:\/\/www.change-the-picture.ch\">www.change-the-picture.ch<\/a><\/em><\/p>\n<p>&nbsp;<\/p>\n<\/blockquote>\n<p>&nbsp;<\/p>\n","protected":false},"excerpt":{"rendered":"<p>Die Kurve in der Statistik des Bundesamtes f\u00fcr Umwelt zeigt seit Jahren steil nach oben: Es gibt immer mehr Sch\u00e4den durch Naturgefahren in der Schweiz (vgl. hier). Im Jahr 2017 waren es beispielsweise \u00fcber drei Milliarden Franken. Experten prognostizieren, dass mit fortschreitendem Klimawandel die H\u00e4ufigkeit und Intensit\u00e4t von Extremereignissen noch mehr zunehmen wird. Im Alpenraum [&hellip;]<\/p>\n","protected":false},"author":8,"featured_media":8317,"comment_status":"open","ping_status":"open","sticky":false,"template":"","format":"standard","meta":{"_acf_changed":false,"pgc_sgb_lightbox_settings":"","footnotes":""},"categories":[3312],"tags":[509,170,160,86],"class_list":["post-8316","post","type-post","status-publish","format-standard","has-post-thumbnail","hentry","category-sicherheit","tag-immobilien","tag-naturgefahren","tag-veranstaltungen","tag-veranstaltungsreihe"],"acf":[],"hkrextid":null,"publication":null,"issue":null,"workflow":null,"startPage":null,"spitzmarke":null,"_posts_by_tag_page_fields":{"widget_title":"","widget_tags":""},"_at_widget":"1","_yoast_wpseo_primary_category":"5","_yoast_wpseo_focuskw_text_input":"Naturgefahren-Pr\u00e4vention","_yoast_wpseo_opengraph-image":null,"_yoast_wpseo_opengraph-description":null,"_yoast_wpseo_opengraph-title":null,"enclosure":null,"_yoast_wpseo_twitter-title":null,"_yoast_wpseo_twitter-description":null,"_yoast_wpseo_twitter-image":null,"_wp_old_slug":null,"_yoast_wpseo_title":null,"_yoast_wpseo_canonical":null,"yoast_head":"<!-- This site is optimized with the Yoast SEO plugin v27.5 - https:\/\/yoast.com\/product\/yoast-seo-wordpress\/ -->\n<title>Naturgefahren-Pr\u00e4vention - Save<\/title>\n<meta name=\"robots\" content=\"index, follow, max-snippet:-1, max-image-preview:large, max-video-preview:-1\" \/>\n<link rel=\"canonical\" href=\"https:\/\/news.save.ch\/de\/naturgefahren-praevention\/\" \/>\n<meta property=\"og:locale\" content=\"de_DE\" \/>\n<meta property=\"og:type\" content=\"article\" \/>\n<meta property=\"og:title\" content=\"Naturgefahren-Pr\u00e4vention - Save\" \/>\n<meta property=\"og:description\" content=\"Die Kurve in der Statistik des Bundesamtes f\u00fcr Umwelt zeigt seit Jahren steil nach oben: Es gibt immer mehr Sch\u00e4den durch Naturgefahren in der Schweiz (vgl. hier). Im Jahr 2017 waren es beispielsweise \u00fcber drei Milliarden Franken. Experten prognostizieren, dass mit fortschreitendem Klimawandel die H\u00e4ufigkeit und Intensit\u00e4t von Extremereignissen noch mehr zunehmen wird. Im Alpenraum [&hellip;]\" \/>\n<meta property=\"og:url\" content=\"https:\/\/news.save.ch\/de\/naturgefahren-praevention\/\" \/>\n<meta property=\"og:site_name\" content=\"Save\" \/>\n<meta property=\"article:published_time\" content=\"2019-07-08T08:00:39+00:00\" \/>\n<meta property=\"article:modified_time\" content=\"2023-03-14T07:58:57+00:00\" \/>\n<meta property=\"og:image\" content=\"https:\/\/news.save.ch\/wp-content\/uploads\/2019\/07\/Bild-Zurich-Versicherung-1-scaled.jpg\" \/>\n\t<meta property=\"og:image:width\" content=\"1400\" \/>\n\t<meta property=\"og:image:height\" content=\"1050\" \/>\n\t<meta property=\"og:image:type\" content=\"image\/jpeg\" \/>\n<meta name=\"author\" content=\"Roger Str\u00e4ssle\" \/>\n<meta name=\"twitter:card\" content=\"summary_large_image\" \/>\n<meta name=\"twitter:label1\" content=\"Geschrieben von\" \/>\n\t<meta name=\"twitter:data1\" content=\"Roger Str\u00e4ssle\" \/>\n\t<meta name=\"twitter:label2\" content=\"Gesch\u00e4tzte Lesezeit\" \/>\n\t<meta name=\"twitter:data2\" content=\"2\u00a0Minuten\" \/>\n<script type=\"application\/ld+json\" class=\"yoast-schema-graph\">{\"@context\":\"https:\\\/\\\/schema.org\",\"@graph\":[{\"@type\":\"Article\",\"@id\":\"https:\\\/\\\/news.save.ch\\\/naturgefahren-praevention\\\/#article\",\"isPartOf\":{\"@id\":\"https:\\\/\\\/news.save.ch\\\/naturgefahren-praevention\\\/\"},\"author\":{\"name\":\"Roger Str\u00e4ssle\",\"@id\":\"https:\\\/\\\/news.save.ch\\\/de\\\/#\\\/schema\\\/person\\\/d5022db048e0e2b9785c50e5b24da5aa\"},\"headline\":\"Naturgefahren-Pr\u00e4vention\",\"datePublished\":\"2019-07-08T08:00:39+00:00\",\"dateModified\":\"2023-03-14T07:58:57+00:00\",\"mainEntityOfPage\":{\"@id\":\"https:\\\/\\\/news.save.ch\\\/naturgefahren-praevention\\\/\"},\"wordCount\":389,\"commentCount\":0,\"publisher\":{\"@id\":\"https:\\\/\\\/news.save.ch\\\/de\\\/#organization\"},\"image\":{\"@id\":\"https:\\\/\\\/news.save.ch\\\/naturgefahren-praevention\\\/#primaryimage\"},\"thumbnailUrl\":\"https:\\\/\\\/news.save.ch\\\/wp-content\\\/uploads\\\/2019\\\/07\\\/Bild-Zurich-Versicherung-1-scaled.jpg\",\"keywords\":[\"Immobilien\",\"Naturgefahren\",\"Veranstaltungen\",\"Veranstaltungsreihe\"],\"articleSection\":[\"SICHERHEIT\"],\"inLanguage\":\"de\"},{\"@type\":\"WebPage\",\"@id\":\"https:\\\/\\\/news.save.ch\\\/naturgefahren-praevention\\\/\",\"url\":\"https:\\\/\\\/news.save.ch\\\/naturgefahren-praevention\\\/\",\"name\":\"Naturgefahren-Pr\u00e4vention - Save\",\"isPartOf\":{\"@id\":\"https:\\\/\\\/news.save.ch\\\/de\\\/#website\"},\"primaryImageOfPage\":{\"@id\":\"https:\\\/\\\/news.save.ch\\\/naturgefahren-praevention\\\/#primaryimage\"},\"image\":{\"@id\":\"https:\\\/\\\/news.save.ch\\\/naturgefahren-praevention\\\/#primaryimage\"},\"thumbnailUrl\":\"https:\\\/\\\/news.save.ch\\\/wp-content\\\/uploads\\\/2019\\\/07\\\/Bild-Zurich-Versicherung-1-scaled.jpg\",\"datePublished\":\"2019-07-08T08:00:39+00:00\",\"dateModified\":\"2023-03-14T07:58:57+00:00\",\"breadcrumb\":{\"@id\":\"https:\\\/\\\/news.save.ch\\\/naturgefahren-praevention\\\/#breadcrumb\"},\"inLanguage\":\"de\",\"potentialAction\":[{\"@type\":\"ReadAction\",\"target\":[\"https:\\\/\\\/news.save.ch\\\/naturgefahren-praevention\\\/\"]}]},{\"@type\":\"ImageObject\",\"inLanguage\":\"de\",\"@id\":\"https:\\\/\\\/news.save.ch\\\/naturgefahren-praevention\\\/#primaryimage\",\"url\":\"https:\\\/\\\/news.save.ch\\\/wp-content\\\/uploads\\\/2019\\\/07\\\/Bild-Zurich-Versicherung-1-scaled.jpg\",\"contentUrl\":\"https:\\\/\\\/news.save.ch\\\/wp-content\\\/uploads\\\/2019\\\/07\\\/Bild-Zurich-Versicherung-1-scaled.jpg\",\"width\":1400,\"height\":1050,\"caption\":\"\u00a9 Kapo St.Gallen\"},{\"@type\":\"BreadcrumbList\",\"@id\":\"https:\\\/\\\/news.save.ch\\\/naturgefahren-praevention\\\/#breadcrumb\",\"itemListElement\":[{\"@type\":\"ListItem\",\"position\":1,\"name\":\"Home\",\"item\":\"https:\\\/\\\/news.save.ch\\\/de\\\/\"},{\"@type\":\"ListItem\",\"position\":2,\"name\":\"Naturgefahren-Pr\u00e4vention\"}]},{\"@type\":\"WebSite\",\"@id\":\"https:\\\/\\\/news.save.ch\\\/de\\\/#website\",\"url\":\"https:\\\/\\\/news.save.ch\\\/de\\\/\",\"name\":\"Save\",\"description\":\"Schweizer Fachzeitschrift f\u00fcr Sicherheit\",\"publisher\":{\"@id\":\"https:\\\/\\\/news.save.ch\\\/de\\\/#organization\"},\"potentialAction\":[{\"@type\":\"SearchAction\",\"target\":{\"@type\":\"EntryPoint\",\"urlTemplate\":\"https:\\\/\\\/news.save.ch\\\/de\\\/?s={search_term_string}\"},\"query-input\":{\"@type\":\"PropertyValueSpecification\",\"valueRequired\":true,\"valueName\":\"search_term_string\"}}],\"inLanguage\":\"de\"},{\"@type\":\"Organization\",\"@id\":\"https:\\\/\\\/news.save.ch\\\/de\\\/#organization\",\"name\":\"Sicherheitsforum\",\"url\":\"https:\\\/\\\/news.save.ch\\\/de\\\/\",\"logo\":{\"@type\":\"ImageObject\",\"inLanguage\":\"de\",\"@id\":\"https:\\\/\\\/news.save.ch\\\/de\\\/#\\\/schema\\\/logo\\\/image\\\/\",\"url\":\"https:\\\/\\\/news.save.ch\\\/wp-content\\\/uploads\\\/2022\\\/06\\\/Logo_SF_2012.png\",\"contentUrl\":\"https:\\\/\\\/news.save.ch\\\/wp-content\\\/uploads\\\/2022\\\/06\\\/Logo_SF_2012.png\",\"width\":1100,\"height\":91,\"caption\":\"Sicherheitsforum\"},\"image\":{\"@id\":\"https:\\\/\\\/news.save.ch\\\/de\\\/#\\\/schema\\\/logo\\\/image\\\/\"}},{\"@type\":\"Person\",\"@id\":\"https:\\\/\\\/news.save.ch\\\/de\\\/#\\\/schema\\\/person\\\/d5022db048e0e2b9785c50e5b24da5aa\",\"name\":\"Roger Str\u00e4ssle\",\"image\":{\"@type\":\"ImageObject\",\"inLanguage\":\"de\",\"@id\":\"https:\\\/\\\/secure.gravatar.com\\\/avatar\\\/862a5569d087de48e5856e32f45d719a03804c891d6deb8d4f71a660e79e4a47?s=96&d=mm&r=g\",\"url\":\"https:\\\/\\\/secure.gravatar.com\\\/avatar\\\/862a5569d087de48e5856e32f45d719a03804c891d6deb8d4f71a660e79e4a47?s=96&d=mm&r=g\",\"contentUrl\":\"https:\\\/\\\/secure.gravatar.com\\\/avatar\\\/862a5569d087de48e5856e32f45d719a03804c891d6deb8d4f71a660e79e4a47?s=96&d=mm&r=g\",\"caption\":\"Roger Str\u00e4ssle\"},\"url\":\"https:\\\/\\\/news.save.ch\\\/de\\\/author\\\/roger-straessle\\\/\"}]}<\/script>\n<!-- \/ Yoast SEO plugin. -->","yoast_head_json":{"title":"Naturgefahren-Pr\u00e4vention - Save","robots":{"index":"index","follow":"follow","max-snippet":"max-snippet:-1","max-image-preview":"max-image-preview:large","max-video-preview":"max-video-preview:-1"},"canonical":"https:\/\/news.save.ch\/de\/naturgefahren-praevention\/","og_locale":"de_DE","og_type":"article","og_title":"Naturgefahren-Pr\u00e4vention - Save","og_description":"Die Kurve in der Statistik des Bundesamtes f\u00fcr Umwelt zeigt seit Jahren steil nach oben: Es gibt immer mehr Sch\u00e4den durch Naturgefahren in der Schweiz (vgl. hier). Im Jahr 2017 waren es beispielsweise \u00fcber drei Milliarden Franken. Experten prognostizieren, dass mit fortschreitendem Klimawandel die H\u00e4ufigkeit und Intensit\u00e4t von Extremereignissen noch mehr zunehmen wird. Im Alpenraum [&hellip;]","og_url":"https:\/\/news.save.ch\/de\/naturgefahren-praevention\/","og_site_name":"Save","article_published_time":"2019-07-08T08:00:39+00:00","article_modified_time":"2023-03-14T07:58:57+00:00","og_image":[{"width":1400,"height":1050,"url":"https:\/\/news.save.ch\/wp-content\/uploads\/2019\/07\/Bild-Zurich-Versicherung-1-scaled.jpg","type":"image\/jpeg"}],"author":"Roger Str\u00e4ssle","twitter_card":"summary_large_image","twitter_misc":{"Geschrieben von":"Roger Str\u00e4ssle","Gesch\u00e4tzte Lesezeit":"2\u00a0Minuten"},"schema":{"@context":"https:\/\/schema.org","@graph":[{"@type":"Article","@id":"https:\/\/news.save.ch\/naturgefahren-praevention\/#article","isPartOf":{"@id":"https:\/\/news.save.ch\/naturgefahren-praevention\/"},"author":{"name":"Roger Str\u00e4ssle","@id":"https:\/\/news.save.ch\/de\/#\/schema\/person\/d5022db048e0e2b9785c50e5b24da5aa"},"headline":"Naturgefahren-Pr\u00e4vention","datePublished":"2019-07-08T08:00:39+00:00","dateModified":"2023-03-14T07:58:57+00:00","mainEntityOfPage":{"@id":"https:\/\/news.save.ch\/naturgefahren-praevention\/"},"wordCount":389,"commentCount":0,"publisher":{"@id":"https:\/\/news.save.ch\/de\/#organization"},"image":{"@id":"https:\/\/news.save.ch\/naturgefahren-praevention\/#primaryimage"},"thumbnailUrl":"https:\/\/news.save.ch\/wp-content\/uploads\/2019\/07\/Bild-Zurich-Versicherung-1-scaled.jpg","keywords":["Immobilien","Naturgefahren","Veranstaltungen","Veranstaltungsreihe"],"articleSection":["SICHERHEIT"],"inLanguage":"de"},{"@type":"WebPage","@id":"https:\/\/news.save.ch\/naturgefahren-praevention\/","url":"https:\/\/news.save.ch\/naturgefahren-praevention\/","name":"Naturgefahren-Pr\u00e4vention - Save","isPartOf":{"@id":"https:\/\/news.save.ch\/de\/#website"},"primaryImageOfPage":{"@id":"https:\/\/news.save.ch\/naturgefahren-praevention\/#primaryimage"},"image":{"@id":"https:\/\/news.save.ch\/naturgefahren-praevention\/#primaryimage"},"thumbnailUrl":"https:\/\/news.save.ch\/wp-content\/uploads\/2019\/07\/Bild-Zurich-Versicherung-1-scaled.jpg","datePublished":"2019-07-08T08:00:39+00:00","dateModified":"2023-03-14T07:58:57+00:00","breadcrumb":{"@id":"https:\/\/news.save.ch\/naturgefahren-praevention\/#breadcrumb"},"inLanguage":"de","potentialAction":[{"@type":"ReadAction","target":["https:\/\/news.save.ch\/naturgefahren-praevention\/"]}]},{"@type":"ImageObject","inLanguage":"de","@id":"https:\/\/news.save.ch\/naturgefahren-praevention\/#primaryimage","url":"https:\/\/news.save.ch\/wp-content\/uploads\/2019\/07\/Bild-Zurich-Versicherung-1-scaled.jpg","contentUrl":"https:\/\/news.save.ch\/wp-content\/uploads\/2019\/07\/Bild-Zurich-Versicherung-1-scaled.jpg","width":1400,"height":1050,"caption":"\u00a9 Kapo St.Gallen"},{"@type":"BreadcrumbList","@id":"https:\/\/news.save.ch\/naturgefahren-praevention\/#breadcrumb","itemListElement":[{"@type":"ListItem","position":1,"name":"Home","item":"https:\/\/news.save.ch\/de\/"},{"@type":"ListItem","position":2,"name":"Naturgefahren-Pr\u00e4vention"}]},{"@type":"WebSite","@id":"https:\/\/news.save.ch\/de\/#website","url":"https:\/\/news.save.ch\/de\/","name":"Save","description":"Schweizer Fachzeitschrift f\u00fcr Sicherheit","publisher":{"@id":"https:\/\/news.save.ch\/de\/#organization"},"potentialAction":[{"@type":"SearchAction","target":{"@type":"EntryPoint","urlTemplate":"https:\/\/news.save.ch\/de\/?s={search_term_string}"},"query-input":{"@type":"PropertyValueSpecification","valueRequired":true,"valueName":"search_term_string"}}],"inLanguage":"de"},{"@type":"Organization","@id":"https:\/\/news.save.ch\/de\/#organization","name":"Sicherheitsforum","url":"https:\/\/news.save.ch\/de\/","logo":{"@type":"ImageObject","inLanguage":"de","@id":"https:\/\/news.save.ch\/de\/#\/schema\/logo\/image\/","url":"https:\/\/news.save.ch\/wp-content\/uploads\/2022\/06\/Logo_SF_2012.png","contentUrl":"https:\/\/news.save.ch\/wp-content\/uploads\/2022\/06\/Logo_SF_2012.png","width":1100,"height":91,"caption":"Sicherheitsforum"},"image":{"@id":"https:\/\/news.save.ch\/de\/#\/schema\/logo\/image\/"}},{"@type":"Person","@id":"https:\/\/news.save.ch\/de\/#\/schema\/person\/d5022db048e0e2b9785c50e5b24da5aa","name":"Roger Str\u00e4ssle","image":{"@type":"ImageObject","inLanguage":"de","@id":"https:\/\/secure.gravatar.com\/avatar\/862a5569d087de48e5856e32f45d719a03804c891d6deb8d4f71a660e79e4a47?s=96&d=mm&r=g","url":"https:\/\/secure.gravatar.com\/avatar\/862a5569d087de48e5856e32f45d719a03804c891d6deb8d4f71a660e79e4a47?s=96&d=mm&r=g","contentUrl":"https:\/\/secure.gravatar.com\/avatar\/862a5569d087de48e5856e32f45d719a03804c891d6deb8d4f71a660e79e4a47?s=96&d=mm&r=g","caption":"Roger Str\u00e4ssle"},"url":"https:\/\/news.save.ch\/de\/author\/roger-straessle\/"}]}},"_links":{"self":[{"href":"https:\/\/news.save.ch\/de\/wp-json\/wp\/v2\/posts\/8316","targetHints":{"allow":["GET"]}}],"collection":[{"href":"https:\/\/news.save.ch\/de\/wp-json\/wp\/v2\/posts"}],"about":[{"href":"https:\/\/news.save.ch\/de\/wp-json\/wp\/v2\/types\/post"}],"author":[{"embeddable":true,"href":"https:\/\/news.save.ch\/de\/wp-json\/wp\/v2\/users\/8"}],"replies":[{"embeddable":true,"href":"https:\/\/news.save.ch\/de\/wp-json\/wp\/v2\/comments?post=8316"}],"version-history":[{"count":1,"href":"https:\/\/news.save.ch\/de\/wp-json\/wp\/v2\/posts\/8316\/revisions"}],"predecessor-version":[{"id":17856,"href":"https:\/\/news.save.ch\/de\/wp-json\/wp\/v2\/posts\/8316\/revisions\/17856"}],"wp:featuredmedia":[{"embeddable":true,"href":"https:\/\/news.save.ch\/de\/wp-json\/wp\/v2\/media\/8317"}],"wp:attachment":[{"href":"https:\/\/news.save.ch\/de\/wp-json\/wp\/v2\/media?parent=8316"}],"wp:term":[{"taxonomy":"category","embeddable":true,"href":"https:\/\/news.save.ch\/de\/wp-json\/wp\/v2\/categories?post=8316"},{"taxonomy":"post_tag","embeddable":true,"href":"https:\/\/news.save.ch\/de\/wp-json\/wp\/v2\/tags?post=8316"}],"curies":[{"name":"wp","href":"https:\/\/api.w.org\/{rel}","templated":true}]}}