{"id":8345,"date":"2019-07-12T12:17:43","date_gmt":"2019-07-12T10:17:43","guid":{"rendered":"https:\/\/news.save.ch\/?p=8345"},"modified":"2019-07-12T12:17:43","modified_gmt":"2019-07-12T10:17:43","slug":"swissphone-nachfolgeregelung-und-50-jahre-jubilaeum","status":null,"type":"post","link":"https:\/\/news.save.ch\/de\/swissphone-nachfolgeregelung-und-50-jahre-jubilaeum\/","title":{"rendered":"Swissphone: Nachfolgeregelung und 50-j\u00e4hriges Jubil\u00e4um"},"content":{"rendered":"<figure id=\"attachment_8346\" aria-describedby=\"caption-attachment-8346\" style=\"width: 680px\" class=\"wp-caption aligncenter\"><img loading=\"lazy\" decoding=\"async\" class=\"wp-image-8346 size-medium\" src=\"https:\/\/news.save.ch\/wp-content\/uploads\/2019\/07\/ceo-swissphone.jpg\" alt=\"Swissphone\" width=\"680\" height=\"709\" srcset=\"https:\/\/news.save.ch\/wp-content\/uploads\/2019\/07\/ceo-swissphone.jpg 695w, https:\/\/news.save.ch\/wp-content\/uploads\/2019\/07\/ceo-swissphone-288x300.jpg 288w\" sizes=\"auto, (max-width: 680px) 100vw, 680px\" \/><figcaption id=\"caption-attachment-8346\" class=\"wp-caption-text\">Swissphone-CEO Angelo Saccoccia. Foto: Michael Buchner, Swissphone<\/figcaption><\/figure>\n<p>&nbsp;<\/p>\n<p style=\"line-height: 19.5pt; margin: 0cm 0cm 19.5pt 0cm;\"><span style=\"font-family: 'Arial',sans-serif;\">Die Gr\u00fcnderfamilie und bisherige Eigent\u00fcmerin der <a href=\"https:\/\/www.swissphone.com\/ch\/\">Swissphone Wireless AG<\/a> hat diese im Rahmen einer Nachfolgeregelung k\u00fcrzlich verkauft. \u00dcbernommen haben die Swissphone die bisherigen Gesch\u00e4ftsleitungsmitglieder sowie eine Gruppe von Unternehmern aus der Schweiz und Deutschland, beraten von der Rigeto Unternehmerkapital GmbH.<\/span><\/p>\n<p style=\"line-height: 19.5pt; margin: 0cm 0cm 19.5pt 0cm;\"><span style=\"font-family: 'Arial',sans-serif;\"> Mit dieser Weichenstellung sei 2019 ein weiterer und \u00e4usserst wichtiger Meilenstein erreicht, heisst es in der Mitteilung. Dieses Jahr feiert die Firma zudem ihr 50-j\u00e4hriges Jubil\u00e4um. 1969 gr\u00fcndeten Helmut und Erika K\u00f6chler \u2013 bis zuletzt im Verwaltungsrat aktiv \u2013 das Unternehmen und entwickelten es erfolgreich zum international f\u00fchrenden Anbieter von L\u00f6sungen in den Bereichen der Alarmierung und Critical Messaging.<\/span><\/p>\n<p style=\"line-height: 19.5pt; margin: 0cm 0cm 19.5pt 0cm;\"><strong><span style=\"font-family: 'Arial',sans-serif;\">Gute Entwicklung festigen<\/span><\/strong><\/p>\n<p style=\"line-height: 19.5pt; margin: 0cm 0cm 19.5pt 0cm;\"><span style=\"font-family: 'Arial',sans-serif;\">Swissphone wird gem\u00e4ss Angaben unter dem bestehenden Management weitergef\u00fchrt. Das Mutterhaus in Samstagern ZH sowie die Tochtergesellschaften in Deutschland, \u00d6sterreich, Frankreich und den USA werden durch die bisherigen Verantwortlichen vertreten sein, f\u00fcr Kunden und Belegschaft gibt es keine \u00c4nderungen, wie es heisst. Die Swissphone-Gruppe habe sich in den letzten Jahren gut entwickelt, man habe wichtige Projekte gewonnen und Innovationen umgesetzt. <\/span><\/p>\n<p style=\"line-height: 19.5pt; margin: 0cm 0cm 19.5pt 0cm;\"><span style=\"font-family: 'Arial',sans-serif;\">CEO Angelo Saccoccia sagt zur realisierten Nachfolgeregelung: \u00abDurch das Engagement der Investoren aus dem deutschsprachigen Raum, in Kombination mit dem bestehenden und erfolgreichen Management, konnte der nachhaltige Fortbestand des Unternehmens sichergestellt werden. Wir haben die Voraussetzungen geschaffen, auch in Zukunft die nationale und internationale Markt- und Produktf\u00fchrerschaft zu festigen und die bestehende Wachstumsstrategie weiter voran zu treiben.\u00bb<\/span><\/p>\n<p>&nbsp;<\/p>\n","protected":false},"excerpt":{"rendered":"<p>&nbsp; Die Gr\u00fcnderfamilie und bisherige Eigent\u00fcmerin der Swissphone Wireless AG hat diese im Rahmen einer Nachfolgeregelung k\u00fcrzlich verkauft. \u00dcbernommen haben die Swissphone die bisherigen Gesch\u00e4ftsleitungsmitglieder sowie eine Gruppe von Unternehmern aus der Schweiz und Deutschland, beraten von der Rigeto Unternehmerkapital GmbH. Mit dieser Weichenstellung sei 2019 ein weiterer und \u00e4usserst wichtiger Meilenstein erreicht, heisst es [&hellip;]<\/p>\n","protected":false},"author":8,"featured_media":8346,"comment_status":"open","ping_status":"open","sticky":false,"template":"","format":"standard","meta":{"_acf_changed":false,"pgc_sgb_lightbox_settings":"","footnotes":""},"categories":[1],"tags":[151,512],"class_list":["post-8345","post","type-post","status-publish","format-standard","has-post-thumbnail","hentry","category-allgemein","tag-alarmierung","tag-critical-messaging"],"acf":[],"hkrextid":null,"publication":null,"issue":null,"workflow":null,"startPage":null,"spitzmarke":null,"_posts_by_tag_page_fields":{"widget_title":"","widget_tags":""},"_at_widget":"1","_yoast_wpseo_primary_category":"1","_yoast_wpseo_focuskw_text_input":"Swissphone","_yoast_wpseo_opengraph-image":null,"_yoast_wpseo_opengraph-description":null,"_yoast_wpseo_opengraph-title":null,"enclosure":null,"_yoast_wpseo_twitter-title":null,"_yoast_wpseo_twitter-description":null,"_yoast_wpseo_twitter-image":null,"_wp_old_slug":null,"_yoast_wpseo_title":null,"_yoast_wpseo_canonical":null,"yoast_head":"<!-- This site is optimized with the Yoast SEO plugin v27.5 - https:\/\/yoast.com\/product\/yoast-seo-wordpress\/ -->\n<title>Swissphone: Nachfolgeregelung und 50-j\u00e4hriges Jubil\u00e4um - Save<\/title>\n<meta name=\"description\" content=\"Nachfolgeregelung: Bei der Swissphone Wireless AG \u00fcbernehmen das bestehende Management sowie eine Gruppe von Unternehmern aus der Schweiz und Deutschland\" \/>\n<meta name=\"robots\" content=\"index, follow, max-snippet:-1, max-image-preview:large, max-video-preview:-1\" \/>\n<link rel=\"canonical\" href=\"https:\/\/news.save.ch\/de\/swissphone-nachfolgeregelung-und-50-jahre-jubilaeum\/\" \/>\n<meta property=\"og:locale\" content=\"de_DE\" \/>\n<meta property=\"og:type\" content=\"article\" \/>\n<meta property=\"og:title\" content=\"Swissphone: Nachfolgeregelung und 50-j\u00e4hriges Jubil\u00e4um - Save\" \/>\n<meta property=\"og:description\" content=\"Nachfolgeregelung: Bei der Swissphone Wireless AG \u00fcbernehmen das bestehende Management sowie eine Gruppe von Unternehmern aus der Schweiz und Deutschland\" \/>\n<meta property=\"og:url\" content=\"https:\/\/news.save.ch\/de\/swissphone-nachfolgeregelung-und-50-jahre-jubilaeum\/\" \/>\n<meta property=\"og:site_name\" content=\"Save\" \/>\n<meta property=\"article:published_time\" content=\"2019-07-12T10:17:43+00:00\" \/>\n<meta property=\"og:image\" content=\"https:\/\/news.save.ch\/wp-content\/uploads\/2019\/07\/ceo-swissphone.jpg\" \/>\n\t<meta property=\"og:image:width\" content=\"695\" \/>\n\t<meta property=\"og:image:height\" content=\"725\" \/>\n\t<meta property=\"og:image:type\" content=\"image\/jpeg\" \/>\n<meta name=\"author\" content=\"Roger Str\u00e4ssle\" \/>\n<meta name=\"twitter:card\" content=\"summary_large_image\" \/>\n<meta name=\"twitter:label1\" content=\"Geschrieben von\" \/>\n\t<meta name=\"twitter:data1\" content=\"Roger Str\u00e4ssle\" \/>\n\t<meta name=\"twitter:label2\" content=\"Gesch\u00e4tzte Lesezeit\" \/>\n\t<meta name=\"twitter:data2\" content=\"1\u00a0Minute\" \/>\n<script type=\"application\/ld+json\" class=\"yoast-schema-graph\">{\"@context\":\"https:\\\/\\\/schema.org\",\"@graph\":[{\"@type\":\"Article\",\"@id\":\"https:\\\/\\\/news.save.ch\\\/swissphone-nachfolgeregelung-und-50-jahre-jubilaeum\\\/#article\",\"isPartOf\":{\"@id\":\"https:\\\/\\\/news.save.ch\\\/swissphone-nachfolgeregelung-und-50-jahre-jubilaeum\\\/\"},\"author\":{\"name\":\"Roger Str\u00e4ssle\",\"@id\":\"https:\\\/\\\/news.save.ch\\\/de\\\/#\\\/schema\\\/person\\\/d5022db048e0e2b9785c50e5b24da5aa\"},\"headline\":\"Swissphone: Nachfolgeregelung und 50-j\u00e4hriges Jubil\u00e4um\",\"datePublished\":\"2019-07-12T10:17:43+00:00\",\"mainEntityOfPage\":{\"@id\":\"https:\\\/\\\/news.save.ch\\\/swissphone-nachfolgeregelung-und-50-jahre-jubilaeum\\\/\"},\"wordCount\":252,\"commentCount\":0,\"publisher\":{\"@id\":\"https:\\\/\\\/news.save.ch\\\/de\\\/#organization\"},\"image\":{\"@id\":\"https:\\\/\\\/news.save.ch\\\/swissphone-nachfolgeregelung-und-50-jahre-jubilaeum\\\/#primaryimage\"},\"thumbnailUrl\":\"https:\\\/\\\/news.save.ch\\\/wp-content\\\/uploads\\\/2019\\\/07\\\/ceo-swissphone.jpg\",\"keywords\":[\"Alarmierung\",\"Critical Messaging\"],\"articleSection\":[\"ALLGEMEIN\"],\"inLanguage\":\"de\"},{\"@type\":\"WebPage\",\"@id\":\"https:\\\/\\\/news.save.ch\\\/swissphone-nachfolgeregelung-und-50-jahre-jubilaeum\\\/\",\"url\":\"https:\\\/\\\/news.save.ch\\\/swissphone-nachfolgeregelung-und-50-jahre-jubilaeum\\\/\",\"name\":\"Swissphone: Nachfolgeregelung und 50-j\u00e4hriges Jubil\u00e4um - Save\",\"isPartOf\":{\"@id\":\"https:\\\/\\\/news.save.ch\\\/de\\\/#website\"},\"primaryImageOfPage\":{\"@id\":\"https:\\\/\\\/news.save.ch\\\/swissphone-nachfolgeregelung-und-50-jahre-jubilaeum\\\/#primaryimage\"},\"image\":{\"@id\":\"https:\\\/\\\/news.save.ch\\\/swissphone-nachfolgeregelung-und-50-jahre-jubilaeum\\\/#primaryimage\"},\"thumbnailUrl\":\"https:\\\/\\\/news.save.ch\\\/wp-content\\\/uploads\\\/2019\\\/07\\\/ceo-swissphone.jpg\",\"datePublished\":\"2019-07-12T10:17:43+00:00\",\"description\":\"Nachfolgeregelung: Bei der Swissphone Wireless AG \u00fcbernehmen das bestehende Management sowie eine Gruppe von Unternehmern aus der Schweiz und Deutschland\",\"breadcrumb\":{\"@id\":\"https:\\\/\\\/news.save.ch\\\/swissphone-nachfolgeregelung-und-50-jahre-jubilaeum\\\/#breadcrumb\"},\"inLanguage\":\"de\",\"potentialAction\":[{\"@type\":\"ReadAction\",\"target\":[\"https:\\\/\\\/news.save.ch\\\/swissphone-nachfolgeregelung-und-50-jahre-jubilaeum\\\/\"]}]},{\"@type\":\"ImageObject\",\"inLanguage\":\"de\",\"@id\":\"https:\\\/\\\/news.save.ch\\\/swissphone-nachfolgeregelung-und-50-jahre-jubilaeum\\\/#primaryimage\",\"url\":\"https:\\\/\\\/news.save.ch\\\/wp-content\\\/uploads\\\/2019\\\/07\\\/ceo-swissphone.jpg\",\"contentUrl\":\"https:\\\/\\\/news.save.ch\\\/wp-content\\\/uploads\\\/2019\\\/07\\\/ceo-swissphone.jpg\",\"width\":695,\"height\":725,\"caption\":\"Swissphone-CEO Angelo Saccoccia. Foto: Michael Buchner, Swissphone\"},{\"@type\":\"BreadcrumbList\",\"@id\":\"https:\\\/\\\/news.save.ch\\\/swissphone-nachfolgeregelung-und-50-jahre-jubilaeum\\\/#breadcrumb\",\"itemListElement\":[{\"@type\":\"ListItem\",\"position\":1,\"name\":\"Home\",\"item\":\"https:\\\/\\\/news.save.ch\\\/de\\\/\"},{\"@type\":\"ListItem\",\"position\":2,\"name\":\"Swissphone: Nachfolgeregelung und 50-j\u00e4hriges Jubil\u00e4um\"}]},{\"@type\":\"WebSite\",\"@id\":\"https:\\\/\\\/news.save.ch\\\/de\\\/#website\",\"url\":\"https:\\\/\\\/news.save.ch\\\/de\\\/\",\"name\":\"Save\",\"description\":\"Schweizer Fachzeitschrift f\u00fcr Sicherheit\",\"publisher\":{\"@id\":\"https:\\\/\\\/news.save.ch\\\/de\\\/#organization\"},\"potentialAction\":[{\"@type\":\"SearchAction\",\"target\":{\"@type\":\"EntryPoint\",\"urlTemplate\":\"https:\\\/\\\/news.save.ch\\\/de\\\/?s={search_term_string}\"},\"query-input\":{\"@type\":\"PropertyValueSpecification\",\"valueRequired\":true,\"valueName\":\"search_term_string\"}}],\"inLanguage\":\"de\"},{\"@type\":\"Organization\",\"@id\":\"https:\\\/\\\/news.save.ch\\\/de\\\/#organization\",\"name\":\"Sicherheitsforum\",\"url\":\"https:\\\/\\\/news.save.ch\\\/de\\\/\",\"logo\":{\"@type\":\"ImageObject\",\"inLanguage\":\"de\",\"@id\":\"https:\\\/\\\/news.save.ch\\\/de\\\/#\\\/schema\\\/logo\\\/image\\\/\",\"url\":\"https:\\\/\\\/news.save.ch\\\/wp-content\\\/uploads\\\/2022\\\/06\\\/Logo_SF_2012.png\",\"contentUrl\":\"https:\\\/\\\/news.save.ch\\\/wp-content\\\/uploads\\\/2022\\\/06\\\/Logo_SF_2012.png\",\"width\":1100,\"height\":91,\"caption\":\"Sicherheitsforum\"},\"image\":{\"@id\":\"https:\\\/\\\/news.save.ch\\\/de\\\/#\\\/schema\\\/logo\\\/image\\\/\"}},{\"@type\":\"Person\",\"@id\":\"https:\\\/\\\/news.save.ch\\\/de\\\/#\\\/schema\\\/person\\\/d5022db048e0e2b9785c50e5b24da5aa\",\"name\":\"Roger Str\u00e4ssle\",\"image\":{\"@type\":\"ImageObject\",\"inLanguage\":\"de\",\"@id\":\"https:\\\/\\\/secure.gravatar.com\\\/avatar\\\/862a5569d087de48e5856e32f45d719a03804c891d6deb8d4f71a660e79e4a47?s=96&d=mm&r=g\",\"url\":\"https:\\\/\\\/secure.gravatar.com\\\/avatar\\\/862a5569d087de48e5856e32f45d719a03804c891d6deb8d4f71a660e79e4a47?s=96&d=mm&r=g\",\"contentUrl\":\"https:\\\/\\\/secure.gravatar.com\\\/avatar\\\/862a5569d087de48e5856e32f45d719a03804c891d6deb8d4f71a660e79e4a47?s=96&d=mm&r=g\",\"caption\":\"Roger Str\u00e4ssle\"},\"url\":\"https:\\\/\\\/news.save.ch\\\/de\\\/author\\\/roger-straessle\\\/\"}]}<\/script>\n<!-- \/ Yoast SEO plugin. -->","yoast_head_json":{"title":"Swissphone: Nachfolgeregelung und 50-j\u00e4hriges Jubil\u00e4um - Save","description":"Nachfolgeregelung: Bei der Swissphone Wireless AG \u00fcbernehmen das bestehende Management sowie eine Gruppe von Unternehmern aus der Schweiz und Deutschland","robots":{"index":"index","follow":"follow","max-snippet":"max-snippet:-1","max-image-preview":"max-image-preview:large","max-video-preview":"max-video-preview:-1"},"canonical":"https:\/\/news.save.ch\/de\/swissphone-nachfolgeregelung-und-50-jahre-jubilaeum\/","og_locale":"de_DE","og_type":"article","og_title":"Swissphone: Nachfolgeregelung und 50-j\u00e4hriges Jubil\u00e4um - Save","og_description":"Nachfolgeregelung: Bei der Swissphone Wireless AG \u00fcbernehmen das bestehende Management sowie eine Gruppe von Unternehmern aus der Schweiz und Deutschland","og_url":"https:\/\/news.save.ch\/de\/swissphone-nachfolgeregelung-und-50-jahre-jubilaeum\/","og_site_name":"Save","article_published_time":"2019-07-12T10:17:43+00:00","og_image":[{"width":695,"height":725,"url":"https:\/\/news.save.ch\/wp-content\/uploads\/2019\/07\/ceo-swissphone.jpg","type":"image\/jpeg"}],"author":"Roger Str\u00e4ssle","twitter_card":"summary_large_image","twitter_misc":{"Geschrieben von":"Roger Str\u00e4ssle","Gesch\u00e4tzte Lesezeit":"1\u00a0Minute"},"schema":{"@context":"https:\/\/schema.org","@graph":[{"@type":"Article","@id":"https:\/\/news.save.ch\/swissphone-nachfolgeregelung-und-50-jahre-jubilaeum\/#article","isPartOf":{"@id":"https:\/\/news.save.ch\/swissphone-nachfolgeregelung-und-50-jahre-jubilaeum\/"},"author":{"name":"Roger Str\u00e4ssle","@id":"https:\/\/news.save.ch\/de\/#\/schema\/person\/d5022db048e0e2b9785c50e5b24da5aa"},"headline":"Swissphone: Nachfolgeregelung und 50-j\u00e4hriges Jubil\u00e4um","datePublished":"2019-07-12T10:17:43+00:00","mainEntityOfPage":{"@id":"https:\/\/news.save.ch\/swissphone-nachfolgeregelung-und-50-jahre-jubilaeum\/"},"wordCount":252,"commentCount":0,"publisher":{"@id":"https:\/\/news.save.ch\/de\/#organization"},"image":{"@id":"https:\/\/news.save.ch\/swissphone-nachfolgeregelung-und-50-jahre-jubilaeum\/#primaryimage"},"thumbnailUrl":"https:\/\/news.save.ch\/wp-content\/uploads\/2019\/07\/ceo-swissphone.jpg","keywords":["Alarmierung","Critical Messaging"],"articleSection":["ALLGEMEIN"],"inLanguage":"de"},{"@type":"WebPage","@id":"https:\/\/news.save.ch\/swissphone-nachfolgeregelung-und-50-jahre-jubilaeum\/","url":"https:\/\/news.save.ch\/swissphone-nachfolgeregelung-und-50-jahre-jubilaeum\/","name":"Swissphone: Nachfolgeregelung und 50-j\u00e4hriges Jubil\u00e4um - Save","isPartOf":{"@id":"https:\/\/news.save.ch\/de\/#website"},"primaryImageOfPage":{"@id":"https:\/\/news.save.ch\/swissphone-nachfolgeregelung-und-50-jahre-jubilaeum\/#primaryimage"},"image":{"@id":"https:\/\/news.save.ch\/swissphone-nachfolgeregelung-und-50-jahre-jubilaeum\/#primaryimage"},"thumbnailUrl":"https:\/\/news.save.ch\/wp-content\/uploads\/2019\/07\/ceo-swissphone.jpg","datePublished":"2019-07-12T10:17:43+00:00","description":"Nachfolgeregelung: Bei der Swissphone Wireless AG \u00fcbernehmen das bestehende Management sowie eine Gruppe von Unternehmern aus der Schweiz und Deutschland","breadcrumb":{"@id":"https:\/\/news.save.ch\/swissphone-nachfolgeregelung-und-50-jahre-jubilaeum\/#breadcrumb"},"inLanguage":"de","potentialAction":[{"@type":"ReadAction","target":["https:\/\/news.save.ch\/swissphone-nachfolgeregelung-und-50-jahre-jubilaeum\/"]}]},{"@type":"ImageObject","inLanguage":"de","@id":"https:\/\/news.save.ch\/swissphone-nachfolgeregelung-und-50-jahre-jubilaeum\/#primaryimage","url":"https:\/\/news.save.ch\/wp-content\/uploads\/2019\/07\/ceo-swissphone.jpg","contentUrl":"https:\/\/news.save.ch\/wp-content\/uploads\/2019\/07\/ceo-swissphone.jpg","width":695,"height":725,"caption":"Swissphone-CEO Angelo Saccoccia. Foto: Michael Buchner, Swissphone"},{"@type":"BreadcrumbList","@id":"https:\/\/news.save.ch\/swissphone-nachfolgeregelung-und-50-jahre-jubilaeum\/#breadcrumb","itemListElement":[{"@type":"ListItem","position":1,"name":"Home","item":"https:\/\/news.save.ch\/de\/"},{"@type":"ListItem","position":2,"name":"Swissphone: Nachfolgeregelung und 50-j\u00e4hriges Jubil\u00e4um"}]},{"@type":"WebSite","@id":"https:\/\/news.save.ch\/de\/#website","url":"https:\/\/news.save.ch\/de\/","name":"Save","description":"Schweizer Fachzeitschrift f\u00fcr Sicherheit","publisher":{"@id":"https:\/\/news.save.ch\/de\/#organization"},"potentialAction":[{"@type":"SearchAction","target":{"@type":"EntryPoint","urlTemplate":"https:\/\/news.save.ch\/de\/?s={search_term_string}"},"query-input":{"@type":"PropertyValueSpecification","valueRequired":true,"valueName":"search_term_string"}}],"inLanguage":"de"},{"@type":"Organization","@id":"https:\/\/news.save.ch\/de\/#organization","name":"Sicherheitsforum","url":"https:\/\/news.save.ch\/de\/","logo":{"@type":"ImageObject","inLanguage":"de","@id":"https:\/\/news.save.ch\/de\/#\/schema\/logo\/image\/","url":"https:\/\/news.save.ch\/wp-content\/uploads\/2022\/06\/Logo_SF_2012.png","contentUrl":"https:\/\/news.save.ch\/wp-content\/uploads\/2022\/06\/Logo_SF_2012.png","width":1100,"height":91,"caption":"Sicherheitsforum"},"image":{"@id":"https:\/\/news.save.ch\/de\/#\/schema\/logo\/image\/"}},{"@type":"Person","@id":"https:\/\/news.save.ch\/de\/#\/schema\/person\/d5022db048e0e2b9785c50e5b24da5aa","name":"Roger Str\u00e4ssle","image":{"@type":"ImageObject","inLanguage":"de","@id":"https:\/\/secure.gravatar.com\/avatar\/862a5569d087de48e5856e32f45d719a03804c891d6deb8d4f71a660e79e4a47?s=96&d=mm&r=g","url":"https:\/\/secure.gravatar.com\/avatar\/862a5569d087de48e5856e32f45d719a03804c891d6deb8d4f71a660e79e4a47?s=96&d=mm&r=g","contentUrl":"https:\/\/secure.gravatar.com\/avatar\/862a5569d087de48e5856e32f45d719a03804c891d6deb8d4f71a660e79e4a47?s=96&d=mm&r=g","caption":"Roger Str\u00e4ssle"},"url":"https:\/\/news.save.ch\/de\/author\/roger-straessle\/"}]}},"_links":{"self":[{"href":"https:\/\/news.save.ch\/de\/wp-json\/wp\/v2\/posts\/8345","targetHints":{"allow":["GET"]}}],"collection":[{"href":"https:\/\/news.save.ch\/de\/wp-json\/wp\/v2\/posts"}],"about":[{"href":"https:\/\/news.save.ch\/de\/wp-json\/wp\/v2\/types\/post"}],"author":[{"embeddable":true,"href":"https:\/\/news.save.ch\/de\/wp-json\/wp\/v2\/users\/8"}],"replies":[{"embeddable":true,"href":"https:\/\/news.save.ch\/de\/wp-json\/wp\/v2\/comments?post=8345"}],"version-history":[{"count":0,"href":"https:\/\/news.save.ch\/de\/wp-json\/wp\/v2\/posts\/8345\/revisions"}],"wp:featuredmedia":[{"embeddable":true,"href":"https:\/\/news.save.ch\/de\/wp-json\/wp\/v2\/media\/8346"}],"wp:attachment":[{"href":"https:\/\/news.save.ch\/de\/wp-json\/wp\/v2\/media?parent=8345"}],"wp:term":[{"taxonomy":"category","embeddable":true,"href":"https:\/\/news.save.ch\/de\/wp-json\/wp\/v2\/categories?post=8345"},{"taxonomy":"post_tag","embeddable":true,"href":"https:\/\/news.save.ch\/de\/wp-json\/wp\/v2\/tags?post=8345"}],"curies":[{"name":"wp","href":"https:\/\/api.w.org\/{rel}","templated":true}]}}