{"id":8382,"date":"2022-01-19T08:53:59","date_gmt":"2022-01-19T07:53:59","guid":{"rendered":"https:\/\/news.save.ch\/?p=8382"},"modified":"2023-07-08T11:07:48","modified_gmt":"2023-07-08T09:07:48","slug":"wir-wollen-unsere-stellung-weiter-ausbauen","status":null,"type":"post","link":"https:\/\/news.save.ch\/de\/wir-wollen-unsere-stellung-weiter-ausbauen\/","title":{"rendered":"\u00abWir wollen unsere Stellung weiter ausbauen\u00bb"},"content":{"rendered":"<p><strong><img loading=\"lazy\" decoding=\"async\" class=\"alignnone wp-image-8384 size-full\" src=\"https:\/\/news.save.ch\/wp-content\/uploads\/2022\/01\/Graber_teaser.jpg\" alt=\"swiss safety\" width=\"669\" height=\"594\" srcset=\"https:\/\/news.save.ch\/wp-content\/uploads\/2022\/01\/Graber_teaser.jpg 669w, https:\/\/news.save.ch\/wp-content\/uploads\/2022\/01\/Graber_teaser-14x12.jpg 14w, https:\/\/news.save.ch\/wp-content\/uploads\/2022\/01\/Graber_teaser-338x300.jpg 338w, https:\/\/news.save.ch\/wp-content\/uploads\/2022\/01\/Graber_teaser-394x350.jpg 394w\" sizes=\"auto, (max-width: 669px) 100vw, 669px\" \/><\/strong><\/p>\n<p><strong>Herr Graber, was sind gegenw\u00e4rtig die gr\u00f6ssten Herausforderungen in der PSA-Branche der Schweiz\u00a0<\/strong><strong>in Bezug auf die Hersteller bzw. Anbieter?<\/strong><\/p>\n<p>Seitens Hersteller sind momentan nach wie vor Lieferengp\u00e4sse diverser Materialien ein Thema. Auch die Rezertifizierung nach der neuen EU-Verordnung 2016\/425 ist immer noch im Gange. Hier kommen immer wieder Fragen auf, zumal viele Notified Bodies (von der EU benannte Stellen) teilweise verschiedene Interpretationen der Verordnung hervorbringen. Letztlich m\u00fcssen die zus\u00e4tzlichen Erfordernisse, welche von Gesetzes wegen auf uns zu\u00adkommen \u2013 unabh\u00e4ngig davon, ob sinnvoll oder nicht\u00a0\u2013, auch in der Kalkulation ber\u00fccksichtigt werden. Gerade f\u00fcr die kleineren Hersteller ist letztlich auch die Kostenfolge von Rezertifizierungen nicht unerheblich.<\/p>\n<p><strong>Was hat das f\u00fcr Konsequenzen f\u00fcr die Anwender?<\/strong><\/p>\n<p>\u00c4hnlich wie die Hersteller kommen auch die Arbeitgeber\/Anwender durch angepasste Verordnungen und Gesetze unter Druck. Auch hier ist es teilweise schwierig, die \u00dcbersicht zu behalten, geschweige denn, die Mitarbeitenden stets zu schulen und zu instruieren, sodass sie in den entscheidenden Themen im Bereich der PSA \u00abup to date\u00bb sind. Oft wird auch die Bedeutung der pers\u00f6nlichen Schutzausr\u00fcstung in der Chefetage nicht verstanden \u2013 die Folge davon ist, dass gespart wird bei der PSA. Es werden Produkte gekauft, welche nur bedingt akzeptiert und entsprechend nicht konsequent getragen werden. Es lohnt sich also, die Mitarbeitenden in die Auswahl der richtigen PSA miteinzubeziehen, denn nur getragene PSA ist gute PSA. Schliesslich hat jeder in die Arbeitssicherheit investierte Franken einen Return on Invest von Faktor 2,2.<\/p>\n<p><strong>Was steht im Moment auf der Agenda des Verbands?<\/strong><\/p>\n<p>Als Dach unserer Strategie steht die \u00adVi\u00adsion 2030 \u2013 mit welcher wir das Ziel verfolgen, bis 2030 DAS Kompetenz\u00adzentrum f\u00fcr PSA in der Schweiz zu sein. Folgende Schritte sind dazu bereits am Laufen \u00adrespektive in Planung: ein produktneu\u00adtrales, branchenspezifisches Schulungsprogramm, welches sich aus einem Theorie- und einem Praxisteil zusammensetzt. Die ersten Kurse sind aktuell am Laufen und\/oder ausgeschrieben. Angedacht sind Kurse, welche sich mit der Sicherheitskultur und m\u00f6glichen kulturellen Ver\u00e4nderungen auseinandersetzen \u2013 diese sind allerdings erst in Planung. Die \u00abErschliessung\u00bb des Welschlandes in Form einer Gesch\u00e4ftsstelle in der Romandie ist ebenfalls Teil unserer Strategie.<\/p>\n<p>Eine weitere Mitgliederkategorie namens \u00abVitamin PSA\u00bb f\u00fcr Sicherheitsbeauftragte aus der Industrie ist ebenfalls Teil unserer Strategie, um auch hier einen qualitativ hochwertigen Austausch zu generieren. Zudem sind wir gerade in der Endphase der Digitalisierung der Toolbox. Wir konnten f\u00fcr die Umsetzung bereits einen der gr\u00f6ssten Arbeitgeber der Schweiz ins Boot holen. Das heisst, dort wird die E-Toolbox bald auf allen Endger\u00e4ten zum Abruf und zur In\u00adstruktion f\u00fcr Mitarbeitende zur Verf\u00fcgung stehen.<\/p>\n<p><strong>Der Swiss-Safety-Verband bietet neu auch PSA-Schulungen f\u00fcr verschiedene Branchen an. Wie ist es dazu gekommen?<\/strong><\/p>\n<p>Die Vermittlung von Know-how ist Swiss Safety ein wichtiges Anliegen. Wir wollten ein sinnvolles Schulungsangebot \u00adkreieren, das den Teilnehmenden im \u00adArbeitsalltag hilft, mit PSA richtig um\u00adzugehen. Wir tauschten uns intern lange \u00fcber diese Idee aus, blickten \u00fcber die Landesgrenzen und diskutierten die M\u00f6glichkeiten prim\u00e4r mit unseren Mitgliedern. Zwei von ihnen sind im Schulungsbereich t\u00e4tig und wussten, was der Branche noch fehlt: eine praxisorientierte Ausbildung rund um PSA. Wir m\u00f6chten die Anwendung von PSA thematisieren und diese \u00adabsolut produktneutral und praxisnah schulen.<\/p>\n<p><strong>Wie ist die bisherige Resonanz?<\/strong><\/p>\n<p>Dazu kann ich noch nicht sehr viel sagen, weil wir erst ganz neu gestartet sind. Das Interesse ist aber grunds\u00e4tzlich gross, da wir eben keine Verkaufsveranstaltung anbieten, sondern produktneutrale Formate.<\/p>\n<p><em>Dieses Interview erschien urspr\u00fcnglich in der gedruckten Ausgabe SAFETY-PLUS 4-2021.<\/em><\/p>\n<p><em>Sie wollen das vollst\u00e4ndige Interview in dieser Ausgabe lesen? Dann schliessen Sie gleich\u00a0<a href=\"https:\/\/news.save.ch\/abo-bestellung\/\" target=\"_blank\" rel=\"noopener\">hier<\/a>\u00a0ein Abonnement ab.<\/em><\/p>\n<p><a href=\"https:\/\/www.swiss-safety.ch\/\" target=\"_blank\" rel=\"noopener\">www.swiss-safety.ch<\/a><\/p>\n","protected":false},"excerpt":{"rendered":"<p>Herr Graber, was sind gegenw\u00e4rtig die gr\u00f6ssten Herausforderungen in der PSA-Branche der Schweiz\u00a0in Bezug auf die Hersteller bzw. Anbieter? Seitens Hersteller sind momentan nach wie vor Lieferengp\u00e4sse diverser Materialien ein Thema. Auch die Rezertifizierung nach der neuen EU-Verordnung 2016\/425 ist immer noch im Gange. Hier kommen immer wieder Fragen auf, zumal viele Notified Bodies (von [&hellip;]<\/p>\n","protected":false},"author":9,"featured_media":8384,"comment_status":"closed","ping_status":"closed","sticky":false,"template":"","format":"standard","meta":{"_acf_changed":false,"pgc_sgb_lightbox_settings":"","footnotes":""},"categories":[1,3314],"tags":[4946,4947,2722,4945,3052,3054],"class_list":["post-8382","post","type-post","status-publish","format-standard","has-post-thumbnail","hentry","category-allgemein","category-health-safety","tag-eu-verordnung-2016-425","tag-notified-bodies-und-psa-schulungen","tag-psa","tag-rezertifizierung","tag-swiss-safety","tag-swiss-safety-verband"],"acf":[],"hkrextid":null,"publication":null,"issue":null,"workflow":null,"startPage":null,"spitzmarke":null,"_posts_by_tag_page_fields":{"widget_title":"","widget_tags":""},"_at_widget":"1","_yoast_wpseo_primary_category":"1","_yoast_wpseo_focuskw_text_input":null,"_yoast_wpseo_opengraph-image":null,"_yoast_wpseo_opengraph-description":null,"_yoast_wpseo_opengraph-title":null,"enclosure":null,"_yoast_wpseo_twitter-title":null,"_yoast_wpseo_twitter-description":null,"_yoast_wpseo_twitter-image":null,"_wp_old_slug":null,"_yoast_wpseo_title":null,"_yoast_wpseo_canonical":null,"yoast_head":"<!-- This site is optimized with the Yoast SEO plugin v27.5 - https:\/\/yoast.com\/product\/yoast-seo-wordpress\/ -->\n<title>\u00abWir wollen unsere Stellung weiter ausbauen\u00bb - Save<\/title>\n<meta name=\"description\" content=\"swiss safety, der Branchenverband der Schweizer PSA-Anbieter, hat sich f\u00fcr die Agenda 2022 einige grosse Ziele auf die Fahne geschrieben. Wie es um den Schweizer PSA-Markt bestellt ist und auf welche Milestones der Verband zur\u00fcckblicken kann, dazu Pr\u00e4sident Dominique Graber im Interview.\" \/>\n<meta name=\"robots\" content=\"index, follow, max-snippet:-1, max-image-preview:large, max-video-preview:-1\" \/>\n<link rel=\"canonical\" href=\"https:\/\/news.save.ch\/de\/wir-wollen-unsere-stellung-weiter-ausbauen\/\" \/>\n<meta property=\"og:locale\" content=\"de_DE\" \/>\n<meta property=\"og:type\" content=\"article\" \/>\n<meta property=\"og:title\" content=\"\u00abWir wollen unsere Stellung weiter ausbauen\u00bb - Save\" \/>\n<meta property=\"og:description\" content=\"swiss safety, der Branchenverband der Schweizer PSA-Anbieter, hat sich f\u00fcr die Agenda 2022 einige grosse Ziele auf die Fahne geschrieben. Wie es um den Schweizer PSA-Markt bestellt ist und auf welche Milestones der Verband zur\u00fcckblicken kann, dazu Pr\u00e4sident Dominique Graber im Interview.\" \/>\n<meta property=\"og:url\" content=\"https:\/\/news.save.ch\/de\/wir-wollen-unsere-stellung-weiter-ausbauen\/\" \/>\n<meta property=\"og:site_name\" content=\"Save\" \/>\n<meta property=\"article:published_time\" content=\"2022-01-19T07:53:59+00:00\" \/>\n<meta property=\"article:modified_time\" content=\"2023-07-08T09:07:48+00:00\" \/>\n<meta property=\"og:image\" content=\"https:\/\/news.save.ch\/wp-content\/uploads\/2022\/01\/Graber_teaser.jpg\" \/>\n\t<meta property=\"og:image:width\" content=\"669\" \/>\n\t<meta property=\"og:image:height\" content=\"594\" \/>\n\t<meta property=\"og:image:type\" content=\"image\/jpeg\" \/>\n<meta name=\"author\" content=\"Simon Gr\u00f6flin\" \/>\n<meta name=\"twitter:card\" content=\"summary_large_image\" \/>\n<meta name=\"twitter:label1\" content=\"Geschrieben von\" \/>\n\t<meta name=\"twitter:data1\" content=\"Simon Gr\u00f6flin\" \/>\n\t<meta name=\"twitter:label2\" content=\"Gesch\u00e4tzte Lesezeit\" \/>\n\t<meta name=\"twitter:data2\" content=\"4\u00a0Minuten\" \/>\n<script type=\"application\/ld+json\" class=\"yoast-schema-graph\">{\"@context\":\"https:\\\/\\\/schema.org\",\"@graph\":[{\"@type\":\"Article\",\"@id\":\"https:\\\/\\\/news.save.ch\\\/wir-wollen-unsere-stellung-weiter-ausbauen\\\/#article\",\"isPartOf\":{\"@id\":\"https:\\\/\\\/news.save.ch\\\/wir-wollen-unsere-stellung-weiter-ausbauen\\\/\"},\"author\":{\"name\":\"Simon Gr\u00f6flin\",\"@id\":\"https:\\\/\\\/news.save.ch\\\/de\\\/#\\\/schema\\\/person\\\/ad4ef21102fd6125312409ac57d5296d\"},\"headline\":\"\u00abWir wollen unsere Stellung weiter ausbauen\u00bb\",\"datePublished\":\"2022-01-19T07:53:59+00:00\",\"dateModified\":\"2023-07-08T09:07:48+00:00\",\"mainEntityOfPage\":{\"@id\":\"https:\\\/\\\/news.save.ch\\\/wir-wollen-unsere-stellung-weiter-ausbauen\\\/\"},\"wordCount\":606,\"publisher\":{\"@id\":\"https:\\\/\\\/news.save.ch\\\/de\\\/#organization\"},\"image\":{\"@id\":\"https:\\\/\\\/news.save.ch\\\/wir-wollen-unsere-stellung-weiter-ausbauen\\\/#primaryimage\"},\"thumbnailUrl\":\"https:\\\/\\\/news.save.ch\\\/wp-content\\\/uploads\\\/2022\\\/01\\\/Graber_teaser.jpg\",\"keywords\":[\"EU-Verordnung 2016\\\/425\",\"Notified Bodies und PSA-Schulungen\",\"PSA\",\"Rezertifizierung\",\"Swiss Safety\",\"Swiss Safety Verband\"],\"articleSection\":[\"ALLGEMEIN\",\"HEALTH &amp; SAFETY\"],\"inLanguage\":\"de\"},{\"@type\":\"WebPage\",\"@id\":\"https:\\\/\\\/news.save.ch\\\/wir-wollen-unsere-stellung-weiter-ausbauen\\\/\",\"url\":\"https:\\\/\\\/news.save.ch\\\/wir-wollen-unsere-stellung-weiter-ausbauen\\\/\",\"name\":\"\u00abWir wollen unsere Stellung weiter ausbauen\u00bb - Save\",\"isPartOf\":{\"@id\":\"https:\\\/\\\/news.save.ch\\\/de\\\/#website\"},\"primaryImageOfPage\":{\"@id\":\"https:\\\/\\\/news.save.ch\\\/wir-wollen-unsere-stellung-weiter-ausbauen\\\/#primaryimage\"},\"image\":{\"@id\":\"https:\\\/\\\/news.save.ch\\\/wir-wollen-unsere-stellung-weiter-ausbauen\\\/#primaryimage\"},\"thumbnailUrl\":\"https:\\\/\\\/news.save.ch\\\/wp-content\\\/uploads\\\/2022\\\/01\\\/Graber_teaser.jpg\",\"datePublished\":\"2022-01-19T07:53:59+00:00\",\"dateModified\":\"2023-07-08T09:07:48+00:00\",\"description\":\"swiss safety, der Branchenverband der Schweizer PSA-Anbieter, hat sich f\u00fcr die Agenda 2022 einige grosse Ziele auf die Fahne geschrieben. Wie es um den Schweizer PSA-Markt bestellt ist und auf welche Milestones der Verband zur\u00fcckblicken kann, dazu Pr\u00e4sident Dominique Graber im Interview.\",\"breadcrumb\":{\"@id\":\"https:\\\/\\\/news.save.ch\\\/wir-wollen-unsere-stellung-weiter-ausbauen\\\/#breadcrumb\"},\"inLanguage\":\"de\",\"potentialAction\":[{\"@type\":\"ReadAction\",\"target\":[\"https:\\\/\\\/news.save.ch\\\/wir-wollen-unsere-stellung-weiter-ausbauen\\\/\"]}]},{\"@type\":\"ImageObject\",\"inLanguage\":\"de\",\"@id\":\"https:\\\/\\\/news.save.ch\\\/wir-wollen-unsere-stellung-weiter-ausbauen\\\/#primaryimage\",\"url\":\"https:\\\/\\\/news.save.ch\\\/wp-content\\\/uploads\\\/2022\\\/01\\\/Graber_teaser.jpg\",\"contentUrl\":\"https:\\\/\\\/news.save.ch\\\/wp-content\\\/uploads\\\/2022\\\/01\\\/Graber_teaser.jpg\",\"width\":669,\"height\":594,\"caption\":\"\u00abWir wollen unsere Stellung weiter ausbauen\u00bb\"},{\"@type\":\"BreadcrumbList\",\"@id\":\"https:\\\/\\\/news.save.ch\\\/wir-wollen-unsere-stellung-weiter-ausbauen\\\/#breadcrumb\",\"itemListElement\":[{\"@type\":\"ListItem\",\"position\":1,\"name\":\"Home\",\"item\":\"https:\\\/\\\/news.save.ch\\\/de\\\/\"},{\"@type\":\"ListItem\",\"position\":2,\"name\":\"\u00abWir wollen unsere Stellung weiter ausbauen\u00bb\"}]},{\"@type\":\"WebSite\",\"@id\":\"https:\\\/\\\/news.save.ch\\\/de\\\/#website\",\"url\":\"https:\\\/\\\/news.save.ch\\\/de\\\/\",\"name\":\"Save\",\"description\":\"Schweizer Fachzeitschrift f\u00fcr Sicherheit\",\"publisher\":{\"@id\":\"https:\\\/\\\/news.save.ch\\\/de\\\/#organization\"},\"potentialAction\":[{\"@type\":\"SearchAction\",\"target\":{\"@type\":\"EntryPoint\",\"urlTemplate\":\"https:\\\/\\\/news.save.ch\\\/de\\\/?s={search_term_string}\"},\"query-input\":{\"@type\":\"PropertyValueSpecification\",\"valueRequired\":true,\"valueName\":\"search_term_string\"}}],\"inLanguage\":\"de\"},{\"@type\":\"Organization\",\"@id\":\"https:\\\/\\\/news.save.ch\\\/de\\\/#organization\",\"name\":\"Sicherheitsforum\",\"url\":\"https:\\\/\\\/news.save.ch\\\/de\\\/\",\"logo\":{\"@type\":\"ImageObject\",\"inLanguage\":\"de\",\"@id\":\"https:\\\/\\\/news.save.ch\\\/de\\\/#\\\/schema\\\/logo\\\/image\\\/\",\"url\":\"https:\\\/\\\/news.save.ch\\\/wp-content\\\/uploads\\\/2022\\\/06\\\/Logo_SF_2012.png\",\"contentUrl\":\"https:\\\/\\\/news.save.ch\\\/wp-content\\\/uploads\\\/2022\\\/06\\\/Logo_SF_2012.png\",\"width\":1100,\"height\":91,\"caption\":\"Sicherheitsforum\"},\"image\":{\"@id\":\"https:\\\/\\\/news.save.ch\\\/de\\\/#\\\/schema\\\/logo\\\/image\\\/\"}},{\"@type\":\"Person\",\"@id\":\"https:\\\/\\\/news.save.ch\\\/de\\\/#\\\/schema\\\/person\\\/ad4ef21102fd6125312409ac57d5296d\",\"name\":\"Simon Gr\u00f6flin\",\"image\":{\"@type\":\"ImageObject\",\"inLanguage\":\"de\",\"@id\":\"https:\\\/\\\/secure.gravatar.com\\\/avatar\\\/6ddceb80eb734354635539e0ea5140bb7c41e42de7c45c9a2ab9921b5d5c9a83?s=96&d=mm&r=g\",\"url\":\"https:\\\/\\\/secure.gravatar.com\\\/avatar\\\/6ddceb80eb734354635539e0ea5140bb7c41e42de7c45c9a2ab9921b5d5c9a83?s=96&d=mm&r=g\",\"contentUrl\":\"https:\\\/\\\/secure.gravatar.com\\\/avatar\\\/6ddceb80eb734354635539e0ea5140bb7c41e42de7c45c9a2ab9921b5d5c9a83?s=96&d=mm&r=g\",\"caption\":\"Simon Gr\u00f6flin\"},\"url\":\"https:\\\/\\\/news.save.ch\\\/de\\\/author\\\/simon-groeflin\\\/\"}]}<\/script>\n<!-- \/ Yoast SEO plugin. -->","yoast_head_json":{"title":"\u00abWir wollen unsere Stellung weiter ausbauen\u00bb - Save","description":"swiss safety, der Branchenverband der Schweizer PSA-Anbieter, hat sich f\u00fcr die Agenda 2022 einige grosse Ziele auf die Fahne geschrieben. Wie es um den Schweizer PSA-Markt bestellt ist und auf welche Milestones der Verband zur\u00fcckblicken kann, dazu Pr\u00e4sident Dominique Graber im Interview.","robots":{"index":"index","follow":"follow","max-snippet":"max-snippet:-1","max-image-preview":"max-image-preview:large","max-video-preview":"max-video-preview:-1"},"canonical":"https:\/\/news.save.ch\/de\/wir-wollen-unsere-stellung-weiter-ausbauen\/","og_locale":"de_DE","og_type":"article","og_title":"\u00abWir wollen unsere Stellung weiter ausbauen\u00bb - Save","og_description":"swiss safety, der Branchenverband der Schweizer PSA-Anbieter, hat sich f\u00fcr die Agenda 2022 einige grosse Ziele auf die Fahne geschrieben. Wie es um den Schweizer PSA-Markt bestellt ist und auf welche Milestones der Verband zur\u00fcckblicken kann, dazu Pr\u00e4sident Dominique Graber im Interview.","og_url":"https:\/\/news.save.ch\/de\/wir-wollen-unsere-stellung-weiter-ausbauen\/","og_site_name":"Save","article_published_time":"2022-01-19T07:53:59+00:00","article_modified_time":"2023-07-08T09:07:48+00:00","og_image":[{"width":669,"height":594,"url":"https:\/\/news.save.ch\/wp-content\/uploads\/2022\/01\/Graber_teaser.jpg","type":"image\/jpeg"}],"author":"Simon Gr\u00f6flin","twitter_card":"summary_large_image","twitter_misc":{"Geschrieben von":"Simon Gr\u00f6flin","Gesch\u00e4tzte Lesezeit":"4\u00a0Minuten"},"schema":{"@context":"https:\/\/schema.org","@graph":[{"@type":"Article","@id":"https:\/\/news.save.ch\/wir-wollen-unsere-stellung-weiter-ausbauen\/#article","isPartOf":{"@id":"https:\/\/news.save.ch\/wir-wollen-unsere-stellung-weiter-ausbauen\/"},"author":{"name":"Simon Gr\u00f6flin","@id":"https:\/\/news.save.ch\/de\/#\/schema\/person\/ad4ef21102fd6125312409ac57d5296d"},"headline":"\u00abWir wollen unsere Stellung weiter ausbauen\u00bb","datePublished":"2022-01-19T07:53:59+00:00","dateModified":"2023-07-08T09:07:48+00:00","mainEntityOfPage":{"@id":"https:\/\/news.save.ch\/wir-wollen-unsere-stellung-weiter-ausbauen\/"},"wordCount":606,"publisher":{"@id":"https:\/\/news.save.ch\/de\/#organization"},"image":{"@id":"https:\/\/news.save.ch\/wir-wollen-unsere-stellung-weiter-ausbauen\/#primaryimage"},"thumbnailUrl":"https:\/\/news.save.ch\/wp-content\/uploads\/2022\/01\/Graber_teaser.jpg","keywords":["EU-Verordnung 2016\/425","Notified Bodies und PSA-Schulungen","PSA","Rezertifizierung","Swiss Safety","Swiss Safety Verband"],"articleSection":["ALLGEMEIN","HEALTH &amp; SAFETY"],"inLanguage":"de"},{"@type":"WebPage","@id":"https:\/\/news.save.ch\/wir-wollen-unsere-stellung-weiter-ausbauen\/","url":"https:\/\/news.save.ch\/wir-wollen-unsere-stellung-weiter-ausbauen\/","name":"\u00abWir wollen unsere Stellung weiter ausbauen\u00bb - Save","isPartOf":{"@id":"https:\/\/news.save.ch\/de\/#website"},"primaryImageOfPage":{"@id":"https:\/\/news.save.ch\/wir-wollen-unsere-stellung-weiter-ausbauen\/#primaryimage"},"image":{"@id":"https:\/\/news.save.ch\/wir-wollen-unsere-stellung-weiter-ausbauen\/#primaryimage"},"thumbnailUrl":"https:\/\/news.save.ch\/wp-content\/uploads\/2022\/01\/Graber_teaser.jpg","datePublished":"2022-01-19T07:53:59+00:00","dateModified":"2023-07-08T09:07:48+00:00","description":"swiss safety, der Branchenverband der Schweizer PSA-Anbieter, hat sich f\u00fcr die Agenda 2022 einige grosse Ziele auf die Fahne geschrieben. Wie es um den Schweizer PSA-Markt bestellt ist und auf welche Milestones der Verband zur\u00fcckblicken kann, dazu Pr\u00e4sident Dominique Graber im Interview.","breadcrumb":{"@id":"https:\/\/news.save.ch\/wir-wollen-unsere-stellung-weiter-ausbauen\/#breadcrumb"},"inLanguage":"de","potentialAction":[{"@type":"ReadAction","target":["https:\/\/news.save.ch\/wir-wollen-unsere-stellung-weiter-ausbauen\/"]}]},{"@type":"ImageObject","inLanguage":"de","@id":"https:\/\/news.save.ch\/wir-wollen-unsere-stellung-weiter-ausbauen\/#primaryimage","url":"https:\/\/news.save.ch\/wp-content\/uploads\/2022\/01\/Graber_teaser.jpg","contentUrl":"https:\/\/news.save.ch\/wp-content\/uploads\/2022\/01\/Graber_teaser.jpg","width":669,"height":594,"caption":"\u00abWir wollen unsere Stellung weiter ausbauen\u00bb"},{"@type":"BreadcrumbList","@id":"https:\/\/news.save.ch\/wir-wollen-unsere-stellung-weiter-ausbauen\/#breadcrumb","itemListElement":[{"@type":"ListItem","position":1,"name":"Home","item":"https:\/\/news.save.ch\/de\/"},{"@type":"ListItem","position":2,"name":"\u00abWir wollen unsere Stellung weiter ausbauen\u00bb"}]},{"@type":"WebSite","@id":"https:\/\/news.save.ch\/de\/#website","url":"https:\/\/news.save.ch\/de\/","name":"Save","description":"Schweizer Fachzeitschrift f\u00fcr Sicherheit","publisher":{"@id":"https:\/\/news.save.ch\/de\/#organization"},"potentialAction":[{"@type":"SearchAction","target":{"@type":"EntryPoint","urlTemplate":"https:\/\/news.save.ch\/de\/?s={search_term_string}"},"query-input":{"@type":"PropertyValueSpecification","valueRequired":true,"valueName":"search_term_string"}}],"inLanguage":"de"},{"@type":"Organization","@id":"https:\/\/news.save.ch\/de\/#organization","name":"Sicherheitsforum","url":"https:\/\/news.save.ch\/de\/","logo":{"@type":"ImageObject","inLanguage":"de","@id":"https:\/\/news.save.ch\/de\/#\/schema\/logo\/image\/","url":"https:\/\/news.save.ch\/wp-content\/uploads\/2022\/06\/Logo_SF_2012.png","contentUrl":"https:\/\/news.save.ch\/wp-content\/uploads\/2022\/06\/Logo_SF_2012.png","width":1100,"height":91,"caption":"Sicherheitsforum"},"image":{"@id":"https:\/\/news.save.ch\/de\/#\/schema\/logo\/image\/"}},{"@type":"Person","@id":"https:\/\/news.save.ch\/de\/#\/schema\/person\/ad4ef21102fd6125312409ac57d5296d","name":"Simon Gr\u00f6flin","image":{"@type":"ImageObject","inLanguage":"de","@id":"https:\/\/secure.gravatar.com\/avatar\/6ddceb80eb734354635539e0ea5140bb7c41e42de7c45c9a2ab9921b5d5c9a83?s=96&d=mm&r=g","url":"https:\/\/secure.gravatar.com\/avatar\/6ddceb80eb734354635539e0ea5140bb7c41e42de7c45c9a2ab9921b5d5c9a83?s=96&d=mm&r=g","contentUrl":"https:\/\/secure.gravatar.com\/avatar\/6ddceb80eb734354635539e0ea5140bb7c41e42de7c45c9a2ab9921b5d5c9a83?s=96&d=mm&r=g","caption":"Simon Gr\u00f6flin"},"url":"https:\/\/news.save.ch\/de\/author\/simon-groeflin\/"}]}},"_links":{"self":[{"href":"https:\/\/news.save.ch\/de\/wp-json\/wp\/v2\/posts\/8382","targetHints":{"allow":["GET"]}}],"collection":[{"href":"https:\/\/news.save.ch\/de\/wp-json\/wp\/v2\/posts"}],"about":[{"href":"https:\/\/news.save.ch\/de\/wp-json\/wp\/v2\/types\/post"}],"author":[{"embeddable":true,"href":"https:\/\/news.save.ch\/de\/wp-json\/wp\/v2\/users\/9"}],"replies":[{"embeddable":true,"href":"https:\/\/news.save.ch\/de\/wp-json\/wp\/v2\/comments?post=8382"}],"version-history":[{"count":3,"href":"https:\/\/news.save.ch\/de\/wp-json\/wp\/v2\/posts\/8382\/revisions"}],"predecessor-version":[{"id":20644,"href":"https:\/\/news.save.ch\/de\/wp-json\/wp\/v2\/posts\/8382\/revisions\/20644"}],"wp:featuredmedia":[{"embeddable":true,"href":"https:\/\/news.save.ch\/de\/wp-json\/wp\/v2\/media\/8384"}],"wp:attachment":[{"href":"https:\/\/news.save.ch\/de\/wp-json\/wp\/v2\/media?parent=8382"}],"wp:term":[{"taxonomy":"category","embeddable":true,"href":"https:\/\/news.save.ch\/de\/wp-json\/wp\/v2\/categories?post=8382"},{"taxonomy":"post_tag","embeddable":true,"href":"https:\/\/news.save.ch\/de\/wp-json\/wp\/v2\/tags?post=8382"}],"curies":[{"name":"wp","href":"https:\/\/api.w.org\/{rel}","templated":true}]}}