{"id":8504,"date":"2019-08-19T07:00:47","date_gmt":"2019-08-19T05:00:47","guid":{"rendered":"https:\/\/news.save.ch\/?p=8504"},"modified":"2019-08-19T07:00:47","modified_gmt":"2019-08-19T05:00:47","slug":"private-sicherheitsdienstleistungen-im-ausland","status":null,"type":"post","link":"https:\/\/news.save.ch\/de\/private-sicherheitsdienstleistungen-im-ausland\/","title":{"rendered":"Private Sicherheitsdienstleistungen im Ausland"},"content":{"rendered":"<figure id=\"attachment_8505\" aria-describedby=\"caption-attachment-8505\" style=\"width: 571px\" class=\"wp-caption aligncenter\"><img loading=\"lazy\" decoding=\"async\" class=\" wp-image-8505\" src=\"https:\/\/news.save.ch\/wp-content\/uploads\/2019\/08\/Depositphotos_56726101_l-2015.jpg\" alt=\"\" width=\"571\" height=\"571\" \/><figcaption id=\"caption-attachment-8505\" class=\"wp-caption-text\">\u00a9 depositphotos, YadvigaGr<\/figcaption><\/figure>\n<p>&nbsp;<\/p>\n<p>Das Bundesgesetz \u00fcber die im Ausland erbrachten privaten Sicherheitsdienstleistungen (BPS) trat am 1. September 2015 in Kraft. Seither sind Unternehmen, die von der Schweiz aus private Sicherheitsdienstleistungen anbieten wollen, verpflichtet, diese vorg\u00e4ngig der zust\u00e4ndigen Beh\u00f6rde zu melden. F\u00fcr die Umsetzung des neuen Gesetzes ist die Sektion Private Sicherheitsdienste (SPSD) der Politischen Direktion des Eidgen\u00f6ssischen Departements f\u00fcr ausw\u00e4rtige Angelegenheiten (EDA) verantwortlich. Gem\u00e4ss Artikel 37 BPS verfasst die zust\u00e4ndige Beh\u00f6rde jedes Jahr einen T\u00e4tigkeitsbericht zuhanden des Bundesrats. Der Bericht kann auf der Website des EDA eingesehen werden.<\/p>\n<p><strong>Geografische Konzentration<\/strong><\/p>\n<p>Im Jahr 2018 gingen bei der zust\u00e4ndigen Beh\u00f6rde 479 Meldungen ein. Sie betrafen haupts\u00e4chlich drei Gruppen von T\u00e4tigkeiten: Personenschutz und Bewachung von G\u00fctern und Liegenschaften in einem komplexen Umfeld, private nachrichtendienstliche T\u00e4tigkeiten und Unterst\u00fctzung von Streit- oder Sicherheitskr\u00e4ften. Es ist eine geografische Konzentration der Aktivit\u00e4ten in Nordafrika und im Nahen Osten, wo \u00fcber die H\u00e4lfte der gemeldeten T\u00e4tigkeiten ausge\u00fcbt wurden, sowie in Europa und Zentralasien festzustellen.<\/p>\n<p>Die zust\u00e4ndige Beh\u00f6rde hat im Berichtszeitraum 16 Pr\u00fcfverfahren nach Artikel 13 BPS eingeleitet. In drei F\u00e4llen konnte die gemeldete T\u00e4tigkeit ausge\u00fcbt werden. In sieben F\u00e4llen hat die Beh\u00f6rde die gemeldete T\u00e4tigkeit ganz oder teilweise verboten. Sechs F\u00e4lle sind pendent.<\/p>\n<p>Die 2019 getroffenen oder kommunizierten juristischen Entscheide sind im <a href=\"https:\/\/www.newsd.admin.ch\/newsd\/message\/attachments\/57994.pdf\">T\u00e4tigkeitsbericht 2018<\/a> nicht ber\u00fccksichtigt. Die j\u00e4hrlichen T\u00e4tigkeitsberichte sind zudem allgemein gehalten und umfassen keine Angaben zu Einzelf\u00e4llen.<\/p>\n<p><strong>Keine verbotenen T\u00e4tigkeiten<\/strong><\/p>\n<p>Die zust\u00e4ndige Beh\u00f6rde hat keine Kenntnis von Aktivit\u00e4ten erhalten, die gem\u00e4ss Artikel 8 und 9 BPS verboten sind. Es wurden folglich keine privaten Sicherheitsdienstleistungen gemeldet, die eine unmittelbare Teilnahme an Feindseligkeiten darstellen oder zu schweren Menschenrechtsverletzungen f\u00fchren k\u00f6nnten. In ihrem Bericht zieht die zust\u00e4ndige Beh\u00f6rde eine positive Bilanz ihrer Aktivit\u00e4ten des Jahres 2018. Die Bedeutung des mit dem neuen Gesetz geschaffenen Kontrollmechanismus wird international immer breiter anerkannt.<\/p>\n<p>Eine weitere wichtige T\u00e4tigkeit neben der Bearbeitung der Meldungen war die kontinuierliche Information und Sensibilisierung von Unternehmen, die vom Gesetz tangiert sein k\u00f6nnten. Die von der zust\u00e4ndigen Beh\u00f6rde geleistete Informations- und Sensibilisierungsarbeit wurde auf weitere Unternehmen ausgedehnt und trug ausserdem dazu bei, das Bewusstsein der Unternehmen bez\u00fcglich der Pflichten gem\u00e4ss BPS zu st\u00e4rken.<\/p>\n<p>Auf internationaler Ebene beteiligte sich die Beh\u00f6rde am Dialog \u00fcber verbindliche Standards f\u00fcr private Sicherheitsfirmen und \u00fcber die Mechanismen zur Kontrolle ihrer Aktivit\u00e4ten.<\/p>\n<p>Im Verlauf des Jahres 2019 will die zust\u00e4ndige Beh\u00f6rde die Prozesse zur Umsetzung des BPS konsolidieren, die mit dem Seco erarbeiteten Koordinations- und Informationsverfahren festigen und die neuen Versionen der Wegleitung und des Merkblatts zum BPS publizieren.<\/p>\n<p>Die zust\u00e4ndige Beh\u00f6rde wird sich auch in Zukunft den Herausforderungen stellen, welche neue Technologien und die zunehmende Rolle des Cyberspace mit sich bringen.<\/p>\n<p><em>Pressemeldung EDA<\/em><\/p>\n<p>&nbsp;<\/p>\n","protected":false},"excerpt":{"rendered":"<p>&nbsp; Das Bundesgesetz \u00fcber die im Ausland erbrachten privaten Sicherheitsdienstleistungen (BPS) trat am 1. September 2015 in Kraft. Seither sind Unternehmen, die von der Schweiz aus private Sicherheitsdienstleistungen anbieten wollen, verpflichtet, diese vorg\u00e4ngig der zust\u00e4ndigen Beh\u00f6rde zu melden. F\u00fcr die Umsetzung des neuen Gesetzes ist die Sektion Private Sicherheitsdienste (SPSD) der Politischen Direktion des Eidgen\u00f6ssischen [&hellip;]<\/p>\n","protected":false},"author":8,"featured_media":8505,"comment_status":"open","ping_status":"open","sticky":false,"template":"","format":"standard","meta":{"_acf_changed":false,"pgc_sgb_lightbox_settings":"","footnotes":""},"categories":[1],"tags":[522],"class_list":["post-8504","post","type-post","status-publish","format-standard","has-post-thumbnail","hentry","category-allgemein","tag-sicherheitsdienstleistungen"],"acf":[],"hkrextid":null,"publication":null,"issue":null,"workflow":null,"startPage":null,"spitzmarke":null,"_posts_by_tag_page_fields":{"widget_title":"","widget_tags":""},"_at_widget":"1","_yoast_wpseo_primary_category":"1","_yoast_wpseo_focuskw_text_input":"Sicherheitsdienstleistungen","_yoast_wpseo_opengraph-image":null,"_yoast_wpseo_opengraph-description":null,"_yoast_wpseo_opengraph-title":null,"enclosure":null,"_yoast_wpseo_twitter-title":null,"_yoast_wpseo_twitter-description":null,"_yoast_wpseo_twitter-image":null,"_wp_old_slug":null,"_yoast_wpseo_title":null,"_yoast_wpseo_canonical":null,"yoast_head":"<!-- This site is optimized with the Yoast SEO plugin v27.5 - https:\/\/yoast.com\/product\/yoast-seo-wordpress\/ -->\n<title>Private Sicherheitsdienstleistungen im Ausland - Save<\/title>\n<meta name=\"description\" content=\"Die Beh\u00f6rde hat ihren dritten T\u00e4tigkeitsbericht bez\u00fcglich der im Ausland erbrachten privaten Sicherheitsdienstleistungen ver\u00f6ffentlicht.\" \/>\n<meta name=\"robots\" content=\"index, follow, max-snippet:-1, max-image-preview:large, max-video-preview:-1\" \/>\n<link rel=\"canonical\" href=\"https:\/\/news.save.ch\/de\/private-sicherheitsdienstleistungen-im-ausland\/\" \/>\n<meta property=\"og:locale\" content=\"de_DE\" \/>\n<meta property=\"og:type\" content=\"article\" \/>\n<meta property=\"og:title\" content=\"Private Sicherheitsdienstleistungen im Ausland - Save\" \/>\n<meta property=\"og:description\" content=\"Die Beh\u00f6rde hat ihren dritten T\u00e4tigkeitsbericht bez\u00fcglich der im Ausland erbrachten privaten Sicherheitsdienstleistungen ver\u00f6ffentlicht.\" \/>\n<meta property=\"og:url\" content=\"https:\/\/news.save.ch\/de\/private-sicherheitsdienstleistungen-im-ausland\/\" \/>\n<meta property=\"og:site_name\" content=\"Save\" \/>\n<meta property=\"article:published_time\" content=\"2019-08-19T05:00:47+00:00\" \/>\n<meta property=\"og:image\" content=\"https:\/\/news.save.ch\/wp-content\/uploads\/2019\/08\/Depositphotos_56726101_l-2015-scaled.jpg\" \/>\n\t<meta property=\"og:image:width\" content=\"1400\" \/>\n\t<meta property=\"og:image:height\" content=\"1400\" \/>\n\t<meta property=\"og:image:type\" content=\"image\/jpeg\" \/>\n<meta name=\"author\" content=\"Roger Str\u00e4ssle\" \/>\n<meta name=\"twitter:card\" content=\"summary_large_image\" \/>\n<meta name=\"twitter:label1\" content=\"Geschrieben von\" \/>\n\t<meta name=\"twitter:data1\" content=\"Roger Str\u00e4ssle\" \/>\n\t<meta name=\"twitter:label2\" content=\"Gesch\u00e4tzte Lesezeit\" \/>\n\t<meta name=\"twitter:data2\" content=\"2\u00a0Minuten\" \/>\n<script type=\"application\/ld+json\" class=\"yoast-schema-graph\">{\"@context\":\"https:\\\/\\\/schema.org\",\"@graph\":[{\"@type\":\"Article\",\"@id\":\"https:\\\/\\\/news.save.ch\\\/private-sicherheitsdienstleistungen-im-ausland\\\/#article\",\"isPartOf\":{\"@id\":\"https:\\\/\\\/news.save.ch\\\/private-sicherheitsdienstleistungen-im-ausland\\\/\"},\"author\":{\"name\":\"Roger Str\u00e4ssle\",\"@id\":\"https:\\\/\\\/news.save.ch\\\/de\\\/#\\\/schema\\\/person\\\/d5022db048e0e2b9785c50e5b24da5aa\"},\"headline\":\"Private Sicherheitsdienstleistungen im Ausland\",\"datePublished\":\"2019-08-19T05:00:47+00:00\",\"mainEntityOfPage\":{\"@id\":\"https:\\\/\\\/news.save.ch\\\/private-sicherheitsdienstleistungen-im-ausland\\\/\"},\"wordCount\":490,\"commentCount\":0,\"publisher\":{\"@id\":\"https:\\\/\\\/news.save.ch\\\/de\\\/#organization\"},\"image\":{\"@id\":\"https:\\\/\\\/news.save.ch\\\/private-sicherheitsdienstleistungen-im-ausland\\\/#primaryimage\"},\"thumbnailUrl\":\"https:\\\/\\\/news.save.ch\\\/wp-content\\\/uploads\\\/2019\\\/08\\\/Depositphotos_56726101_l-2015-scaled.jpg\",\"keywords\":[\"Sicherheitsdienstleistungen\"],\"articleSection\":[\"ALLGEMEIN\"],\"inLanguage\":\"de\"},{\"@type\":\"WebPage\",\"@id\":\"https:\\\/\\\/news.save.ch\\\/private-sicherheitsdienstleistungen-im-ausland\\\/\",\"url\":\"https:\\\/\\\/news.save.ch\\\/private-sicherheitsdienstleistungen-im-ausland\\\/\",\"name\":\"Private Sicherheitsdienstleistungen im Ausland - Save\",\"isPartOf\":{\"@id\":\"https:\\\/\\\/news.save.ch\\\/de\\\/#website\"},\"primaryImageOfPage\":{\"@id\":\"https:\\\/\\\/news.save.ch\\\/private-sicherheitsdienstleistungen-im-ausland\\\/#primaryimage\"},\"image\":{\"@id\":\"https:\\\/\\\/news.save.ch\\\/private-sicherheitsdienstleistungen-im-ausland\\\/#primaryimage\"},\"thumbnailUrl\":\"https:\\\/\\\/news.save.ch\\\/wp-content\\\/uploads\\\/2019\\\/08\\\/Depositphotos_56726101_l-2015-scaled.jpg\",\"datePublished\":\"2019-08-19T05:00:47+00:00\",\"description\":\"Die Beh\u00f6rde hat ihren dritten T\u00e4tigkeitsbericht bez\u00fcglich der im Ausland erbrachten privaten Sicherheitsdienstleistungen ver\u00f6ffentlicht.\",\"breadcrumb\":{\"@id\":\"https:\\\/\\\/news.save.ch\\\/private-sicherheitsdienstleistungen-im-ausland\\\/#breadcrumb\"},\"inLanguage\":\"de\",\"potentialAction\":[{\"@type\":\"ReadAction\",\"target\":[\"https:\\\/\\\/news.save.ch\\\/private-sicherheitsdienstleistungen-im-ausland\\\/\"]}]},{\"@type\":\"ImageObject\",\"inLanguage\":\"de\",\"@id\":\"https:\\\/\\\/news.save.ch\\\/private-sicherheitsdienstleistungen-im-ausland\\\/#primaryimage\",\"url\":\"https:\\\/\\\/news.save.ch\\\/wp-content\\\/uploads\\\/2019\\\/08\\\/Depositphotos_56726101_l-2015-scaled.jpg\",\"contentUrl\":\"https:\\\/\\\/news.save.ch\\\/wp-content\\\/uploads\\\/2019\\\/08\\\/Depositphotos_56726101_l-2015-scaled.jpg\",\"width\":1400,\"height\":1400,\"caption\":\"\u00a9 depositphotos, YadvigaGr\"},{\"@type\":\"BreadcrumbList\",\"@id\":\"https:\\\/\\\/news.save.ch\\\/private-sicherheitsdienstleistungen-im-ausland\\\/#breadcrumb\",\"itemListElement\":[{\"@type\":\"ListItem\",\"position\":1,\"name\":\"Home\",\"item\":\"https:\\\/\\\/news.save.ch\\\/de\\\/\"},{\"@type\":\"ListItem\",\"position\":2,\"name\":\"Private Sicherheitsdienstleistungen im Ausland\"}]},{\"@type\":\"WebSite\",\"@id\":\"https:\\\/\\\/news.save.ch\\\/de\\\/#website\",\"url\":\"https:\\\/\\\/news.save.ch\\\/de\\\/\",\"name\":\"Save\",\"description\":\"Schweizer Fachzeitschrift f\u00fcr Sicherheit\",\"publisher\":{\"@id\":\"https:\\\/\\\/news.save.ch\\\/de\\\/#organization\"},\"potentialAction\":[{\"@type\":\"SearchAction\",\"target\":{\"@type\":\"EntryPoint\",\"urlTemplate\":\"https:\\\/\\\/news.save.ch\\\/de\\\/?s={search_term_string}\"},\"query-input\":{\"@type\":\"PropertyValueSpecification\",\"valueRequired\":true,\"valueName\":\"search_term_string\"}}],\"inLanguage\":\"de\"},{\"@type\":\"Organization\",\"@id\":\"https:\\\/\\\/news.save.ch\\\/de\\\/#organization\",\"name\":\"Sicherheitsforum\",\"url\":\"https:\\\/\\\/news.save.ch\\\/de\\\/\",\"logo\":{\"@type\":\"ImageObject\",\"inLanguage\":\"de\",\"@id\":\"https:\\\/\\\/news.save.ch\\\/de\\\/#\\\/schema\\\/logo\\\/image\\\/\",\"url\":\"https:\\\/\\\/news.save.ch\\\/wp-content\\\/uploads\\\/2022\\\/06\\\/Logo_SF_2012.png\",\"contentUrl\":\"https:\\\/\\\/news.save.ch\\\/wp-content\\\/uploads\\\/2022\\\/06\\\/Logo_SF_2012.png\",\"width\":1100,\"height\":91,\"caption\":\"Sicherheitsforum\"},\"image\":{\"@id\":\"https:\\\/\\\/news.save.ch\\\/de\\\/#\\\/schema\\\/logo\\\/image\\\/\"}},{\"@type\":\"Person\",\"@id\":\"https:\\\/\\\/news.save.ch\\\/de\\\/#\\\/schema\\\/person\\\/d5022db048e0e2b9785c50e5b24da5aa\",\"name\":\"Roger Str\u00e4ssle\",\"image\":{\"@type\":\"ImageObject\",\"inLanguage\":\"de\",\"@id\":\"https:\\\/\\\/secure.gravatar.com\\\/avatar\\\/862a5569d087de48e5856e32f45d719a03804c891d6deb8d4f71a660e79e4a47?s=96&d=mm&r=g\",\"url\":\"https:\\\/\\\/secure.gravatar.com\\\/avatar\\\/862a5569d087de48e5856e32f45d719a03804c891d6deb8d4f71a660e79e4a47?s=96&d=mm&r=g\",\"contentUrl\":\"https:\\\/\\\/secure.gravatar.com\\\/avatar\\\/862a5569d087de48e5856e32f45d719a03804c891d6deb8d4f71a660e79e4a47?s=96&d=mm&r=g\",\"caption\":\"Roger Str\u00e4ssle\"},\"url\":\"https:\\\/\\\/news.save.ch\\\/de\\\/author\\\/roger-straessle\\\/\"}]}<\/script>\n<!-- \/ Yoast SEO plugin. -->","yoast_head_json":{"title":"Private Sicherheitsdienstleistungen im Ausland - Save","description":"Die Beh\u00f6rde hat ihren dritten T\u00e4tigkeitsbericht bez\u00fcglich der im Ausland erbrachten privaten Sicherheitsdienstleistungen ver\u00f6ffentlicht.","robots":{"index":"index","follow":"follow","max-snippet":"max-snippet:-1","max-image-preview":"max-image-preview:large","max-video-preview":"max-video-preview:-1"},"canonical":"https:\/\/news.save.ch\/de\/private-sicherheitsdienstleistungen-im-ausland\/","og_locale":"de_DE","og_type":"article","og_title":"Private Sicherheitsdienstleistungen im Ausland - Save","og_description":"Die Beh\u00f6rde hat ihren dritten T\u00e4tigkeitsbericht bez\u00fcglich der im Ausland erbrachten privaten Sicherheitsdienstleistungen ver\u00f6ffentlicht.","og_url":"https:\/\/news.save.ch\/de\/private-sicherheitsdienstleistungen-im-ausland\/","og_site_name":"Save","article_published_time":"2019-08-19T05:00:47+00:00","og_image":[{"width":1400,"height":1400,"url":"https:\/\/news.save.ch\/wp-content\/uploads\/2019\/08\/Depositphotos_56726101_l-2015-scaled.jpg","type":"image\/jpeg"}],"author":"Roger Str\u00e4ssle","twitter_card":"summary_large_image","twitter_misc":{"Geschrieben von":"Roger Str\u00e4ssle","Gesch\u00e4tzte Lesezeit":"2\u00a0Minuten"},"schema":{"@context":"https:\/\/schema.org","@graph":[{"@type":"Article","@id":"https:\/\/news.save.ch\/private-sicherheitsdienstleistungen-im-ausland\/#article","isPartOf":{"@id":"https:\/\/news.save.ch\/private-sicherheitsdienstleistungen-im-ausland\/"},"author":{"name":"Roger Str\u00e4ssle","@id":"https:\/\/news.save.ch\/de\/#\/schema\/person\/d5022db048e0e2b9785c50e5b24da5aa"},"headline":"Private Sicherheitsdienstleistungen im Ausland","datePublished":"2019-08-19T05:00:47+00:00","mainEntityOfPage":{"@id":"https:\/\/news.save.ch\/private-sicherheitsdienstleistungen-im-ausland\/"},"wordCount":490,"commentCount":0,"publisher":{"@id":"https:\/\/news.save.ch\/de\/#organization"},"image":{"@id":"https:\/\/news.save.ch\/private-sicherheitsdienstleistungen-im-ausland\/#primaryimage"},"thumbnailUrl":"https:\/\/news.save.ch\/wp-content\/uploads\/2019\/08\/Depositphotos_56726101_l-2015-scaled.jpg","keywords":["Sicherheitsdienstleistungen"],"articleSection":["ALLGEMEIN"],"inLanguage":"de"},{"@type":"WebPage","@id":"https:\/\/news.save.ch\/private-sicherheitsdienstleistungen-im-ausland\/","url":"https:\/\/news.save.ch\/private-sicherheitsdienstleistungen-im-ausland\/","name":"Private Sicherheitsdienstleistungen im Ausland - Save","isPartOf":{"@id":"https:\/\/news.save.ch\/de\/#website"},"primaryImageOfPage":{"@id":"https:\/\/news.save.ch\/private-sicherheitsdienstleistungen-im-ausland\/#primaryimage"},"image":{"@id":"https:\/\/news.save.ch\/private-sicherheitsdienstleistungen-im-ausland\/#primaryimage"},"thumbnailUrl":"https:\/\/news.save.ch\/wp-content\/uploads\/2019\/08\/Depositphotos_56726101_l-2015-scaled.jpg","datePublished":"2019-08-19T05:00:47+00:00","description":"Die Beh\u00f6rde hat ihren dritten T\u00e4tigkeitsbericht bez\u00fcglich der im Ausland erbrachten privaten Sicherheitsdienstleistungen ver\u00f6ffentlicht.","breadcrumb":{"@id":"https:\/\/news.save.ch\/private-sicherheitsdienstleistungen-im-ausland\/#breadcrumb"},"inLanguage":"de","potentialAction":[{"@type":"ReadAction","target":["https:\/\/news.save.ch\/private-sicherheitsdienstleistungen-im-ausland\/"]}]},{"@type":"ImageObject","inLanguage":"de","@id":"https:\/\/news.save.ch\/private-sicherheitsdienstleistungen-im-ausland\/#primaryimage","url":"https:\/\/news.save.ch\/wp-content\/uploads\/2019\/08\/Depositphotos_56726101_l-2015-scaled.jpg","contentUrl":"https:\/\/news.save.ch\/wp-content\/uploads\/2019\/08\/Depositphotos_56726101_l-2015-scaled.jpg","width":1400,"height":1400,"caption":"\u00a9 depositphotos, YadvigaGr"},{"@type":"BreadcrumbList","@id":"https:\/\/news.save.ch\/private-sicherheitsdienstleistungen-im-ausland\/#breadcrumb","itemListElement":[{"@type":"ListItem","position":1,"name":"Home","item":"https:\/\/news.save.ch\/de\/"},{"@type":"ListItem","position":2,"name":"Private Sicherheitsdienstleistungen im Ausland"}]},{"@type":"WebSite","@id":"https:\/\/news.save.ch\/de\/#website","url":"https:\/\/news.save.ch\/de\/","name":"Save","description":"Schweizer Fachzeitschrift f\u00fcr Sicherheit","publisher":{"@id":"https:\/\/news.save.ch\/de\/#organization"},"potentialAction":[{"@type":"SearchAction","target":{"@type":"EntryPoint","urlTemplate":"https:\/\/news.save.ch\/de\/?s={search_term_string}"},"query-input":{"@type":"PropertyValueSpecification","valueRequired":true,"valueName":"search_term_string"}}],"inLanguage":"de"},{"@type":"Organization","@id":"https:\/\/news.save.ch\/de\/#organization","name":"Sicherheitsforum","url":"https:\/\/news.save.ch\/de\/","logo":{"@type":"ImageObject","inLanguage":"de","@id":"https:\/\/news.save.ch\/de\/#\/schema\/logo\/image\/","url":"https:\/\/news.save.ch\/wp-content\/uploads\/2022\/06\/Logo_SF_2012.png","contentUrl":"https:\/\/news.save.ch\/wp-content\/uploads\/2022\/06\/Logo_SF_2012.png","width":1100,"height":91,"caption":"Sicherheitsforum"},"image":{"@id":"https:\/\/news.save.ch\/de\/#\/schema\/logo\/image\/"}},{"@type":"Person","@id":"https:\/\/news.save.ch\/de\/#\/schema\/person\/d5022db048e0e2b9785c50e5b24da5aa","name":"Roger Str\u00e4ssle","image":{"@type":"ImageObject","inLanguage":"de","@id":"https:\/\/secure.gravatar.com\/avatar\/862a5569d087de48e5856e32f45d719a03804c891d6deb8d4f71a660e79e4a47?s=96&d=mm&r=g","url":"https:\/\/secure.gravatar.com\/avatar\/862a5569d087de48e5856e32f45d719a03804c891d6deb8d4f71a660e79e4a47?s=96&d=mm&r=g","contentUrl":"https:\/\/secure.gravatar.com\/avatar\/862a5569d087de48e5856e32f45d719a03804c891d6deb8d4f71a660e79e4a47?s=96&d=mm&r=g","caption":"Roger Str\u00e4ssle"},"url":"https:\/\/news.save.ch\/de\/author\/roger-straessle\/"}]}},"_links":{"self":[{"href":"https:\/\/news.save.ch\/de\/wp-json\/wp\/v2\/posts\/8504","targetHints":{"allow":["GET"]}}],"collection":[{"href":"https:\/\/news.save.ch\/de\/wp-json\/wp\/v2\/posts"}],"about":[{"href":"https:\/\/news.save.ch\/de\/wp-json\/wp\/v2\/types\/post"}],"author":[{"embeddable":true,"href":"https:\/\/news.save.ch\/de\/wp-json\/wp\/v2\/users\/8"}],"replies":[{"embeddable":true,"href":"https:\/\/news.save.ch\/de\/wp-json\/wp\/v2\/comments?post=8504"}],"version-history":[{"count":0,"href":"https:\/\/news.save.ch\/de\/wp-json\/wp\/v2\/posts\/8504\/revisions"}],"wp:featuredmedia":[{"embeddable":true,"href":"https:\/\/news.save.ch\/de\/wp-json\/wp\/v2\/media\/8505"}],"wp:attachment":[{"href":"https:\/\/news.save.ch\/de\/wp-json\/wp\/v2\/media?parent=8504"}],"wp:term":[{"taxonomy":"category","embeddable":true,"href":"https:\/\/news.save.ch\/de\/wp-json\/wp\/v2\/categories?post=8504"},{"taxonomy":"post_tag","embeddable":true,"href":"https:\/\/news.save.ch\/de\/wp-json\/wp\/v2\/tags?post=8504"}],"curies":[{"name":"wp","href":"https:\/\/api.w.org\/{rel}","templated":true}]}}