{"id":8665,"date":"2022-03-09T07:47:01","date_gmt":"2022-03-09T06:47:01","guid":{"rendered":"https:\/\/news.save.ch\/?p=8665"},"modified":"2023-07-05T01:29:53","modified_gmt":"2023-07-04T23:29:53","slug":"mehr-neulenkende","status":null,"type":"post","link":"https:\/\/news.save.ch\/de\/mehr-neulenkende\/","title":{"rendered":"Mehr Neulenkende"},"content":{"rendered":"<figure id=\"attachment_8668\" aria-describedby=\"caption-attachment-8668\" style=\"width: 680px\" class=\"wp-caption alignnone\"><img loading=\"lazy\" decoding=\"async\" class=\"wp-image-8668 size-medium\" src=\"https:\/\/news.save.ch\/wp-content\/uploads\/2022\/03\/autofahrer_ds-680x401.jpg\" alt=\"F\u00fchrerausweis\" width=\"680\" height=\"401\" srcset=\"https:\/\/news.save.ch\/wp-content\/uploads\/2022\/03\/autofahrer_ds-680x401.jpg 680w, https:\/\/news.save.ch\/wp-content\/uploads\/2022\/03\/autofahrer_ds-768x453.jpg 768w, https:\/\/news.save.ch\/wp-content\/uploads\/2022\/03\/autofahrer_ds-18x12.jpg 18w, https:\/\/news.save.ch\/wp-content\/uploads\/2022\/03\/autofahrer_ds-375x221.jpg 375w, https:\/\/news.save.ch\/wp-content\/uploads\/2022\/03\/autofahrer_ds-594x350.jpg 594w, https:\/\/news.save.ch\/wp-content\/uploads\/2022\/03\/autofahrer_ds.jpg 960w\" sizes=\"auto, (max-width: 680px) 100vw, 680px\" \/><figcaption id=\"caption-attachment-8668\" class=\"wp-caption-text\">Bild: depositphotos<\/figcaption><\/figure>\n<p>Etwas mehr als sechs Millionen Menschen besassen Ende 2021 in der Schweiz einen F\u00fchrerausweis f\u00fcr Personenwagen. Neu einen F\u00fchrerausweis der Kategorie B erwarben letztes Jahr 107&#8217;130 Personen, was das Bundesamt f\u00fcr Strassen (Astra) mit einem Anstieg von 26 Prozent beziffert.<\/p>\n<p>Zur\u00fcckzuf\u00fchren sei die Zunahme auf eine Anpassung der Ausbildung, welche ab 1. Januar 2022 in Kraft getreten ist. Neu sind beispielsweise Lernfahrten bereits ab 17 Jahren m\u00f6glich. Die Zunahme an Neulenkenden betreffe jedoch alle Altersklassen. Einen F\u00fchrerausweis f\u00fcr Motorr\u00e4der besassen Ende 2021 etwas mehr als vier Millionen Menschen: eine Zahl, die sich jedoch kaum ver\u00e4ndert habe.<\/p>\n<h2>Insgesamt weniger Ausweisentz\u00fcge<\/h2>\n<p>Laut der Astra-Statistik belief sich die Anzahl der Ausweisentz\u00fcge 2021 auf 76&#8217;750 und lag damit zum dritten Mal in Folge unter 80&#8217;000. Die Annullierung von F\u00fchrerausweisen auf Probe nahm indes um 6,5 Prozent, auf 1422 zu, ebenso die Entz\u00fcge von Lernfahrausweisen (bei einem Plus von 13,9 Prozent auf 4604). Hauptgrund dieser Zunahmen d\u00fcrften die steigenden Zahlen der Fahrsch\u00fclerinnen und Fahrsch\u00fcler und Neulenkenden sein.<\/p>\n<p>Die Hauptursachen f\u00fcr Ausweisentz\u00fcge blieben jedoch in den letzten Jahren konstant: In 28&#8217;949 F\u00e4llen wurde der Ausweis wegen \u00fcberh\u00f6hter Geschwindigkeit entzogen, in 10 591 F\u00e4llen wegen Angetrunkenheit. 7402 Ausweise wurden wegen Gef\u00e4hrdung Dritter durch Unaufmerksamkeit entzogen Die Ausweisentz\u00fcge wegen Fahren unter Drogeneinfluss stiegen 2021 im Vergleich zum Vorjahr (um 5,3 Prozent auf 4634 F\u00e4lle), bilanziert das Bundesamt f\u00fcr Strassen.<\/p>\n<p><em>Quelle: Astra<\/em><\/p>\n","protected":false},"excerpt":{"rendered":"<p>Etwas mehr als sechs Millionen Menschen besassen Ende 2021 in der Schweiz einen F\u00fchrerausweis f\u00fcr Personenwagen. Neu einen F\u00fchrerausweis der Kategorie B erwarben letztes Jahr 107&#8217;130 Personen, was das Bundesamt f\u00fcr Strassen (Astra) mit einem Anstieg von 26 Prozent beziffert. Zur\u00fcckzuf\u00fchren sei die Zunahme auf eine Anpassung der Ausbildung, welche ab 1. Januar 2022 in [&hellip;]<\/p>\n","protected":false},"author":9,"featured_media":8668,"comment_status":"closed","ping_status":"closed","sticky":false,"template":"","format":"standard","meta":{"_acf_changed":false,"pgc_sgb_lightbox_settings":"","footnotes":""},"categories":[1],"tags":[80,4730,751,4731,4729,3431,327],"class_list":["post-8665","post","type-post","status-publish","format-standard","has-post-thumbnail","hentry","category-allgemein","tag-astra","tag-ausweisentzuege","tag-bundesamt-fuer-strassen","tag-fahrschueler","tag-fuehrerausweis","tag-personenwagen","tag-strassenverkehr"],"acf":[],"hkrextid":null,"publication":null,"issue":null,"workflow":null,"startPage":null,"spitzmarke":null,"_posts_by_tag_page_fields":{"widget_title":"","widget_tags":""},"_at_widget":"1","_yoast_wpseo_primary_category":"","_yoast_wpseo_focuskw_text_input":null,"_yoast_wpseo_opengraph-image":null,"_yoast_wpseo_opengraph-description":null,"_yoast_wpseo_opengraph-title":null,"enclosure":null,"_yoast_wpseo_twitter-title":null,"_yoast_wpseo_twitter-description":null,"_yoast_wpseo_twitter-image":null,"_wp_old_slug":null,"_yoast_wpseo_title":null,"_yoast_wpseo_canonical":null,"yoast_head":"<!-- This site is optimized with the Yoast SEO plugin v27.5 - https:\/\/yoast.com\/product\/yoast-seo-wordpress\/ -->\n<title>Mehr Neulenkende - Save<\/title>\n<meta name=\"description\" content=\"Nicht weniger als 107&#039;000 Personen haben letztes Jahr einen F\u00fchrerausweis f\u00fcr Personenwagen erworben: 26 Prozent mehr als im 2022. Trotz des erh\u00f6hten Anstiegs von Neulenkenden wurden im 2021 weniger F\u00fchrerausweise entzogen. Der h\u00e4ufigste Entzugsgrund war laut dem Bundesamt f\u00fcr Strassen (Astra) \u00fcberh\u00f6hte Geschwindigkeit.\" \/>\n<meta name=\"robots\" content=\"index, follow, max-snippet:-1, max-image-preview:large, max-video-preview:-1\" \/>\n<link rel=\"canonical\" href=\"https:\/\/news.save.ch\/de\/mehr-neulenkende\/\" \/>\n<meta property=\"og:locale\" content=\"de_DE\" \/>\n<meta property=\"og:type\" content=\"article\" \/>\n<meta property=\"og:title\" content=\"Mehr Neulenkende - Save\" \/>\n<meta property=\"og:description\" content=\"Nicht weniger als 107&#039;000 Personen haben letztes Jahr einen F\u00fchrerausweis f\u00fcr Personenwagen erworben: 26 Prozent mehr als im 2022. Trotz des erh\u00f6hten Anstiegs von Neulenkenden wurden im 2021 weniger F\u00fchrerausweise entzogen. Der h\u00e4ufigste Entzugsgrund war laut dem Bundesamt f\u00fcr Strassen (Astra) \u00fcberh\u00f6hte Geschwindigkeit.\" \/>\n<meta property=\"og:url\" content=\"https:\/\/news.save.ch\/de\/mehr-neulenkende\/\" \/>\n<meta property=\"og:site_name\" content=\"Save\" \/>\n<meta property=\"article:published_time\" content=\"2022-03-09T06:47:01+00:00\" \/>\n<meta property=\"article:modified_time\" content=\"2023-07-04T23:29:53+00:00\" \/>\n<meta property=\"og:image\" content=\"https:\/\/news.save.ch\/wp-content\/uploads\/2022\/03\/autofahrer_ds.jpg\" \/>\n\t<meta property=\"og:image:width\" content=\"960\" \/>\n\t<meta property=\"og:image:height\" content=\"566\" \/>\n\t<meta property=\"og:image:type\" content=\"image\/jpeg\" \/>\n<meta name=\"author\" content=\"Simon Gr\u00f6flin\" \/>\n<meta name=\"twitter:card\" content=\"summary_large_image\" \/>\n<meta name=\"twitter:label1\" content=\"Geschrieben von\" \/>\n\t<meta name=\"twitter:data1\" content=\"Simon Gr\u00f6flin\" \/>\n\t<meta name=\"twitter:label2\" content=\"Gesch\u00e4tzte Lesezeit\" \/>\n\t<meta name=\"twitter:data2\" content=\"2\u00a0Minuten\" \/>\n<script type=\"application\/ld+json\" class=\"yoast-schema-graph\">{\"@context\":\"https:\\\/\\\/schema.org\",\"@graph\":[{\"@type\":\"Article\",\"@id\":\"https:\\\/\\\/news.save.ch\\\/mehr-neulenkende\\\/#article\",\"isPartOf\":{\"@id\":\"https:\\\/\\\/news.save.ch\\\/mehr-neulenkende\\\/\"},\"author\":{\"name\":\"Simon Gr\u00f6flin\",\"@id\":\"https:\\\/\\\/news.save.ch\\\/de\\\/#\\\/schema\\\/person\\\/ad4ef21102fd6125312409ac57d5296d\"},\"headline\":\"Mehr Neulenkende\",\"datePublished\":\"2022-03-09T06:47:01+00:00\",\"dateModified\":\"2023-07-04T23:29:53+00:00\",\"mainEntityOfPage\":{\"@id\":\"https:\\\/\\\/news.save.ch\\\/mehr-neulenkende\\\/\"},\"wordCount\":240,\"publisher\":{\"@id\":\"https:\\\/\\\/news.save.ch\\\/de\\\/#organization\"},\"image\":{\"@id\":\"https:\\\/\\\/news.save.ch\\\/mehr-neulenkende\\\/#primaryimage\"},\"thumbnailUrl\":\"https:\\\/\\\/news.save.ch\\\/wp-content\\\/uploads\\\/2022\\\/03\\\/autofahrer_ds.jpg\",\"keywords\":[\"Astra\",\"Ausweisentz\u00fcge\",\"Bundesamt f\u00fcr Strassen\",\"Fahrsch\u00fcler\",\"F\u00fchrerausweis\",\"Personenwagen\",\"Strassenverkehr\"],\"articleSection\":[\"ALLGEMEIN\"],\"inLanguage\":\"de\"},{\"@type\":\"WebPage\",\"@id\":\"https:\\\/\\\/news.save.ch\\\/mehr-neulenkende\\\/\",\"url\":\"https:\\\/\\\/news.save.ch\\\/mehr-neulenkende\\\/\",\"name\":\"Mehr Neulenkende - Save\",\"isPartOf\":{\"@id\":\"https:\\\/\\\/news.save.ch\\\/de\\\/#website\"},\"primaryImageOfPage\":{\"@id\":\"https:\\\/\\\/news.save.ch\\\/mehr-neulenkende\\\/#primaryimage\"},\"image\":{\"@id\":\"https:\\\/\\\/news.save.ch\\\/mehr-neulenkende\\\/#primaryimage\"},\"thumbnailUrl\":\"https:\\\/\\\/news.save.ch\\\/wp-content\\\/uploads\\\/2022\\\/03\\\/autofahrer_ds.jpg\",\"datePublished\":\"2022-03-09T06:47:01+00:00\",\"dateModified\":\"2023-07-04T23:29:53+00:00\",\"description\":\"Nicht weniger als 107'000 Personen haben letztes Jahr einen F\u00fchrerausweis f\u00fcr Personenwagen erworben: 26 Prozent mehr als im 2022. Trotz des erh\u00f6hten Anstiegs von Neulenkenden wurden im 2021 weniger F\u00fchrerausweise entzogen. Der h\u00e4ufigste Entzugsgrund war laut dem Bundesamt f\u00fcr Strassen (Astra) \u00fcberh\u00f6hte Geschwindigkeit.\",\"breadcrumb\":{\"@id\":\"https:\\\/\\\/news.save.ch\\\/mehr-neulenkende\\\/#breadcrumb\"},\"inLanguage\":\"de\",\"potentialAction\":[{\"@type\":\"ReadAction\",\"target\":[\"https:\\\/\\\/news.save.ch\\\/mehr-neulenkende\\\/\"]}]},{\"@type\":\"ImageObject\",\"inLanguage\":\"de\",\"@id\":\"https:\\\/\\\/news.save.ch\\\/mehr-neulenkende\\\/#primaryimage\",\"url\":\"https:\\\/\\\/news.save.ch\\\/wp-content\\\/uploads\\\/2022\\\/03\\\/autofahrer_ds.jpg\",\"contentUrl\":\"https:\\\/\\\/news.save.ch\\\/wp-content\\\/uploads\\\/2022\\\/03\\\/autofahrer_ds.jpg\",\"width\":960,\"height\":566,\"caption\":\"Mehr Neulenkende\"},{\"@type\":\"BreadcrumbList\",\"@id\":\"https:\\\/\\\/news.save.ch\\\/mehr-neulenkende\\\/#breadcrumb\",\"itemListElement\":[{\"@type\":\"ListItem\",\"position\":1,\"name\":\"Home\",\"item\":\"https:\\\/\\\/news.save.ch\\\/de\\\/\"},{\"@type\":\"ListItem\",\"position\":2,\"name\":\"Mehr Neulenkende\"}]},{\"@type\":\"WebSite\",\"@id\":\"https:\\\/\\\/news.save.ch\\\/de\\\/#website\",\"url\":\"https:\\\/\\\/news.save.ch\\\/de\\\/\",\"name\":\"Save\",\"description\":\"Schweizer Fachzeitschrift f\u00fcr Sicherheit\",\"publisher\":{\"@id\":\"https:\\\/\\\/news.save.ch\\\/de\\\/#organization\"},\"potentialAction\":[{\"@type\":\"SearchAction\",\"target\":{\"@type\":\"EntryPoint\",\"urlTemplate\":\"https:\\\/\\\/news.save.ch\\\/de\\\/?s={search_term_string}\"},\"query-input\":{\"@type\":\"PropertyValueSpecification\",\"valueRequired\":true,\"valueName\":\"search_term_string\"}}],\"inLanguage\":\"de\"},{\"@type\":\"Organization\",\"@id\":\"https:\\\/\\\/news.save.ch\\\/de\\\/#organization\",\"name\":\"Sicherheitsforum\",\"url\":\"https:\\\/\\\/news.save.ch\\\/de\\\/\",\"logo\":{\"@type\":\"ImageObject\",\"inLanguage\":\"de\",\"@id\":\"https:\\\/\\\/news.save.ch\\\/de\\\/#\\\/schema\\\/logo\\\/image\\\/\",\"url\":\"https:\\\/\\\/news.save.ch\\\/wp-content\\\/uploads\\\/2022\\\/06\\\/Logo_SF_2012.png\",\"contentUrl\":\"https:\\\/\\\/news.save.ch\\\/wp-content\\\/uploads\\\/2022\\\/06\\\/Logo_SF_2012.png\",\"width\":1100,\"height\":91,\"caption\":\"Sicherheitsforum\"},\"image\":{\"@id\":\"https:\\\/\\\/news.save.ch\\\/de\\\/#\\\/schema\\\/logo\\\/image\\\/\"}},{\"@type\":\"Person\",\"@id\":\"https:\\\/\\\/news.save.ch\\\/de\\\/#\\\/schema\\\/person\\\/ad4ef21102fd6125312409ac57d5296d\",\"name\":\"Simon Gr\u00f6flin\",\"image\":{\"@type\":\"ImageObject\",\"inLanguage\":\"de\",\"@id\":\"https:\\\/\\\/secure.gravatar.com\\\/avatar\\\/6ddceb80eb734354635539e0ea5140bb7c41e42de7c45c9a2ab9921b5d5c9a83?s=96&d=mm&r=g\",\"url\":\"https:\\\/\\\/secure.gravatar.com\\\/avatar\\\/6ddceb80eb734354635539e0ea5140bb7c41e42de7c45c9a2ab9921b5d5c9a83?s=96&d=mm&r=g\",\"contentUrl\":\"https:\\\/\\\/secure.gravatar.com\\\/avatar\\\/6ddceb80eb734354635539e0ea5140bb7c41e42de7c45c9a2ab9921b5d5c9a83?s=96&d=mm&r=g\",\"caption\":\"Simon Gr\u00f6flin\"},\"url\":\"https:\\\/\\\/news.save.ch\\\/de\\\/author\\\/simon-groeflin\\\/\"}]}<\/script>\n<!-- \/ Yoast SEO plugin. -->","yoast_head_json":{"title":"Mehr Neulenkende - Save","description":"Nicht weniger als 107'000 Personen haben letztes Jahr einen F\u00fchrerausweis f\u00fcr Personenwagen erworben: 26 Prozent mehr als im 2022. Trotz des erh\u00f6hten Anstiegs von Neulenkenden wurden im 2021 weniger F\u00fchrerausweise entzogen. Der h\u00e4ufigste Entzugsgrund war laut dem Bundesamt f\u00fcr Strassen (Astra) \u00fcberh\u00f6hte Geschwindigkeit.","robots":{"index":"index","follow":"follow","max-snippet":"max-snippet:-1","max-image-preview":"max-image-preview:large","max-video-preview":"max-video-preview:-1"},"canonical":"https:\/\/news.save.ch\/de\/mehr-neulenkende\/","og_locale":"de_DE","og_type":"article","og_title":"Mehr Neulenkende - Save","og_description":"Nicht weniger als 107'000 Personen haben letztes Jahr einen F\u00fchrerausweis f\u00fcr Personenwagen erworben: 26 Prozent mehr als im 2022. Trotz des erh\u00f6hten Anstiegs von Neulenkenden wurden im 2021 weniger F\u00fchrerausweise entzogen. Der h\u00e4ufigste Entzugsgrund war laut dem Bundesamt f\u00fcr Strassen (Astra) \u00fcberh\u00f6hte Geschwindigkeit.","og_url":"https:\/\/news.save.ch\/de\/mehr-neulenkende\/","og_site_name":"Save","article_published_time":"2022-03-09T06:47:01+00:00","article_modified_time":"2023-07-04T23:29:53+00:00","og_image":[{"width":960,"height":566,"url":"https:\/\/news.save.ch\/wp-content\/uploads\/2022\/03\/autofahrer_ds.jpg","type":"image\/jpeg"}],"author":"Simon Gr\u00f6flin","twitter_card":"summary_large_image","twitter_misc":{"Geschrieben von":"Simon Gr\u00f6flin","Gesch\u00e4tzte Lesezeit":"2\u00a0Minuten"},"schema":{"@context":"https:\/\/schema.org","@graph":[{"@type":"Article","@id":"https:\/\/news.save.ch\/mehr-neulenkende\/#article","isPartOf":{"@id":"https:\/\/news.save.ch\/mehr-neulenkende\/"},"author":{"name":"Simon Gr\u00f6flin","@id":"https:\/\/news.save.ch\/de\/#\/schema\/person\/ad4ef21102fd6125312409ac57d5296d"},"headline":"Mehr Neulenkende","datePublished":"2022-03-09T06:47:01+00:00","dateModified":"2023-07-04T23:29:53+00:00","mainEntityOfPage":{"@id":"https:\/\/news.save.ch\/mehr-neulenkende\/"},"wordCount":240,"publisher":{"@id":"https:\/\/news.save.ch\/de\/#organization"},"image":{"@id":"https:\/\/news.save.ch\/mehr-neulenkende\/#primaryimage"},"thumbnailUrl":"https:\/\/news.save.ch\/wp-content\/uploads\/2022\/03\/autofahrer_ds.jpg","keywords":["Astra","Ausweisentz\u00fcge","Bundesamt f\u00fcr Strassen","Fahrsch\u00fcler","F\u00fchrerausweis","Personenwagen","Strassenverkehr"],"articleSection":["ALLGEMEIN"],"inLanguage":"de"},{"@type":"WebPage","@id":"https:\/\/news.save.ch\/mehr-neulenkende\/","url":"https:\/\/news.save.ch\/mehr-neulenkende\/","name":"Mehr Neulenkende - Save","isPartOf":{"@id":"https:\/\/news.save.ch\/de\/#website"},"primaryImageOfPage":{"@id":"https:\/\/news.save.ch\/mehr-neulenkende\/#primaryimage"},"image":{"@id":"https:\/\/news.save.ch\/mehr-neulenkende\/#primaryimage"},"thumbnailUrl":"https:\/\/news.save.ch\/wp-content\/uploads\/2022\/03\/autofahrer_ds.jpg","datePublished":"2022-03-09T06:47:01+00:00","dateModified":"2023-07-04T23:29:53+00:00","description":"Nicht weniger als 107'000 Personen haben letztes Jahr einen F\u00fchrerausweis f\u00fcr Personenwagen erworben: 26 Prozent mehr als im 2022. Trotz des erh\u00f6hten Anstiegs von Neulenkenden wurden im 2021 weniger F\u00fchrerausweise entzogen. Der h\u00e4ufigste Entzugsgrund war laut dem Bundesamt f\u00fcr Strassen (Astra) \u00fcberh\u00f6hte Geschwindigkeit.","breadcrumb":{"@id":"https:\/\/news.save.ch\/mehr-neulenkende\/#breadcrumb"},"inLanguage":"de","potentialAction":[{"@type":"ReadAction","target":["https:\/\/news.save.ch\/mehr-neulenkende\/"]}]},{"@type":"ImageObject","inLanguage":"de","@id":"https:\/\/news.save.ch\/mehr-neulenkende\/#primaryimage","url":"https:\/\/news.save.ch\/wp-content\/uploads\/2022\/03\/autofahrer_ds.jpg","contentUrl":"https:\/\/news.save.ch\/wp-content\/uploads\/2022\/03\/autofahrer_ds.jpg","width":960,"height":566,"caption":"Mehr Neulenkende"},{"@type":"BreadcrumbList","@id":"https:\/\/news.save.ch\/mehr-neulenkende\/#breadcrumb","itemListElement":[{"@type":"ListItem","position":1,"name":"Home","item":"https:\/\/news.save.ch\/de\/"},{"@type":"ListItem","position":2,"name":"Mehr Neulenkende"}]},{"@type":"WebSite","@id":"https:\/\/news.save.ch\/de\/#website","url":"https:\/\/news.save.ch\/de\/","name":"Save","description":"Schweizer Fachzeitschrift f\u00fcr Sicherheit","publisher":{"@id":"https:\/\/news.save.ch\/de\/#organization"},"potentialAction":[{"@type":"SearchAction","target":{"@type":"EntryPoint","urlTemplate":"https:\/\/news.save.ch\/de\/?s={search_term_string}"},"query-input":{"@type":"PropertyValueSpecification","valueRequired":true,"valueName":"search_term_string"}}],"inLanguage":"de"},{"@type":"Organization","@id":"https:\/\/news.save.ch\/de\/#organization","name":"Sicherheitsforum","url":"https:\/\/news.save.ch\/de\/","logo":{"@type":"ImageObject","inLanguage":"de","@id":"https:\/\/news.save.ch\/de\/#\/schema\/logo\/image\/","url":"https:\/\/news.save.ch\/wp-content\/uploads\/2022\/06\/Logo_SF_2012.png","contentUrl":"https:\/\/news.save.ch\/wp-content\/uploads\/2022\/06\/Logo_SF_2012.png","width":1100,"height":91,"caption":"Sicherheitsforum"},"image":{"@id":"https:\/\/news.save.ch\/de\/#\/schema\/logo\/image\/"}},{"@type":"Person","@id":"https:\/\/news.save.ch\/de\/#\/schema\/person\/ad4ef21102fd6125312409ac57d5296d","name":"Simon Gr\u00f6flin","image":{"@type":"ImageObject","inLanguage":"de","@id":"https:\/\/secure.gravatar.com\/avatar\/6ddceb80eb734354635539e0ea5140bb7c41e42de7c45c9a2ab9921b5d5c9a83?s=96&d=mm&r=g","url":"https:\/\/secure.gravatar.com\/avatar\/6ddceb80eb734354635539e0ea5140bb7c41e42de7c45c9a2ab9921b5d5c9a83?s=96&d=mm&r=g","contentUrl":"https:\/\/secure.gravatar.com\/avatar\/6ddceb80eb734354635539e0ea5140bb7c41e42de7c45c9a2ab9921b5d5c9a83?s=96&d=mm&r=g","caption":"Simon Gr\u00f6flin"},"url":"https:\/\/news.save.ch\/de\/author\/simon-groeflin\/"}]}},"_links":{"self":[{"href":"https:\/\/news.save.ch\/de\/wp-json\/wp\/v2\/posts\/8665","targetHints":{"allow":["GET"]}}],"collection":[{"href":"https:\/\/news.save.ch\/de\/wp-json\/wp\/v2\/posts"}],"about":[{"href":"https:\/\/news.save.ch\/de\/wp-json\/wp\/v2\/types\/post"}],"author":[{"embeddable":true,"href":"https:\/\/news.save.ch\/de\/wp-json\/wp\/v2\/users\/9"}],"replies":[{"embeddable":true,"href":"https:\/\/news.save.ch\/de\/wp-json\/wp\/v2\/comments?post=8665"}],"version-history":[{"count":2,"href":"https:\/\/news.save.ch\/de\/wp-json\/wp\/v2\/posts\/8665\/revisions"}],"predecessor-version":[{"id":20493,"href":"https:\/\/news.save.ch\/de\/wp-json\/wp\/v2\/posts\/8665\/revisions\/20493"}],"wp:featuredmedia":[{"embeddable":true,"href":"https:\/\/news.save.ch\/de\/wp-json\/wp\/v2\/media\/8668"}],"wp:attachment":[{"href":"https:\/\/news.save.ch\/de\/wp-json\/wp\/v2\/media?parent=8665"}],"wp:term":[{"taxonomy":"category","embeddable":true,"href":"https:\/\/news.save.ch\/de\/wp-json\/wp\/v2\/categories?post=8665"},{"taxonomy":"post_tag","embeddable":true,"href":"https:\/\/news.save.ch\/de\/wp-json\/wp\/v2\/tags?post=8665"}],"curies":[{"name":"wp","href":"https:\/\/api.w.org\/{rel}","templated":true}]}}