{"id":8701,"date":"2019-09-19T09:35:00","date_gmt":"2019-09-19T07:35:00","guid":{"rendered":"https:\/\/news.save.ch\/?p=8701"},"modified":"2019-09-19T09:35:00","modified_gmt":"2019-09-19T07:35:00","slug":"uebernahme-im-gebaeudetechnologiebereich","status":null,"type":"post","link":"https:\/\/news.save.ch\/de\/uebernahme-im-gebaeudetechnologiebereich\/","title":{"rendered":"\u00dcbernahme in der Geb\u00e4udetechnologie"},"content":{"rendered":"<figure id=\"attachment_8702\" aria-describedby=\"caption-attachment-8702\" style=\"width: 680px\" class=\"wp-caption aligncenter\"><img loading=\"lazy\" decoding=\"async\" class=\"wp-image-8702 size-medium\" src=\"https:\/\/news.save.ch\/wp-content\/uploads\/2019\/09\/swisspro_dienstleistung_cloud__datacenter_bearbeitet-1.jpg\" alt=\"Swisspro\" width=\"680\" height=\"357\" srcset=\"https:\/\/news.save.ch\/wp-content\/uploads\/2019\/09\/swisspro_dienstleistung_cloud__datacenter_bearbeitet-1.jpg 1143w, https:\/\/news.save.ch\/wp-content\/uploads\/2019\/09\/swisspro_dienstleistung_cloud__datacenter_bearbeitet-1-375x197.jpg 375w\" sizes=\"auto, (max-width: 680px) 100vw, 680px\" \/><figcaption id=\"caption-attachment-8702\" class=\"wp-caption-text\">\u00a9 BKW<\/figcaption><\/figure>\n<p>Die BKW \u00fcbernimmt 100 Prozent der <a href=\"https:\/\/www.swisspro.ch\/\">Swisspro Group AG<\/a> mit Hauptsitz im z\u00fcrcherischen Urdorf. Der Transaktion muss noch die WeKo zustimmen.<\/p>\n<p>Durch den Zusammenschluss der\u00a0zwei Unternehmen entstehe eine Schweizer Alternative zu den grossen internationalen Mitbewerbern im Bereich der Geb\u00e4udetechnik, betont die BKW in ihrer Mitteilung. Denn der wachsende Markt f\u00fcr die Digitalisierung und Automatisierung von Industrie- und Gesch\u00e4ftsimmobilien w\u00fcrden heute mehrheitlich Grosskonzerne mit Hauptsitz im Ausland beherrschen.<\/p>\n<p><strong>Auch in der Geb\u00e4udesicherheit t\u00e4tig<\/strong><\/p>\n<p>Mit dem Kauf der Swisspro weite die <a href=\"https:\/\/www.gebaeudetechnikgruppe.ch\">BKW Building Solutions<\/a> ihr Gesch\u00e4ftsfeld in diesem Technologie getriebenen und zukunftsf\u00e4higen Bereich aus. Man werde in einem Schritt zu einer f\u00fchrenden Anbieterin im Bereich ICT- und Geb\u00e4udeautomationsl\u00f6sungen sowie Elektrotechnik, so die BKW.\u00a0Zum Geb\u00e4udetechnik-Bereich der Technologiefirma Swisspro geh\u00f6rt auch Video\u00fcberwachung, Zutrittskontrolle sowie weitere Themen der Geb\u00e4udesicherheit.<\/p>\n<p><strong>210 Mio. Franken Umsatz &#8211; Marke bleibt bestehen<\/strong><\/p>\n<p>Laut Angaben besch\u00e4ftigt das Grossunternehmen Swisspro an ihrem Hauptsitz in Urdorf und ihren 18 Standorten in der Schweiz derzeit gut 1100 Mitarbeitende. Der Umsatz belief sich 2018 auf rund 210 Mio. Franken.<\/p>\n<p>Entsprechend der bisherigen Akquisitionsstrategie werde Swisspro als eigenst\u00e4ndige Marke ins Firmennetz der BKW integriert, heisst es ferner. Sowohl die beiden bisherigen Eigent\u00fcmer, Johann Jann und Mauro Dal Bosco, als auch die weiteren Mitglieder der Gesch\u00e4ftsleitung, Bernard Frossard und Peter Winkler, w\u00fcrden die operativen Gesch\u00e4fte der Swisspro weiterhin f\u00fchren, l\u00e4sst die BKW ferner wissen.\u00a0<em>(rs)<\/em><\/p>\n<p>&nbsp;<\/p>\n","protected":false},"excerpt":{"rendered":"<p>Die BKW \u00fcbernimmt 100 Prozent der Swisspro Group AG mit Hauptsitz im z\u00fcrcherischen Urdorf. Der Transaktion muss noch die WeKo zustimmen. Durch den Zusammenschluss der\u00a0zwei Unternehmen entstehe eine Schweizer Alternative zu den grossen internationalen Mitbewerbern im Bereich der Geb\u00e4udetechnik, betont die BKW in ihrer Mitteilung. Denn der wachsende Markt f\u00fcr die Digitalisierung und Automatisierung von [&hellip;]<\/p>\n","protected":false},"author":8,"featured_media":8702,"comment_status":"open","ping_status":"open","sticky":false,"template":"","format":"standard","meta":{"_acf_changed":false,"pgc_sgb_lightbox_settings":"","footnotes":""},"categories":[1],"tags":[506,107,444,79],"class_list":["post-8701","post","type-post","status-publish","format-standard","has-post-thumbnail","hentry","category-allgemein","tag-gebaeudeautomation","tag-gebaeudeschutz","tag-gebaeudetechnik","tag-uebernahme"],"acf":[],"hkrextid":null,"publication":null,"issue":null,"workflow":null,"startPage":null,"spitzmarke":null,"_posts_by_tag_page_fields":{"widget_title":"","widget_tags":""},"_at_widget":"1","_yoast_wpseo_primary_category":"1","_yoast_wpseo_focuskw_text_input":"Swisspro","_yoast_wpseo_opengraph-image":null,"_yoast_wpseo_opengraph-description":null,"_yoast_wpseo_opengraph-title":null,"enclosure":null,"_yoast_wpseo_twitter-title":null,"_yoast_wpseo_twitter-description":null,"_yoast_wpseo_twitter-image":null,"_wp_old_slug":null,"_yoast_wpseo_title":null,"_yoast_wpseo_canonical":null,"yoast_head":"<!-- This site is optimized with the Yoast SEO plugin v27.5 - https:\/\/yoast.com\/product\/yoast-seo-wordpress\/ -->\n<title>\u00dcbernahme in der Geb\u00e4udetechnologie - Save<\/title>\n<meta name=\"description\" content=\"Die BKW \u00fcbernimmt 100 Prozent der in der Geb\u00e4udeautomation und -technik t\u00e4tigen Swisspro Group AG mit Hauptsitz in Urdorf ZH.\" \/>\n<meta name=\"robots\" content=\"index, follow, max-snippet:-1, max-image-preview:large, max-video-preview:-1\" \/>\n<link rel=\"canonical\" href=\"https:\/\/news.save.ch\/de\/uebernahme-im-gebaeudetechnologiebereich\/\" \/>\n<meta property=\"og:locale\" content=\"de_DE\" \/>\n<meta property=\"og:type\" content=\"article\" \/>\n<meta property=\"og:title\" content=\"\u00dcbernahme in der Geb\u00e4udetechnologie - Save\" \/>\n<meta property=\"og:description\" content=\"Die BKW \u00fcbernimmt 100 Prozent der in der Geb\u00e4udeautomation und -technik t\u00e4tigen Swisspro Group AG mit Hauptsitz in Urdorf ZH.\" \/>\n<meta property=\"og:url\" content=\"https:\/\/news.save.ch\/de\/uebernahme-im-gebaeudetechnologiebereich\/\" \/>\n<meta property=\"og:site_name\" content=\"Save\" \/>\n<meta property=\"article:published_time\" content=\"2019-09-19T07:35:00+00:00\" \/>\n<meta property=\"og:image\" content=\"https:\/\/news.save.ch\/wp-content\/uploads\/2019\/09\/swisspro_dienstleistung_cloud__datacenter_bearbeitet-1.jpg\" \/>\n\t<meta property=\"og:image:width\" content=\"1143\" \/>\n\t<meta property=\"og:image:height\" content=\"600\" \/>\n\t<meta property=\"og:image:type\" content=\"image\/jpeg\" \/>\n<meta name=\"author\" content=\"Roger Str\u00e4ssle\" \/>\n<meta name=\"twitter:card\" content=\"summary_large_image\" \/>\n<meta name=\"twitter:label1\" content=\"Geschrieben von\" \/>\n\t<meta name=\"twitter:data1\" content=\"Roger Str\u00e4ssle\" \/>\n\t<meta name=\"twitter:label2\" content=\"Gesch\u00e4tzte Lesezeit\" \/>\n\t<meta name=\"twitter:data2\" content=\"1\u00a0Minute\" \/>\n<script type=\"application\/ld+json\" class=\"yoast-schema-graph\">{\"@context\":\"https:\\\/\\\/schema.org\",\"@graph\":[{\"@type\":\"Article\",\"@id\":\"https:\\\/\\\/news.save.ch\\\/uebernahme-im-gebaeudetechnologiebereich\\\/#article\",\"isPartOf\":{\"@id\":\"https:\\\/\\\/news.save.ch\\\/uebernahme-im-gebaeudetechnologiebereich\\\/\"},\"author\":{\"name\":\"Roger Str\u00e4ssle\",\"@id\":\"https:\\\/\\\/news.save.ch\\\/de\\\/#\\\/schema\\\/person\\\/d5022db048e0e2b9785c50e5b24da5aa\"},\"headline\":\"\u00dcbernahme in der Geb\u00e4udetechnologie\",\"datePublished\":\"2019-09-19T07:35:00+00:00\",\"mainEntityOfPage\":{\"@id\":\"https:\\\/\\\/news.save.ch\\\/uebernahme-im-gebaeudetechnologiebereich\\\/\"},\"wordCount\":252,\"commentCount\":0,\"publisher\":{\"@id\":\"https:\\\/\\\/news.save.ch\\\/de\\\/#organization\"},\"image\":{\"@id\":\"https:\\\/\\\/news.save.ch\\\/uebernahme-im-gebaeudetechnologiebereich\\\/#primaryimage\"},\"thumbnailUrl\":\"https:\\\/\\\/news.save.ch\\\/wp-content\\\/uploads\\\/2019\\\/09\\\/swisspro_dienstleistung_cloud__datacenter_bearbeitet-1.jpg\",\"keywords\":[\"Geb\u00e4udeautomation\",\"Geb\u00e4udeschutz\",\"Geb\u00e4udetechnik\",\"\u00dcbernahme\"],\"articleSection\":[\"ALLGEMEIN\"],\"inLanguage\":\"de\"},{\"@type\":\"WebPage\",\"@id\":\"https:\\\/\\\/news.save.ch\\\/uebernahme-im-gebaeudetechnologiebereich\\\/\",\"url\":\"https:\\\/\\\/news.save.ch\\\/uebernahme-im-gebaeudetechnologiebereich\\\/\",\"name\":\"\u00dcbernahme in der Geb\u00e4udetechnologie - Save\",\"isPartOf\":{\"@id\":\"https:\\\/\\\/news.save.ch\\\/de\\\/#website\"},\"primaryImageOfPage\":{\"@id\":\"https:\\\/\\\/news.save.ch\\\/uebernahme-im-gebaeudetechnologiebereich\\\/#primaryimage\"},\"image\":{\"@id\":\"https:\\\/\\\/news.save.ch\\\/uebernahme-im-gebaeudetechnologiebereich\\\/#primaryimage\"},\"thumbnailUrl\":\"https:\\\/\\\/news.save.ch\\\/wp-content\\\/uploads\\\/2019\\\/09\\\/swisspro_dienstleistung_cloud__datacenter_bearbeitet-1.jpg\",\"datePublished\":\"2019-09-19T07:35:00+00:00\",\"description\":\"Die BKW \u00fcbernimmt 100 Prozent der in der Geb\u00e4udeautomation und -technik t\u00e4tigen Swisspro Group AG mit Hauptsitz in Urdorf ZH.\",\"breadcrumb\":{\"@id\":\"https:\\\/\\\/news.save.ch\\\/uebernahme-im-gebaeudetechnologiebereich\\\/#breadcrumb\"},\"inLanguage\":\"de\",\"potentialAction\":[{\"@type\":\"ReadAction\",\"target\":[\"https:\\\/\\\/news.save.ch\\\/uebernahme-im-gebaeudetechnologiebereich\\\/\"]}]},{\"@type\":\"ImageObject\",\"inLanguage\":\"de\",\"@id\":\"https:\\\/\\\/news.save.ch\\\/uebernahme-im-gebaeudetechnologiebereich\\\/#primaryimage\",\"url\":\"https:\\\/\\\/news.save.ch\\\/wp-content\\\/uploads\\\/2019\\\/09\\\/swisspro_dienstleistung_cloud__datacenter_bearbeitet-1.jpg\",\"contentUrl\":\"https:\\\/\\\/news.save.ch\\\/wp-content\\\/uploads\\\/2019\\\/09\\\/swisspro_dienstleistung_cloud__datacenter_bearbeitet-1.jpg\",\"width\":1143,\"height\":600,\"caption\":\"\u00a9 BKW\"},{\"@type\":\"BreadcrumbList\",\"@id\":\"https:\\\/\\\/news.save.ch\\\/uebernahme-im-gebaeudetechnologiebereich\\\/#breadcrumb\",\"itemListElement\":[{\"@type\":\"ListItem\",\"position\":1,\"name\":\"Home\",\"item\":\"https:\\\/\\\/news.save.ch\\\/de\\\/\"},{\"@type\":\"ListItem\",\"position\":2,\"name\":\"\u00dcbernahme in der Geb\u00e4udetechnologie\"}]},{\"@type\":\"WebSite\",\"@id\":\"https:\\\/\\\/news.save.ch\\\/de\\\/#website\",\"url\":\"https:\\\/\\\/news.save.ch\\\/de\\\/\",\"name\":\"Save\",\"description\":\"Schweizer Fachzeitschrift f\u00fcr Sicherheit\",\"publisher\":{\"@id\":\"https:\\\/\\\/news.save.ch\\\/de\\\/#organization\"},\"potentialAction\":[{\"@type\":\"SearchAction\",\"target\":{\"@type\":\"EntryPoint\",\"urlTemplate\":\"https:\\\/\\\/news.save.ch\\\/de\\\/?s={search_term_string}\"},\"query-input\":{\"@type\":\"PropertyValueSpecification\",\"valueRequired\":true,\"valueName\":\"search_term_string\"}}],\"inLanguage\":\"de\"},{\"@type\":\"Organization\",\"@id\":\"https:\\\/\\\/news.save.ch\\\/de\\\/#organization\",\"name\":\"Sicherheitsforum\",\"url\":\"https:\\\/\\\/news.save.ch\\\/de\\\/\",\"logo\":{\"@type\":\"ImageObject\",\"inLanguage\":\"de\",\"@id\":\"https:\\\/\\\/news.save.ch\\\/de\\\/#\\\/schema\\\/logo\\\/image\\\/\",\"url\":\"https:\\\/\\\/news.save.ch\\\/wp-content\\\/uploads\\\/2022\\\/06\\\/Logo_SF_2012.png\",\"contentUrl\":\"https:\\\/\\\/news.save.ch\\\/wp-content\\\/uploads\\\/2022\\\/06\\\/Logo_SF_2012.png\",\"width\":1100,\"height\":91,\"caption\":\"Sicherheitsforum\"},\"image\":{\"@id\":\"https:\\\/\\\/news.save.ch\\\/de\\\/#\\\/schema\\\/logo\\\/image\\\/\"}},{\"@type\":\"Person\",\"@id\":\"https:\\\/\\\/news.save.ch\\\/de\\\/#\\\/schema\\\/person\\\/d5022db048e0e2b9785c50e5b24da5aa\",\"name\":\"Roger Str\u00e4ssle\",\"image\":{\"@type\":\"ImageObject\",\"inLanguage\":\"de\",\"@id\":\"https:\\\/\\\/secure.gravatar.com\\\/avatar\\\/862a5569d087de48e5856e32f45d719a03804c891d6deb8d4f71a660e79e4a47?s=96&d=mm&r=g\",\"url\":\"https:\\\/\\\/secure.gravatar.com\\\/avatar\\\/862a5569d087de48e5856e32f45d719a03804c891d6deb8d4f71a660e79e4a47?s=96&d=mm&r=g\",\"contentUrl\":\"https:\\\/\\\/secure.gravatar.com\\\/avatar\\\/862a5569d087de48e5856e32f45d719a03804c891d6deb8d4f71a660e79e4a47?s=96&d=mm&r=g\",\"caption\":\"Roger Str\u00e4ssle\"},\"url\":\"https:\\\/\\\/news.save.ch\\\/de\\\/author\\\/roger-straessle\\\/\"}]}<\/script>\n<!-- \/ Yoast SEO plugin. -->","yoast_head_json":{"title":"\u00dcbernahme in der Geb\u00e4udetechnologie - Save","description":"Die BKW \u00fcbernimmt 100 Prozent der in der Geb\u00e4udeautomation und -technik t\u00e4tigen Swisspro Group AG mit Hauptsitz in Urdorf ZH.","robots":{"index":"index","follow":"follow","max-snippet":"max-snippet:-1","max-image-preview":"max-image-preview:large","max-video-preview":"max-video-preview:-1"},"canonical":"https:\/\/news.save.ch\/de\/uebernahme-im-gebaeudetechnologiebereich\/","og_locale":"de_DE","og_type":"article","og_title":"\u00dcbernahme in der Geb\u00e4udetechnologie - Save","og_description":"Die BKW \u00fcbernimmt 100 Prozent der in der Geb\u00e4udeautomation und -technik t\u00e4tigen Swisspro Group AG mit Hauptsitz in Urdorf ZH.","og_url":"https:\/\/news.save.ch\/de\/uebernahme-im-gebaeudetechnologiebereich\/","og_site_name":"Save","article_published_time":"2019-09-19T07:35:00+00:00","og_image":[{"width":1143,"height":600,"url":"https:\/\/news.save.ch\/wp-content\/uploads\/2019\/09\/swisspro_dienstleistung_cloud__datacenter_bearbeitet-1.jpg","type":"image\/jpeg"}],"author":"Roger Str\u00e4ssle","twitter_card":"summary_large_image","twitter_misc":{"Geschrieben von":"Roger Str\u00e4ssle","Gesch\u00e4tzte Lesezeit":"1\u00a0Minute"},"schema":{"@context":"https:\/\/schema.org","@graph":[{"@type":"Article","@id":"https:\/\/news.save.ch\/uebernahme-im-gebaeudetechnologiebereich\/#article","isPartOf":{"@id":"https:\/\/news.save.ch\/uebernahme-im-gebaeudetechnologiebereich\/"},"author":{"name":"Roger Str\u00e4ssle","@id":"https:\/\/news.save.ch\/de\/#\/schema\/person\/d5022db048e0e2b9785c50e5b24da5aa"},"headline":"\u00dcbernahme in der Geb\u00e4udetechnologie","datePublished":"2019-09-19T07:35:00+00:00","mainEntityOfPage":{"@id":"https:\/\/news.save.ch\/uebernahme-im-gebaeudetechnologiebereich\/"},"wordCount":252,"commentCount":0,"publisher":{"@id":"https:\/\/news.save.ch\/de\/#organization"},"image":{"@id":"https:\/\/news.save.ch\/uebernahme-im-gebaeudetechnologiebereich\/#primaryimage"},"thumbnailUrl":"https:\/\/news.save.ch\/wp-content\/uploads\/2019\/09\/swisspro_dienstleistung_cloud__datacenter_bearbeitet-1.jpg","keywords":["Geb\u00e4udeautomation","Geb\u00e4udeschutz","Geb\u00e4udetechnik","\u00dcbernahme"],"articleSection":["ALLGEMEIN"],"inLanguage":"de"},{"@type":"WebPage","@id":"https:\/\/news.save.ch\/uebernahme-im-gebaeudetechnologiebereich\/","url":"https:\/\/news.save.ch\/uebernahme-im-gebaeudetechnologiebereich\/","name":"\u00dcbernahme in der Geb\u00e4udetechnologie - Save","isPartOf":{"@id":"https:\/\/news.save.ch\/de\/#website"},"primaryImageOfPage":{"@id":"https:\/\/news.save.ch\/uebernahme-im-gebaeudetechnologiebereich\/#primaryimage"},"image":{"@id":"https:\/\/news.save.ch\/uebernahme-im-gebaeudetechnologiebereich\/#primaryimage"},"thumbnailUrl":"https:\/\/news.save.ch\/wp-content\/uploads\/2019\/09\/swisspro_dienstleistung_cloud__datacenter_bearbeitet-1.jpg","datePublished":"2019-09-19T07:35:00+00:00","description":"Die BKW \u00fcbernimmt 100 Prozent der in der Geb\u00e4udeautomation und -technik t\u00e4tigen Swisspro Group AG mit Hauptsitz in Urdorf ZH.","breadcrumb":{"@id":"https:\/\/news.save.ch\/uebernahme-im-gebaeudetechnologiebereich\/#breadcrumb"},"inLanguage":"de","potentialAction":[{"@type":"ReadAction","target":["https:\/\/news.save.ch\/uebernahme-im-gebaeudetechnologiebereich\/"]}]},{"@type":"ImageObject","inLanguage":"de","@id":"https:\/\/news.save.ch\/uebernahme-im-gebaeudetechnologiebereich\/#primaryimage","url":"https:\/\/news.save.ch\/wp-content\/uploads\/2019\/09\/swisspro_dienstleistung_cloud__datacenter_bearbeitet-1.jpg","contentUrl":"https:\/\/news.save.ch\/wp-content\/uploads\/2019\/09\/swisspro_dienstleistung_cloud__datacenter_bearbeitet-1.jpg","width":1143,"height":600,"caption":"\u00a9 BKW"},{"@type":"BreadcrumbList","@id":"https:\/\/news.save.ch\/uebernahme-im-gebaeudetechnologiebereich\/#breadcrumb","itemListElement":[{"@type":"ListItem","position":1,"name":"Home","item":"https:\/\/news.save.ch\/de\/"},{"@type":"ListItem","position":2,"name":"\u00dcbernahme in der Geb\u00e4udetechnologie"}]},{"@type":"WebSite","@id":"https:\/\/news.save.ch\/de\/#website","url":"https:\/\/news.save.ch\/de\/","name":"Save","description":"Schweizer Fachzeitschrift f\u00fcr Sicherheit","publisher":{"@id":"https:\/\/news.save.ch\/de\/#organization"},"potentialAction":[{"@type":"SearchAction","target":{"@type":"EntryPoint","urlTemplate":"https:\/\/news.save.ch\/de\/?s={search_term_string}"},"query-input":{"@type":"PropertyValueSpecification","valueRequired":true,"valueName":"search_term_string"}}],"inLanguage":"de"},{"@type":"Organization","@id":"https:\/\/news.save.ch\/de\/#organization","name":"Sicherheitsforum","url":"https:\/\/news.save.ch\/de\/","logo":{"@type":"ImageObject","inLanguage":"de","@id":"https:\/\/news.save.ch\/de\/#\/schema\/logo\/image\/","url":"https:\/\/news.save.ch\/wp-content\/uploads\/2022\/06\/Logo_SF_2012.png","contentUrl":"https:\/\/news.save.ch\/wp-content\/uploads\/2022\/06\/Logo_SF_2012.png","width":1100,"height":91,"caption":"Sicherheitsforum"},"image":{"@id":"https:\/\/news.save.ch\/de\/#\/schema\/logo\/image\/"}},{"@type":"Person","@id":"https:\/\/news.save.ch\/de\/#\/schema\/person\/d5022db048e0e2b9785c50e5b24da5aa","name":"Roger Str\u00e4ssle","image":{"@type":"ImageObject","inLanguage":"de","@id":"https:\/\/secure.gravatar.com\/avatar\/862a5569d087de48e5856e32f45d719a03804c891d6deb8d4f71a660e79e4a47?s=96&d=mm&r=g","url":"https:\/\/secure.gravatar.com\/avatar\/862a5569d087de48e5856e32f45d719a03804c891d6deb8d4f71a660e79e4a47?s=96&d=mm&r=g","contentUrl":"https:\/\/secure.gravatar.com\/avatar\/862a5569d087de48e5856e32f45d719a03804c891d6deb8d4f71a660e79e4a47?s=96&d=mm&r=g","caption":"Roger Str\u00e4ssle"},"url":"https:\/\/news.save.ch\/de\/author\/roger-straessle\/"}]}},"_links":{"self":[{"href":"https:\/\/news.save.ch\/de\/wp-json\/wp\/v2\/posts\/8701","targetHints":{"allow":["GET"]}}],"collection":[{"href":"https:\/\/news.save.ch\/de\/wp-json\/wp\/v2\/posts"}],"about":[{"href":"https:\/\/news.save.ch\/de\/wp-json\/wp\/v2\/types\/post"}],"author":[{"embeddable":true,"href":"https:\/\/news.save.ch\/de\/wp-json\/wp\/v2\/users\/8"}],"replies":[{"embeddable":true,"href":"https:\/\/news.save.ch\/de\/wp-json\/wp\/v2\/comments?post=8701"}],"version-history":[{"count":0,"href":"https:\/\/news.save.ch\/de\/wp-json\/wp\/v2\/posts\/8701\/revisions"}],"wp:featuredmedia":[{"embeddable":true,"href":"https:\/\/news.save.ch\/de\/wp-json\/wp\/v2\/media\/8702"}],"wp:attachment":[{"href":"https:\/\/news.save.ch\/de\/wp-json\/wp\/v2\/media?parent=8701"}],"wp:term":[{"taxonomy":"category","embeddable":true,"href":"https:\/\/news.save.ch\/de\/wp-json\/wp\/v2\/categories?post=8701"},{"taxonomy":"post_tag","embeddable":true,"href":"https:\/\/news.save.ch\/de\/wp-json\/wp\/v2\/tags?post=8701"}],"curies":[{"name":"wp","href":"https:\/\/api.w.org\/{rel}","templated":true}]}}