{"id":8815,"date":"2019-10-10T14:10:38","date_gmt":"2019-10-10T12:10:38","guid":{"rendered":"https:\/\/news.save.ch\/?p=8815"},"modified":"2023-03-14T08:56:43","modified_gmt":"2023-03-14T07:56:43","slug":"eu-bewertet-sicherheitsrisiken-von-5g-netzen","status":null,"type":"post","link":"https:\/\/news.save.ch\/de\/eu-bewertet-sicherheitsrisiken-von-5g-netzen\/","title":{"rendered":"EU bewertet Sicherheitsrisiken von 5G-Netzen"},"content":{"rendered":"<figure id=\"attachment_8816\" aria-describedby=\"caption-attachment-8816\" style=\"width: 680px\" class=\"wp-caption aligncenter\"><img loading=\"lazy\" decoding=\"async\" class=\"size-medium wp-image-8816\" src=\"https:\/\/news.save.ch\/wp-content\/uploads\/2019\/10\/Depositphotos_75176073_l-2015.jpg\" alt=\"\" width=\"680\" height=\"453\" \/><figcaption id=\"caption-attachment-8816\" class=\"wp-caption-text\">\u00a9 depositphotos, info@crashmedia.fi<\/figcaption><\/figure>\n<p>&nbsp;<\/p>\n<p>Mit Unterst\u00fctzung der Kommission und der EU-Cybersicherheitsagentur haben die Mitgliedstaaten am Mittwoch einen\u00a0<a style=\"font-style: inherit;\" href=\"https:\/\/ec.europa.eu\/newsroom\/dae\/document.cfm?doc_id=62132\">Bericht \u00fcber die EU-weit koordinierte Risikobewertung in Bezug auf die Cybersicherheit in den Netzen der 5.\u00a0Generation (5G)<\/a>\u00a0ver\u00f6ffentlicht.<\/p>\n<p>5G-Netze sind das k\u00fcnftige R\u00fcckgrat der zunehmend digitalisierten Volkswirtschaften und Gesellschaften. Sie werden Milliarden von Objekten und Systemen miteinander verbinden, auch in kritischen Sektoren wie Energie, Verkehr, Bank- und Gesundheitswesen, aber auch in industriellen Steuerungssystemen, die sensible Informationen verarbeiten und Sicherheitssysteme unterst\u00fctzen. Die Gew\u00e4hrleistung der Sicherheit und Widerstandsf\u00e4higkeit der 5G-Netze ist daher von gr\u00f6sster Bedeutung.<\/p>\n<p><span style=\"font-style: inherit;\">Der Bericht beruht auf den Ergebnissen der nationalen Risikobewertungen, die alle EU-Mitgliedstaaten in Bezug auf ihre Cybersicherheit durchgef\u00fchrt haben. Darin werden die Hauptbedrohungen und deren Verursacher, die anf\u00e4lligsten Anlagen und Einrichtungen, die wichtigsten Schwachstellen (technischer und anderer Art) und eine Reihe strategischer Risiken aufgezeigt.<\/span><\/p>\n<p><span style=\"font-style: inherit;\">Diese Bewertung bildet die Grundlage f\u00fcr die Ermittlung von Risikominderungsmassnahmen, die auf nationaler und europ\u00e4ischer Ebene ergriffen werden k\u00f6nnen.<\/span><\/p>\n<p><span style=\"font-style: inherit;\"><strong style=\"font-style: inherit;\">Wichtigste Erkenntnisse <\/strong><\/span><\/p>\n<p>In dem Bericht werden mehrere grosse\u00a0Sicherheitsprobleme\u00a0genannt, die in 5G-Netzen auftreten oder \u2013 im Vergleich zu den bestehenden Netzen \u2013 dort st\u00e4rker ins Gewicht fallen d\u00fcrften.<\/p>\n<p>Diese Sicherheitsprobleme stehen haupts\u00e4chlich im Zusammenhang mit<\/p>\n<ul>\n<li>grossen\u00a0Innovationen<em>\u00a0<\/em>der 5G-Technik (die zugleich eine Reihe spezifischer Sicherheitsverbesserungen mit sich bringen), insbesondere im wichtigen Softwarebereich und im breiten Spektrum der Dienste und Anwendungen, die durch 5G-Technik erm\u00f6glicht werden;<\/li>\n<li>der Rolle der\u00a0<em>Lieferanten<\/em>\u00a0beim Aufbau und Betrieb von 5G-Netzen und dem Grad der Abh\u00e4ngigkeit von einzelnen Lieferanten.<\/li>\n<\/ul>\n<p>&nbsp;<\/p>\n<p>Konkret ist davon auszugehen, dass der Aufbau der 5G-Netze folgende Auswirkungen haben wird:<\/p>\n<ul>\n<li>Eine\u00a0<strong style=\"font-style: inherit;\">erh\u00f6hte Angriffsgefahr und mehr potenzielle Ansatzpunkte f\u00fcr Angreifer<\/strong>: Da 5G-Netze zunehmend auf Software basieren, steigen die Risiken im Zusammenhang mit gr\u00f6sseren Sicherheitsl\u00fccken, z.\u00a0B. wegen mangelhafter Softwareentwicklungsprozesse bei Lieferanten. Dadurch k\u00f6nnte es auch f\u00fcr Angreifer leichter werden, Hintert\u00fcren in die Produkte einzubauen und deren Erkennung zu erschweren.<\/li>\n<li>Aufgrund der neuen Merkmale der 5G-Netzarchitektur und neuer 5G-Funktionen\u00a0<strong style=\"font-style: inherit;\">werden bestimmte Netzausr\u00fcstungen oder Netzfunktionen leichter verwundbar<\/strong>, z.B. Basisstationen oder wichtige technische Verwaltungsfunktionen der Netze.<\/li>\n<li>Erh\u00f6hte Risiken durch die\u00a0<strong style=\"font-style: inherit;\">Abh\u00e4ngigkeit der Mobilfunknetzbetreiber von ihren Lieferanten<\/strong>. Dadurch wird sich auch die\u00a0<strong style=\"font-style: inherit;\">Zahl der Angriffspunkte, die von Angreifern ausgenutzt werden k\u00f6nnten<\/strong>\u201a und die potenzielle Schwere der Folgen solcher Angriffe erh\u00f6hen. Unter den verschiedenen potenziellen Akteuren gehen die gr\u00f6ssten Gefahren von Nicht-EU-Staaten oder von staatlich unterst\u00fctzten Organisationen aus, die zudem h\u00f6chstwahrscheinlich 5G-Netze ins Visier nehmen werden.<\/li>\n<li>Vor diesem Hintergrund einer erh\u00f6hten, von Lieferanten beg\u00fcnstigten Angriffsgefahr wird das\u00a0<strong style=\"font-style: inherit;\">Risikoprofil der einzelnen Lieferanten<\/strong>eine besondere Bedeutung haben, denn es besagt, wie wahrscheinlich ist es, dass der Lieferant dem Einfluss eines Nicht-EU-Landes erliegt.<\/li>\n<li><strong style=\"font-style: inherit;\">Erh\u00f6hte Risiken durch gr\u00f6ssere Abh\u00e4ngigkeiten von Lieferanten<\/strong>: Eine grosse Abh\u00e4ngigkeit von einem einzigen Lieferanten erh\u00f6ht die Gefahr m\u00f6glicher Lieferunterbrechungen, was beispielsweise zu gesch\u00e4ftlichen Ausf\u00e4llen mit allen ihren Folgen f\u00fchren kann. So versch\u00e4rft sie auch die m\u00f6glichen Folgen von Schwachstellen und Anf\u00e4lligkeiten und deren m\u00f6glicher Ausnutzung durch Angreifer, insbesondere bei einer Abh\u00e4ngigkeit von einem Lieferanten, der ein hohes Risiko aufweist.<\/li>\n<li><strong style=\"font-style: inherit;\">Bedrohungen der Verf\u00fcgbarkeit und Integrit\u00e4t der Netze werden grosse Sicherheitsbedenken hervorrufen<\/strong>: Da 5G-Netze voraussichtlich das R\u00fcckgrat vieler unverzichtbarer IT-Anwendungen bilden werden, wird neben der Vertraulichkeit und dem Schutz der Privatsph\u00e4re auch die Integrit\u00e4t und Verf\u00fcgbarkeit dieser Netze zu einer wichtigen Frage nationaler Sicherheitsinteressen und zu einer grossen sicherheitspolitischen Herausforderung f\u00fcr die EU.<\/li>\n<\/ul>\n<p>Zusammengenommen entsteht durch alle diese Herausforderungen\u00a0ein neues Sicherheitsparadigma, das es erforderlich macht, den derzeit f\u00fcr diesen Sektor und sein \u00d6kosystem geltenden politischen und sicherheitspolitischen Rahmen zu \u00fcberpr\u00fcfen, damit die Mitgliedstaaten die erforderlichen Risikominderungsmassnahmen ergreifen k\u00f6nnen.<\/p>\n<p><em>Die Bedrohungslage aus Sicht der EU-Cybersicherheitsagentur:\u00a0<\/em>Erg\u00e4nzend zu dem Bericht der Mitgliedstaaten stellt die\u00a0<a style=\"font-style: inherit;\" href=\"https:\/\/www.enisa.europa.eu\/\">EU-Cybersicherheitsagentur<\/a>\u00a0gerade ihren \u00dcberblick \u00fcber die spezifische Bedrohungslage im Zusammenhang mit 5G-Netzen fertig, in dem sie ausf\u00fchrlicher auf bestimmte technische Aspekte des Berichts eingeht.<\/p>\n<p><span style=\"font-style: inherit;\"><strong style=\"font-style: inherit;\">N\u00e4chste Schritte<\/strong><\/span><\/p>\n<p>Bis zum 31.\u00a0Dezember 2019 sollte sich die\u00a0<a style=\"font-style: inherit;\" href=\"https:\/\/ec.europa.eu\/digital-single-market\/en\/nis-cooperation-group\">Kooperationsgruppe<\/a>\u00a0auf ein Instrumentarium von Risikominderungsmassnahmen einigen, mit dem auf die festgestellten Cybersicherheitsrisiken auf nationaler und Unionsebene reagiert werden soll.<\/p>\n<p>Bis zum 1. Oktober 2020 sollten die Mitgliedstaaten \u2013 in Zusammenarbeit mit der Kommission \u2013 die Auswirkungen der Empfehlung bewerten, um zu ermitteln, ob weitere Massnahmen erforderlich sind. Bei dieser Bewertung sollten die Ergebnisse der koordinierten europ\u00e4ischen Risikobewertung und die Wirksamkeit der Massnahmen ber\u00fccksichtigt werden<\/p>\n<p><em>Quelle: Europ\u00e4ische Kommission, Vertretung in Deutschland<\/em><\/p>\n<h1><\/h1>\n","protected":false},"excerpt":{"rendered":"<p>&nbsp; Mit Unterst\u00fctzung der Kommission und der EU-Cybersicherheitsagentur haben die Mitgliedstaaten am Mittwoch einen\u00a0Bericht \u00fcber die EU-weit koordinierte Risikobewertung in Bezug auf die Cybersicherheit in den Netzen der 5.\u00a0Generation (5G)\u00a0ver\u00f6ffentlicht. 5G-Netze sind das k\u00fcnftige R\u00fcckgrat der zunehmend digitalisierten Volkswirtschaften und Gesellschaften. Sie werden Milliarden von Objekten und Systemen miteinander verbinden, auch in kritischen Sektoren wie [&hellip;]<\/p>\n","protected":false},"author":8,"featured_media":8816,"comment_status":"open","ping_status":"open","sticky":false,"template":"","format":"standard","meta":{"_acf_changed":false,"pgc_sgb_lightbox_settings":"","footnotes":""},"categories":[3313],"tags":[439,445],"class_list":["post-8815","post","type-post","status-publish","format-standard","has-post-thumbnail","hentry","category-digitalisierung","tag-5g","tag-risiken"],"acf":[],"hkrextid":null,"publication":null,"issue":null,"workflow":null,"startPage":null,"spitzmarke":null,"_posts_by_tag_page_fields":{"widget_title":"","widget_tags":""},"_at_widget":"1","_yoast_wpseo_primary_category":"2","_yoast_wpseo_focuskw_text_input":"5G","_yoast_wpseo_opengraph-image":null,"_yoast_wpseo_opengraph-description":null,"_yoast_wpseo_opengraph-title":null,"enclosure":null,"_yoast_wpseo_twitter-title":null,"_yoast_wpseo_twitter-description":null,"_yoast_wpseo_twitter-image":null,"_wp_old_slug":null,"_yoast_wpseo_title":null,"_yoast_wpseo_canonical":null,"yoast_head":"<!-- This site is optimized with the Yoast SEO plugin v27.5 - https:\/\/yoast.com\/product\/yoast-seo-wordpress\/ -->\n<title>EU bewertet Sicherheitsrisiken von 5G-Netzen - Save<\/title>\n<meta name=\"description\" content=\"Die Einf\u00fchrung von 5G-Netzen f\u00fchrt im Vergleich mit bestehenden Netzen zu neuen Sicherheitsrisiken, wie aus der EU-weiten Risikobewertung hervorgeht.\" \/>\n<meta name=\"robots\" content=\"index, follow, max-snippet:-1, max-image-preview:large, max-video-preview:-1\" \/>\n<link rel=\"canonical\" href=\"https:\/\/news.save.ch\/de\/eu-bewertet-sicherheitsrisiken-von-5g-netzen\/\" \/>\n<meta property=\"og:locale\" content=\"de_DE\" \/>\n<meta property=\"og:type\" content=\"article\" \/>\n<meta property=\"og:title\" content=\"EU bewertet Sicherheitsrisiken von 5G-Netzen - Save\" \/>\n<meta property=\"og:description\" content=\"Die Einf\u00fchrung von 5G-Netzen f\u00fchrt im Vergleich mit bestehenden Netzen zu neuen Sicherheitsrisiken, wie aus der EU-weiten Risikobewertung hervorgeht.\" \/>\n<meta property=\"og:url\" content=\"https:\/\/news.save.ch\/de\/eu-bewertet-sicherheitsrisiken-von-5g-netzen\/\" \/>\n<meta property=\"og:site_name\" content=\"Save\" \/>\n<meta property=\"article:published_time\" content=\"2019-10-10T12:10:38+00:00\" \/>\n<meta property=\"article:modified_time\" content=\"2023-03-14T07:56:43+00:00\" \/>\n<meta property=\"og:image\" content=\"https:\/\/news.save.ch\/wp-content\/uploads\/2019\/10\/Depositphotos_75176073_l-2015-scaled.jpg\" \/>\n\t<meta property=\"og:image:width\" content=\"1400\" \/>\n\t<meta property=\"og:image:height\" content=\"933\" \/>\n\t<meta property=\"og:image:type\" content=\"image\/jpeg\" \/>\n<meta name=\"author\" content=\"Roger Str\u00e4ssle\" \/>\n<meta name=\"twitter:card\" content=\"summary_large_image\" \/>\n<meta name=\"twitter:label1\" content=\"Geschrieben von\" \/>\n\t<meta name=\"twitter:data1\" content=\"Roger Str\u00e4ssle\" \/>\n\t<meta name=\"twitter:label2\" content=\"Gesch\u00e4tzte Lesezeit\" \/>\n\t<meta name=\"twitter:data2\" content=\"4\u00a0Minuten\" \/>\n<script type=\"application\/ld+json\" class=\"yoast-schema-graph\">{\"@context\":\"https:\\\/\\\/schema.org\",\"@graph\":[{\"@type\":\"Article\",\"@id\":\"https:\\\/\\\/news.save.ch\\\/eu-bewertet-sicherheitsrisiken-von-5g-netzen\\\/#article\",\"isPartOf\":{\"@id\":\"https:\\\/\\\/news.save.ch\\\/eu-bewertet-sicherheitsrisiken-von-5g-netzen\\\/\"},\"author\":{\"name\":\"Roger Str\u00e4ssle\",\"@id\":\"https:\\\/\\\/news.save.ch\\\/de\\\/#\\\/schema\\\/person\\\/d5022db048e0e2b9785c50e5b24da5aa\"},\"headline\":\"EU bewertet Sicherheitsrisiken von 5G-Netzen\",\"datePublished\":\"2019-10-10T12:10:38+00:00\",\"dateModified\":\"2023-03-14T07:56:43+00:00\",\"mainEntityOfPage\":{\"@id\":\"https:\\\/\\\/news.save.ch\\\/eu-bewertet-sicherheitsrisiken-von-5g-netzen\\\/\"},\"wordCount\":751,\"commentCount\":0,\"publisher\":{\"@id\":\"https:\\\/\\\/news.save.ch\\\/de\\\/#organization\"},\"image\":{\"@id\":\"https:\\\/\\\/news.save.ch\\\/eu-bewertet-sicherheitsrisiken-von-5g-netzen\\\/#primaryimage\"},\"thumbnailUrl\":\"https:\\\/\\\/news.save.ch\\\/wp-content\\\/uploads\\\/2019\\\/10\\\/Depositphotos_75176073_l-2015-scaled.jpg\",\"keywords\":[\"5G\",\"Risiken\"],\"articleSection\":[\"DIGITALISIERUNG\"],\"inLanguage\":\"de\"},{\"@type\":\"WebPage\",\"@id\":\"https:\\\/\\\/news.save.ch\\\/eu-bewertet-sicherheitsrisiken-von-5g-netzen\\\/\",\"url\":\"https:\\\/\\\/news.save.ch\\\/eu-bewertet-sicherheitsrisiken-von-5g-netzen\\\/\",\"name\":\"EU bewertet Sicherheitsrisiken von 5G-Netzen - Save\",\"isPartOf\":{\"@id\":\"https:\\\/\\\/news.save.ch\\\/de\\\/#website\"},\"primaryImageOfPage\":{\"@id\":\"https:\\\/\\\/news.save.ch\\\/eu-bewertet-sicherheitsrisiken-von-5g-netzen\\\/#primaryimage\"},\"image\":{\"@id\":\"https:\\\/\\\/news.save.ch\\\/eu-bewertet-sicherheitsrisiken-von-5g-netzen\\\/#primaryimage\"},\"thumbnailUrl\":\"https:\\\/\\\/news.save.ch\\\/wp-content\\\/uploads\\\/2019\\\/10\\\/Depositphotos_75176073_l-2015-scaled.jpg\",\"datePublished\":\"2019-10-10T12:10:38+00:00\",\"dateModified\":\"2023-03-14T07:56:43+00:00\",\"description\":\"Die Einf\u00fchrung von 5G-Netzen f\u00fchrt im Vergleich mit bestehenden Netzen zu neuen Sicherheitsrisiken, wie aus der EU-weiten Risikobewertung hervorgeht.\",\"breadcrumb\":{\"@id\":\"https:\\\/\\\/news.save.ch\\\/eu-bewertet-sicherheitsrisiken-von-5g-netzen\\\/#breadcrumb\"},\"inLanguage\":\"de\",\"potentialAction\":[{\"@type\":\"ReadAction\",\"target\":[\"https:\\\/\\\/news.save.ch\\\/eu-bewertet-sicherheitsrisiken-von-5g-netzen\\\/\"]}]},{\"@type\":\"ImageObject\",\"inLanguage\":\"de\",\"@id\":\"https:\\\/\\\/news.save.ch\\\/eu-bewertet-sicherheitsrisiken-von-5g-netzen\\\/#primaryimage\",\"url\":\"https:\\\/\\\/news.save.ch\\\/wp-content\\\/uploads\\\/2019\\\/10\\\/Depositphotos_75176073_l-2015-scaled.jpg\",\"contentUrl\":\"https:\\\/\\\/news.save.ch\\\/wp-content\\\/uploads\\\/2019\\\/10\\\/Depositphotos_75176073_l-2015-scaled.jpg\",\"width\":1400,\"height\":933,\"caption\":\"\u00a9 depositphotos, info@crashmedia.fi\"},{\"@type\":\"BreadcrumbList\",\"@id\":\"https:\\\/\\\/news.save.ch\\\/eu-bewertet-sicherheitsrisiken-von-5g-netzen\\\/#breadcrumb\",\"itemListElement\":[{\"@type\":\"ListItem\",\"position\":1,\"name\":\"Home\",\"item\":\"https:\\\/\\\/news.save.ch\\\/de\\\/\"},{\"@type\":\"ListItem\",\"position\":2,\"name\":\"EU bewertet Sicherheitsrisiken von 5G-Netzen\"}]},{\"@type\":\"WebSite\",\"@id\":\"https:\\\/\\\/news.save.ch\\\/de\\\/#website\",\"url\":\"https:\\\/\\\/news.save.ch\\\/de\\\/\",\"name\":\"Save\",\"description\":\"Schweizer Fachzeitschrift f\u00fcr Sicherheit\",\"publisher\":{\"@id\":\"https:\\\/\\\/news.save.ch\\\/de\\\/#organization\"},\"potentialAction\":[{\"@type\":\"SearchAction\",\"target\":{\"@type\":\"EntryPoint\",\"urlTemplate\":\"https:\\\/\\\/news.save.ch\\\/de\\\/?s={search_term_string}\"},\"query-input\":{\"@type\":\"PropertyValueSpecification\",\"valueRequired\":true,\"valueName\":\"search_term_string\"}}],\"inLanguage\":\"de\"},{\"@type\":\"Organization\",\"@id\":\"https:\\\/\\\/news.save.ch\\\/de\\\/#organization\",\"name\":\"Sicherheitsforum\",\"url\":\"https:\\\/\\\/news.save.ch\\\/de\\\/\",\"logo\":{\"@type\":\"ImageObject\",\"inLanguage\":\"de\",\"@id\":\"https:\\\/\\\/news.save.ch\\\/de\\\/#\\\/schema\\\/logo\\\/image\\\/\",\"url\":\"https:\\\/\\\/news.save.ch\\\/wp-content\\\/uploads\\\/2022\\\/06\\\/Logo_SF_2012.png\",\"contentUrl\":\"https:\\\/\\\/news.save.ch\\\/wp-content\\\/uploads\\\/2022\\\/06\\\/Logo_SF_2012.png\",\"width\":1100,\"height\":91,\"caption\":\"Sicherheitsforum\"},\"image\":{\"@id\":\"https:\\\/\\\/news.save.ch\\\/de\\\/#\\\/schema\\\/logo\\\/image\\\/\"}},{\"@type\":\"Person\",\"@id\":\"https:\\\/\\\/news.save.ch\\\/de\\\/#\\\/schema\\\/person\\\/d5022db048e0e2b9785c50e5b24da5aa\",\"name\":\"Roger Str\u00e4ssle\",\"image\":{\"@type\":\"ImageObject\",\"inLanguage\":\"de\",\"@id\":\"https:\\\/\\\/secure.gravatar.com\\\/avatar\\\/862a5569d087de48e5856e32f45d719a03804c891d6deb8d4f71a660e79e4a47?s=96&d=mm&r=g\",\"url\":\"https:\\\/\\\/secure.gravatar.com\\\/avatar\\\/862a5569d087de48e5856e32f45d719a03804c891d6deb8d4f71a660e79e4a47?s=96&d=mm&r=g\",\"contentUrl\":\"https:\\\/\\\/secure.gravatar.com\\\/avatar\\\/862a5569d087de48e5856e32f45d719a03804c891d6deb8d4f71a660e79e4a47?s=96&d=mm&r=g\",\"caption\":\"Roger Str\u00e4ssle\"},\"url\":\"https:\\\/\\\/news.save.ch\\\/de\\\/author\\\/roger-straessle\\\/\"}]}<\/script>\n<!-- \/ Yoast SEO plugin. -->","yoast_head_json":{"title":"EU bewertet Sicherheitsrisiken von 5G-Netzen - Save","description":"Die Einf\u00fchrung von 5G-Netzen f\u00fchrt im Vergleich mit bestehenden Netzen zu neuen Sicherheitsrisiken, wie aus der EU-weiten Risikobewertung hervorgeht.","robots":{"index":"index","follow":"follow","max-snippet":"max-snippet:-1","max-image-preview":"max-image-preview:large","max-video-preview":"max-video-preview:-1"},"canonical":"https:\/\/news.save.ch\/de\/eu-bewertet-sicherheitsrisiken-von-5g-netzen\/","og_locale":"de_DE","og_type":"article","og_title":"EU bewertet Sicherheitsrisiken von 5G-Netzen - Save","og_description":"Die Einf\u00fchrung von 5G-Netzen f\u00fchrt im Vergleich mit bestehenden Netzen zu neuen Sicherheitsrisiken, wie aus der EU-weiten Risikobewertung hervorgeht.","og_url":"https:\/\/news.save.ch\/de\/eu-bewertet-sicherheitsrisiken-von-5g-netzen\/","og_site_name":"Save","article_published_time":"2019-10-10T12:10:38+00:00","article_modified_time":"2023-03-14T07:56:43+00:00","og_image":[{"width":1400,"height":933,"url":"https:\/\/news.save.ch\/wp-content\/uploads\/2019\/10\/Depositphotos_75176073_l-2015-scaled.jpg","type":"image\/jpeg"}],"author":"Roger Str\u00e4ssle","twitter_card":"summary_large_image","twitter_misc":{"Geschrieben von":"Roger Str\u00e4ssle","Gesch\u00e4tzte Lesezeit":"4\u00a0Minuten"},"schema":{"@context":"https:\/\/schema.org","@graph":[{"@type":"Article","@id":"https:\/\/news.save.ch\/eu-bewertet-sicherheitsrisiken-von-5g-netzen\/#article","isPartOf":{"@id":"https:\/\/news.save.ch\/eu-bewertet-sicherheitsrisiken-von-5g-netzen\/"},"author":{"name":"Roger Str\u00e4ssle","@id":"https:\/\/news.save.ch\/de\/#\/schema\/person\/d5022db048e0e2b9785c50e5b24da5aa"},"headline":"EU bewertet Sicherheitsrisiken von 5G-Netzen","datePublished":"2019-10-10T12:10:38+00:00","dateModified":"2023-03-14T07:56:43+00:00","mainEntityOfPage":{"@id":"https:\/\/news.save.ch\/eu-bewertet-sicherheitsrisiken-von-5g-netzen\/"},"wordCount":751,"commentCount":0,"publisher":{"@id":"https:\/\/news.save.ch\/de\/#organization"},"image":{"@id":"https:\/\/news.save.ch\/eu-bewertet-sicherheitsrisiken-von-5g-netzen\/#primaryimage"},"thumbnailUrl":"https:\/\/news.save.ch\/wp-content\/uploads\/2019\/10\/Depositphotos_75176073_l-2015-scaled.jpg","keywords":["5G","Risiken"],"articleSection":["DIGITALISIERUNG"],"inLanguage":"de"},{"@type":"WebPage","@id":"https:\/\/news.save.ch\/eu-bewertet-sicherheitsrisiken-von-5g-netzen\/","url":"https:\/\/news.save.ch\/eu-bewertet-sicherheitsrisiken-von-5g-netzen\/","name":"EU bewertet Sicherheitsrisiken von 5G-Netzen - Save","isPartOf":{"@id":"https:\/\/news.save.ch\/de\/#website"},"primaryImageOfPage":{"@id":"https:\/\/news.save.ch\/eu-bewertet-sicherheitsrisiken-von-5g-netzen\/#primaryimage"},"image":{"@id":"https:\/\/news.save.ch\/eu-bewertet-sicherheitsrisiken-von-5g-netzen\/#primaryimage"},"thumbnailUrl":"https:\/\/news.save.ch\/wp-content\/uploads\/2019\/10\/Depositphotos_75176073_l-2015-scaled.jpg","datePublished":"2019-10-10T12:10:38+00:00","dateModified":"2023-03-14T07:56:43+00:00","description":"Die Einf\u00fchrung von 5G-Netzen f\u00fchrt im Vergleich mit bestehenden Netzen zu neuen Sicherheitsrisiken, wie aus der EU-weiten Risikobewertung hervorgeht.","breadcrumb":{"@id":"https:\/\/news.save.ch\/eu-bewertet-sicherheitsrisiken-von-5g-netzen\/#breadcrumb"},"inLanguage":"de","potentialAction":[{"@type":"ReadAction","target":["https:\/\/news.save.ch\/eu-bewertet-sicherheitsrisiken-von-5g-netzen\/"]}]},{"@type":"ImageObject","inLanguage":"de","@id":"https:\/\/news.save.ch\/eu-bewertet-sicherheitsrisiken-von-5g-netzen\/#primaryimage","url":"https:\/\/news.save.ch\/wp-content\/uploads\/2019\/10\/Depositphotos_75176073_l-2015-scaled.jpg","contentUrl":"https:\/\/news.save.ch\/wp-content\/uploads\/2019\/10\/Depositphotos_75176073_l-2015-scaled.jpg","width":1400,"height":933,"caption":"\u00a9 depositphotos, info@crashmedia.fi"},{"@type":"BreadcrumbList","@id":"https:\/\/news.save.ch\/eu-bewertet-sicherheitsrisiken-von-5g-netzen\/#breadcrumb","itemListElement":[{"@type":"ListItem","position":1,"name":"Home","item":"https:\/\/news.save.ch\/de\/"},{"@type":"ListItem","position":2,"name":"EU bewertet Sicherheitsrisiken von 5G-Netzen"}]},{"@type":"WebSite","@id":"https:\/\/news.save.ch\/de\/#website","url":"https:\/\/news.save.ch\/de\/","name":"Save","description":"Schweizer Fachzeitschrift f\u00fcr Sicherheit","publisher":{"@id":"https:\/\/news.save.ch\/de\/#organization"},"potentialAction":[{"@type":"SearchAction","target":{"@type":"EntryPoint","urlTemplate":"https:\/\/news.save.ch\/de\/?s={search_term_string}"},"query-input":{"@type":"PropertyValueSpecification","valueRequired":true,"valueName":"search_term_string"}}],"inLanguage":"de"},{"@type":"Organization","@id":"https:\/\/news.save.ch\/de\/#organization","name":"Sicherheitsforum","url":"https:\/\/news.save.ch\/de\/","logo":{"@type":"ImageObject","inLanguage":"de","@id":"https:\/\/news.save.ch\/de\/#\/schema\/logo\/image\/","url":"https:\/\/news.save.ch\/wp-content\/uploads\/2022\/06\/Logo_SF_2012.png","contentUrl":"https:\/\/news.save.ch\/wp-content\/uploads\/2022\/06\/Logo_SF_2012.png","width":1100,"height":91,"caption":"Sicherheitsforum"},"image":{"@id":"https:\/\/news.save.ch\/de\/#\/schema\/logo\/image\/"}},{"@type":"Person","@id":"https:\/\/news.save.ch\/de\/#\/schema\/person\/d5022db048e0e2b9785c50e5b24da5aa","name":"Roger Str\u00e4ssle","image":{"@type":"ImageObject","inLanguage":"de","@id":"https:\/\/secure.gravatar.com\/avatar\/862a5569d087de48e5856e32f45d719a03804c891d6deb8d4f71a660e79e4a47?s=96&d=mm&r=g","url":"https:\/\/secure.gravatar.com\/avatar\/862a5569d087de48e5856e32f45d719a03804c891d6deb8d4f71a660e79e4a47?s=96&d=mm&r=g","contentUrl":"https:\/\/secure.gravatar.com\/avatar\/862a5569d087de48e5856e32f45d719a03804c891d6deb8d4f71a660e79e4a47?s=96&d=mm&r=g","caption":"Roger Str\u00e4ssle"},"url":"https:\/\/news.save.ch\/de\/author\/roger-straessle\/"}]}},"_links":{"self":[{"href":"https:\/\/news.save.ch\/de\/wp-json\/wp\/v2\/posts\/8815","targetHints":{"allow":["GET"]}}],"collection":[{"href":"https:\/\/news.save.ch\/de\/wp-json\/wp\/v2\/posts"}],"about":[{"href":"https:\/\/news.save.ch\/de\/wp-json\/wp\/v2\/types\/post"}],"author":[{"embeddable":true,"href":"https:\/\/news.save.ch\/de\/wp-json\/wp\/v2\/users\/8"}],"replies":[{"embeddable":true,"href":"https:\/\/news.save.ch\/de\/wp-json\/wp\/v2\/comments?post=8815"}],"version-history":[{"count":1,"href":"https:\/\/news.save.ch\/de\/wp-json\/wp\/v2\/posts\/8815\/revisions"}],"predecessor-version":[{"id":17369,"href":"https:\/\/news.save.ch\/de\/wp-json\/wp\/v2\/posts\/8815\/revisions\/17369"}],"wp:featuredmedia":[{"embeddable":true,"href":"https:\/\/news.save.ch\/de\/wp-json\/wp\/v2\/media\/8816"}],"wp:attachment":[{"href":"https:\/\/news.save.ch\/de\/wp-json\/wp\/v2\/media?parent=8815"}],"wp:term":[{"taxonomy":"category","embeddable":true,"href":"https:\/\/news.save.ch\/de\/wp-json\/wp\/v2\/categories?post=8815"},{"taxonomy":"post_tag","embeddable":true,"href":"https:\/\/news.save.ch\/de\/wp-json\/wp\/v2\/tags?post=8815"}],"curies":[{"name":"wp","href":"https:\/\/api.w.org\/{rel}","templated":true}]}}