{"id":8888,"date":"2019-10-16T09:48:00","date_gmt":"2019-10-16T07:48:00","guid":{"rendered":"https:\/\/news.save.ch\/?p=8888"},"modified":"2019-10-16T09:48:00","modified_gmt":"2019-10-16T07:48:00","slug":"die-zehn-gefaehrlichsten-krisenausloeser","status":null,"type":"post","link":"https:\/\/news.save.ch\/de\/die-zehn-gefaehrlichsten-krisenausloeser\/","title":{"rendered":"Die zehn gef\u00e4hrlichsten Krisenausl\u00f6ser"},"content":{"rendered":"<figure id=\"attachment_8889\" aria-describedby=\"caption-attachment-8889\" style=\"width: 680px\" class=\"wp-caption aligncenter\"><img loading=\"lazy\" decoding=\"async\" class=\"wp-image-8889 size-medium\" src=\"https:\/\/news.save.ch\/wp-content\/uploads\/2019\/10\/Depositphotos_134534214_l-2015_bearbeitet-1-1.jpg\" alt=\"Krisenkommunikation\" width=\"680\" height=\"414\" \/><figcaption id=\"caption-attachment-8889\" class=\"wp-caption-text\">\u00a9 depositphotos, alphaspirit<\/figcaption><\/figure>\n<p>ots. Unternehmenskrisen entstehen am ehesten, wenn Fehler vertuscht werden. H\u00e4ufig f\u00fchrt auch falsches Verhalten des Topmanagements zu einer Krise. Zu diesem Ergebnis kommt der aktuelle PR-Trendmonitor, an dem 130 Schweizer Fach- und F\u00fchrungskr\u00e4fte der PR teilgenommen haben. Die dpa-Tochter hat gemeinsam mit Faktenkontor gefragt, was die gef\u00e4hrlichsten Ausl\u00f6ser f\u00fcr Kommunikationskrisen sind.<\/p>\n<p><strong>Verheimlichen von Fehlern<\/strong><\/p>\n<p>Demnach glaubt weit \u00fcber die H\u00e4lfte der PR-Profis, dass das Verheimlichen von Fehlern nach hinten losgeht (58%). Gut jeder dritte Befragte f\u00fchrt Krisen wiederum auf das pers\u00f6nliche Fehlverhalten beziehungsweise das Versagen der Chefs zur\u00fcck (40 bzw. 35%).<\/p>\n<p>Vor negativen Auswirkungen durch einen Social-Media-Shitstorm oder Falschmeldungen f\u00fcrchtet sich hingegen jeder f\u00fcnfte Kommunikationsprofi (20 bzw. 19%). Auch schlechter Service und schlechte Arbeitsbedingungen bereiten den Befragten Sorge: Jeder Zehnte sieht darin gef\u00e4hrliche Ausl\u00f6ser f\u00fcr Kommunikationskrisen (12 bzw. 11%).<\/p>\n<p>Die zehn gef\u00e4hrlichsten Krisenausl\u00f6ser in der PR:<\/p>\n<ol>\n<li>Vertuschen von Fehlern (58%)<\/li>\n<li>Pers\u00f6nliches Fehlverhalten des Topmanagements (40%)<\/li>\n<li>Versagen des Topmanagements (35%)<\/li>\n<li>Compliance-Probleme (28%)<\/li>\n<li>Social-Media-Shitstorm (20%)<\/li>\n<li>Falschmeldungen (19%)<\/li>\n<li>Fehlerhafte Produkte (16%)<\/li>\n<li>Staatsanwaltschaftliche Ermittlungen (13%)<\/li>\n<li>Schlechter Service (12%)<\/li>\n<li>Schlechte Arbeitsbedingungen (11%)<\/li>\n<\/ol>\n<p><em>Weitere Artikel zum Thema:<\/em><\/p>\n<p><a href=\"https:\/\/news.save.ch\/was-sagt-die-krisenpraeventionsumfrage-2019\/\">Krisenpr\u00e4ventionsumfrage 2019<\/a><\/p>\n<p><a href=\"https:\/\/news.save.ch\/reputation-und-image-schuetzen\/\">Reputation und Image sch\u00fctzen<\/a><\/p>\n<p><a href=\"https:\/\/news.save.ch\/iso%e2%80%8919600-kommt-im-neuen-kleid-als-iso%e2%80%8937301-daher\/\">Compliance: ISO\u200919600 kommt im neuen Kleid als ISO\u200937301 daher<\/a><\/p>\n<p>&nbsp;<\/p>\n","protected":false},"excerpt":{"rendered":"<p>ots. Unternehmenskrisen entstehen am ehesten, wenn Fehler vertuscht werden. H\u00e4ufig f\u00fchrt auch falsches Verhalten des Topmanagements zu einer Krise. Zu diesem Ergebnis kommt der aktuelle PR-Trendmonitor, an dem 130 Schweizer Fach- und F\u00fchrungskr\u00e4fte der PR teilgenommen haben. Die dpa-Tochter hat gemeinsam mit Faktenkontor gefragt, was die gef\u00e4hrlichsten Ausl\u00f6ser f\u00fcr Kommunikationskrisen sind. Verheimlichen von Fehlern Demnach [&hellip;]<\/p>\n","protected":false},"author":8,"featured_media":8889,"comment_status":"open","ping_status":"open","sticky":false,"template":"","format":"standard","meta":{"_acf_changed":false,"pgc_sgb_lightbox_settings":"","footnotes":""},"categories":[1],"tags":[348,470,562],"class_list":["post-8888","post","type-post","status-publish","format-standard","has-post-thumbnail","hentry","category-allgemein","tag-compliance","tag-krisenkommunikation","tag-reputation"],"acf":[],"hkrextid":null,"publication":null,"issue":null,"workflow":null,"startPage":null,"spitzmarke":null,"_posts_by_tag_page_fields":{"widget_title":"","widget_tags":""},"_at_widget":"1","_yoast_wpseo_primary_category":"1","_yoast_wpseo_focuskw_text_input":"Krisenkommunikation","_yoast_wpseo_opengraph-image":null,"_yoast_wpseo_opengraph-description":null,"_yoast_wpseo_opengraph-title":null,"enclosure":null,"_yoast_wpseo_twitter-title":null,"_yoast_wpseo_twitter-description":null,"_yoast_wpseo_twitter-image":null,"_wp_old_slug":null,"_yoast_wpseo_title":null,"_yoast_wpseo_canonical":null,"yoast_head":"<!-- This site is optimized with the Yoast SEO plugin v27.5 - https:\/\/yoast.com\/product\/yoast-seo-wordpress\/ -->\n<title>Die zehn gef\u00e4hrlichsten Krisenausl\u00f6ser - Save<\/title>\n<meta name=\"description\" content=\"Krisenkommunikation: Welches sind die gef\u00e4hrlichsten Krisenausl\u00f6ser im Unternehmen, was sagt der aktuelle PR-Trendmonitor?\" \/>\n<meta name=\"robots\" content=\"index, follow, max-snippet:-1, max-image-preview:large, max-video-preview:-1\" \/>\n<link rel=\"canonical\" href=\"https:\/\/news.save.ch\/de\/die-zehn-gefaehrlichsten-krisenausloeser\/\" \/>\n<meta property=\"og:locale\" content=\"de_DE\" \/>\n<meta property=\"og:type\" content=\"article\" \/>\n<meta property=\"og:title\" content=\"Die zehn gef\u00e4hrlichsten Krisenausl\u00f6ser - Save\" \/>\n<meta property=\"og:description\" content=\"Krisenkommunikation: Welches sind die gef\u00e4hrlichsten Krisenausl\u00f6ser im Unternehmen, was sagt der aktuelle PR-Trendmonitor?\" \/>\n<meta property=\"og:url\" content=\"https:\/\/news.save.ch\/de\/die-zehn-gefaehrlichsten-krisenausloeser\/\" \/>\n<meta property=\"og:site_name\" content=\"Save\" \/>\n<meta property=\"article:published_time\" content=\"2019-10-16T07:48:00+00:00\" \/>\n<meta property=\"og:image\" content=\"https:\/\/news.save.ch\/wp-content\/uploads\/2019\/10\/Depositphotos_134534214_l-2015_bearbeitet-1-1-scaled.jpg\" \/>\n\t<meta property=\"og:image:width\" content=\"1400\" \/>\n\t<meta property=\"og:image:height\" content=\"853\" \/>\n\t<meta property=\"og:image:type\" content=\"image\/jpeg\" \/>\n<meta name=\"author\" content=\"Roger Str\u00e4ssle\" \/>\n<meta name=\"twitter:card\" content=\"summary_large_image\" \/>\n<meta name=\"twitter:label1\" content=\"Geschrieben von\" \/>\n\t<meta name=\"twitter:data1\" content=\"Roger Str\u00e4ssle\" \/>\n\t<meta name=\"twitter:label2\" content=\"Gesch\u00e4tzte Lesezeit\" \/>\n\t<meta name=\"twitter:data2\" content=\"1\u00a0Minute\" \/>\n<script type=\"application\/ld+json\" class=\"yoast-schema-graph\">{\"@context\":\"https:\\\/\\\/schema.org\",\"@graph\":[{\"@type\":\"Article\",\"@id\":\"https:\\\/\\\/news.save.ch\\\/die-zehn-gefaehrlichsten-krisenausloeser\\\/#article\",\"isPartOf\":{\"@id\":\"https:\\\/\\\/news.save.ch\\\/die-zehn-gefaehrlichsten-krisenausloeser\\\/\"},\"author\":{\"name\":\"Roger Str\u00e4ssle\",\"@id\":\"https:\\\/\\\/news.save.ch\\\/de\\\/#\\\/schema\\\/person\\\/d5022db048e0e2b9785c50e5b24da5aa\"},\"headline\":\"Die zehn gef\u00e4hrlichsten Krisenausl\u00f6ser\",\"datePublished\":\"2019-10-16T07:48:00+00:00\",\"mainEntityOfPage\":{\"@id\":\"https:\\\/\\\/news.save.ch\\\/die-zehn-gefaehrlichsten-krisenausloeser\\\/\"},\"wordCount\":204,\"commentCount\":0,\"publisher\":{\"@id\":\"https:\\\/\\\/news.save.ch\\\/de\\\/#organization\"},\"image\":{\"@id\":\"https:\\\/\\\/news.save.ch\\\/die-zehn-gefaehrlichsten-krisenausloeser\\\/#primaryimage\"},\"thumbnailUrl\":\"https:\\\/\\\/news.save.ch\\\/wp-content\\\/uploads\\\/2019\\\/10\\\/Depositphotos_134534214_l-2015_bearbeitet-1-1-scaled.jpg\",\"keywords\":[\"Compliance\",\"Krisenkommunikation\",\"Reputation\"],\"articleSection\":[\"ALLGEMEIN\"],\"inLanguage\":\"de\"},{\"@type\":\"WebPage\",\"@id\":\"https:\\\/\\\/news.save.ch\\\/die-zehn-gefaehrlichsten-krisenausloeser\\\/\",\"url\":\"https:\\\/\\\/news.save.ch\\\/die-zehn-gefaehrlichsten-krisenausloeser\\\/\",\"name\":\"Die zehn gef\u00e4hrlichsten Krisenausl\u00f6ser - Save\",\"isPartOf\":{\"@id\":\"https:\\\/\\\/news.save.ch\\\/de\\\/#website\"},\"primaryImageOfPage\":{\"@id\":\"https:\\\/\\\/news.save.ch\\\/die-zehn-gefaehrlichsten-krisenausloeser\\\/#primaryimage\"},\"image\":{\"@id\":\"https:\\\/\\\/news.save.ch\\\/die-zehn-gefaehrlichsten-krisenausloeser\\\/#primaryimage\"},\"thumbnailUrl\":\"https:\\\/\\\/news.save.ch\\\/wp-content\\\/uploads\\\/2019\\\/10\\\/Depositphotos_134534214_l-2015_bearbeitet-1-1-scaled.jpg\",\"datePublished\":\"2019-10-16T07:48:00+00:00\",\"description\":\"Krisenkommunikation: Welches sind die gef\u00e4hrlichsten Krisenausl\u00f6ser im Unternehmen, was sagt der aktuelle PR-Trendmonitor?\",\"breadcrumb\":{\"@id\":\"https:\\\/\\\/news.save.ch\\\/die-zehn-gefaehrlichsten-krisenausloeser\\\/#breadcrumb\"},\"inLanguage\":\"de\",\"potentialAction\":[{\"@type\":\"ReadAction\",\"target\":[\"https:\\\/\\\/news.save.ch\\\/die-zehn-gefaehrlichsten-krisenausloeser\\\/\"]}]},{\"@type\":\"ImageObject\",\"inLanguage\":\"de\",\"@id\":\"https:\\\/\\\/news.save.ch\\\/die-zehn-gefaehrlichsten-krisenausloeser\\\/#primaryimage\",\"url\":\"https:\\\/\\\/news.save.ch\\\/wp-content\\\/uploads\\\/2019\\\/10\\\/Depositphotos_134534214_l-2015_bearbeitet-1-1-scaled.jpg\",\"contentUrl\":\"https:\\\/\\\/news.save.ch\\\/wp-content\\\/uploads\\\/2019\\\/10\\\/Depositphotos_134534214_l-2015_bearbeitet-1-1-scaled.jpg\",\"width\":1400,\"height\":853,\"caption\":\"\u00a9 depositphotos, alphaspirit\"},{\"@type\":\"BreadcrumbList\",\"@id\":\"https:\\\/\\\/news.save.ch\\\/die-zehn-gefaehrlichsten-krisenausloeser\\\/#breadcrumb\",\"itemListElement\":[{\"@type\":\"ListItem\",\"position\":1,\"name\":\"Home\",\"item\":\"https:\\\/\\\/news.save.ch\\\/de\\\/\"},{\"@type\":\"ListItem\",\"position\":2,\"name\":\"Die zehn gef\u00e4hrlichsten Krisenausl\u00f6ser\"}]},{\"@type\":\"WebSite\",\"@id\":\"https:\\\/\\\/news.save.ch\\\/de\\\/#website\",\"url\":\"https:\\\/\\\/news.save.ch\\\/de\\\/\",\"name\":\"Save\",\"description\":\"Schweizer Fachzeitschrift f\u00fcr Sicherheit\",\"publisher\":{\"@id\":\"https:\\\/\\\/news.save.ch\\\/de\\\/#organization\"},\"potentialAction\":[{\"@type\":\"SearchAction\",\"target\":{\"@type\":\"EntryPoint\",\"urlTemplate\":\"https:\\\/\\\/news.save.ch\\\/de\\\/?s={search_term_string}\"},\"query-input\":{\"@type\":\"PropertyValueSpecification\",\"valueRequired\":true,\"valueName\":\"search_term_string\"}}],\"inLanguage\":\"de\"},{\"@type\":\"Organization\",\"@id\":\"https:\\\/\\\/news.save.ch\\\/de\\\/#organization\",\"name\":\"Sicherheitsforum\",\"url\":\"https:\\\/\\\/news.save.ch\\\/de\\\/\",\"logo\":{\"@type\":\"ImageObject\",\"inLanguage\":\"de\",\"@id\":\"https:\\\/\\\/news.save.ch\\\/de\\\/#\\\/schema\\\/logo\\\/image\\\/\",\"url\":\"https:\\\/\\\/news.save.ch\\\/wp-content\\\/uploads\\\/2022\\\/06\\\/Logo_SF_2012.png\",\"contentUrl\":\"https:\\\/\\\/news.save.ch\\\/wp-content\\\/uploads\\\/2022\\\/06\\\/Logo_SF_2012.png\",\"width\":1100,\"height\":91,\"caption\":\"Sicherheitsforum\"},\"image\":{\"@id\":\"https:\\\/\\\/news.save.ch\\\/de\\\/#\\\/schema\\\/logo\\\/image\\\/\"}},{\"@type\":\"Person\",\"@id\":\"https:\\\/\\\/news.save.ch\\\/de\\\/#\\\/schema\\\/person\\\/d5022db048e0e2b9785c50e5b24da5aa\",\"name\":\"Roger Str\u00e4ssle\",\"image\":{\"@type\":\"ImageObject\",\"inLanguage\":\"de\",\"@id\":\"https:\\\/\\\/secure.gravatar.com\\\/avatar\\\/862a5569d087de48e5856e32f45d719a03804c891d6deb8d4f71a660e79e4a47?s=96&d=mm&r=g\",\"url\":\"https:\\\/\\\/secure.gravatar.com\\\/avatar\\\/862a5569d087de48e5856e32f45d719a03804c891d6deb8d4f71a660e79e4a47?s=96&d=mm&r=g\",\"contentUrl\":\"https:\\\/\\\/secure.gravatar.com\\\/avatar\\\/862a5569d087de48e5856e32f45d719a03804c891d6deb8d4f71a660e79e4a47?s=96&d=mm&r=g\",\"caption\":\"Roger Str\u00e4ssle\"},\"url\":\"https:\\\/\\\/news.save.ch\\\/de\\\/author\\\/roger-straessle\\\/\"}]}<\/script>\n<!-- \/ Yoast SEO plugin. -->","yoast_head_json":{"title":"Die zehn gef\u00e4hrlichsten Krisenausl\u00f6ser - Save","description":"Krisenkommunikation: Welches sind die gef\u00e4hrlichsten Krisenausl\u00f6ser im Unternehmen, was sagt der aktuelle PR-Trendmonitor?","robots":{"index":"index","follow":"follow","max-snippet":"max-snippet:-1","max-image-preview":"max-image-preview:large","max-video-preview":"max-video-preview:-1"},"canonical":"https:\/\/news.save.ch\/de\/die-zehn-gefaehrlichsten-krisenausloeser\/","og_locale":"de_DE","og_type":"article","og_title":"Die zehn gef\u00e4hrlichsten Krisenausl\u00f6ser - Save","og_description":"Krisenkommunikation: Welches sind die gef\u00e4hrlichsten Krisenausl\u00f6ser im Unternehmen, was sagt der aktuelle PR-Trendmonitor?","og_url":"https:\/\/news.save.ch\/de\/die-zehn-gefaehrlichsten-krisenausloeser\/","og_site_name":"Save","article_published_time":"2019-10-16T07:48:00+00:00","og_image":[{"width":1400,"height":853,"url":"https:\/\/news.save.ch\/wp-content\/uploads\/2019\/10\/Depositphotos_134534214_l-2015_bearbeitet-1-1-scaled.jpg","type":"image\/jpeg"}],"author":"Roger Str\u00e4ssle","twitter_card":"summary_large_image","twitter_misc":{"Geschrieben von":"Roger Str\u00e4ssle","Gesch\u00e4tzte Lesezeit":"1\u00a0Minute"},"schema":{"@context":"https:\/\/schema.org","@graph":[{"@type":"Article","@id":"https:\/\/news.save.ch\/die-zehn-gefaehrlichsten-krisenausloeser\/#article","isPartOf":{"@id":"https:\/\/news.save.ch\/die-zehn-gefaehrlichsten-krisenausloeser\/"},"author":{"name":"Roger Str\u00e4ssle","@id":"https:\/\/news.save.ch\/de\/#\/schema\/person\/d5022db048e0e2b9785c50e5b24da5aa"},"headline":"Die zehn gef\u00e4hrlichsten Krisenausl\u00f6ser","datePublished":"2019-10-16T07:48:00+00:00","mainEntityOfPage":{"@id":"https:\/\/news.save.ch\/die-zehn-gefaehrlichsten-krisenausloeser\/"},"wordCount":204,"commentCount":0,"publisher":{"@id":"https:\/\/news.save.ch\/de\/#organization"},"image":{"@id":"https:\/\/news.save.ch\/die-zehn-gefaehrlichsten-krisenausloeser\/#primaryimage"},"thumbnailUrl":"https:\/\/news.save.ch\/wp-content\/uploads\/2019\/10\/Depositphotos_134534214_l-2015_bearbeitet-1-1-scaled.jpg","keywords":["Compliance","Krisenkommunikation","Reputation"],"articleSection":["ALLGEMEIN"],"inLanguage":"de"},{"@type":"WebPage","@id":"https:\/\/news.save.ch\/die-zehn-gefaehrlichsten-krisenausloeser\/","url":"https:\/\/news.save.ch\/die-zehn-gefaehrlichsten-krisenausloeser\/","name":"Die zehn gef\u00e4hrlichsten Krisenausl\u00f6ser - Save","isPartOf":{"@id":"https:\/\/news.save.ch\/de\/#website"},"primaryImageOfPage":{"@id":"https:\/\/news.save.ch\/die-zehn-gefaehrlichsten-krisenausloeser\/#primaryimage"},"image":{"@id":"https:\/\/news.save.ch\/die-zehn-gefaehrlichsten-krisenausloeser\/#primaryimage"},"thumbnailUrl":"https:\/\/news.save.ch\/wp-content\/uploads\/2019\/10\/Depositphotos_134534214_l-2015_bearbeitet-1-1-scaled.jpg","datePublished":"2019-10-16T07:48:00+00:00","description":"Krisenkommunikation: Welches sind die gef\u00e4hrlichsten Krisenausl\u00f6ser im Unternehmen, was sagt der aktuelle PR-Trendmonitor?","breadcrumb":{"@id":"https:\/\/news.save.ch\/die-zehn-gefaehrlichsten-krisenausloeser\/#breadcrumb"},"inLanguage":"de","potentialAction":[{"@type":"ReadAction","target":["https:\/\/news.save.ch\/die-zehn-gefaehrlichsten-krisenausloeser\/"]}]},{"@type":"ImageObject","inLanguage":"de","@id":"https:\/\/news.save.ch\/die-zehn-gefaehrlichsten-krisenausloeser\/#primaryimage","url":"https:\/\/news.save.ch\/wp-content\/uploads\/2019\/10\/Depositphotos_134534214_l-2015_bearbeitet-1-1-scaled.jpg","contentUrl":"https:\/\/news.save.ch\/wp-content\/uploads\/2019\/10\/Depositphotos_134534214_l-2015_bearbeitet-1-1-scaled.jpg","width":1400,"height":853,"caption":"\u00a9 depositphotos, alphaspirit"},{"@type":"BreadcrumbList","@id":"https:\/\/news.save.ch\/die-zehn-gefaehrlichsten-krisenausloeser\/#breadcrumb","itemListElement":[{"@type":"ListItem","position":1,"name":"Home","item":"https:\/\/news.save.ch\/de\/"},{"@type":"ListItem","position":2,"name":"Die zehn gef\u00e4hrlichsten Krisenausl\u00f6ser"}]},{"@type":"WebSite","@id":"https:\/\/news.save.ch\/de\/#website","url":"https:\/\/news.save.ch\/de\/","name":"Save","description":"Schweizer Fachzeitschrift f\u00fcr Sicherheit","publisher":{"@id":"https:\/\/news.save.ch\/de\/#organization"},"potentialAction":[{"@type":"SearchAction","target":{"@type":"EntryPoint","urlTemplate":"https:\/\/news.save.ch\/de\/?s={search_term_string}"},"query-input":{"@type":"PropertyValueSpecification","valueRequired":true,"valueName":"search_term_string"}}],"inLanguage":"de"},{"@type":"Organization","@id":"https:\/\/news.save.ch\/de\/#organization","name":"Sicherheitsforum","url":"https:\/\/news.save.ch\/de\/","logo":{"@type":"ImageObject","inLanguage":"de","@id":"https:\/\/news.save.ch\/de\/#\/schema\/logo\/image\/","url":"https:\/\/news.save.ch\/wp-content\/uploads\/2022\/06\/Logo_SF_2012.png","contentUrl":"https:\/\/news.save.ch\/wp-content\/uploads\/2022\/06\/Logo_SF_2012.png","width":1100,"height":91,"caption":"Sicherheitsforum"},"image":{"@id":"https:\/\/news.save.ch\/de\/#\/schema\/logo\/image\/"}},{"@type":"Person","@id":"https:\/\/news.save.ch\/de\/#\/schema\/person\/d5022db048e0e2b9785c50e5b24da5aa","name":"Roger Str\u00e4ssle","image":{"@type":"ImageObject","inLanguage":"de","@id":"https:\/\/secure.gravatar.com\/avatar\/862a5569d087de48e5856e32f45d719a03804c891d6deb8d4f71a660e79e4a47?s=96&d=mm&r=g","url":"https:\/\/secure.gravatar.com\/avatar\/862a5569d087de48e5856e32f45d719a03804c891d6deb8d4f71a660e79e4a47?s=96&d=mm&r=g","contentUrl":"https:\/\/secure.gravatar.com\/avatar\/862a5569d087de48e5856e32f45d719a03804c891d6deb8d4f71a660e79e4a47?s=96&d=mm&r=g","caption":"Roger Str\u00e4ssle"},"url":"https:\/\/news.save.ch\/de\/author\/roger-straessle\/"}]}},"_links":{"self":[{"href":"https:\/\/news.save.ch\/de\/wp-json\/wp\/v2\/posts\/8888","targetHints":{"allow":["GET"]}}],"collection":[{"href":"https:\/\/news.save.ch\/de\/wp-json\/wp\/v2\/posts"}],"about":[{"href":"https:\/\/news.save.ch\/de\/wp-json\/wp\/v2\/types\/post"}],"author":[{"embeddable":true,"href":"https:\/\/news.save.ch\/de\/wp-json\/wp\/v2\/users\/8"}],"replies":[{"embeddable":true,"href":"https:\/\/news.save.ch\/de\/wp-json\/wp\/v2\/comments?post=8888"}],"version-history":[{"count":0,"href":"https:\/\/news.save.ch\/de\/wp-json\/wp\/v2\/posts\/8888\/revisions"}],"wp:featuredmedia":[{"embeddable":true,"href":"https:\/\/news.save.ch\/de\/wp-json\/wp\/v2\/media\/8889"}],"wp:attachment":[{"href":"https:\/\/news.save.ch\/de\/wp-json\/wp\/v2\/media?parent=8888"}],"wp:term":[{"taxonomy":"category","embeddable":true,"href":"https:\/\/news.save.ch\/de\/wp-json\/wp\/v2\/categories?post=8888"},{"taxonomy":"post_tag","embeddable":true,"href":"https:\/\/news.save.ch\/de\/wp-json\/wp\/v2\/tags?post=8888"}],"curies":[{"name":"wp","href":"https:\/\/api.w.org\/{rel}","templated":true}]}}