{"id":8892,"date":"2019-10-18T10:00:31","date_gmt":"2019-10-18T08:00:31","guid":{"rendered":"https:\/\/news.save.ch\/?p=8892"},"modified":"2019-10-18T10:00:31","modified_gmt":"2019-10-18T08:00:31","slug":"securitas-uebernimmt-die-bds-safety-management-ag","status":null,"type":"post","link":"https:\/\/news.save.ch\/de\/securitas-uebernimmt-die-bds-safety-management-ag\/","title":{"rendered":"Securitas \u00fcbernimmt die BDS Safety Management AG"},"content":{"rendered":"<figure id=\"attachment_8893\" aria-describedby=\"caption-attachment-8893\" style=\"width: 680px\" class=\"wp-caption aligncenter\"><img loading=\"lazy\" decoding=\"async\" class=\"wp-image-8893 size-medium\" src=\"https:\/\/news.save.ch\/wp-content\/uploads\/2019\/10\/bds-Depositphotos_11124350_l-2015.jpg\" alt=\"Securitas\" width=\"680\" height=\"453\" \/><figcaption id=\"caption-attachment-8893\" class=\"wp-caption-text\">\u00a9 depositphotos, pressmaster<\/figcaption><\/figure>\n<p>Andreas Merz, BDS-Gesch\u00e4ftsf\u00fchrer und Inhaber, hat sich vorausschauend um die Regelung seiner Nachfolge gek\u00fcmmert und nach einer tragf\u00e4higen L\u00f6sung gesucht, wie es in der Pressemitteilung heisst. Mit Blick auf seine Mitarbeitenden, aber auch auf seine treuen und wichtigen Kunden, habe die Suche nach einem nachhaltigen Partner zur nun erfolgten \u00dcbernahme durch die <a href=\"https:\/\/www.securitas.ch\">Securitas<\/a> gef\u00fchrte.<\/p>\n<p>Mit der 1993 gegr\u00fcndeten <a href=\"https:\/\/www.arbeitssicherheit.ch\/\">BDS Safety Management AG<\/a> und den elf Mitarbeitenden erweitere der Branchenleader seine Beratungskompetenz gezielt in den Bereichen Arbeitssicherheit, Gesundheitsschutz, Umweltschutz und Prozessmanagement. Damit k\u00f6nne man ein noch kompletteres Sicherheitsangebot bieten.<\/p>\n<p><em>Quelle: Securitas<\/em><\/p>\n","protected":false},"excerpt":{"rendered":"<p>Andreas Merz, BDS-Gesch\u00e4ftsf\u00fchrer und Inhaber, hat sich vorausschauend um die Regelung seiner Nachfolge gek\u00fcmmert und nach einer tragf\u00e4higen L\u00f6sung gesucht, wie es in der Pressemitteilung heisst. Mit Blick auf seine Mitarbeitenden, aber auch auf seine treuen und wichtigen Kunden, habe die Suche nach einem nachhaltigen Partner zur nun erfolgten \u00dcbernahme durch die Securitas gef\u00fchrte. Mit [&hellip;]<\/p>\n","protected":false},"author":8,"featured_media":8893,"comment_status":"open","ping_status":"open","sticky":false,"template":"","format":"standard","meta":{"_acf_changed":false,"pgc_sgb_lightbox_settings":"","footnotes":""},"categories":[1],"tags":[499,79],"class_list":["post-8892","post","type-post","status-publish","format-standard","has-post-thumbnail","hentry","category-allgemein","tag-sicherheitsunternehmen","tag-uebernahme"],"acf":[],"hkrextid":null,"publication":null,"issue":null,"workflow":null,"startPage":null,"spitzmarke":null,"_posts_by_tag_page_fields":{"widget_title":"","widget_tags":""},"_at_widget":"1","_yoast_wpseo_primary_category":"1","_yoast_wpseo_focuskw_text_input":"Securitas","_yoast_wpseo_opengraph-image":null,"_yoast_wpseo_opengraph-description":null,"_yoast_wpseo_opengraph-title":null,"enclosure":null,"_yoast_wpseo_twitter-title":null,"_yoast_wpseo_twitter-description":null,"_yoast_wpseo_twitter-image":null,"_wp_old_slug":null,"_yoast_wpseo_title":null,"_yoast_wpseo_canonical":null,"yoast_head":"<!-- This site is optimized with the Yoast SEO plugin v27.5 - https:\/\/yoast.com\/product\/yoast-seo-wordpress\/ -->\n<title>Securitas \u00fcbernimmt die BDS Safety Management AG - Save<\/title>\n<meta name=\"description\" content=\"Die BDS Safety Management AG aus Baden D\u00e4ttwil ist neu ein Mitglied in der Schweizer Securitas Gruppe.\" \/>\n<meta name=\"robots\" content=\"index, follow, max-snippet:-1, max-image-preview:large, max-video-preview:-1\" \/>\n<link rel=\"canonical\" href=\"https:\/\/news.save.ch\/de\/securitas-uebernimmt-die-bds-safety-management-ag\/\" \/>\n<meta property=\"og:locale\" content=\"de_DE\" \/>\n<meta property=\"og:type\" content=\"article\" \/>\n<meta property=\"og:title\" content=\"Securitas \u00fcbernimmt die BDS Safety Management AG - Save\" \/>\n<meta property=\"og:description\" content=\"Die BDS Safety Management AG aus Baden D\u00e4ttwil ist neu ein Mitglied in der Schweizer Securitas Gruppe.\" \/>\n<meta property=\"og:url\" content=\"https:\/\/news.save.ch\/de\/securitas-uebernimmt-die-bds-safety-management-ag\/\" \/>\n<meta property=\"og:site_name\" content=\"Save\" \/>\n<meta property=\"article:published_time\" content=\"2019-10-18T08:00:31+00:00\" \/>\n<meta property=\"og:image\" content=\"https:\/\/news.save.ch\/wp-content\/uploads\/2019\/10\/bds-Depositphotos_11124350_l-2015-scaled.jpg\" \/>\n\t<meta property=\"og:image:width\" content=\"1400\" \/>\n\t<meta property=\"og:image:height\" content=\"933\" \/>\n\t<meta property=\"og:image:type\" content=\"image\/jpeg\" \/>\n<meta name=\"author\" content=\"Roger Str\u00e4ssle\" \/>\n<meta name=\"twitter:card\" content=\"summary_large_image\" \/>\n<meta name=\"twitter:label1\" content=\"Geschrieben von\" \/>\n\t<meta name=\"twitter:data1\" content=\"Roger Str\u00e4ssle\" \/>\n\t<meta name=\"twitter:label2\" content=\"Gesch\u00e4tzte Lesezeit\" \/>\n\t<meta name=\"twitter:data2\" content=\"1\u00a0Minute\" \/>\n<script type=\"application\/ld+json\" class=\"yoast-schema-graph\">{\"@context\":\"https:\\\/\\\/schema.org\",\"@graph\":[{\"@type\":\"Article\",\"@id\":\"https:\\\/\\\/news.save.ch\\\/securitas-uebernimmt-die-bds-safety-management-ag\\\/#article\",\"isPartOf\":{\"@id\":\"https:\\\/\\\/news.save.ch\\\/securitas-uebernimmt-die-bds-safety-management-ag\\\/\"},\"author\":{\"name\":\"Roger Str\u00e4ssle\",\"@id\":\"https:\\\/\\\/news.save.ch\\\/de\\\/#\\\/schema\\\/person\\\/d5022db048e0e2b9785c50e5b24da5aa\"},\"headline\":\"Securitas \u00fcbernimmt die BDS Safety Management AG\",\"datePublished\":\"2019-10-18T08:00:31+00:00\",\"mainEntityOfPage\":{\"@id\":\"https:\\\/\\\/news.save.ch\\\/securitas-uebernimmt-die-bds-safety-management-ag\\\/\"},\"wordCount\":113,\"commentCount\":0,\"publisher\":{\"@id\":\"https:\\\/\\\/news.save.ch\\\/de\\\/#organization\"},\"image\":{\"@id\":\"https:\\\/\\\/news.save.ch\\\/securitas-uebernimmt-die-bds-safety-management-ag\\\/#primaryimage\"},\"thumbnailUrl\":\"https:\\\/\\\/news.save.ch\\\/wp-content\\\/uploads\\\/2019\\\/10\\\/bds-Depositphotos_11124350_l-2015-scaled.jpg\",\"keywords\":[\"Sicherheitsunternehmen\",\"\u00dcbernahme\"],\"articleSection\":[\"ALLGEMEIN\"],\"inLanguage\":\"de\"},{\"@type\":\"WebPage\",\"@id\":\"https:\\\/\\\/news.save.ch\\\/securitas-uebernimmt-die-bds-safety-management-ag\\\/\",\"url\":\"https:\\\/\\\/news.save.ch\\\/securitas-uebernimmt-die-bds-safety-management-ag\\\/\",\"name\":\"Securitas \u00fcbernimmt die BDS Safety Management AG - Save\",\"isPartOf\":{\"@id\":\"https:\\\/\\\/news.save.ch\\\/de\\\/#website\"},\"primaryImageOfPage\":{\"@id\":\"https:\\\/\\\/news.save.ch\\\/securitas-uebernimmt-die-bds-safety-management-ag\\\/#primaryimage\"},\"image\":{\"@id\":\"https:\\\/\\\/news.save.ch\\\/securitas-uebernimmt-die-bds-safety-management-ag\\\/#primaryimage\"},\"thumbnailUrl\":\"https:\\\/\\\/news.save.ch\\\/wp-content\\\/uploads\\\/2019\\\/10\\\/bds-Depositphotos_11124350_l-2015-scaled.jpg\",\"datePublished\":\"2019-10-18T08:00:31+00:00\",\"description\":\"Die BDS Safety Management AG aus Baden D\u00e4ttwil ist neu ein Mitglied in der Schweizer Securitas Gruppe.\",\"breadcrumb\":{\"@id\":\"https:\\\/\\\/news.save.ch\\\/securitas-uebernimmt-die-bds-safety-management-ag\\\/#breadcrumb\"},\"inLanguage\":\"de\",\"potentialAction\":[{\"@type\":\"ReadAction\",\"target\":[\"https:\\\/\\\/news.save.ch\\\/securitas-uebernimmt-die-bds-safety-management-ag\\\/\"]}]},{\"@type\":\"ImageObject\",\"inLanguage\":\"de\",\"@id\":\"https:\\\/\\\/news.save.ch\\\/securitas-uebernimmt-die-bds-safety-management-ag\\\/#primaryimage\",\"url\":\"https:\\\/\\\/news.save.ch\\\/wp-content\\\/uploads\\\/2019\\\/10\\\/bds-Depositphotos_11124350_l-2015-scaled.jpg\",\"contentUrl\":\"https:\\\/\\\/news.save.ch\\\/wp-content\\\/uploads\\\/2019\\\/10\\\/bds-Depositphotos_11124350_l-2015-scaled.jpg\",\"width\":1400,\"height\":933,\"caption\":\"\u00a9 depositphotos, pressmaster\"},{\"@type\":\"BreadcrumbList\",\"@id\":\"https:\\\/\\\/news.save.ch\\\/securitas-uebernimmt-die-bds-safety-management-ag\\\/#breadcrumb\",\"itemListElement\":[{\"@type\":\"ListItem\",\"position\":1,\"name\":\"Home\",\"item\":\"https:\\\/\\\/news.save.ch\\\/de\\\/\"},{\"@type\":\"ListItem\",\"position\":2,\"name\":\"Securitas \u00fcbernimmt die BDS Safety Management AG\"}]},{\"@type\":\"WebSite\",\"@id\":\"https:\\\/\\\/news.save.ch\\\/de\\\/#website\",\"url\":\"https:\\\/\\\/news.save.ch\\\/de\\\/\",\"name\":\"Save\",\"description\":\"Schweizer Fachzeitschrift f\u00fcr Sicherheit\",\"publisher\":{\"@id\":\"https:\\\/\\\/news.save.ch\\\/de\\\/#organization\"},\"potentialAction\":[{\"@type\":\"SearchAction\",\"target\":{\"@type\":\"EntryPoint\",\"urlTemplate\":\"https:\\\/\\\/news.save.ch\\\/de\\\/?s={search_term_string}\"},\"query-input\":{\"@type\":\"PropertyValueSpecification\",\"valueRequired\":true,\"valueName\":\"search_term_string\"}}],\"inLanguage\":\"de\"},{\"@type\":\"Organization\",\"@id\":\"https:\\\/\\\/news.save.ch\\\/de\\\/#organization\",\"name\":\"Sicherheitsforum\",\"url\":\"https:\\\/\\\/news.save.ch\\\/de\\\/\",\"logo\":{\"@type\":\"ImageObject\",\"inLanguage\":\"de\",\"@id\":\"https:\\\/\\\/news.save.ch\\\/de\\\/#\\\/schema\\\/logo\\\/image\\\/\",\"url\":\"https:\\\/\\\/news.save.ch\\\/wp-content\\\/uploads\\\/2022\\\/06\\\/Logo_SF_2012.png\",\"contentUrl\":\"https:\\\/\\\/news.save.ch\\\/wp-content\\\/uploads\\\/2022\\\/06\\\/Logo_SF_2012.png\",\"width\":1100,\"height\":91,\"caption\":\"Sicherheitsforum\"},\"image\":{\"@id\":\"https:\\\/\\\/news.save.ch\\\/de\\\/#\\\/schema\\\/logo\\\/image\\\/\"}},{\"@type\":\"Person\",\"@id\":\"https:\\\/\\\/news.save.ch\\\/de\\\/#\\\/schema\\\/person\\\/d5022db048e0e2b9785c50e5b24da5aa\",\"name\":\"Roger Str\u00e4ssle\",\"image\":{\"@type\":\"ImageObject\",\"inLanguage\":\"de\",\"@id\":\"https:\\\/\\\/secure.gravatar.com\\\/avatar\\\/862a5569d087de48e5856e32f45d719a03804c891d6deb8d4f71a660e79e4a47?s=96&d=mm&r=g\",\"url\":\"https:\\\/\\\/secure.gravatar.com\\\/avatar\\\/862a5569d087de48e5856e32f45d719a03804c891d6deb8d4f71a660e79e4a47?s=96&d=mm&r=g\",\"contentUrl\":\"https:\\\/\\\/secure.gravatar.com\\\/avatar\\\/862a5569d087de48e5856e32f45d719a03804c891d6deb8d4f71a660e79e4a47?s=96&d=mm&r=g\",\"caption\":\"Roger Str\u00e4ssle\"},\"url\":\"https:\\\/\\\/news.save.ch\\\/de\\\/author\\\/roger-straessle\\\/\"}]}<\/script>\n<!-- \/ Yoast SEO plugin. -->","yoast_head_json":{"title":"Securitas \u00fcbernimmt die BDS Safety Management AG - Save","description":"Die BDS Safety Management AG aus Baden D\u00e4ttwil ist neu ein Mitglied in der Schweizer Securitas Gruppe.","robots":{"index":"index","follow":"follow","max-snippet":"max-snippet:-1","max-image-preview":"max-image-preview:large","max-video-preview":"max-video-preview:-1"},"canonical":"https:\/\/news.save.ch\/de\/securitas-uebernimmt-die-bds-safety-management-ag\/","og_locale":"de_DE","og_type":"article","og_title":"Securitas \u00fcbernimmt die BDS Safety Management AG - Save","og_description":"Die BDS Safety Management AG aus Baden D\u00e4ttwil ist neu ein Mitglied in der Schweizer Securitas Gruppe.","og_url":"https:\/\/news.save.ch\/de\/securitas-uebernimmt-die-bds-safety-management-ag\/","og_site_name":"Save","article_published_time":"2019-10-18T08:00:31+00:00","og_image":[{"width":1400,"height":933,"url":"https:\/\/news.save.ch\/wp-content\/uploads\/2019\/10\/bds-Depositphotos_11124350_l-2015-scaled.jpg","type":"image\/jpeg"}],"author":"Roger Str\u00e4ssle","twitter_card":"summary_large_image","twitter_misc":{"Geschrieben von":"Roger Str\u00e4ssle","Gesch\u00e4tzte Lesezeit":"1\u00a0Minute"},"schema":{"@context":"https:\/\/schema.org","@graph":[{"@type":"Article","@id":"https:\/\/news.save.ch\/securitas-uebernimmt-die-bds-safety-management-ag\/#article","isPartOf":{"@id":"https:\/\/news.save.ch\/securitas-uebernimmt-die-bds-safety-management-ag\/"},"author":{"name":"Roger Str\u00e4ssle","@id":"https:\/\/news.save.ch\/de\/#\/schema\/person\/d5022db048e0e2b9785c50e5b24da5aa"},"headline":"Securitas \u00fcbernimmt die BDS Safety Management AG","datePublished":"2019-10-18T08:00:31+00:00","mainEntityOfPage":{"@id":"https:\/\/news.save.ch\/securitas-uebernimmt-die-bds-safety-management-ag\/"},"wordCount":113,"commentCount":0,"publisher":{"@id":"https:\/\/news.save.ch\/de\/#organization"},"image":{"@id":"https:\/\/news.save.ch\/securitas-uebernimmt-die-bds-safety-management-ag\/#primaryimage"},"thumbnailUrl":"https:\/\/news.save.ch\/wp-content\/uploads\/2019\/10\/bds-Depositphotos_11124350_l-2015-scaled.jpg","keywords":["Sicherheitsunternehmen","\u00dcbernahme"],"articleSection":["ALLGEMEIN"],"inLanguage":"de"},{"@type":"WebPage","@id":"https:\/\/news.save.ch\/securitas-uebernimmt-die-bds-safety-management-ag\/","url":"https:\/\/news.save.ch\/securitas-uebernimmt-die-bds-safety-management-ag\/","name":"Securitas \u00fcbernimmt die BDS Safety Management AG - Save","isPartOf":{"@id":"https:\/\/news.save.ch\/de\/#website"},"primaryImageOfPage":{"@id":"https:\/\/news.save.ch\/securitas-uebernimmt-die-bds-safety-management-ag\/#primaryimage"},"image":{"@id":"https:\/\/news.save.ch\/securitas-uebernimmt-die-bds-safety-management-ag\/#primaryimage"},"thumbnailUrl":"https:\/\/news.save.ch\/wp-content\/uploads\/2019\/10\/bds-Depositphotos_11124350_l-2015-scaled.jpg","datePublished":"2019-10-18T08:00:31+00:00","description":"Die BDS Safety Management AG aus Baden D\u00e4ttwil ist neu ein Mitglied in der Schweizer Securitas Gruppe.","breadcrumb":{"@id":"https:\/\/news.save.ch\/securitas-uebernimmt-die-bds-safety-management-ag\/#breadcrumb"},"inLanguage":"de","potentialAction":[{"@type":"ReadAction","target":["https:\/\/news.save.ch\/securitas-uebernimmt-die-bds-safety-management-ag\/"]}]},{"@type":"ImageObject","inLanguage":"de","@id":"https:\/\/news.save.ch\/securitas-uebernimmt-die-bds-safety-management-ag\/#primaryimage","url":"https:\/\/news.save.ch\/wp-content\/uploads\/2019\/10\/bds-Depositphotos_11124350_l-2015-scaled.jpg","contentUrl":"https:\/\/news.save.ch\/wp-content\/uploads\/2019\/10\/bds-Depositphotos_11124350_l-2015-scaled.jpg","width":1400,"height":933,"caption":"\u00a9 depositphotos, pressmaster"},{"@type":"BreadcrumbList","@id":"https:\/\/news.save.ch\/securitas-uebernimmt-die-bds-safety-management-ag\/#breadcrumb","itemListElement":[{"@type":"ListItem","position":1,"name":"Home","item":"https:\/\/news.save.ch\/de\/"},{"@type":"ListItem","position":2,"name":"Securitas \u00fcbernimmt die BDS Safety Management AG"}]},{"@type":"WebSite","@id":"https:\/\/news.save.ch\/de\/#website","url":"https:\/\/news.save.ch\/de\/","name":"Save","description":"Schweizer Fachzeitschrift f\u00fcr Sicherheit","publisher":{"@id":"https:\/\/news.save.ch\/de\/#organization"},"potentialAction":[{"@type":"SearchAction","target":{"@type":"EntryPoint","urlTemplate":"https:\/\/news.save.ch\/de\/?s={search_term_string}"},"query-input":{"@type":"PropertyValueSpecification","valueRequired":true,"valueName":"search_term_string"}}],"inLanguage":"de"},{"@type":"Organization","@id":"https:\/\/news.save.ch\/de\/#organization","name":"Sicherheitsforum","url":"https:\/\/news.save.ch\/de\/","logo":{"@type":"ImageObject","inLanguage":"de","@id":"https:\/\/news.save.ch\/de\/#\/schema\/logo\/image\/","url":"https:\/\/news.save.ch\/wp-content\/uploads\/2022\/06\/Logo_SF_2012.png","contentUrl":"https:\/\/news.save.ch\/wp-content\/uploads\/2022\/06\/Logo_SF_2012.png","width":1100,"height":91,"caption":"Sicherheitsforum"},"image":{"@id":"https:\/\/news.save.ch\/de\/#\/schema\/logo\/image\/"}},{"@type":"Person","@id":"https:\/\/news.save.ch\/de\/#\/schema\/person\/d5022db048e0e2b9785c50e5b24da5aa","name":"Roger Str\u00e4ssle","image":{"@type":"ImageObject","inLanguage":"de","@id":"https:\/\/secure.gravatar.com\/avatar\/862a5569d087de48e5856e32f45d719a03804c891d6deb8d4f71a660e79e4a47?s=96&d=mm&r=g","url":"https:\/\/secure.gravatar.com\/avatar\/862a5569d087de48e5856e32f45d719a03804c891d6deb8d4f71a660e79e4a47?s=96&d=mm&r=g","contentUrl":"https:\/\/secure.gravatar.com\/avatar\/862a5569d087de48e5856e32f45d719a03804c891d6deb8d4f71a660e79e4a47?s=96&d=mm&r=g","caption":"Roger Str\u00e4ssle"},"url":"https:\/\/news.save.ch\/de\/author\/roger-straessle\/"}]}},"_links":{"self":[{"href":"https:\/\/news.save.ch\/de\/wp-json\/wp\/v2\/posts\/8892","targetHints":{"allow":["GET"]}}],"collection":[{"href":"https:\/\/news.save.ch\/de\/wp-json\/wp\/v2\/posts"}],"about":[{"href":"https:\/\/news.save.ch\/de\/wp-json\/wp\/v2\/types\/post"}],"author":[{"embeddable":true,"href":"https:\/\/news.save.ch\/de\/wp-json\/wp\/v2\/users\/8"}],"replies":[{"embeddable":true,"href":"https:\/\/news.save.ch\/de\/wp-json\/wp\/v2\/comments?post=8892"}],"version-history":[{"count":0,"href":"https:\/\/news.save.ch\/de\/wp-json\/wp\/v2\/posts\/8892\/revisions"}],"wp:featuredmedia":[{"embeddable":true,"href":"https:\/\/news.save.ch\/de\/wp-json\/wp\/v2\/media\/8893"}],"wp:attachment":[{"href":"https:\/\/news.save.ch\/de\/wp-json\/wp\/v2\/media?parent=8892"}],"wp:term":[{"taxonomy":"category","embeddable":true,"href":"https:\/\/news.save.ch\/de\/wp-json\/wp\/v2\/categories?post=8892"},{"taxonomy":"post_tag","embeddable":true,"href":"https:\/\/news.save.ch\/de\/wp-json\/wp\/v2\/tags?post=8892"}],"curies":[{"name":"wp","href":"https:\/\/api.w.org\/{rel}","templated":true}]}}