{"id":8897,"date":"2019-10-25T08:35:45","date_gmt":"2019-10-25T06:35:45","guid":{"rendered":"https:\/\/news.save.ch\/?p=8897"},"modified":"2019-10-25T08:35:45","modified_gmt":"2019-10-25T06:35:45","slug":"verlaessliche-visuelle-brandueberwachung","status":null,"type":"post","link":"https:\/\/news.save.ch\/de\/verlaessliche-visuelle-brandueberwachung\/","title":{"rendered":"Verl\u00e4ssliche visuelle Brand\u00fcberwachung"},"content":{"rendered":"<figure id=\"attachment_8898\" aria-describedby=\"caption-attachment-8898\" style=\"width: 680px\" class=\"wp-caption aligncenter\"><img loading=\"lazy\" decoding=\"async\" class=\"size-medium wp-image-8898\" src=\"https:\/\/news.save.ch\/wp-content\/uploads\/2019\/10\/VdS_Optik-scaled-1.jpg\" alt=\"\" width=\"680\" height=\"460\" \/><figcaption id=\"caption-attachment-8898\" class=\"wp-caption-text\">Der Labortest. Foto: VdS<\/figcaption><\/figure>\n<p>Gross dimensionierte R\u00e4ume wie zum Beispiel Tunnels oder viele Verkaufs-, Produktions-, Lagerfl\u00e4chen sowie die kritischen Atmosph\u00e4ren der Holz-, Textil- oder Recyclingbranchen sind mit klassischer Brandmeldetechnik nur schwer zu sch\u00fctzen. Die Entwicklung immer pr\u00e4ziserer mathematischer Algorithmen erm\u00f6glicht jetzt auch eine visuelle Brand\u00fcberwachung durch Kameraeinrichtungen. Diese Systeme erkennen Rauch wie Flammen selbstt\u00e4tig, meist anhand sichtbarer Spektralanteile und auf Grundlage vordefinierter Muster wie Variablen. Sie dienen so als wichtige Erg\u00e4nzung zur \u00dcberwachung durch traditionelle Brandmeldetechniken.<\/p>\n<p><strong>Noch keine Normen<\/strong><\/p>\n<p>Europ\u00e4ische Normen f\u00fcr diese jungen Technologien existieren noch nicht. Deshalb hat die VdS Schadenverh\u00fctung Richtlinien f\u00fcr sichere optische Brand\u00fcberwachungssysteme erarbeitet, wie die Unternehmung schreibt. Hersteller w\u00fcrden umfangreiche Hilfestellungen f\u00fcr verl\u00e4ssliche Entwicklungen \u2013 u.a. auch bez\u00fcglich St\u00f6rgr\u00f6ssen wie sinusf\u00f6rmigen Schwingungen oder elektromagnetischen Einfl\u00fcssen sowie bei schwankenden Versorgungsparametern erhalten.<\/p>\n<p>Bettina Bormann, im VdS-Produktmanagement f\u00fcr Brandmeldetechniken zust\u00e4ndig, erkl\u00e4rt: \u201eBasis der neuen Richtlinien war eine erfolgreich durchgef\u00fchrte Innovationspr\u00fcfung f\u00fcr die Bosch Aviotec. Und im Security-Bereich werden videobasierte Systeme schon l\u00e4nger genutzt. Wir konnten so f\u00fcr die Erarbeitung anwendungsspezifischer Anforderungen auf wichtige Praxiserfahrungen zur\u00fcckgreifen, um nun auch die zahlreichen Entwicklungen im Bereich Brandschutz zu unterst\u00fctzen. Das neue Pr\u00fcfverfahren macht die Zuverl\u00e4ssigkeit dieser speziellen Systeme jetzt objektiv bewertbar und somit belegbar.\u201c<\/p>\n<p><em>Die Richtlinien VdS 3847, \u201eVideokameraeinrichtungen zur visuellen Brand\u00fcberwachung\u201c, steht im <a href=\"https:\/\/vds-shop.de\">vds-shop.de<\/a> zum Download bereit. <\/em><\/p>\n","protected":false},"excerpt":{"rendered":"<p>Gross dimensionierte R\u00e4ume wie zum Beispiel Tunnels oder viele Verkaufs-, Produktions-, Lagerfl\u00e4chen sowie die kritischen Atmosph\u00e4ren der Holz-, Textil- oder Recyclingbranchen sind mit klassischer Brandmeldetechnik nur schwer zu sch\u00fctzen. Die Entwicklung immer pr\u00e4ziserer mathematischer Algorithmen erm\u00f6glicht jetzt auch eine visuelle Brand\u00fcberwachung durch Kameraeinrichtungen. Diese Systeme erkennen Rauch wie Flammen selbstt\u00e4tig, meist anhand sichtbarer Spektralanteile und [&hellip;]<\/p>\n","protected":false},"author":8,"featured_media":8898,"comment_status":"open","ping_status":"open","sticky":false,"template":"","format":"standard","meta":{"_acf_changed":false,"pgc_sgb_lightbox_settings":"","footnotes":""},"categories":[67],"tags":[156,78],"class_list":["post-8897","post","type-post","status-publish","format-standard","has-post-thumbnail","hentry","category-brandschutz","tag-brandschutz","tag-videoueberwachung"],"acf":[],"hkrextid":null,"publication":null,"issue":null,"workflow":null,"startPage":null,"spitzmarke":null,"_posts_by_tag_page_fields":{"widget_title":"","widget_tags":""},"_at_widget":"1","_yoast_wpseo_primary_category":"4","_yoast_wpseo_focuskw_text_input":"Brand\u00fcberwachung","_yoast_wpseo_opengraph-image":null,"_yoast_wpseo_opengraph-description":null,"_yoast_wpseo_opengraph-title":null,"enclosure":null,"_yoast_wpseo_twitter-title":null,"_yoast_wpseo_twitter-description":null,"_yoast_wpseo_twitter-image":null,"_wp_old_slug":null,"_yoast_wpseo_title":null,"_yoast_wpseo_canonical":null,"yoast_head":"<!-- This site is optimized with the Yoast SEO plugin v27.5 - https:\/\/yoast.com\/product\/yoast-seo-wordpress\/ -->\n<title>Verl\u00e4ssliche visuelle Brand\u00fcberwachung - Save<\/title>\n<meta name=\"description\" content=\"Bildauswertungs-Algorithmen erm\u00f6glichen auch eine optische Branderkennung. Jetzt sind neu die Richtlinien VdS 3847 erh\u00e4ltlich.\" \/>\n<meta name=\"robots\" content=\"index, follow, max-snippet:-1, max-image-preview:large, max-video-preview:-1\" \/>\n<link rel=\"canonical\" href=\"https:\/\/news.save.ch\/de\/verlaessliche-visuelle-brandueberwachung\/\" \/>\n<meta property=\"og:locale\" content=\"de_DE\" \/>\n<meta property=\"og:type\" content=\"article\" \/>\n<meta property=\"og:title\" content=\"Verl\u00e4ssliche visuelle Brand\u00fcberwachung - Save\" \/>\n<meta property=\"og:description\" content=\"Bildauswertungs-Algorithmen erm\u00f6glichen auch eine optische Branderkennung. Jetzt sind neu die Richtlinien VdS 3847 erh\u00e4ltlich.\" \/>\n<meta property=\"og:url\" content=\"https:\/\/news.save.ch\/de\/verlaessliche-visuelle-brandueberwachung\/\" \/>\n<meta property=\"og:site_name\" content=\"Save\" \/>\n<meta property=\"article:published_time\" content=\"2019-10-25T06:35:45+00:00\" \/>\n<meta property=\"og:image\" content=\"https:\/\/news.save.ch\/wp-content\/uploads\/2019\/10\/VdS_Optik-scaled-1-scaled.jpg\" \/>\n\t<meta property=\"og:image:width\" content=\"1400\" \/>\n\t<meta property=\"og:image:height\" content=\"946\" \/>\n\t<meta property=\"og:image:type\" content=\"image\/jpeg\" \/>\n<meta name=\"author\" content=\"Roger Str\u00e4ssle\" \/>\n<meta name=\"twitter:card\" content=\"summary_large_image\" \/>\n<meta name=\"twitter:label1\" content=\"Geschrieben von\" \/>\n\t<meta name=\"twitter:data1\" content=\"Roger Str\u00e4ssle\" \/>\n\t<meta name=\"twitter:label2\" content=\"Gesch\u00e4tzte Lesezeit\" \/>\n\t<meta name=\"twitter:data2\" content=\"1\u00a0Minute\" \/>\n<script type=\"application\/ld+json\" class=\"yoast-schema-graph\">{\"@context\":\"https:\\\/\\\/schema.org\",\"@graph\":[{\"@type\":\"Article\",\"@id\":\"https:\\\/\\\/news.save.ch\\\/verlaessliche-visuelle-brandueberwachung\\\/#article\",\"isPartOf\":{\"@id\":\"https:\\\/\\\/news.save.ch\\\/verlaessliche-visuelle-brandueberwachung\\\/\"},\"author\":{\"name\":\"Roger Str\u00e4ssle\",\"@id\":\"https:\\\/\\\/news.save.ch\\\/de\\\/#\\\/schema\\\/person\\\/d5022db048e0e2b9785c50e5b24da5aa\"},\"headline\":\"Verl\u00e4ssliche visuelle Brand\u00fcberwachung\",\"datePublished\":\"2019-10-25T06:35:45+00:00\",\"mainEntityOfPage\":{\"@id\":\"https:\\\/\\\/news.save.ch\\\/verlaessliche-visuelle-brandueberwachung\\\/\"},\"wordCount\":255,\"commentCount\":0,\"publisher\":{\"@id\":\"https:\\\/\\\/news.save.ch\\\/de\\\/#organization\"},\"image\":{\"@id\":\"https:\\\/\\\/news.save.ch\\\/verlaessliche-visuelle-brandueberwachung\\\/#primaryimage\"},\"thumbnailUrl\":\"https:\\\/\\\/news.save.ch\\\/wp-content\\\/uploads\\\/2019\\\/10\\\/VdS_Optik-scaled-1-scaled.jpg\",\"keywords\":[\"Brandschutz\",\"Video\u00fcberwachung\"],\"articleSection\":[\"BRANDSCHUTZ\"],\"inLanguage\":\"de\"},{\"@type\":\"WebPage\",\"@id\":\"https:\\\/\\\/news.save.ch\\\/verlaessliche-visuelle-brandueberwachung\\\/\",\"url\":\"https:\\\/\\\/news.save.ch\\\/verlaessliche-visuelle-brandueberwachung\\\/\",\"name\":\"Verl\u00e4ssliche visuelle Brand\u00fcberwachung - Save\",\"isPartOf\":{\"@id\":\"https:\\\/\\\/news.save.ch\\\/de\\\/#website\"},\"primaryImageOfPage\":{\"@id\":\"https:\\\/\\\/news.save.ch\\\/verlaessliche-visuelle-brandueberwachung\\\/#primaryimage\"},\"image\":{\"@id\":\"https:\\\/\\\/news.save.ch\\\/verlaessliche-visuelle-brandueberwachung\\\/#primaryimage\"},\"thumbnailUrl\":\"https:\\\/\\\/news.save.ch\\\/wp-content\\\/uploads\\\/2019\\\/10\\\/VdS_Optik-scaled-1-scaled.jpg\",\"datePublished\":\"2019-10-25T06:35:45+00:00\",\"description\":\"Bildauswertungs-Algorithmen erm\u00f6glichen auch eine optische Branderkennung. Jetzt sind neu die Richtlinien VdS 3847 erh\u00e4ltlich.\",\"breadcrumb\":{\"@id\":\"https:\\\/\\\/news.save.ch\\\/verlaessliche-visuelle-brandueberwachung\\\/#breadcrumb\"},\"inLanguage\":\"de\",\"potentialAction\":[{\"@type\":\"ReadAction\",\"target\":[\"https:\\\/\\\/news.save.ch\\\/verlaessliche-visuelle-brandueberwachung\\\/\"]}]},{\"@type\":\"ImageObject\",\"inLanguage\":\"de\",\"@id\":\"https:\\\/\\\/news.save.ch\\\/verlaessliche-visuelle-brandueberwachung\\\/#primaryimage\",\"url\":\"https:\\\/\\\/news.save.ch\\\/wp-content\\\/uploads\\\/2019\\\/10\\\/VdS_Optik-scaled-1-scaled.jpg\",\"contentUrl\":\"https:\\\/\\\/news.save.ch\\\/wp-content\\\/uploads\\\/2019\\\/10\\\/VdS_Optik-scaled-1-scaled.jpg\",\"width\":1400,\"height\":946,\"caption\":\"Foto: VdS\"},{\"@type\":\"BreadcrumbList\",\"@id\":\"https:\\\/\\\/news.save.ch\\\/verlaessliche-visuelle-brandueberwachung\\\/#breadcrumb\",\"itemListElement\":[{\"@type\":\"ListItem\",\"position\":1,\"name\":\"Home\",\"item\":\"https:\\\/\\\/news.save.ch\\\/de\\\/\"},{\"@type\":\"ListItem\",\"position\":2,\"name\":\"Verl\u00e4ssliche visuelle Brand\u00fcberwachung\"}]},{\"@type\":\"WebSite\",\"@id\":\"https:\\\/\\\/news.save.ch\\\/de\\\/#website\",\"url\":\"https:\\\/\\\/news.save.ch\\\/de\\\/\",\"name\":\"Save\",\"description\":\"Schweizer Fachzeitschrift f\u00fcr Sicherheit\",\"publisher\":{\"@id\":\"https:\\\/\\\/news.save.ch\\\/de\\\/#organization\"},\"potentialAction\":[{\"@type\":\"SearchAction\",\"target\":{\"@type\":\"EntryPoint\",\"urlTemplate\":\"https:\\\/\\\/news.save.ch\\\/de\\\/?s={search_term_string}\"},\"query-input\":{\"@type\":\"PropertyValueSpecification\",\"valueRequired\":true,\"valueName\":\"search_term_string\"}}],\"inLanguage\":\"de\"},{\"@type\":\"Organization\",\"@id\":\"https:\\\/\\\/news.save.ch\\\/de\\\/#organization\",\"name\":\"Sicherheitsforum\",\"url\":\"https:\\\/\\\/news.save.ch\\\/de\\\/\",\"logo\":{\"@type\":\"ImageObject\",\"inLanguage\":\"de\",\"@id\":\"https:\\\/\\\/news.save.ch\\\/de\\\/#\\\/schema\\\/logo\\\/image\\\/\",\"url\":\"https:\\\/\\\/news.save.ch\\\/wp-content\\\/uploads\\\/2022\\\/06\\\/Logo_SF_2012.png\",\"contentUrl\":\"https:\\\/\\\/news.save.ch\\\/wp-content\\\/uploads\\\/2022\\\/06\\\/Logo_SF_2012.png\",\"width\":1100,\"height\":91,\"caption\":\"Sicherheitsforum\"},\"image\":{\"@id\":\"https:\\\/\\\/news.save.ch\\\/de\\\/#\\\/schema\\\/logo\\\/image\\\/\"}},{\"@type\":\"Person\",\"@id\":\"https:\\\/\\\/news.save.ch\\\/de\\\/#\\\/schema\\\/person\\\/d5022db048e0e2b9785c50e5b24da5aa\",\"name\":\"Roger Str\u00e4ssle\",\"image\":{\"@type\":\"ImageObject\",\"inLanguage\":\"de\",\"@id\":\"https:\\\/\\\/secure.gravatar.com\\\/avatar\\\/862a5569d087de48e5856e32f45d719a03804c891d6deb8d4f71a660e79e4a47?s=96&d=mm&r=g\",\"url\":\"https:\\\/\\\/secure.gravatar.com\\\/avatar\\\/862a5569d087de48e5856e32f45d719a03804c891d6deb8d4f71a660e79e4a47?s=96&d=mm&r=g\",\"contentUrl\":\"https:\\\/\\\/secure.gravatar.com\\\/avatar\\\/862a5569d087de48e5856e32f45d719a03804c891d6deb8d4f71a660e79e4a47?s=96&d=mm&r=g\",\"caption\":\"Roger Str\u00e4ssle\"},\"url\":\"https:\\\/\\\/news.save.ch\\\/de\\\/author\\\/roger-straessle\\\/\"}]}<\/script>\n<!-- \/ Yoast SEO plugin. -->","yoast_head_json":{"title":"Verl\u00e4ssliche visuelle Brand\u00fcberwachung - Save","description":"Bildauswertungs-Algorithmen erm\u00f6glichen auch eine optische Branderkennung. Jetzt sind neu die Richtlinien VdS 3847 erh\u00e4ltlich.","robots":{"index":"index","follow":"follow","max-snippet":"max-snippet:-1","max-image-preview":"max-image-preview:large","max-video-preview":"max-video-preview:-1"},"canonical":"https:\/\/news.save.ch\/de\/verlaessliche-visuelle-brandueberwachung\/","og_locale":"de_DE","og_type":"article","og_title":"Verl\u00e4ssliche visuelle Brand\u00fcberwachung - Save","og_description":"Bildauswertungs-Algorithmen erm\u00f6glichen auch eine optische Branderkennung. Jetzt sind neu die Richtlinien VdS 3847 erh\u00e4ltlich.","og_url":"https:\/\/news.save.ch\/de\/verlaessliche-visuelle-brandueberwachung\/","og_site_name":"Save","article_published_time":"2019-10-25T06:35:45+00:00","og_image":[{"width":1400,"height":946,"url":"https:\/\/news.save.ch\/wp-content\/uploads\/2019\/10\/VdS_Optik-scaled-1-scaled.jpg","type":"image\/jpeg"}],"author":"Roger Str\u00e4ssle","twitter_card":"summary_large_image","twitter_misc":{"Geschrieben von":"Roger Str\u00e4ssle","Gesch\u00e4tzte Lesezeit":"1\u00a0Minute"},"schema":{"@context":"https:\/\/schema.org","@graph":[{"@type":"Article","@id":"https:\/\/news.save.ch\/verlaessliche-visuelle-brandueberwachung\/#article","isPartOf":{"@id":"https:\/\/news.save.ch\/verlaessliche-visuelle-brandueberwachung\/"},"author":{"name":"Roger Str\u00e4ssle","@id":"https:\/\/news.save.ch\/de\/#\/schema\/person\/d5022db048e0e2b9785c50e5b24da5aa"},"headline":"Verl\u00e4ssliche visuelle Brand\u00fcberwachung","datePublished":"2019-10-25T06:35:45+00:00","mainEntityOfPage":{"@id":"https:\/\/news.save.ch\/verlaessliche-visuelle-brandueberwachung\/"},"wordCount":255,"commentCount":0,"publisher":{"@id":"https:\/\/news.save.ch\/de\/#organization"},"image":{"@id":"https:\/\/news.save.ch\/verlaessliche-visuelle-brandueberwachung\/#primaryimage"},"thumbnailUrl":"https:\/\/news.save.ch\/wp-content\/uploads\/2019\/10\/VdS_Optik-scaled-1-scaled.jpg","keywords":["Brandschutz","Video\u00fcberwachung"],"articleSection":["BRANDSCHUTZ"],"inLanguage":"de"},{"@type":"WebPage","@id":"https:\/\/news.save.ch\/verlaessliche-visuelle-brandueberwachung\/","url":"https:\/\/news.save.ch\/verlaessliche-visuelle-brandueberwachung\/","name":"Verl\u00e4ssliche visuelle Brand\u00fcberwachung - Save","isPartOf":{"@id":"https:\/\/news.save.ch\/de\/#website"},"primaryImageOfPage":{"@id":"https:\/\/news.save.ch\/verlaessliche-visuelle-brandueberwachung\/#primaryimage"},"image":{"@id":"https:\/\/news.save.ch\/verlaessliche-visuelle-brandueberwachung\/#primaryimage"},"thumbnailUrl":"https:\/\/news.save.ch\/wp-content\/uploads\/2019\/10\/VdS_Optik-scaled-1-scaled.jpg","datePublished":"2019-10-25T06:35:45+00:00","description":"Bildauswertungs-Algorithmen erm\u00f6glichen auch eine optische Branderkennung. Jetzt sind neu die Richtlinien VdS 3847 erh\u00e4ltlich.","breadcrumb":{"@id":"https:\/\/news.save.ch\/verlaessliche-visuelle-brandueberwachung\/#breadcrumb"},"inLanguage":"de","potentialAction":[{"@type":"ReadAction","target":["https:\/\/news.save.ch\/verlaessliche-visuelle-brandueberwachung\/"]}]},{"@type":"ImageObject","inLanguage":"de","@id":"https:\/\/news.save.ch\/verlaessliche-visuelle-brandueberwachung\/#primaryimage","url":"https:\/\/news.save.ch\/wp-content\/uploads\/2019\/10\/VdS_Optik-scaled-1-scaled.jpg","contentUrl":"https:\/\/news.save.ch\/wp-content\/uploads\/2019\/10\/VdS_Optik-scaled-1-scaled.jpg","width":1400,"height":946,"caption":"Foto: VdS"},{"@type":"BreadcrumbList","@id":"https:\/\/news.save.ch\/verlaessliche-visuelle-brandueberwachung\/#breadcrumb","itemListElement":[{"@type":"ListItem","position":1,"name":"Home","item":"https:\/\/news.save.ch\/de\/"},{"@type":"ListItem","position":2,"name":"Verl\u00e4ssliche visuelle Brand\u00fcberwachung"}]},{"@type":"WebSite","@id":"https:\/\/news.save.ch\/de\/#website","url":"https:\/\/news.save.ch\/de\/","name":"Save","description":"Schweizer Fachzeitschrift f\u00fcr Sicherheit","publisher":{"@id":"https:\/\/news.save.ch\/de\/#organization"},"potentialAction":[{"@type":"SearchAction","target":{"@type":"EntryPoint","urlTemplate":"https:\/\/news.save.ch\/de\/?s={search_term_string}"},"query-input":{"@type":"PropertyValueSpecification","valueRequired":true,"valueName":"search_term_string"}}],"inLanguage":"de"},{"@type":"Organization","@id":"https:\/\/news.save.ch\/de\/#organization","name":"Sicherheitsforum","url":"https:\/\/news.save.ch\/de\/","logo":{"@type":"ImageObject","inLanguage":"de","@id":"https:\/\/news.save.ch\/de\/#\/schema\/logo\/image\/","url":"https:\/\/news.save.ch\/wp-content\/uploads\/2022\/06\/Logo_SF_2012.png","contentUrl":"https:\/\/news.save.ch\/wp-content\/uploads\/2022\/06\/Logo_SF_2012.png","width":1100,"height":91,"caption":"Sicherheitsforum"},"image":{"@id":"https:\/\/news.save.ch\/de\/#\/schema\/logo\/image\/"}},{"@type":"Person","@id":"https:\/\/news.save.ch\/de\/#\/schema\/person\/d5022db048e0e2b9785c50e5b24da5aa","name":"Roger Str\u00e4ssle","image":{"@type":"ImageObject","inLanguage":"de","@id":"https:\/\/secure.gravatar.com\/avatar\/862a5569d087de48e5856e32f45d719a03804c891d6deb8d4f71a660e79e4a47?s=96&d=mm&r=g","url":"https:\/\/secure.gravatar.com\/avatar\/862a5569d087de48e5856e32f45d719a03804c891d6deb8d4f71a660e79e4a47?s=96&d=mm&r=g","contentUrl":"https:\/\/secure.gravatar.com\/avatar\/862a5569d087de48e5856e32f45d719a03804c891d6deb8d4f71a660e79e4a47?s=96&d=mm&r=g","caption":"Roger Str\u00e4ssle"},"url":"https:\/\/news.save.ch\/de\/author\/roger-straessle\/"}]}},"_links":{"self":[{"href":"https:\/\/news.save.ch\/de\/wp-json\/wp\/v2\/posts\/8897","targetHints":{"allow":["GET"]}}],"collection":[{"href":"https:\/\/news.save.ch\/de\/wp-json\/wp\/v2\/posts"}],"about":[{"href":"https:\/\/news.save.ch\/de\/wp-json\/wp\/v2\/types\/post"}],"author":[{"embeddable":true,"href":"https:\/\/news.save.ch\/de\/wp-json\/wp\/v2\/users\/8"}],"replies":[{"embeddable":true,"href":"https:\/\/news.save.ch\/de\/wp-json\/wp\/v2\/comments?post=8897"}],"version-history":[{"count":0,"href":"https:\/\/news.save.ch\/de\/wp-json\/wp\/v2\/posts\/8897\/revisions"}],"wp:featuredmedia":[{"embeddable":true,"href":"https:\/\/news.save.ch\/de\/wp-json\/wp\/v2\/media\/8898"}],"wp:attachment":[{"href":"https:\/\/news.save.ch\/de\/wp-json\/wp\/v2\/media?parent=8897"}],"wp:term":[{"taxonomy":"category","embeddable":true,"href":"https:\/\/news.save.ch\/de\/wp-json\/wp\/v2\/categories?post=8897"},{"taxonomy":"post_tag","embeddable":true,"href":"https:\/\/news.save.ch\/de\/wp-json\/wp\/v2\/tags?post=8897"}],"curies":[{"name":"wp","href":"https:\/\/api.w.org\/{rel}","templated":true}]}}