{"id":8901,"date":"2019-10-21T13:30:14","date_gmt":"2019-10-21T11:30:14","guid":{"rendered":"https:\/\/news.save.ch\/?p=8901"},"modified":"2019-10-21T13:30:14","modified_gmt":"2019-10-21T11:30:14","slug":"probleme-mit-dem-bewacherregister","status":null,"type":"post","link":"https:\/\/news.save.ch\/de\/probleme-mit-dem-bewacherregister\/","title":{"rendered":"Probleme mit dem Bewacherregister"},"content":{"rendered":"<figure id=\"attachment_8902\" aria-describedby=\"caption-attachment-8902\" style=\"width: 680px\" class=\"wp-caption aligncenter\"><img loading=\"lazy\" decoding=\"async\" class=\"size-medium wp-image-8902\" src=\"https:\/\/news.save.ch\/wp-content\/uploads\/2019\/10\/Bewacherregister.jpg\" alt=\"\" width=\"680\" height=\"510\" srcset=\"https:\/\/news.save.ch\/wp-content\/uploads\/2019\/10\/Bewacherregister.jpg 774w, https:\/\/news.save.ch\/wp-content\/uploads\/2019\/10\/Bewacherregister-375x281.jpg 375w\" sizes=\"auto, (max-width: 680px) 100vw, 680px\" \/><figcaption id=\"caption-attachment-8902\" class=\"wp-caption-text\">\u00a9 BDSW<\/figcaption><\/figure>\n<p>&nbsp;<\/p>\n<p>Das neue bundesweite <a href=\"https:\/\/news.save.ch\/bewacherregister-wird-freigeschaltet\/\">Bewacherregister<\/a> sollte Prozesse vereinfachen, f\u00fcr mehr Transparenz sowie B\u00fcrokratieabbau bei der Zuverl\u00e4ssigkeits\u00fcberpr\u00fcfung der Besch\u00e4ftigten der privaten Sicherheitsunternehmen sorgen. \u00abEin Vierteljahr nach dem offiziellen Start des Registers sieht die Realit\u00e4t aber leider v\u00f6llig anders aus. Das Register ist nicht voll funktionsf\u00e4hig. Datenerfassung und Bef\u00fcllung des Registers wurden mit einer viel zu kurzen Frist einfach auf die Sicherheitsunternehmen abgew\u00e4lzt. Viele Beh\u00f6rdenvertreter in den Kommunen sind auf ihre Aufgabe nicht ausreichend vorbereitet. Es ist momentan ein B\u00fcrokratiemonster und eine Wachstumsbreme f\u00fcr die Sicherheitswirtschaft geschaffen worden\u00bb, sagte BDSW Pr\u00e4sident Gregor Lehnert, Pr\u00e4sident des Bundesverbandes der Sicherheitswirtschaft (<a href=\"https:\/\/www.bdsw.de\/\">BDSW<\/a>) k\u00fcrzlich im Rahmen eines Pressegespr\u00e4chs in Berlin.<\/p>\n<p>Die Sicherheitsdienstleister haben bis jetzt f\u00fcr etwa 75% der fast 270\u2019000 Sicherheitskr\u00e4fte keine Freigabe erhalten oder die Besch\u00e4ftigten wurden aus ungekl\u00e4rten Gr\u00fcnden \u00abzur\u00fcckgewiesen\u00bb. W\u00e4hrenddessen m\u00fcssen aber alle Sicherheitsunternehmen mit ihren Besch\u00e4ftigten die Sicherheit f\u00fcr ihre Kunden gew\u00e4hrleisten. \u00abVon einem wirklich funktionsf\u00e4higen Bewacherregister, das seiner angedachten Funktion tats\u00e4chlich entspricht, ist man aber leider noch meilenweit entfernt\u00bb, so Lehnert.<\/p>\n<p><strong>Verband bef\u00fcrwortet weiterhin ein Register<\/strong><\/p>\n<p>Grunds\u00e4tzlich begr\u00fcsse der Verband auch weiterhin das Register. \u00abLangfristig wird es zu einer Entb\u00fcrokratisierung und deutlich schnelleren Zuverl\u00e4ssigkeitspr\u00fcfung von Gewerbetreibenden und Besch\u00e4ftigten beitragen\u00bb, sagte Lehnert. Wichtig sei aber nun, dass umgehend durch einen gemeinsamen Kraftakt von Bundeswirtschaftsministerium und L\u00e4ndern etwas am Ablauf und der momentan v\u00f6llig unstrukturierten Situation ge\u00e4ndert werde. \u201eZur umfassenden Probleml\u00f6sung schlagen wir nochmals dem Bundeswirtschaftsministerium einen Runden Tisch vor, an dem wir uns jederzeit beteiligen werden\u201c, so Lehnert.<\/p>\n<p>Unsere Mitgliedsunternehmen sind derzeit h\u00e4ufig unverschuldet durch Unt\u00e4tigkeit des Staates nicht in der Lage, alle gesetzlichen Vorgaben des Bewachungsrechts einzuhalten. Neuauftr\u00e4ge k\u00f6nnen trotz grosser Nachfrage nach Sicherheitsdienstleistungen nicht angenommen werden. \u00abVermehrt dr\u00e4ngen Schwarze Schafe auf den Markt, die ohne Freigabe durch die Beh\u00f6rden ihr Personal zum Einsatz bringen. Die seri\u00f6sen Sicherheitsunternehmen und die Transparenz leiden darunter. Durch dieses staatliche Versagen entstehen Sicherheitsl\u00fccken in Deutschland\u00bb, meinte Lehnert ferner.<\/p>\n<p><strong>BDSW-Eckpunktepapier<\/strong><\/p>\n<p>Die Probleme mit dem Bewacherregister d\u00fcrfen, so Lehnert, aber nicht die Arbeit an dem von der Grossen Koalition geplanten Sicherheitsdienstleistungsgesetz verz\u00f6gern. Der BDSW habe vor wenigen Tagen seine Eckpunkte dazu vorgestellt. Das <a href=\"https:\/\/www.bdsw.de\/images\/aktuell\/2019\/DSD_03-2019_Beilage_BDSW_Eckpunktepapier.pdf\">Eckpunktepapier<\/a> enthalte die wichtigsten Forderungen und Vorschl\u00e4ge des Verbandes. \u00abWir sind die Experten und gleichzeitig die direkt Betroffenen des geplanten Gesetzes. Wir bieten der Politik mit unserem Eckpunktepapier fachkundige Unterst\u00fctzung in diesem dringend notwendigen Neuordnungsprozess zur Verbesserung der Rahmenbedingungen f\u00fcr die private Sicherheitswirtschaft an\u00bb, betonte Lehnert.<\/p>\n<p>Zuk\u00fcnftige Regelungen f\u00fcr die Branche m\u00fcssen die weitere Erh\u00f6hung der Sicherheit in Deutschland im Fokus haben. Die Gewerbefreiheit f\u00fcr Sicherheitsdienstleister sei der falsche Ansatz. Die Bundesregierung habe erkannt, dass das Gewerberecht nicht mehr die Grundlage unseres Handels sein k\u00f6nne. \u00abMit unserem Eckpunktepapier greifen wir die Aussagen in der Koalitionsvereinbarung auf und stellen Anforderungen an ein noch in dieser Legislaturperiode zu verabschiedendes Sicherheitsdienstleistungsgesetz vor\u00bb, so Lehnert abschliessend.<\/p>\n<p><em>BDSW-Pressemeldung<\/em><\/p>\n<p><em>Weiterer Artikel zum Thema: <a href=\"https:\/\/news.save.ch\/falsches-bewacherregister\/\">\u00abFalsches Bewacherregister\u00bb<\/a><\/em><\/p>\n<p>&nbsp;<\/p>\n","protected":false},"excerpt":{"rendered":"<p>&nbsp; Das neue bundesweite Bewacherregister sollte Prozesse vereinfachen, f\u00fcr mehr Transparenz sowie B\u00fcrokratieabbau bei der Zuverl\u00e4ssigkeits\u00fcberpr\u00fcfung der Besch\u00e4ftigten der privaten Sicherheitsunternehmen sorgen. \u00abEin Vierteljahr nach dem offiziellen Start des Registers sieht die Realit\u00e4t aber leider v\u00f6llig anders aus. Das Register ist nicht voll funktionsf\u00e4hig. Datenerfassung und Bef\u00fcllung des Registers wurden mit einer viel zu kurzen [&hellip;]<\/p>\n","protected":false},"author":8,"featured_media":8902,"comment_status":"open","ping_status":"open","sticky":false,"template":"","format":"standard","meta":{"_acf_changed":false,"pgc_sgb_lightbox_settings":"","footnotes":""},"categories":[1],"tags":[563,103,522],"class_list":["post-8901","post","type-post","status-publish","format-standard","has-post-thumbnail","hentry","category-allgemein","tag-bewacherregister","tag-private-sicherheitsfirma","tag-sicherheitsdienstleistungen"],"acf":[],"hkrextid":null,"publication":null,"issue":null,"workflow":null,"startPage":null,"spitzmarke":null,"_posts_by_tag_page_fields":{"widget_title":"","widget_tags":""},"_at_widget":"1","_yoast_wpseo_primary_category":"1","_yoast_wpseo_focuskw_text_input":"Bewacherregister","_yoast_wpseo_opengraph-image":null,"_yoast_wpseo_opengraph-description":null,"_yoast_wpseo_opengraph-title":null,"enclosure":null,"_yoast_wpseo_twitter-title":null,"_yoast_wpseo_twitter-description":null,"_yoast_wpseo_twitter-image":null,"_wp_old_slug":null,"_yoast_wpseo_title":null,"_yoast_wpseo_canonical":null,"yoast_head":"<!-- This site is optimized with the Yoast SEO plugin v27.4 - https:\/\/yoast.com\/product\/yoast-seo-wordpress\/ -->\n<title>Probleme mit dem Bewacherregister - Save<\/title>\n<meta name=\"description\" content=\"Mit dem zentralen Bewacherregister in Deutschland, in dem alle privaten Sicherheitskr\u00e4fte eingetragen sind, gibt laut Sicherheitsverband BDSW Probleme.\" \/>\n<meta name=\"robots\" content=\"index, follow, max-snippet:-1, max-image-preview:large, max-video-preview:-1\" \/>\n<link rel=\"canonical\" href=\"https:\/\/news.save.ch\/de\/probleme-mit-dem-bewacherregister\/\" \/>\n<meta property=\"og:locale\" content=\"de_DE\" \/>\n<meta property=\"og:type\" content=\"article\" \/>\n<meta property=\"og:title\" content=\"Probleme mit dem Bewacherregister - Save\" \/>\n<meta property=\"og:description\" content=\"Mit dem zentralen Bewacherregister in Deutschland, in dem alle privaten Sicherheitskr\u00e4fte eingetragen sind, gibt laut Sicherheitsverband BDSW Probleme.\" \/>\n<meta property=\"og:url\" content=\"https:\/\/news.save.ch\/de\/probleme-mit-dem-bewacherregister\/\" \/>\n<meta property=\"og:site_name\" content=\"Save\" \/>\n<meta property=\"article:published_time\" content=\"2019-10-21T11:30:14+00:00\" \/>\n<meta property=\"og:image\" content=\"https:\/\/news.save.ch\/wp-content\/uploads\/2019\/10\/Bewacherregister.jpg\" \/>\n\t<meta property=\"og:image:width\" content=\"774\" \/>\n\t<meta property=\"og:image:height\" content=\"581\" \/>\n\t<meta property=\"og:image:type\" content=\"image\/jpeg\" \/>\n<meta name=\"author\" content=\"Roger Str\u00e4ssle\" \/>\n<meta name=\"twitter:card\" content=\"summary_large_image\" \/>\n<meta name=\"twitter:label1\" content=\"Geschrieben von\" \/>\n\t<meta name=\"twitter:data1\" content=\"Roger Str\u00e4ssle\" \/>\n\t<meta name=\"twitter:label2\" content=\"Gesch\u00e4tzte Lesezeit\" \/>\n\t<meta name=\"twitter:data2\" content=\"3\u00a0Minuten\" \/>\n<script type=\"application\/ld+json\" class=\"yoast-schema-graph\">{\"@context\":\"https:\\\/\\\/schema.org\",\"@graph\":[{\"@type\":\"Article\",\"@id\":\"https:\\\/\\\/news.save.ch\\\/probleme-mit-dem-bewacherregister\\\/#article\",\"isPartOf\":{\"@id\":\"https:\\\/\\\/news.save.ch\\\/probleme-mit-dem-bewacherregister\\\/\"},\"author\":{\"name\":\"Roger Str\u00e4ssle\",\"@id\":\"https:\\\/\\\/news.save.ch\\\/de\\\/#\\\/schema\\\/person\\\/d5022db048e0e2b9785c50e5b24da5aa\"},\"headline\":\"Probleme mit dem Bewacherregister\",\"datePublished\":\"2019-10-21T11:30:14+00:00\",\"mainEntityOfPage\":{\"@id\":\"https:\\\/\\\/news.save.ch\\\/probleme-mit-dem-bewacherregister\\\/\"},\"wordCount\":528,\"commentCount\":0,\"publisher\":{\"@id\":\"https:\\\/\\\/news.save.ch\\\/de\\\/#organization\"},\"image\":{\"@id\":\"https:\\\/\\\/news.save.ch\\\/probleme-mit-dem-bewacherregister\\\/#primaryimage\"},\"thumbnailUrl\":\"https:\\\/\\\/news.save.ch\\\/wp-content\\\/uploads\\\/2019\\\/10\\\/Bewacherregister.jpg\",\"keywords\":[\"Bewacherregister\",\"Private Sicherheitsfirma\",\"Sicherheitsdienstleistungen\"],\"articleSection\":[\"ALLGEMEIN\"],\"inLanguage\":\"de\"},{\"@type\":\"WebPage\",\"@id\":\"https:\\\/\\\/news.save.ch\\\/probleme-mit-dem-bewacherregister\\\/\",\"url\":\"https:\\\/\\\/news.save.ch\\\/probleme-mit-dem-bewacherregister\\\/\",\"name\":\"Probleme mit dem Bewacherregister - Save\",\"isPartOf\":{\"@id\":\"https:\\\/\\\/news.save.ch\\\/de\\\/#website\"},\"primaryImageOfPage\":{\"@id\":\"https:\\\/\\\/news.save.ch\\\/probleme-mit-dem-bewacherregister\\\/#primaryimage\"},\"image\":{\"@id\":\"https:\\\/\\\/news.save.ch\\\/probleme-mit-dem-bewacherregister\\\/#primaryimage\"},\"thumbnailUrl\":\"https:\\\/\\\/news.save.ch\\\/wp-content\\\/uploads\\\/2019\\\/10\\\/Bewacherregister.jpg\",\"datePublished\":\"2019-10-21T11:30:14+00:00\",\"description\":\"Mit dem zentralen Bewacherregister in Deutschland, in dem alle privaten Sicherheitskr\u00e4fte eingetragen sind, gibt laut Sicherheitsverband BDSW Probleme.\",\"breadcrumb\":{\"@id\":\"https:\\\/\\\/news.save.ch\\\/probleme-mit-dem-bewacherregister\\\/#breadcrumb\"},\"inLanguage\":\"de\",\"potentialAction\":[{\"@type\":\"ReadAction\",\"target\":[\"https:\\\/\\\/news.save.ch\\\/probleme-mit-dem-bewacherregister\\\/\"]}]},{\"@type\":\"ImageObject\",\"inLanguage\":\"de\",\"@id\":\"https:\\\/\\\/news.save.ch\\\/probleme-mit-dem-bewacherregister\\\/#primaryimage\",\"url\":\"https:\\\/\\\/news.save.ch\\\/wp-content\\\/uploads\\\/2019\\\/10\\\/Bewacherregister.jpg\",\"contentUrl\":\"https:\\\/\\\/news.save.ch\\\/wp-content\\\/uploads\\\/2019\\\/10\\\/Bewacherregister.jpg\",\"width\":774,\"height\":581,\"caption\":\"\u00a9 BDSW\"},{\"@type\":\"BreadcrumbList\",\"@id\":\"https:\\\/\\\/news.save.ch\\\/probleme-mit-dem-bewacherregister\\\/#breadcrumb\",\"itemListElement\":[{\"@type\":\"ListItem\",\"position\":1,\"name\":\"Home\",\"item\":\"https:\\\/\\\/news.save.ch\\\/de\\\/\"},{\"@type\":\"ListItem\",\"position\":2,\"name\":\"Probleme mit dem Bewacherregister\"}]},{\"@type\":\"WebSite\",\"@id\":\"https:\\\/\\\/news.save.ch\\\/de\\\/#website\",\"url\":\"https:\\\/\\\/news.save.ch\\\/de\\\/\",\"name\":\"Save\",\"description\":\"Schweizer Fachzeitschrift f\u00fcr Sicherheit\",\"publisher\":{\"@id\":\"https:\\\/\\\/news.save.ch\\\/de\\\/#organization\"},\"potentialAction\":[{\"@type\":\"SearchAction\",\"target\":{\"@type\":\"EntryPoint\",\"urlTemplate\":\"https:\\\/\\\/news.save.ch\\\/de\\\/?s={search_term_string}\"},\"query-input\":{\"@type\":\"PropertyValueSpecification\",\"valueRequired\":true,\"valueName\":\"search_term_string\"}}],\"inLanguage\":\"de\"},{\"@type\":\"Organization\",\"@id\":\"https:\\\/\\\/news.save.ch\\\/de\\\/#organization\",\"name\":\"Sicherheitsforum\",\"url\":\"https:\\\/\\\/news.save.ch\\\/de\\\/\",\"logo\":{\"@type\":\"ImageObject\",\"inLanguage\":\"de\",\"@id\":\"https:\\\/\\\/news.save.ch\\\/de\\\/#\\\/schema\\\/logo\\\/image\\\/\",\"url\":\"https:\\\/\\\/news.save.ch\\\/wp-content\\\/uploads\\\/2022\\\/06\\\/Logo_SF_2012.png\",\"contentUrl\":\"https:\\\/\\\/news.save.ch\\\/wp-content\\\/uploads\\\/2022\\\/06\\\/Logo_SF_2012.png\",\"width\":1100,\"height\":91,\"caption\":\"Sicherheitsforum\"},\"image\":{\"@id\":\"https:\\\/\\\/news.save.ch\\\/de\\\/#\\\/schema\\\/logo\\\/image\\\/\"}},{\"@type\":\"Person\",\"@id\":\"https:\\\/\\\/news.save.ch\\\/de\\\/#\\\/schema\\\/person\\\/d5022db048e0e2b9785c50e5b24da5aa\",\"name\":\"Roger Str\u00e4ssle\",\"image\":{\"@type\":\"ImageObject\",\"inLanguage\":\"de\",\"@id\":\"https:\\\/\\\/secure.gravatar.com\\\/avatar\\\/862a5569d087de48e5856e32f45d719a03804c891d6deb8d4f71a660e79e4a47?s=96&d=mm&r=g\",\"url\":\"https:\\\/\\\/secure.gravatar.com\\\/avatar\\\/862a5569d087de48e5856e32f45d719a03804c891d6deb8d4f71a660e79e4a47?s=96&d=mm&r=g\",\"contentUrl\":\"https:\\\/\\\/secure.gravatar.com\\\/avatar\\\/862a5569d087de48e5856e32f45d719a03804c891d6deb8d4f71a660e79e4a47?s=96&d=mm&r=g\",\"caption\":\"Roger Str\u00e4ssle\"},\"url\":\"https:\\\/\\\/news.save.ch\\\/de\\\/author\\\/roger-straessle\\\/\"}]}<\/script>\n<!-- \/ Yoast SEO plugin. -->","yoast_head_json":{"title":"Probleme mit dem Bewacherregister - Save","description":"Mit dem zentralen Bewacherregister in Deutschland, in dem alle privaten Sicherheitskr\u00e4fte eingetragen sind, gibt laut Sicherheitsverband BDSW Probleme.","robots":{"index":"index","follow":"follow","max-snippet":"max-snippet:-1","max-image-preview":"max-image-preview:large","max-video-preview":"max-video-preview:-1"},"canonical":"https:\/\/news.save.ch\/de\/probleme-mit-dem-bewacherregister\/","og_locale":"de_DE","og_type":"article","og_title":"Probleme mit dem Bewacherregister - Save","og_description":"Mit dem zentralen Bewacherregister in Deutschland, in dem alle privaten Sicherheitskr\u00e4fte eingetragen sind, gibt laut Sicherheitsverband BDSW Probleme.","og_url":"https:\/\/news.save.ch\/de\/probleme-mit-dem-bewacherregister\/","og_site_name":"Save","article_published_time":"2019-10-21T11:30:14+00:00","og_image":[{"width":774,"height":581,"url":"https:\/\/news.save.ch\/wp-content\/uploads\/2019\/10\/Bewacherregister.jpg","type":"image\/jpeg"}],"author":"Roger Str\u00e4ssle","twitter_card":"summary_large_image","twitter_misc":{"Geschrieben von":"Roger Str\u00e4ssle","Gesch\u00e4tzte Lesezeit":"3\u00a0Minuten"},"schema":{"@context":"https:\/\/schema.org","@graph":[{"@type":"Article","@id":"https:\/\/news.save.ch\/probleme-mit-dem-bewacherregister\/#article","isPartOf":{"@id":"https:\/\/news.save.ch\/probleme-mit-dem-bewacherregister\/"},"author":{"name":"Roger Str\u00e4ssle","@id":"https:\/\/news.save.ch\/de\/#\/schema\/person\/d5022db048e0e2b9785c50e5b24da5aa"},"headline":"Probleme mit dem Bewacherregister","datePublished":"2019-10-21T11:30:14+00:00","mainEntityOfPage":{"@id":"https:\/\/news.save.ch\/probleme-mit-dem-bewacherregister\/"},"wordCount":528,"commentCount":0,"publisher":{"@id":"https:\/\/news.save.ch\/de\/#organization"},"image":{"@id":"https:\/\/news.save.ch\/probleme-mit-dem-bewacherregister\/#primaryimage"},"thumbnailUrl":"https:\/\/news.save.ch\/wp-content\/uploads\/2019\/10\/Bewacherregister.jpg","keywords":["Bewacherregister","Private Sicherheitsfirma","Sicherheitsdienstleistungen"],"articleSection":["ALLGEMEIN"],"inLanguage":"de"},{"@type":"WebPage","@id":"https:\/\/news.save.ch\/probleme-mit-dem-bewacherregister\/","url":"https:\/\/news.save.ch\/probleme-mit-dem-bewacherregister\/","name":"Probleme mit dem Bewacherregister - Save","isPartOf":{"@id":"https:\/\/news.save.ch\/de\/#website"},"primaryImageOfPage":{"@id":"https:\/\/news.save.ch\/probleme-mit-dem-bewacherregister\/#primaryimage"},"image":{"@id":"https:\/\/news.save.ch\/probleme-mit-dem-bewacherregister\/#primaryimage"},"thumbnailUrl":"https:\/\/news.save.ch\/wp-content\/uploads\/2019\/10\/Bewacherregister.jpg","datePublished":"2019-10-21T11:30:14+00:00","description":"Mit dem zentralen Bewacherregister in Deutschland, in dem alle privaten Sicherheitskr\u00e4fte eingetragen sind, gibt laut Sicherheitsverband BDSW Probleme.","breadcrumb":{"@id":"https:\/\/news.save.ch\/probleme-mit-dem-bewacherregister\/#breadcrumb"},"inLanguage":"de","potentialAction":[{"@type":"ReadAction","target":["https:\/\/news.save.ch\/probleme-mit-dem-bewacherregister\/"]}]},{"@type":"ImageObject","inLanguage":"de","@id":"https:\/\/news.save.ch\/probleme-mit-dem-bewacherregister\/#primaryimage","url":"https:\/\/news.save.ch\/wp-content\/uploads\/2019\/10\/Bewacherregister.jpg","contentUrl":"https:\/\/news.save.ch\/wp-content\/uploads\/2019\/10\/Bewacherregister.jpg","width":774,"height":581,"caption":"\u00a9 BDSW"},{"@type":"BreadcrumbList","@id":"https:\/\/news.save.ch\/probleme-mit-dem-bewacherregister\/#breadcrumb","itemListElement":[{"@type":"ListItem","position":1,"name":"Home","item":"https:\/\/news.save.ch\/de\/"},{"@type":"ListItem","position":2,"name":"Probleme mit dem Bewacherregister"}]},{"@type":"WebSite","@id":"https:\/\/news.save.ch\/de\/#website","url":"https:\/\/news.save.ch\/de\/","name":"Save","description":"Schweizer Fachzeitschrift f\u00fcr Sicherheit","publisher":{"@id":"https:\/\/news.save.ch\/de\/#organization"},"potentialAction":[{"@type":"SearchAction","target":{"@type":"EntryPoint","urlTemplate":"https:\/\/news.save.ch\/de\/?s={search_term_string}"},"query-input":{"@type":"PropertyValueSpecification","valueRequired":true,"valueName":"search_term_string"}}],"inLanguage":"de"},{"@type":"Organization","@id":"https:\/\/news.save.ch\/de\/#organization","name":"Sicherheitsforum","url":"https:\/\/news.save.ch\/de\/","logo":{"@type":"ImageObject","inLanguage":"de","@id":"https:\/\/news.save.ch\/de\/#\/schema\/logo\/image\/","url":"https:\/\/news.save.ch\/wp-content\/uploads\/2022\/06\/Logo_SF_2012.png","contentUrl":"https:\/\/news.save.ch\/wp-content\/uploads\/2022\/06\/Logo_SF_2012.png","width":1100,"height":91,"caption":"Sicherheitsforum"},"image":{"@id":"https:\/\/news.save.ch\/de\/#\/schema\/logo\/image\/"}},{"@type":"Person","@id":"https:\/\/news.save.ch\/de\/#\/schema\/person\/d5022db048e0e2b9785c50e5b24da5aa","name":"Roger Str\u00e4ssle","image":{"@type":"ImageObject","inLanguage":"de","@id":"https:\/\/secure.gravatar.com\/avatar\/862a5569d087de48e5856e32f45d719a03804c891d6deb8d4f71a660e79e4a47?s=96&d=mm&r=g","url":"https:\/\/secure.gravatar.com\/avatar\/862a5569d087de48e5856e32f45d719a03804c891d6deb8d4f71a660e79e4a47?s=96&d=mm&r=g","contentUrl":"https:\/\/secure.gravatar.com\/avatar\/862a5569d087de48e5856e32f45d719a03804c891d6deb8d4f71a660e79e4a47?s=96&d=mm&r=g","caption":"Roger Str\u00e4ssle"},"url":"https:\/\/news.save.ch\/de\/author\/roger-straessle\/"}]}},"_links":{"self":[{"href":"https:\/\/news.save.ch\/de\/wp-json\/wp\/v2\/posts\/8901","targetHints":{"allow":["GET"]}}],"collection":[{"href":"https:\/\/news.save.ch\/de\/wp-json\/wp\/v2\/posts"}],"about":[{"href":"https:\/\/news.save.ch\/de\/wp-json\/wp\/v2\/types\/post"}],"author":[{"embeddable":true,"href":"https:\/\/news.save.ch\/de\/wp-json\/wp\/v2\/users\/8"}],"replies":[{"embeddable":true,"href":"https:\/\/news.save.ch\/de\/wp-json\/wp\/v2\/comments?post=8901"}],"version-history":[{"count":0,"href":"https:\/\/news.save.ch\/de\/wp-json\/wp\/v2\/posts\/8901\/revisions"}],"wp:featuredmedia":[{"embeddable":true,"href":"https:\/\/news.save.ch\/de\/wp-json\/wp\/v2\/media\/8902"}],"wp:attachment":[{"href":"https:\/\/news.save.ch\/de\/wp-json\/wp\/v2\/media?parent=8901"}],"wp:term":[{"taxonomy":"category","embeddable":true,"href":"https:\/\/news.save.ch\/de\/wp-json\/wp\/v2\/categories?post=8901"},{"taxonomy":"post_tag","embeddable":true,"href":"https:\/\/news.save.ch\/de\/wp-json\/wp\/v2\/tags?post=8901"}],"curies":[{"name":"wp","href":"https:\/\/api.w.org\/{rel}","templated":true}]}}