{"id":8958,"date":"2022-05-06T09:23:51","date_gmt":"2022-05-06T07:23:51","guid":{"rendered":"https:\/\/news.save.ch\/?p=8958"},"modified":"2023-08-15T04:25:23","modified_gmt":"2023-08-15T02:25:23","slug":"bundesrat-will-in-die-forschung-von-gesundheitsdaten-investieren","status":null,"type":"post","link":"https:\/\/news.save.ch\/de\/bundesrat-will-in-die-forschung-von-gesundheitsdaten-investieren\/","title":{"rendered":"Bundesrat will in die Forschung von Gesundheitsdaten investieren"},"content":{"rendered":"<figure id=\"attachment_8960\" aria-describedby=\"caption-attachment-8960\" style=\"width: 640px\" class=\"wp-caption alignnone\"><img loading=\"lazy\" decoding=\"async\" class=\"wp-image-8960 size-full\" src=\"https:\/\/news.save.ch\/wp-content\/uploads\/2022\/05\/dna-g66d8328ef_640.jpg\" alt=\"Forschung\" width=\"640\" height=\"320\" srcset=\"https:\/\/news.save.ch\/wp-content\/uploads\/2022\/05\/dna-g66d8328ef_640.jpg 640w, https:\/\/news.save.ch\/wp-content\/uploads\/2022\/05\/dna-g66d8328ef_640-18x9.jpg 18w, https:\/\/news.save.ch\/wp-content\/uploads\/2022\/05\/dna-g66d8328ef_640-375x188.jpg 375w\" sizes=\"auto, (max-width: 640px) 100vw, 640px\" \/><figcaption id=\"caption-attachment-8960\" class=\"wp-caption-text\">Bild: Pixabay<\/figcaption><\/figure>\n<p>In der Forschung sieht man sich auch bei den Gesundheitsdaten mit einer schier un\u00fcberblickbaren Datenmenge konfrontiert. Fundierte Datenanalysen k\u00f6nnten jedoch helfen, das Versorgungsangebot zu verbessern.<\/p>\n<p>Das Potenzial werde jedoch aus Datenschutzgr\u00fcnden noch zu wenig ausgesch\u00f6pft, da bekanntlich Patientendaten besonders sensibel sind. Akteure aus Forschung, Praxis, Politik und Wirtschaft sind jedoch dem Bundesrat zufolge an einer mehrfachen Nutzung von Daten interessiert.<\/p>\n<h2>Experten f\u00fcr Grundsatzfragen beibezogen<\/h2>\n<p>Laut dem Bundesrat m\u00fcssten verschiedene Voraussetzungen geschaffen werden, damit Gesundheitsdaten k\u00fcnftig in der Forschung verkn\u00fcpft und weiterverwendet werden k\u00f6nnen. Dazu geh\u00f6ren beispielsweise Standards f\u00fcr einen gemeinsamen Datenaustausch, eindeutige personenbezogene Identifikatoren, aber auch die Schaffung rechtlicher Grundlagen f\u00fcr den Datenzugriff und weitere Nutzung.<\/p>\n<p>Vor diesem Hintergrund hat der Bundesrat Eidgen\u00f6ssische Departement des Innern (EDI) beauftragt, mit verschiedenen Fachgremien in der Bundesverwaltung und externen Experten die Anforderungen an strukturelle, prozess- und anwendungsorientierte Anforderungen zu kl\u00e4ren.\u00a0Die Ergebnisse dieser Abkl\u00e4rungen sollen dem Bundesrat bis Ende 2023 unterbreitet werden.<\/p>\n<p><em>Quelle: Der Bundesrat\u00a0<\/em><\/p>\n","protected":false},"excerpt":{"rendered":"<p>In der Forschung sieht man sich auch bei den Gesundheitsdaten mit einer schier un\u00fcberblickbaren Datenmenge konfrontiert. Fundierte Datenanalysen k\u00f6nnten jedoch helfen, das Versorgungsangebot zu verbessern. Das Potenzial werde jedoch aus Datenschutzgr\u00fcnden noch zu wenig ausgesch\u00f6pft, da bekanntlich Patientendaten besonders sensibel sind. Akteure aus Forschung, Praxis, Politik und Wirtschaft sind jedoch dem Bundesrat zufolge an einer [&hellip;]<\/p>\n","protected":false},"author":9,"featured_media":8960,"comment_status":"closed","ping_status":"closed","sticky":false,"template":"","format":"standard","meta":{"_acf_changed":false,"pgc_sgb_lightbox_settings":"","footnotes":""},"categories":[1],"tags":[118,4473,3991,255,2163,4552],"class_list":["post-8958","post","type-post","status-publish","format-standard","has-post-thumbnail","hentry","category-allgemein","tag-datenschutz","tag-datenschutzgruenden","tag-eidgenoessische-departement-des-innern","tag-forschung","tag-gesundheitsdaten","tag-patientendaten"],"acf":[],"hkrextid":null,"publication":null,"issue":null,"workflow":null,"startPage":null,"spitzmarke":null,"_posts_by_tag_page_fields":{"widget_title":"","widget_tags":""},"_at_widget":"1","_yoast_wpseo_primary_category":"","_yoast_wpseo_focuskw_text_input":null,"_yoast_wpseo_opengraph-image":null,"_yoast_wpseo_opengraph-description":null,"_yoast_wpseo_opengraph-title":null,"enclosure":null,"_yoast_wpseo_twitter-title":null,"_yoast_wpseo_twitter-description":null,"_yoast_wpseo_twitter-image":null,"_wp_old_slug":null,"_yoast_wpseo_title":null,"_yoast_wpseo_canonical":null,"yoast_head":"<!-- This site is optimized with the Yoast SEO plugin v27.5 - https:\/\/yoast.com\/product\/yoast-seo-wordpress\/ -->\n<title>Bundesrat will in die Forschung von Gesundheitsdaten investieren - Save<\/title>\n<meta name=\"description\" content=\"In der Forschung will der Bundesrat bessere Rahmenbedingungen f\u00fcr die Weitergabe und Weiterverwendung der Gesundheitsdaten schaffen. In einer Sitzung vom 4. Mai 2022 hat wurde nun das Eidgen\u00f6ssische Departement des Innern (EDI) beauftragt, die Voraussetzungen f\u00fcr den Aufbau eines Datensystems zu schaffen.\" \/>\n<meta name=\"robots\" content=\"index, follow, max-snippet:-1, max-image-preview:large, max-video-preview:-1\" \/>\n<link rel=\"canonical\" href=\"https:\/\/news.save.ch\/de\/bundesrat-will-in-die-forschung-von-gesundheitsdaten-investieren\/\" \/>\n<meta property=\"og:locale\" content=\"de_DE\" \/>\n<meta property=\"og:type\" content=\"article\" \/>\n<meta property=\"og:title\" content=\"Bundesrat will in die Forschung von Gesundheitsdaten investieren - Save\" \/>\n<meta property=\"og:description\" content=\"In der Forschung will der Bundesrat bessere Rahmenbedingungen f\u00fcr die Weitergabe und Weiterverwendung der Gesundheitsdaten schaffen. In einer Sitzung vom 4. Mai 2022 hat wurde nun das Eidgen\u00f6ssische Departement des Innern (EDI) beauftragt, die Voraussetzungen f\u00fcr den Aufbau eines Datensystems zu schaffen.\" \/>\n<meta property=\"og:url\" content=\"https:\/\/news.save.ch\/de\/bundesrat-will-in-die-forschung-von-gesundheitsdaten-investieren\/\" \/>\n<meta property=\"og:site_name\" content=\"Save\" \/>\n<meta property=\"article:published_time\" content=\"2022-05-06T07:23:51+00:00\" \/>\n<meta property=\"article:modified_time\" content=\"2023-08-15T02:25:23+00:00\" \/>\n<meta property=\"og:image\" content=\"https:\/\/news.save.ch\/wp-content\/uploads\/2022\/05\/dna-g66d8328ef_640.jpg\" \/>\n\t<meta property=\"og:image:width\" content=\"640\" \/>\n\t<meta property=\"og:image:height\" content=\"320\" \/>\n\t<meta property=\"og:image:type\" content=\"image\/jpeg\" \/>\n<meta name=\"author\" content=\"Simon Gr\u00f6flin\" \/>\n<meta name=\"twitter:card\" content=\"summary_large_image\" \/>\n<meta name=\"twitter:label1\" content=\"Geschrieben von\" \/>\n\t<meta name=\"twitter:data1\" content=\"Simon Gr\u00f6flin\" \/>\n\t<meta name=\"twitter:label2\" content=\"Gesch\u00e4tzte Lesezeit\" \/>\n\t<meta name=\"twitter:data2\" content=\"2\u00a0Minuten\" \/>\n<script type=\"application\/ld+json\" class=\"yoast-schema-graph\">{\"@context\":\"https:\\\/\\\/schema.org\",\"@graph\":[{\"@type\":\"Article\",\"@id\":\"https:\\\/\\\/news.save.ch\\\/bundesrat-will-in-die-forschung-von-gesundheitsdaten-investieren\\\/#article\",\"isPartOf\":{\"@id\":\"https:\\\/\\\/news.save.ch\\\/bundesrat-will-in-die-forschung-von-gesundheitsdaten-investieren\\\/\"},\"author\":{\"name\":\"Simon Gr\u00f6flin\",\"@id\":\"https:\\\/\\\/news.save.ch\\\/de\\\/#\\\/schema\\\/person\\\/ad4ef21102fd6125312409ac57d5296d\"},\"headline\":\"Bundesrat will in die Forschung von Gesundheitsdaten investieren\",\"datePublished\":\"2022-05-06T07:23:51+00:00\",\"dateModified\":\"2023-08-15T02:25:23+00:00\",\"mainEntityOfPage\":{\"@id\":\"https:\\\/\\\/news.save.ch\\\/bundesrat-will-in-die-forschung-von-gesundheitsdaten-investieren\\\/\"},\"wordCount\":183,\"publisher\":{\"@id\":\"https:\\\/\\\/news.save.ch\\\/de\\\/#organization\"},\"image\":{\"@id\":\"https:\\\/\\\/news.save.ch\\\/bundesrat-will-in-die-forschung-von-gesundheitsdaten-investieren\\\/#primaryimage\"},\"thumbnailUrl\":\"https:\\\/\\\/news.save.ch\\\/wp-content\\\/uploads\\\/2022\\\/05\\\/dna-g66d8328ef_640.jpg\",\"keywords\":[\"Datenschutz\",\"Datenschutzgr\u00fcnden\",\"Eidgen\u00f6ssische Departement des Innern\",\"Forschung\",\"Gesundheitsdaten\",\"Patientendaten\"],\"articleSection\":[\"ALLGEMEIN\"],\"inLanguage\":\"de\"},{\"@type\":\"WebPage\",\"@id\":\"https:\\\/\\\/news.save.ch\\\/bundesrat-will-in-die-forschung-von-gesundheitsdaten-investieren\\\/\",\"url\":\"https:\\\/\\\/news.save.ch\\\/bundesrat-will-in-die-forschung-von-gesundheitsdaten-investieren\\\/\",\"name\":\"Bundesrat will in die Forschung von Gesundheitsdaten investieren - Save\",\"isPartOf\":{\"@id\":\"https:\\\/\\\/news.save.ch\\\/de\\\/#website\"},\"primaryImageOfPage\":{\"@id\":\"https:\\\/\\\/news.save.ch\\\/bundesrat-will-in-die-forschung-von-gesundheitsdaten-investieren\\\/#primaryimage\"},\"image\":{\"@id\":\"https:\\\/\\\/news.save.ch\\\/bundesrat-will-in-die-forschung-von-gesundheitsdaten-investieren\\\/#primaryimage\"},\"thumbnailUrl\":\"https:\\\/\\\/news.save.ch\\\/wp-content\\\/uploads\\\/2022\\\/05\\\/dna-g66d8328ef_640.jpg\",\"datePublished\":\"2022-05-06T07:23:51+00:00\",\"dateModified\":\"2023-08-15T02:25:23+00:00\",\"description\":\"In der Forschung will der Bundesrat bessere Rahmenbedingungen f\u00fcr die Weitergabe und Weiterverwendung der Gesundheitsdaten schaffen. In einer Sitzung vom 4. Mai 2022 hat wurde nun das Eidgen\u00f6ssische Departement des Innern (EDI) beauftragt, die Voraussetzungen f\u00fcr den Aufbau eines Datensystems zu schaffen.\",\"breadcrumb\":{\"@id\":\"https:\\\/\\\/news.save.ch\\\/bundesrat-will-in-die-forschung-von-gesundheitsdaten-investieren\\\/#breadcrumb\"},\"inLanguage\":\"de\",\"potentialAction\":[{\"@type\":\"ReadAction\",\"target\":[\"https:\\\/\\\/news.save.ch\\\/bundesrat-will-in-die-forschung-von-gesundheitsdaten-investieren\\\/\"]}]},{\"@type\":\"ImageObject\",\"inLanguage\":\"de\",\"@id\":\"https:\\\/\\\/news.save.ch\\\/bundesrat-will-in-die-forschung-von-gesundheitsdaten-investieren\\\/#primaryimage\",\"url\":\"https:\\\/\\\/news.save.ch\\\/wp-content\\\/uploads\\\/2022\\\/05\\\/dna-g66d8328ef_640.jpg\",\"contentUrl\":\"https:\\\/\\\/news.save.ch\\\/wp-content\\\/uploads\\\/2022\\\/05\\\/dna-g66d8328ef_640.jpg\",\"width\":640,\"height\":320,\"caption\":\"Forschung, Bundesrat\"},{\"@type\":\"BreadcrumbList\",\"@id\":\"https:\\\/\\\/news.save.ch\\\/bundesrat-will-in-die-forschung-von-gesundheitsdaten-investieren\\\/#breadcrumb\",\"itemListElement\":[{\"@type\":\"ListItem\",\"position\":1,\"name\":\"Home\",\"item\":\"https:\\\/\\\/news.save.ch\\\/de\\\/\"},{\"@type\":\"ListItem\",\"position\":2,\"name\":\"Bundesrat will in die Forschung von Gesundheitsdaten investieren\"}]},{\"@type\":\"WebSite\",\"@id\":\"https:\\\/\\\/news.save.ch\\\/de\\\/#website\",\"url\":\"https:\\\/\\\/news.save.ch\\\/de\\\/\",\"name\":\"Save\",\"description\":\"Schweizer Fachzeitschrift f\u00fcr Sicherheit\",\"publisher\":{\"@id\":\"https:\\\/\\\/news.save.ch\\\/de\\\/#organization\"},\"potentialAction\":[{\"@type\":\"SearchAction\",\"target\":{\"@type\":\"EntryPoint\",\"urlTemplate\":\"https:\\\/\\\/news.save.ch\\\/de\\\/?s={search_term_string}\"},\"query-input\":{\"@type\":\"PropertyValueSpecification\",\"valueRequired\":true,\"valueName\":\"search_term_string\"}}],\"inLanguage\":\"de\"},{\"@type\":\"Organization\",\"@id\":\"https:\\\/\\\/news.save.ch\\\/de\\\/#organization\",\"name\":\"Sicherheitsforum\",\"url\":\"https:\\\/\\\/news.save.ch\\\/de\\\/\",\"logo\":{\"@type\":\"ImageObject\",\"inLanguage\":\"de\",\"@id\":\"https:\\\/\\\/news.save.ch\\\/de\\\/#\\\/schema\\\/logo\\\/image\\\/\",\"url\":\"https:\\\/\\\/news.save.ch\\\/wp-content\\\/uploads\\\/2022\\\/06\\\/Logo_SF_2012.png\",\"contentUrl\":\"https:\\\/\\\/news.save.ch\\\/wp-content\\\/uploads\\\/2022\\\/06\\\/Logo_SF_2012.png\",\"width\":1100,\"height\":91,\"caption\":\"Sicherheitsforum\"},\"image\":{\"@id\":\"https:\\\/\\\/news.save.ch\\\/de\\\/#\\\/schema\\\/logo\\\/image\\\/\"}},{\"@type\":\"Person\",\"@id\":\"https:\\\/\\\/news.save.ch\\\/de\\\/#\\\/schema\\\/person\\\/ad4ef21102fd6125312409ac57d5296d\",\"name\":\"Simon Gr\u00f6flin\",\"image\":{\"@type\":\"ImageObject\",\"inLanguage\":\"de\",\"@id\":\"https:\\\/\\\/secure.gravatar.com\\\/avatar\\\/6ddceb80eb734354635539e0ea5140bb7c41e42de7c45c9a2ab9921b5d5c9a83?s=96&d=mm&r=g\",\"url\":\"https:\\\/\\\/secure.gravatar.com\\\/avatar\\\/6ddceb80eb734354635539e0ea5140bb7c41e42de7c45c9a2ab9921b5d5c9a83?s=96&d=mm&r=g\",\"contentUrl\":\"https:\\\/\\\/secure.gravatar.com\\\/avatar\\\/6ddceb80eb734354635539e0ea5140bb7c41e42de7c45c9a2ab9921b5d5c9a83?s=96&d=mm&r=g\",\"caption\":\"Simon Gr\u00f6flin\"},\"url\":\"https:\\\/\\\/news.save.ch\\\/de\\\/author\\\/simon-groeflin\\\/\"}]}<\/script>\n<!-- \/ Yoast SEO plugin. -->","yoast_head_json":{"title":"Bundesrat will in die Forschung von Gesundheitsdaten investieren - Save","description":"In der Forschung will der Bundesrat bessere Rahmenbedingungen f\u00fcr die Weitergabe und Weiterverwendung der Gesundheitsdaten schaffen. In einer Sitzung vom 4. Mai 2022 hat wurde nun das Eidgen\u00f6ssische Departement des Innern (EDI) beauftragt, die Voraussetzungen f\u00fcr den Aufbau eines Datensystems zu schaffen.","robots":{"index":"index","follow":"follow","max-snippet":"max-snippet:-1","max-image-preview":"max-image-preview:large","max-video-preview":"max-video-preview:-1"},"canonical":"https:\/\/news.save.ch\/de\/bundesrat-will-in-die-forschung-von-gesundheitsdaten-investieren\/","og_locale":"de_DE","og_type":"article","og_title":"Bundesrat will in die Forschung von Gesundheitsdaten investieren - Save","og_description":"In der Forschung will der Bundesrat bessere Rahmenbedingungen f\u00fcr die Weitergabe und Weiterverwendung der Gesundheitsdaten schaffen. In einer Sitzung vom 4. Mai 2022 hat wurde nun das Eidgen\u00f6ssische Departement des Innern (EDI) beauftragt, die Voraussetzungen f\u00fcr den Aufbau eines Datensystems zu schaffen.","og_url":"https:\/\/news.save.ch\/de\/bundesrat-will-in-die-forschung-von-gesundheitsdaten-investieren\/","og_site_name":"Save","article_published_time":"2022-05-06T07:23:51+00:00","article_modified_time":"2023-08-15T02:25:23+00:00","og_image":[{"width":640,"height":320,"url":"https:\/\/news.save.ch\/wp-content\/uploads\/2022\/05\/dna-g66d8328ef_640.jpg","type":"image\/jpeg"}],"author":"Simon Gr\u00f6flin","twitter_card":"summary_large_image","twitter_misc":{"Geschrieben von":"Simon Gr\u00f6flin","Gesch\u00e4tzte Lesezeit":"2\u00a0Minuten"},"schema":{"@context":"https:\/\/schema.org","@graph":[{"@type":"Article","@id":"https:\/\/news.save.ch\/bundesrat-will-in-die-forschung-von-gesundheitsdaten-investieren\/#article","isPartOf":{"@id":"https:\/\/news.save.ch\/bundesrat-will-in-die-forschung-von-gesundheitsdaten-investieren\/"},"author":{"name":"Simon Gr\u00f6flin","@id":"https:\/\/news.save.ch\/de\/#\/schema\/person\/ad4ef21102fd6125312409ac57d5296d"},"headline":"Bundesrat will in die Forschung von Gesundheitsdaten investieren","datePublished":"2022-05-06T07:23:51+00:00","dateModified":"2023-08-15T02:25:23+00:00","mainEntityOfPage":{"@id":"https:\/\/news.save.ch\/bundesrat-will-in-die-forschung-von-gesundheitsdaten-investieren\/"},"wordCount":183,"publisher":{"@id":"https:\/\/news.save.ch\/de\/#organization"},"image":{"@id":"https:\/\/news.save.ch\/bundesrat-will-in-die-forschung-von-gesundheitsdaten-investieren\/#primaryimage"},"thumbnailUrl":"https:\/\/news.save.ch\/wp-content\/uploads\/2022\/05\/dna-g66d8328ef_640.jpg","keywords":["Datenschutz","Datenschutzgr\u00fcnden","Eidgen\u00f6ssische Departement des Innern","Forschung","Gesundheitsdaten","Patientendaten"],"articleSection":["ALLGEMEIN"],"inLanguage":"de"},{"@type":"WebPage","@id":"https:\/\/news.save.ch\/bundesrat-will-in-die-forschung-von-gesundheitsdaten-investieren\/","url":"https:\/\/news.save.ch\/bundesrat-will-in-die-forschung-von-gesundheitsdaten-investieren\/","name":"Bundesrat will in die Forschung von Gesundheitsdaten investieren - Save","isPartOf":{"@id":"https:\/\/news.save.ch\/de\/#website"},"primaryImageOfPage":{"@id":"https:\/\/news.save.ch\/bundesrat-will-in-die-forschung-von-gesundheitsdaten-investieren\/#primaryimage"},"image":{"@id":"https:\/\/news.save.ch\/bundesrat-will-in-die-forschung-von-gesundheitsdaten-investieren\/#primaryimage"},"thumbnailUrl":"https:\/\/news.save.ch\/wp-content\/uploads\/2022\/05\/dna-g66d8328ef_640.jpg","datePublished":"2022-05-06T07:23:51+00:00","dateModified":"2023-08-15T02:25:23+00:00","description":"In der Forschung will der Bundesrat bessere Rahmenbedingungen f\u00fcr die Weitergabe und Weiterverwendung der Gesundheitsdaten schaffen. In einer Sitzung vom 4. Mai 2022 hat wurde nun das Eidgen\u00f6ssische Departement des Innern (EDI) beauftragt, die Voraussetzungen f\u00fcr den Aufbau eines Datensystems zu schaffen.","breadcrumb":{"@id":"https:\/\/news.save.ch\/bundesrat-will-in-die-forschung-von-gesundheitsdaten-investieren\/#breadcrumb"},"inLanguage":"de","potentialAction":[{"@type":"ReadAction","target":["https:\/\/news.save.ch\/bundesrat-will-in-die-forschung-von-gesundheitsdaten-investieren\/"]}]},{"@type":"ImageObject","inLanguage":"de","@id":"https:\/\/news.save.ch\/bundesrat-will-in-die-forschung-von-gesundheitsdaten-investieren\/#primaryimage","url":"https:\/\/news.save.ch\/wp-content\/uploads\/2022\/05\/dna-g66d8328ef_640.jpg","contentUrl":"https:\/\/news.save.ch\/wp-content\/uploads\/2022\/05\/dna-g66d8328ef_640.jpg","width":640,"height":320,"caption":"Forschung, Bundesrat"},{"@type":"BreadcrumbList","@id":"https:\/\/news.save.ch\/bundesrat-will-in-die-forschung-von-gesundheitsdaten-investieren\/#breadcrumb","itemListElement":[{"@type":"ListItem","position":1,"name":"Home","item":"https:\/\/news.save.ch\/de\/"},{"@type":"ListItem","position":2,"name":"Bundesrat will in die Forschung von Gesundheitsdaten investieren"}]},{"@type":"WebSite","@id":"https:\/\/news.save.ch\/de\/#website","url":"https:\/\/news.save.ch\/de\/","name":"Save","description":"Schweizer Fachzeitschrift f\u00fcr Sicherheit","publisher":{"@id":"https:\/\/news.save.ch\/de\/#organization"},"potentialAction":[{"@type":"SearchAction","target":{"@type":"EntryPoint","urlTemplate":"https:\/\/news.save.ch\/de\/?s={search_term_string}"},"query-input":{"@type":"PropertyValueSpecification","valueRequired":true,"valueName":"search_term_string"}}],"inLanguage":"de"},{"@type":"Organization","@id":"https:\/\/news.save.ch\/de\/#organization","name":"Sicherheitsforum","url":"https:\/\/news.save.ch\/de\/","logo":{"@type":"ImageObject","inLanguage":"de","@id":"https:\/\/news.save.ch\/de\/#\/schema\/logo\/image\/","url":"https:\/\/news.save.ch\/wp-content\/uploads\/2022\/06\/Logo_SF_2012.png","contentUrl":"https:\/\/news.save.ch\/wp-content\/uploads\/2022\/06\/Logo_SF_2012.png","width":1100,"height":91,"caption":"Sicherheitsforum"},"image":{"@id":"https:\/\/news.save.ch\/de\/#\/schema\/logo\/image\/"}},{"@type":"Person","@id":"https:\/\/news.save.ch\/de\/#\/schema\/person\/ad4ef21102fd6125312409ac57d5296d","name":"Simon Gr\u00f6flin","image":{"@type":"ImageObject","inLanguage":"de","@id":"https:\/\/secure.gravatar.com\/avatar\/6ddceb80eb734354635539e0ea5140bb7c41e42de7c45c9a2ab9921b5d5c9a83?s=96&d=mm&r=g","url":"https:\/\/secure.gravatar.com\/avatar\/6ddceb80eb734354635539e0ea5140bb7c41e42de7c45c9a2ab9921b5d5c9a83?s=96&d=mm&r=g","contentUrl":"https:\/\/secure.gravatar.com\/avatar\/6ddceb80eb734354635539e0ea5140bb7c41e42de7c45c9a2ab9921b5d5c9a83?s=96&d=mm&r=g","caption":"Simon Gr\u00f6flin"},"url":"https:\/\/news.save.ch\/de\/author\/simon-groeflin\/"}]}},"_links":{"self":[{"href":"https:\/\/news.save.ch\/de\/wp-json\/wp\/v2\/posts\/8958","targetHints":{"allow":["GET"]}}],"collection":[{"href":"https:\/\/news.save.ch\/de\/wp-json\/wp\/v2\/posts"}],"about":[{"href":"https:\/\/news.save.ch\/de\/wp-json\/wp\/v2\/types\/post"}],"author":[{"embeddable":true,"href":"https:\/\/news.save.ch\/de\/wp-json\/wp\/v2\/users\/9"}],"replies":[{"embeddable":true,"href":"https:\/\/news.save.ch\/de\/wp-json\/wp\/v2\/comments?post=8958"}],"version-history":[{"count":3,"href":"https:\/\/news.save.ch\/de\/wp-json\/wp\/v2\/posts\/8958\/revisions"}],"predecessor-version":[{"id":21763,"href":"https:\/\/news.save.ch\/de\/wp-json\/wp\/v2\/posts\/8958\/revisions\/21763"}],"wp:featuredmedia":[{"embeddable":true,"href":"https:\/\/news.save.ch\/de\/wp-json\/wp\/v2\/media\/8960"}],"wp:attachment":[{"href":"https:\/\/news.save.ch\/de\/wp-json\/wp\/v2\/media?parent=8958"}],"wp:term":[{"taxonomy":"category","embeddable":true,"href":"https:\/\/news.save.ch\/de\/wp-json\/wp\/v2\/categories?post=8958"},{"taxonomy":"post_tag","embeddable":true,"href":"https:\/\/news.save.ch\/de\/wp-json\/wp\/v2\/tags?post=8958"}],"curies":[{"name":"wp","href":"https:\/\/api.w.org\/{rel}","templated":true}]}}