{"id":8977,"date":"2022-05-11T09:36:54","date_gmt":"2022-05-11T07:36:54","guid":{"rendered":"https:\/\/news.save.ch\/?p=8977"},"modified":"2023-06-27T05:24:04","modified_gmt":"2023-06-27T03:24:04","slug":"fuenf-mythen-und-fakten-zu-sonnenschutz","status":null,"type":"post","link":"https:\/\/news.save.ch\/de\/fuenf-mythen-und-fakten-zu-sonnenschutz\/","title":{"rendered":"F\u00fcnf Mythen und Fakten zum Sonnenschutz"},"content":{"rendered":"<figure id=\"attachment_8984\" aria-describedby=\"caption-attachment-8984\" style=\"width: 640px\" class=\"wp-caption alignnone\"><img loading=\"lazy\" decoding=\"async\" class=\"wp-image-8984 size-full\" src=\"https:\/\/news.save.ch\/wp-content\/uploads\/2022\/05\/cream-gb8a6d43ab_640.jpg\" alt=\"Sonnenschutz\" width=\"640\" height=\"426\" srcset=\"https:\/\/news.save.ch\/wp-content\/uploads\/2022\/05\/cream-gb8a6d43ab_640.jpg 640w, https:\/\/news.save.ch\/wp-content\/uploads\/2022\/05\/cream-gb8a6d43ab_640-18x12.jpg 18w, https:\/\/news.save.ch\/wp-content\/uploads\/2022\/05\/cream-gb8a6d43ab_640-375x250.jpg 375w, https:\/\/news.save.ch\/wp-content\/uploads\/2022\/05\/cream-gb8a6d43ab_640-526x350.jpg 526w\" sizes=\"auto, (max-width: 640px) 100vw, 640px\" \/><figcaption id=\"caption-attachment-8984\" class=\"wp-caption-text\">Bild: Pixabay<\/figcaption><\/figure>\n<p>Bereits seit Anfang April ist die UV-Strahlung wieder so stark, dass ein Sonnenschutz erforderlich wird. Das gilt insbesondere f\u00fcr Menschen, die im Freien arbeiten. Darauf weist die <a href=\"https:\/\/www.bgetem.de\/presse-aktuelles\/pressemeldungen\/2022\/sonnenschutz-bereits-ab-april-notwendig#:~:text=ab%20April%20notwendig-,(19.04.2022)%20Bereits%20ab%20April%20kann%20die%20UV%2D,Medienerzeugnisse%20(BG%20ETEM)%20hin.\" target=\"_blank\" rel=\"noopener\">Berufsgenossenschaft Energie \u00abTextil Elektro Medienerzeugnisse\u00bb (BG ETEM)<\/a> hin. In ihrer Zeitschrift \u00abProfi\u00bb f\u00fchrt die Organisation f\u00fcnf weitverbreitete Irrt\u00fcmer im Zusammenhang mit dem Sonnenschutz auf.<\/p>\n<p><strong>Irrtum Nr. 1 &#8211; Br\u00e4une sch\u00fctzt die Haut<\/strong><\/p>\n<p>Auf vorgebr\u00e4unter Haut kommt es zwar seltener zum Sonnenbrand, sie leidet aber trotzdem unter den Strahlen. Das zeigt sich zum Beispiel durch eine fr\u00fchzeitige Hautalterung, wie Falten und Flecken.<\/p>\n<p><strong>Irrtum Nr. 2 &#8211; Unser K\u00f6rper braucht die Sonne<\/strong><\/p>\n<p>Ja, aber in Massen. UV-Strahlung ist f\u00fcr die Erbsubstanz unserer Hautzellen problematisch. Gelingt es den Zellen nicht mehr, UV-Sch\u00e4den selbst zu reparieren, k\u00f6nnen sie Hautkrebs verursachen.<\/p>\n<p><strong>Irrtum Nr. 3 &#8211; Kleidung sch\u00fctzt uns vor Sonne<\/strong><\/p>\n<p>Nur bedingt. Normale Kleidung l\u00e4sst auch UV-Strahlen durch. Am besten eignen sich dunkle Langarmshirts oder spezielle UV-Kleidung.<\/p>\n<p><strong>Irrtum Nr. 4 &#8211; Wer sich h\u00e4ufig eincremt, kann l\u00e4nger in der Sonne bleiben<\/strong><\/p>\n<p>Mit Sonnencreme verl\u00e4ngert man den Eigenschutz der Haut. Also die Zeit, bis ein Sonnenbrand entsteht. Nachcremen verl\u00e4ngert die Zeit nicht. Es ist aber wichtig, um den Schutz aufrechtzuerhalten, z. B. nach dem Kontakt mit Wasser.<\/p>\n<p><strong>Irrtum Nr. 5 &#8211; Im Schatten bekommt man keinen Sonnenbrand<\/strong><\/p>\n<p>Stimmt leider nicht. Wolken, Sonnenschirme oder B\u00e4ume filtern nur einen Teil der sch\u00e4dlichen UV-Strahlen.<\/p>\n<p><em>Quelle: BG ETEM<\/em><\/p>\n","protected":false},"excerpt":{"rendered":"<p>Bereits seit Anfang April ist die UV-Strahlung wieder so stark, dass ein Sonnenschutz erforderlich wird. Das gilt insbesondere f\u00fcr Menschen, die im Freien arbeiten. Darauf weist die Berufsgenossenschaft Energie \u00abTextil Elektro Medienerzeugnisse\u00bb (BG ETEM) hin. In ihrer Zeitschrift \u00abProfi\u00bb f\u00fchrt die Organisation f\u00fcnf weitverbreitete Irrt\u00fcmer im Zusammenhang mit dem Sonnenschutz auf. Irrtum Nr. 1 &#8211; [&hellip;]<\/p>\n","protected":false},"author":9,"featured_media":8984,"comment_status":"closed","ping_status":"closed","sticky":false,"template":"","format":"standard","meta":{"_acf_changed":false,"pgc_sgb_lightbox_settings":"","footnotes":""},"categories":[1,3314],"tags":[4538,2218,4539,2953,3156,3158],"class_list":["post-8977","post","type-post","status-publish","format-standard","has-post-thumbnail","hentry","category-allgemein","category-health-safety","tag-berufsgenossenschaft","tag-hautkrebs","tag-irrtuemer","tag-sonnenschutz","tag-uv-schutz","tag-uv-strahlung"],"acf":[],"hkrextid":null,"publication":null,"issue":null,"workflow":null,"startPage":null,"spitzmarke":null,"_posts_by_tag_page_fields":{"widget_title":"","widget_tags":""},"_at_widget":"1","_yoast_wpseo_primary_category":"1","_yoast_wpseo_focuskw_text_input":null,"_yoast_wpseo_opengraph-image":null,"_yoast_wpseo_opengraph-description":null,"_yoast_wpseo_opengraph-title":null,"enclosure":null,"_yoast_wpseo_twitter-title":null,"_yoast_wpseo_twitter-description":null,"_yoast_wpseo_twitter-image":null,"_wp_old_slug":null,"_yoast_wpseo_title":null,"_yoast_wpseo_canonical":null,"yoast_head":"<!-- This site is optimized with the Yoast SEO plugin v27.4 - https:\/\/yoast.com\/product\/yoast-seo-wordpress\/ -->\n<title>F\u00fcnf Mythen und Fakten zum Sonnenschutz - Save<\/title>\n<meta name=\"description\" content=\"Die Haut muss stets gut vor starker Sonnenstrahlung gesch\u00fctzt sein. Ein bisschen Sonnencr\u00e8me reicht daf\u00fcr oft nicht aus.\" \/>\n<meta name=\"robots\" content=\"index, follow, max-snippet:-1, max-image-preview:large, max-video-preview:-1\" \/>\n<link rel=\"canonical\" href=\"https:\/\/news.save.ch\/de\/fuenf-mythen-und-fakten-zu-sonnenschutz\/\" \/>\n<meta property=\"og:locale\" content=\"de_DE\" \/>\n<meta property=\"og:type\" content=\"article\" \/>\n<meta property=\"og:title\" content=\"F\u00fcnf Mythen und Fakten zum Sonnenschutz - Save\" \/>\n<meta property=\"og:description\" content=\"Die Haut muss stets gut vor starker Sonnenstrahlung gesch\u00fctzt sein. Ein bisschen Sonnencr\u00e8me reicht daf\u00fcr oft nicht aus.\" \/>\n<meta property=\"og:url\" content=\"https:\/\/news.save.ch\/de\/fuenf-mythen-und-fakten-zu-sonnenschutz\/\" \/>\n<meta property=\"og:site_name\" content=\"Save\" \/>\n<meta property=\"article:published_time\" content=\"2022-05-11T07:36:54+00:00\" \/>\n<meta property=\"article:modified_time\" content=\"2023-06-27T03:24:04+00:00\" \/>\n<meta property=\"og:image\" content=\"https:\/\/news.save.ch\/wp-content\/uploads\/2022\/05\/cream-gb8a6d43ab_640.jpg\" \/>\n\t<meta property=\"og:image:width\" content=\"640\" \/>\n\t<meta property=\"og:image:height\" content=\"426\" \/>\n\t<meta property=\"og:image:type\" content=\"image\/jpeg\" \/>\n<meta name=\"author\" content=\"Simon Gr\u00f6flin\" \/>\n<meta name=\"twitter:card\" content=\"summary_large_image\" \/>\n<meta name=\"twitter:label1\" content=\"Geschrieben von\" \/>\n\t<meta name=\"twitter:data1\" content=\"Simon Gr\u00f6flin\" \/>\n\t<meta name=\"twitter:label2\" content=\"Gesch\u00e4tzte Lesezeit\" \/>\n\t<meta name=\"twitter:data2\" content=\"2\u00a0Minuten\" \/>\n<script type=\"application\/ld+json\" class=\"yoast-schema-graph\">{\"@context\":\"https:\\\/\\\/schema.org\",\"@graph\":[{\"@type\":\"Article\",\"@id\":\"https:\\\/\\\/news.save.ch\\\/fuenf-mythen-und-fakten-zu-sonnenschutz\\\/#article\",\"isPartOf\":{\"@id\":\"https:\\\/\\\/news.save.ch\\\/fuenf-mythen-und-fakten-zu-sonnenschutz\\\/\"},\"author\":{\"name\":\"Simon Gr\u00f6flin\",\"@id\":\"https:\\\/\\\/news.save.ch\\\/de\\\/#\\\/schema\\\/person\\\/ad4ef21102fd6125312409ac57d5296d\"},\"headline\":\"F\u00fcnf Mythen und Fakten zum Sonnenschutz\",\"datePublished\":\"2022-05-11T07:36:54+00:00\",\"dateModified\":\"2023-06-27T03:24:04+00:00\",\"mainEntityOfPage\":{\"@id\":\"https:\\\/\\\/news.save.ch\\\/fuenf-mythen-und-fakten-zu-sonnenschutz\\\/\"},\"wordCount\":256,\"publisher\":{\"@id\":\"https:\\\/\\\/news.save.ch\\\/de\\\/#organization\"},\"image\":{\"@id\":\"https:\\\/\\\/news.save.ch\\\/fuenf-mythen-und-fakten-zu-sonnenschutz\\\/#primaryimage\"},\"thumbnailUrl\":\"https:\\\/\\\/news.save.ch\\\/wp-content\\\/uploads\\\/2022\\\/05\\\/cream-gb8a6d43ab_640.jpg\",\"keywords\":[\"Berufsgenossenschaft\",\"Hautkrebs\",\"Irrt\u00fcmer\",\"Sonnenschutz\",\"UV-Schutz\",\"UV-Strahlung\"],\"articleSection\":[\"ALLGEMEIN\",\"HEALTH &amp; SAFETY\"],\"inLanguage\":\"de\"},{\"@type\":\"WebPage\",\"@id\":\"https:\\\/\\\/news.save.ch\\\/fuenf-mythen-und-fakten-zu-sonnenschutz\\\/\",\"url\":\"https:\\\/\\\/news.save.ch\\\/fuenf-mythen-und-fakten-zu-sonnenschutz\\\/\",\"name\":\"F\u00fcnf Mythen und Fakten zum Sonnenschutz - Save\",\"isPartOf\":{\"@id\":\"https:\\\/\\\/news.save.ch\\\/de\\\/#website\"},\"primaryImageOfPage\":{\"@id\":\"https:\\\/\\\/news.save.ch\\\/fuenf-mythen-und-fakten-zu-sonnenschutz\\\/#primaryimage\"},\"image\":{\"@id\":\"https:\\\/\\\/news.save.ch\\\/fuenf-mythen-und-fakten-zu-sonnenschutz\\\/#primaryimage\"},\"thumbnailUrl\":\"https:\\\/\\\/news.save.ch\\\/wp-content\\\/uploads\\\/2022\\\/05\\\/cream-gb8a6d43ab_640.jpg\",\"datePublished\":\"2022-05-11T07:36:54+00:00\",\"dateModified\":\"2023-06-27T03:24:04+00:00\",\"description\":\"Die Haut muss stets gut vor starker Sonnenstrahlung gesch\u00fctzt sein. Ein bisschen Sonnencr\u00e8me reicht daf\u00fcr oft nicht aus.\",\"breadcrumb\":{\"@id\":\"https:\\\/\\\/news.save.ch\\\/fuenf-mythen-und-fakten-zu-sonnenschutz\\\/#breadcrumb\"},\"inLanguage\":\"de\",\"potentialAction\":[{\"@type\":\"ReadAction\",\"target\":[\"https:\\\/\\\/news.save.ch\\\/fuenf-mythen-und-fakten-zu-sonnenschutz\\\/\"]}]},{\"@type\":\"ImageObject\",\"inLanguage\":\"de\",\"@id\":\"https:\\\/\\\/news.save.ch\\\/fuenf-mythen-und-fakten-zu-sonnenschutz\\\/#primaryimage\",\"url\":\"https:\\\/\\\/news.save.ch\\\/wp-content\\\/uploads\\\/2022\\\/05\\\/cream-gb8a6d43ab_640.jpg\",\"contentUrl\":\"https:\\\/\\\/news.save.ch\\\/wp-content\\\/uploads\\\/2022\\\/05\\\/cream-gb8a6d43ab_640.jpg\",\"width\":640,\"height\":426,\"caption\":\"Haut, Sonnenstrahlung\"},{\"@type\":\"BreadcrumbList\",\"@id\":\"https:\\\/\\\/news.save.ch\\\/fuenf-mythen-und-fakten-zu-sonnenschutz\\\/#breadcrumb\",\"itemListElement\":[{\"@type\":\"ListItem\",\"position\":1,\"name\":\"Home\",\"item\":\"https:\\\/\\\/news.save.ch\\\/de\\\/\"},{\"@type\":\"ListItem\",\"position\":2,\"name\":\"F\u00fcnf Mythen und Fakten zum Sonnenschutz\"}]},{\"@type\":\"WebSite\",\"@id\":\"https:\\\/\\\/news.save.ch\\\/de\\\/#website\",\"url\":\"https:\\\/\\\/news.save.ch\\\/de\\\/\",\"name\":\"Save\",\"description\":\"Schweizer Fachzeitschrift f\u00fcr Sicherheit\",\"publisher\":{\"@id\":\"https:\\\/\\\/news.save.ch\\\/de\\\/#organization\"},\"potentialAction\":[{\"@type\":\"SearchAction\",\"target\":{\"@type\":\"EntryPoint\",\"urlTemplate\":\"https:\\\/\\\/news.save.ch\\\/de\\\/?s={search_term_string}\"},\"query-input\":{\"@type\":\"PropertyValueSpecification\",\"valueRequired\":true,\"valueName\":\"search_term_string\"}}],\"inLanguage\":\"de\"},{\"@type\":\"Organization\",\"@id\":\"https:\\\/\\\/news.save.ch\\\/de\\\/#organization\",\"name\":\"Sicherheitsforum\",\"url\":\"https:\\\/\\\/news.save.ch\\\/de\\\/\",\"logo\":{\"@type\":\"ImageObject\",\"inLanguage\":\"de\",\"@id\":\"https:\\\/\\\/news.save.ch\\\/de\\\/#\\\/schema\\\/logo\\\/image\\\/\",\"url\":\"https:\\\/\\\/news.save.ch\\\/wp-content\\\/uploads\\\/2022\\\/06\\\/Logo_SF_2012.png\",\"contentUrl\":\"https:\\\/\\\/news.save.ch\\\/wp-content\\\/uploads\\\/2022\\\/06\\\/Logo_SF_2012.png\",\"width\":1100,\"height\":91,\"caption\":\"Sicherheitsforum\"},\"image\":{\"@id\":\"https:\\\/\\\/news.save.ch\\\/de\\\/#\\\/schema\\\/logo\\\/image\\\/\"}},{\"@type\":\"Person\",\"@id\":\"https:\\\/\\\/news.save.ch\\\/de\\\/#\\\/schema\\\/person\\\/ad4ef21102fd6125312409ac57d5296d\",\"name\":\"Simon Gr\u00f6flin\",\"image\":{\"@type\":\"ImageObject\",\"inLanguage\":\"de\",\"@id\":\"https:\\\/\\\/secure.gravatar.com\\\/avatar\\\/6ddceb80eb734354635539e0ea5140bb7c41e42de7c45c9a2ab9921b5d5c9a83?s=96&d=mm&r=g\",\"url\":\"https:\\\/\\\/secure.gravatar.com\\\/avatar\\\/6ddceb80eb734354635539e0ea5140bb7c41e42de7c45c9a2ab9921b5d5c9a83?s=96&d=mm&r=g\",\"contentUrl\":\"https:\\\/\\\/secure.gravatar.com\\\/avatar\\\/6ddceb80eb734354635539e0ea5140bb7c41e42de7c45c9a2ab9921b5d5c9a83?s=96&d=mm&r=g\",\"caption\":\"Simon Gr\u00f6flin\"},\"url\":\"https:\\\/\\\/news.save.ch\\\/de\\\/author\\\/simon-groeflin\\\/\"}]}<\/script>\n<!-- \/ Yoast SEO plugin. -->","yoast_head_json":{"title":"F\u00fcnf Mythen und Fakten zum Sonnenschutz - Save","description":"Die Haut muss stets gut vor starker Sonnenstrahlung gesch\u00fctzt sein. Ein bisschen Sonnencr\u00e8me reicht daf\u00fcr oft nicht aus.","robots":{"index":"index","follow":"follow","max-snippet":"max-snippet:-1","max-image-preview":"max-image-preview:large","max-video-preview":"max-video-preview:-1"},"canonical":"https:\/\/news.save.ch\/de\/fuenf-mythen-und-fakten-zu-sonnenschutz\/","og_locale":"de_DE","og_type":"article","og_title":"F\u00fcnf Mythen und Fakten zum Sonnenschutz - Save","og_description":"Die Haut muss stets gut vor starker Sonnenstrahlung gesch\u00fctzt sein. Ein bisschen Sonnencr\u00e8me reicht daf\u00fcr oft nicht aus.","og_url":"https:\/\/news.save.ch\/de\/fuenf-mythen-und-fakten-zu-sonnenschutz\/","og_site_name":"Save","article_published_time":"2022-05-11T07:36:54+00:00","article_modified_time":"2023-06-27T03:24:04+00:00","og_image":[{"width":640,"height":426,"url":"https:\/\/news.save.ch\/wp-content\/uploads\/2022\/05\/cream-gb8a6d43ab_640.jpg","type":"image\/jpeg"}],"author":"Simon Gr\u00f6flin","twitter_card":"summary_large_image","twitter_misc":{"Geschrieben von":"Simon Gr\u00f6flin","Gesch\u00e4tzte Lesezeit":"2\u00a0Minuten"},"schema":{"@context":"https:\/\/schema.org","@graph":[{"@type":"Article","@id":"https:\/\/news.save.ch\/fuenf-mythen-und-fakten-zu-sonnenschutz\/#article","isPartOf":{"@id":"https:\/\/news.save.ch\/fuenf-mythen-und-fakten-zu-sonnenschutz\/"},"author":{"name":"Simon Gr\u00f6flin","@id":"https:\/\/news.save.ch\/de\/#\/schema\/person\/ad4ef21102fd6125312409ac57d5296d"},"headline":"F\u00fcnf Mythen und Fakten zum Sonnenschutz","datePublished":"2022-05-11T07:36:54+00:00","dateModified":"2023-06-27T03:24:04+00:00","mainEntityOfPage":{"@id":"https:\/\/news.save.ch\/fuenf-mythen-und-fakten-zu-sonnenschutz\/"},"wordCount":256,"publisher":{"@id":"https:\/\/news.save.ch\/de\/#organization"},"image":{"@id":"https:\/\/news.save.ch\/fuenf-mythen-und-fakten-zu-sonnenschutz\/#primaryimage"},"thumbnailUrl":"https:\/\/news.save.ch\/wp-content\/uploads\/2022\/05\/cream-gb8a6d43ab_640.jpg","keywords":["Berufsgenossenschaft","Hautkrebs","Irrt\u00fcmer","Sonnenschutz","UV-Schutz","UV-Strahlung"],"articleSection":["ALLGEMEIN","HEALTH &amp; SAFETY"],"inLanguage":"de"},{"@type":"WebPage","@id":"https:\/\/news.save.ch\/fuenf-mythen-und-fakten-zu-sonnenschutz\/","url":"https:\/\/news.save.ch\/fuenf-mythen-und-fakten-zu-sonnenschutz\/","name":"F\u00fcnf Mythen und Fakten zum Sonnenschutz - Save","isPartOf":{"@id":"https:\/\/news.save.ch\/de\/#website"},"primaryImageOfPage":{"@id":"https:\/\/news.save.ch\/fuenf-mythen-und-fakten-zu-sonnenschutz\/#primaryimage"},"image":{"@id":"https:\/\/news.save.ch\/fuenf-mythen-und-fakten-zu-sonnenschutz\/#primaryimage"},"thumbnailUrl":"https:\/\/news.save.ch\/wp-content\/uploads\/2022\/05\/cream-gb8a6d43ab_640.jpg","datePublished":"2022-05-11T07:36:54+00:00","dateModified":"2023-06-27T03:24:04+00:00","description":"Die Haut muss stets gut vor starker Sonnenstrahlung gesch\u00fctzt sein. Ein bisschen Sonnencr\u00e8me reicht daf\u00fcr oft nicht aus.","breadcrumb":{"@id":"https:\/\/news.save.ch\/fuenf-mythen-und-fakten-zu-sonnenschutz\/#breadcrumb"},"inLanguage":"de","potentialAction":[{"@type":"ReadAction","target":["https:\/\/news.save.ch\/fuenf-mythen-und-fakten-zu-sonnenschutz\/"]}]},{"@type":"ImageObject","inLanguage":"de","@id":"https:\/\/news.save.ch\/fuenf-mythen-und-fakten-zu-sonnenschutz\/#primaryimage","url":"https:\/\/news.save.ch\/wp-content\/uploads\/2022\/05\/cream-gb8a6d43ab_640.jpg","contentUrl":"https:\/\/news.save.ch\/wp-content\/uploads\/2022\/05\/cream-gb8a6d43ab_640.jpg","width":640,"height":426,"caption":"Haut, Sonnenstrahlung"},{"@type":"BreadcrumbList","@id":"https:\/\/news.save.ch\/fuenf-mythen-und-fakten-zu-sonnenschutz\/#breadcrumb","itemListElement":[{"@type":"ListItem","position":1,"name":"Home","item":"https:\/\/news.save.ch\/de\/"},{"@type":"ListItem","position":2,"name":"F\u00fcnf Mythen und Fakten zum Sonnenschutz"}]},{"@type":"WebSite","@id":"https:\/\/news.save.ch\/de\/#website","url":"https:\/\/news.save.ch\/de\/","name":"Save","description":"Schweizer Fachzeitschrift f\u00fcr Sicherheit","publisher":{"@id":"https:\/\/news.save.ch\/de\/#organization"},"potentialAction":[{"@type":"SearchAction","target":{"@type":"EntryPoint","urlTemplate":"https:\/\/news.save.ch\/de\/?s={search_term_string}"},"query-input":{"@type":"PropertyValueSpecification","valueRequired":true,"valueName":"search_term_string"}}],"inLanguage":"de"},{"@type":"Organization","@id":"https:\/\/news.save.ch\/de\/#organization","name":"Sicherheitsforum","url":"https:\/\/news.save.ch\/de\/","logo":{"@type":"ImageObject","inLanguage":"de","@id":"https:\/\/news.save.ch\/de\/#\/schema\/logo\/image\/","url":"https:\/\/news.save.ch\/wp-content\/uploads\/2022\/06\/Logo_SF_2012.png","contentUrl":"https:\/\/news.save.ch\/wp-content\/uploads\/2022\/06\/Logo_SF_2012.png","width":1100,"height":91,"caption":"Sicherheitsforum"},"image":{"@id":"https:\/\/news.save.ch\/de\/#\/schema\/logo\/image\/"}},{"@type":"Person","@id":"https:\/\/news.save.ch\/de\/#\/schema\/person\/ad4ef21102fd6125312409ac57d5296d","name":"Simon Gr\u00f6flin","image":{"@type":"ImageObject","inLanguage":"de","@id":"https:\/\/secure.gravatar.com\/avatar\/6ddceb80eb734354635539e0ea5140bb7c41e42de7c45c9a2ab9921b5d5c9a83?s=96&d=mm&r=g","url":"https:\/\/secure.gravatar.com\/avatar\/6ddceb80eb734354635539e0ea5140bb7c41e42de7c45c9a2ab9921b5d5c9a83?s=96&d=mm&r=g","contentUrl":"https:\/\/secure.gravatar.com\/avatar\/6ddceb80eb734354635539e0ea5140bb7c41e42de7c45c9a2ab9921b5d5c9a83?s=96&d=mm&r=g","caption":"Simon Gr\u00f6flin"},"url":"https:\/\/news.save.ch\/de\/author\/simon-groeflin\/"}]}},"_links":{"self":[{"href":"https:\/\/news.save.ch\/de\/wp-json\/wp\/v2\/posts\/8977","targetHints":{"allow":["GET"]}}],"collection":[{"href":"https:\/\/news.save.ch\/de\/wp-json\/wp\/v2\/posts"}],"about":[{"href":"https:\/\/news.save.ch\/de\/wp-json\/wp\/v2\/types\/post"}],"author":[{"embeddable":true,"href":"https:\/\/news.save.ch\/de\/wp-json\/wp\/v2\/users\/9"}],"replies":[{"embeddable":true,"href":"https:\/\/news.save.ch\/de\/wp-json\/wp\/v2\/comments?post=8977"}],"version-history":[{"count":4,"href":"https:\/\/news.save.ch\/de\/wp-json\/wp\/v2\/posts\/8977\/revisions"}],"predecessor-version":[{"id":20297,"href":"https:\/\/news.save.ch\/de\/wp-json\/wp\/v2\/posts\/8977\/revisions\/20297"}],"wp:featuredmedia":[{"embeddable":true,"href":"https:\/\/news.save.ch\/de\/wp-json\/wp\/v2\/media\/8984"}],"wp:attachment":[{"href":"https:\/\/news.save.ch\/de\/wp-json\/wp\/v2\/media?parent=8977"}],"wp:term":[{"taxonomy":"category","embeddable":true,"href":"https:\/\/news.save.ch\/de\/wp-json\/wp\/v2\/categories?post=8977"},{"taxonomy":"post_tag","embeddable":true,"href":"https:\/\/news.save.ch\/de\/wp-json\/wp\/v2\/tags?post=8977"}],"curies":[{"name":"wp","href":"https:\/\/api.w.org\/{rel}","templated":true}]}}