{"id":9131,"date":"2019-12-03T13:14:23","date_gmt":"2019-12-03T12:14:23","guid":{"rendered":"https:\/\/news.save.ch\/?p=9131"},"modified":"2019-12-03T13:14:23","modified_gmt":"2019-12-03T12:14:23","slug":"peter-gardo-staerkt-den-bereich-spielplatzsicherheit-im-swiss-safety-center","status":null,"type":"post","link":"https:\/\/news.save.ch\/de\/peter-gardo-staerkt-den-bereich-spielplatzsicherheit-im-swiss-safety-center\/","title":{"rendered":"Peter Gardo st\u00e4rkt den Bereich Spielplatzsicherheit im Swiss Safety Center"},"content":{"rendered":"<figure id=\"attachment_9132\" aria-describedby=\"caption-attachment-9132\" style=\"width: 680px\" class=\"wp-caption aligncenter\"><img loading=\"lazy\" decoding=\"async\" class=\"size-medium wp-image-9132\" src=\"https:\/\/news.save.ch\/wp-content\/uploads\/2019\/12\/Peter-Gardo-HR_bearbeitet-1.jpg\" alt=\"\" width=\"680\" height=\"830\" \/><figcaption id=\"caption-attachment-9132\" class=\"wp-caption-text\">Peter Gardo<\/figcaption><\/figure>\n<p>&nbsp;<\/p>\n<p>Peter Gardo, ein ausgewiesener Kenner der Spielplatzbranche, startete per 1. November 2019 seine T\u00e4tigkeit im Swiss Safety Center. Mit seinem Know-how und seinem Team unterst\u00fctzt er Erbauer, Betreiber und Besitzer von Spielpl\u00e4tzen \u2013 z.B. Landschaftsarchitekten und -g\u00e4rtner, Gemeinden, Immobilienverwaltungen, Tourismus- und Gastronomiebetriebe \u2013 bei der Einhaltung der geforderten Sicherheitsnormen (z.B. EN 1176 und EN 1177) bei Neuanlagen oder bestehenden Anlagen, wie das Unternehmen schreibt. \u00abDie grosse Kunst dabei ist, beim Fokus auf die Sicherheit den Blick auf den Wert der Anlagen zu bewahren. Ein Spielplatz ohne Spassfaktor macht keinen Sinn, weder f\u00fcr Betreiber noch Nutzer\u00bb, so Gardo.<\/p>\n<p>Der neue Mann bringt Know-how aus seiner vormaligen T\u00e4tigkeit beim weltgr\u00f6ssten Spielger\u00e4tehersteller mit. Als langj\u00e4hriger Verkaufsprofi und Key-Account-Manager in verschiedenen Branchen sei er sich gewohnt, auch komplexe Sicherheitsanspr\u00fcche und Kundenbed\u00fcrfnisse in Einklang zu bringen, schreibt der neue Arbeitgeber.<\/p>\n<p>Das Gesch\u00e4ftsfeld \u00abSicherheit in der Freizeit\u00bb der Swiss Safety Center AG f\u00fchrt sicherheitstechnische Inspektionen von Freizeitanlagen aller Art durch. Das Dienstleistungsspektrum umfasst:<\/p>\n<ul>\n<li>Unterst\u00fctzung bei der Planung von Neuanlagen<\/li>\n<li>Bescheinigung der Konformit\u00e4t nach SN EN 1176<\/li>\n<li>Basisinspektion von neuen und bestehenden Anlagen<\/li>\n<li>J\u00e4hrliche Hauptinspektion von bestehenden Anlagen<\/li>\n<li>Gefahrenanalyse und Risikobewertung<\/li>\n<li>Festlegung zwingender Reparatur- oder Korrekturmassnahmen und Bewertung der Restrisiken bei bestehenden Anlagen<\/li>\n<li>Hilfestellung f\u00fcr die Ausarbeitung des Inspektions- und Wartungskonzeptes<\/li>\n<li>HIC Messung (Fallschutzmessung) nach SN EN 1177:2018<\/li>\n<li>Bescheinigung der Konformit\u00e4t nach SN EN 16630 f\u00fcr standortgebundene Fitnessger\u00e4te im Aussenbereich<\/li>\n<\/ul>\n<p><em>F\u00fcr weitere Infos: <a href=\"https:\/\/www.safetycenter.ch\/spielplaetze\">www.safetycenter.ch\/spielplaetze<\/a><\/em><\/p>\n<p>&nbsp;<\/p>\n<p>&nbsp;<\/p>\n<p>&nbsp;<\/p>\n<p>&nbsp;<\/p>\n","protected":false},"excerpt":{"rendered":"<p>&nbsp; Peter Gardo, ein ausgewiesener Kenner der Spielplatzbranche, startete per 1. November 2019 seine T\u00e4tigkeit im Swiss Safety Center. Mit seinem Know-how und seinem Team unterst\u00fctzt er Erbauer, Betreiber und Besitzer von Spielpl\u00e4tzen \u2013 z.B. Landschaftsarchitekten und -g\u00e4rtner, Gemeinden, Immobilienverwaltungen, Tourismus- und Gastronomiebetriebe \u2013 bei der Einhaltung der geforderten Sicherheitsnormen (z.B. EN 1176 und EN [&hellip;]<\/p>\n","protected":false},"author":8,"featured_media":9132,"comment_status":"closed","ping_status":"closed","sticky":false,"template":"","format":"standard","meta":{"_acf_changed":false,"pgc_sgb_lightbox_settings":"","footnotes":""},"categories":[1],"tags":[590,591,65],"class_list":["post-9131","post","type-post","status-publish","format-standard","has-post-thumbnail","hentry","category-allgemein","tag-freizeit","tag-spielplatzsicherheit","tag-unternehmen"],"acf":[],"hkrextid":null,"publication":null,"issue":null,"workflow":null,"startPage":null,"spitzmarke":null,"_posts_by_tag_page_fields":{"widget_title":"","widget_tags":""},"_at_widget":"1","_yoast_wpseo_primary_category":"1","_yoast_wpseo_focuskw_text_input":"Spielplatzsicherheit","_yoast_wpseo_opengraph-image":null,"_yoast_wpseo_opengraph-description":null,"_yoast_wpseo_opengraph-title":null,"enclosure":null,"_yoast_wpseo_twitter-title":null,"_yoast_wpseo_twitter-description":null,"_yoast_wpseo_twitter-image":null,"_wp_old_slug":null,"_yoast_wpseo_title":null,"_yoast_wpseo_canonical":null,"yoast_head":"<!-- This site is optimized with the Yoast SEO plugin v27.5 - https:\/\/yoast.com\/product\/yoast-seo-wordpress\/ -->\n<title>Peter Gardo st\u00e4rkt den Bereich Spielplatzsicherheit im Swiss Safety Center - Save<\/title>\n<meta name=\"robots\" content=\"index, follow, max-snippet:-1, max-image-preview:large, max-video-preview:-1\" \/>\n<link rel=\"canonical\" href=\"https:\/\/news.save.ch\/de\/peter-gardo-staerkt-den-bereich-spielplatzsicherheit-im-swiss-safety-center\/\" \/>\n<meta property=\"og:locale\" content=\"de_DE\" \/>\n<meta property=\"og:type\" content=\"article\" \/>\n<meta property=\"og:title\" content=\"Peter Gardo st\u00e4rkt den Bereich Spielplatzsicherheit im Swiss Safety Center - Save\" \/>\n<meta property=\"og:description\" content=\"&nbsp; Peter Gardo, ein ausgewiesener Kenner der Spielplatzbranche, startete per 1. November 2019 seine T\u00e4tigkeit im Swiss Safety Center. Mit seinem Know-how und seinem Team unterst\u00fctzt er Erbauer, Betreiber und Besitzer von Spielpl\u00e4tzen \u2013 z.B. Landschaftsarchitekten und -g\u00e4rtner, Gemeinden, Immobilienverwaltungen, Tourismus- und Gastronomiebetriebe \u2013 bei der Einhaltung der geforderten Sicherheitsnormen (z.B. EN 1176 und EN [&hellip;]\" \/>\n<meta property=\"og:url\" content=\"https:\/\/news.save.ch\/de\/peter-gardo-staerkt-den-bereich-spielplatzsicherheit-im-swiss-safety-center\/\" \/>\n<meta property=\"og:site_name\" content=\"Save\" \/>\n<meta property=\"article:published_time\" content=\"2019-12-03T12:14:23+00:00\" \/>\n<meta property=\"og:image\" content=\"https:\/\/news.save.ch\/wp-content\/uploads\/2019\/12\/Peter-Gardo-HR_bearbeitet-1-scaled.jpg\" \/>\n\t<meta property=\"og:image:width\" content=\"1147\" \/>\n\t<meta property=\"og:image:height\" content=\"1400\" \/>\n\t<meta property=\"og:image:type\" content=\"image\/jpeg\" \/>\n<meta name=\"author\" content=\"Roger Str\u00e4ssle\" \/>\n<meta name=\"twitter:card\" content=\"summary_large_image\" \/>\n<meta name=\"twitter:label1\" content=\"Geschrieben von\" \/>\n\t<meta name=\"twitter:data1\" content=\"Roger Str\u00e4ssle\" \/>\n\t<meta name=\"twitter:label2\" content=\"Gesch\u00e4tzte Lesezeit\" \/>\n\t<meta name=\"twitter:data2\" content=\"1\u00a0Minute\" \/>\n<script type=\"application\/ld+json\" class=\"yoast-schema-graph\">{\"@context\":\"https:\\\/\\\/schema.org\",\"@graph\":[{\"@type\":\"Article\",\"@id\":\"https:\\\/\\\/news.save.ch\\\/peter-gardo-staerkt-den-bereich-spielplatzsicherheit-im-swiss-safety-center\\\/#article\",\"isPartOf\":{\"@id\":\"https:\\\/\\\/news.save.ch\\\/peter-gardo-staerkt-den-bereich-spielplatzsicherheit-im-swiss-safety-center\\\/\"},\"author\":{\"name\":\"Roger Str\u00e4ssle\",\"@id\":\"https:\\\/\\\/news.save.ch\\\/de\\\/#\\\/schema\\\/person\\\/d5022db048e0e2b9785c50e5b24da5aa\"},\"headline\":\"Peter Gardo st\u00e4rkt den Bereich Spielplatzsicherheit im Swiss Safety Center\",\"datePublished\":\"2019-12-03T12:14:23+00:00\",\"mainEntityOfPage\":{\"@id\":\"https:\\\/\\\/news.save.ch\\\/peter-gardo-staerkt-den-bereich-spielplatzsicherheit-im-swiss-safety-center\\\/\"},\"wordCount\":269,\"publisher\":{\"@id\":\"https:\\\/\\\/news.save.ch\\\/de\\\/#organization\"},\"image\":{\"@id\":\"https:\\\/\\\/news.save.ch\\\/peter-gardo-staerkt-den-bereich-spielplatzsicherheit-im-swiss-safety-center\\\/#primaryimage\"},\"thumbnailUrl\":\"https:\\\/\\\/news.save.ch\\\/wp-content\\\/uploads\\\/2019\\\/12\\\/Peter-Gardo-HR_bearbeitet-1-scaled.jpg\",\"keywords\":[\"Freizeit\",\"Spielplatzsicherheit\",\"Unternehmen\"],\"articleSection\":[\"ALLGEMEIN\"],\"inLanguage\":\"de\"},{\"@type\":\"WebPage\",\"@id\":\"https:\\\/\\\/news.save.ch\\\/peter-gardo-staerkt-den-bereich-spielplatzsicherheit-im-swiss-safety-center\\\/\",\"url\":\"https:\\\/\\\/news.save.ch\\\/peter-gardo-staerkt-den-bereich-spielplatzsicherheit-im-swiss-safety-center\\\/\",\"name\":\"Peter Gardo st\u00e4rkt den Bereich Spielplatzsicherheit im Swiss Safety Center - Save\",\"isPartOf\":{\"@id\":\"https:\\\/\\\/news.save.ch\\\/de\\\/#website\"},\"primaryImageOfPage\":{\"@id\":\"https:\\\/\\\/news.save.ch\\\/peter-gardo-staerkt-den-bereich-spielplatzsicherheit-im-swiss-safety-center\\\/#primaryimage\"},\"image\":{\"@id\":\"https:\\\/\\\/news.save.ch\\\/peter-gardo-staerkt-den-bereich-spielplatzsicherheit-im-swiss-safety-center\\\/#primaryimage\"},\"thumbnailUrl\":\"https:\\\/\\\/news.save.ch\\\/wp-content\\\/uploads\\\/2019\\\/12\\\/Peter-Gardo-HR_bearbeitet-1-scaled.jpg\",\"datePublished\":\"2019-12-03T12:14:23+00:00\",\"breadcrumb\":{\"@id\":\"https:\\\/\\\/news.save.ch\\\/peter-gardo-staerkt-den-bereich-spielplatzsicherheit-im-swiss-safety-center\\\/#breadcrumb\"},\"inLanguage\":\"de\",\"potentialAction\":[{\"@type\":\"ReadAction\",\"target\":[\"https:\\\/\\\/news.save.ch\\\/peter-gardo-staerkt-den-bereich-spielplatzsicherheit-im-swiss-safety-center\\\/\"]}]},{\"@type\":\"ImageObject\",\"inLanguage\":\"de\",\"@id\":\"https:\\\/\\\/news.save.ch\\\/peter-gardo-staerkt-den-bereich-spielplatzsicherheit-im-swiss-safety-center\\\/#primaryimage\",\"url\":\"https:\\\/\\\/news.save.ch\\\/wp-content\\\/uploads\\\/2019\\\/12\\\/Peter-Gardo-HR_bearbeitet-1-scaled.jpg\",\"contentUrl\":\"https:\\\/\\\/news.save.ch\\\/wp-content\\\/uploads\\\/2019\\\/12\\\/Peter-Gardo-HR_bearbeitet-1-scaled.jpg\",\"width\":1147,\"height\":1400,\"caption\":\"Peter Gardo\"},{\"@type\":\"BreadcrumbList\",\"@id\":\"https:\\\/\\\/news.save.ch\\\/peter-gardo-staerkt-den-bereich-spielplatzsicherheit-im-swiss-safety-center\\\/#breadcrumb\",\"itemListElement\":[{\"@type\":\"ListItem\",\"position\":1,\"name\":\"Home\",\"item\":\"https:\\\/\\\/news.save.ch\\\/de\\\/\"},{\"@type\":\"ListItem\",\"position\":2,\"name\":\"Peter Gardo st\u00e4rkt den Bereich Spielplatzsicherheit im Swiss Safety Center\"}]},{\"@type\":\"WebSite\",\"@id\":\"https:\\\/\\\/news.save.ch\\\/de\\\/#website\",\"url\":\"https:\\\/\\\/news.save.ch\\\/de\\\/\",\"name\":\"Save\",\"description\":\"Schweizer Fachzeitschrift f\u00fcr Sicherheit\",\"publisher\":{\"@id\":\"https:\\\/\\\/news.save.ch\\\/de\\\/#organization\"},\"potentialAction\":[{\"@type\":\"SearchAction\",\"target\":{\"@type\":\"EntryPoint\",\"urlTemplate\":\"https:\\\/\\\/news.save.ch\\\/de\\\/?s={search_term_string}\"},\"query-input\":{\"@type\":\"PropertyValueSpecification\",\"valueRequired\":true,\"valueName\":\"search_term_string\"}}],\"inLanguage\":\"de\"},{\"@type\":\"Organization\",\"@id\":\"https:\\\/\\\/news.save.ch\\\/de\\\/#organization\",\"name\":\"Sicherheitsforum\",\"url\":\"https:\\\/\\\/news.save.ch\\\/de\\\/\",\"logo\":{\"@type\":\"ImageObject\",\"inLanguage\":\"de\",\"@id\":\"https:\\\/\\\/news.save.ch\\\/de\\\/#\\\/schema\\\/logo\\\/image\\\/\",\"url\":\"https:\\\/\\\/news.save.ch\\\/wp-content\\\/uploads\\\/2022\\\/06\\\/Logo_SF_2012.png\",\"contentUrl\":\"https:\\\/\\\/news.save.ch\\\/wp-content\\\/uploads\\\/2022\\\/06\\\/Logo_SF_2012.png\",\"width\":1100,\"height\":91,\"caption\":\"Sicherheitsforum\"},\"image\":{\"@id\":\"https:\\\/\\\/news.save.ch\\\/de\\\/#\\\/schema\\\/logo\\\/image\\\/\"}},{\"@type\":\"Person\",\"@id\":\"https:\\\/\\\/news.save.ch\\\/de\\\/#\\\/schema\\\/person\\\/d5022db048e0e2b9785c50e5b24da5aa\",\"name\":\"Roger Str\u00e4ssle\",\"image\":{\"@type\":\"ImageObject\",\"inLanguage\":\"de\",\"@id\":\"https:\\\/\\\/secure.gravatar.com\\\/avatar\\\/862a5569d087de48e5856e32f45d719a03804c891d6deb8d4f71a660e79e4a47?s=96&d=mm&r=g\",\"url\":\"https:\\\/\\\/secure.gravatar.com\\\/avatar\\\/862a5569d087de48e5856e32f45d719a03804c891d6deb8d4f71a660e79e4a47?s=96&d=mm&r=g\",\"contentUrl\":\"https:\\\/\\\/secure.gravatar.com\\\/avatar\\\/862a5569d087de48e5856e32f45d719a03804c891d6deb8d4f71a660e79e4a47?s=96&d=mm&r=g\",\"caption\":\"Roger Str\u00e4ssle\"},\"url\":\"https:\\\/\\\/news.save.ch\\\/de\\\/author\\\/roger-straessle\\\/\"}]}<\/script>\n<!-- \/ Yoast SEO plugin. -->","yoast_head_json":{"title":"Peter Gardo st\u00e4rkt den Bereich Spielplatzsicherheit im Swiss Safety Center - Save","robots":{"index":"index","follow":"follow","max-snippet":"max-snippet:-1","max-image-preview":"max-image-preview:large","max-video-preview":"max-video-preview:-1"},"canonical":"https:\/\/news.save.ch\/de\/peter-gardo-staerkt-den-bereich-spielplatzsicherheit-im-swiss-safety-center\/","og_locale":"de_DE","og_type":"article","og_title":"Peter Gardo st\u00e4rkt den Bereich Spielplatzsicherheit im Swiss Safety Center - Save","og_description":"&nbsp; Peter Gardo, ein ausgewiesener Kenner der Spielplatzbranche, startete per 1. November 2019 seine T\u00e4tigkeit im Swiss Safety Center. Mit seinem Know-how und seinem Team unterst\u00fctzt er Erbauer, Betreiber und Besitzer von Spielpl\u00e4tzen \u2013 z.B. Landschaftsarchitekten und -g\u00e4rtner, Gemeinden, Immobilienverwaltungen, Tourismus- und Gastronomiebetriebe \u2013 bei der Einhaltung der geforderten Sicherheitsnormen (z.B. EN 1176 und EN [&hellip;]","og_url":"https:\/\/news.save.ch\/de\/peter-gardo-staerkt-den-bereich-spielplatzsicherheit-im-swiss-safety-center\/","og_site_name":"Save","article_published_time":"2019-12-03T12:14:23+00:00","og_image":[{"width":1147,"height":1400,"url":"https:\/\/news.save.ch\/wp-content\/uploads\/2019\/12\/Peter-Gardo-HR_bearbeitet-1-scaled.jpg","type":"image\/jpeg"}],"author":"Roger Str\u00e4ssle","twitter_card":"summary_large_image","twitter_misc":{"Geschrieben von":"Roger Str\u00e4ssle","Gesch\u00e4tzte Lesezeit":"1\u00a0Minute"},"schema":{"@context":"https:\/\/schema.org","@graph":[{"@type":"Article","@id":"https:\/\/news.save.ch\/peter-gardo-staerkt-den-bereich-spielplatzsicherheit-im-swiss-safety-center\/#article","isPartOf":{"@id":"https:\/\/news.save.ch\/peter-gardo-staerkt-den-bereich-spielplatzsicherheit-im-swiss-safety-center\/"},"author":{"name":"Roger Str\u00e4ssle","@id":"https:\/\/news.save.ch\/de\/#\/schema\/person\/d5022db048e0e2b9785c50e5b24da5aa"},"headline":"Peter Gardo st\u00e4rkt den Bereich Spielplatzsicherheit im Swiss Safety Center","datePublished":"2019-12-03T12:14:23+00:00","mainEntityOfPage":{"@id":"https:\/\/news.save.ch\/peter-gardo-staerkt-den-bereich-spielplatzsicherheit-im-swiss-safety-center\/"},"wordCount":269,"publisher":{"@id":"https:\/\/news.save.ch\/de\/#organization"},"image":{"@id":"https:\/\/news.save.ch\/peter-gardo-staerkt-den-bereich-spielplatzsicherheit-im-swiss-safety-center\/#primaryimage"},"thumbnailUrl":"https:\/\/news.save.ch\/wp-content\/uploads\/2019\/12\/Peter-Gardo-HR_bearbeitet-1-scaled.jpg","keywords":["Freizeit","Spielplatzsicherheit","Unternehmen"],"articleSection":["ALLGEMEIN"],"inLanguage":"de"},{"@type":"WebPage","@id":"https:\/\/news.save.ch\/peter-gardo-staerkt-den-bereich-spielplatzsicherheit-im-swiss-safety-center\/","url":"https:\/\/news.save.ch\/peter-gardo-staerkt-den-bereich-spielplatzsicherheit-im-swiss-safety-center\/","name":"Peter Gardo st\u00e4rkt den Bereich Spielplatzsicherheit im Swiss Safety Center - Save","isPartOf":{"@id":"https:\/\/news.save.ch\/de\/#website"},"primaryImageOfPage":{"@id":"https:\/\/news.save.ch\/peter-gardo-staerkt-den-bereich-spielplatzsicherheit-im-swiss-safety-center\/#primaryimage"},"image":{"@id":"https:\/\/news.save.ch\/peter-gardo-staerkt-den-bereich-spielplatzsicherheit-im-swiss-safety-center\/#primaryimage"},"thumbnailUrl":"https:\/\/news.save.ch\/wp-content\/uploads\/2019\/12\/Peter-Gardo-HR_bearbeitet-1-scaled.jpg","datePublished":"2019-12-03T12:14:23+00:00","breadcrumb":{"@id":"https:\/\/news.save.ch\/peter-gardo-staerkt-den-bereich-spielplatzsicherheit-im-swiss-safety-center\/#breadcrumb"},"inLanguage":"de","potentialAction":[{"@type":"ReadAction","target":["https:\/\/news.save.ch\/peter-gardo-staerkt-den-bereich-spielplatzsicherheit-im-swiss-safety-center\/"]}]},{"@type":"ImageObject","inLanguage":"de","@id":"https:\/\/news.save.ch\/peter-gardo-staerkt-den-bereich-spielplatzsicherheit-im-swiss-safety-center\/#primaryimage","url":"https:\/\/news.save.ch\/wp-content\/uploads\/2019\/12\/Peter-Gardo-HR_bearbeitet-1-scaled.jpg","contentUrl":"https:\/\/news.save.ch\/wp-content\/uploads\/2019\/12\/Peter-Gardo-HR_bearbeitet-1-scaled.jpg","width":1147,"height":1400,"caption":"Peter Gardo"},{"@type":"BreadcrumbList","@id":"https:\/\/news.save.ch\/peter-gardo-staerkt-den-bereich-spielplatzsicherheit-im-swiss-safety-center\/#breadcrumb","itemListElement":[{"@type":"ListItem","position":1,"name":"Home","item":"https:\/\/news.save.ch\/de\/"},{"@type":"ListItem","position":2,"name":"Peter Gardo st\u00e4rkt den Bereich Spielplatzsicherheit im Swiss Safety Center"}]},{"@type":"WebSite","@id":"https:\/\/news.save.ch\/de\/#website","url":"https:\/\/news.save.ch\/de\/","name":"Save","description":"Schweizer Fachzeitschrift f\u00fcr Sicherheit","publisher":{"@id":"https:\/\/news.save.ch\/de\/#organization"},"potentialAction":[{"@type":"SearchAction","target":{"@type":"EntryPoint","urlTemplate":"https:\/\/news.save.ch\/de\/?s={search_term_string}"},"query-input":{"@type":"PropertyValueSpecification","valueRequired":true,"valueName":"search_term_string"}}],"inLanguage":"de"},{"@type":"Organization","@id":"https:\/\/news.save.ch\/de\/#organization","name":"Sicherheitsforum","url":"https:\/\/news.save.ch\/de\/","logo":{"@type":"ImageObject","inLanguage":"de","@id":"https:\/\/news.save.ch\/de\/#\/schema\/logo\/image\/","url":"https:\/\/news.save.ch\/wp-content\/uploads\/2022\/06\/Logo_SF_2012.png","contentUrl":"https:\/\/news.save.ch\/wp-content\/uploads\/2022\/06\/Logo_SF_2012.png","width":1100,"height":91,"caption":"Sicherheitsforum"},"image":{"@id":"https:\/\/news.save.ch\/de\/#\/schema\/logo\/image\/"}},{"@type":"Person","@id":"https:\/\/news.save.ch\/de\/#\/schema\/person\/d5022db048e0e2b9785c50e5b24da5aa","name":"Roger Str\u00e4ssle","image":{"@type":"ImageObject","inLanguage":"de","@id":"https:\/\/secure.gravatar.com\/avatar\/862a5569d087de48e5856e32f45d719a03804c891d6deb8d4f71a660e79e4a47?s=96&d=mm&r=g","url":"https:\/\/secure.gravatar.com\/avatar\/862a5569d087de48e5856e32f45d719a03804c891d6deb8d4f71a660e79e4a47?s=96&d=mm&r=g","contentUrl":"https:\/\/secure.gravatar.com\/avatar\/862a5569d087de48e5856e32f45d719a03804c891d6deb8d4f71a660e79e4a47?s=96&d=mm&r=g","caption":"Roger Str\u00e4ssle"},"url":"https:\/\/news.save.ch\/de\/author\/roger-straessle\/"}]}},"_links":{"self":[{"href":"https:\/\/news.save.ch\/de\/wp-json\/wp\/v2\/posts\/9131","targetHints":{"allow":["GET"]}}],"collection":[{"href":"https:\/\/news.save.ch\/de\/wp-json\/wp\/v2\/posts"}],"about":[{"href":"https:\/\/news.save.ch\/de\/wp-json\/wp\/v2\/types\/post"}],"author":[{"embeddable":true,"href":"https:\/\/news.save.ch\/de\/wp-json\/wp\/v2\/users\/8"}],"replies":[{"embeddable":true,"href":"https:\/\/news.save.ch\/de\/wp-json\/wp\/v2\/comments?post=9131"}],"version-history":[{"count":0,"href":"https:\/\/news.save.ch\/de\/wp-json\/wp\/v2\/posts\/9131\/revisions"}],"wp:featuredmedia":[{"embeddable":true,"href":"https:\/\/news.save.ch\/de\/wp-json\/wp\/v2\/media\/9132"}],"wp:attachment":[{"href":"https:\/\/news.save.ch\/de\/wp-json\/wp\/v2\/media?parent=9131"}],"wp:term":[{"taxonomy":"category","embeddable":true,"href":"https:\/\/news.save.ch\/de\/wp-json\/wp\/v2\/categories?post=9131"},{"taxonomy":"post_tag","embeddable":true,"href":"https:\/\/news.save.ch\/de\/wp-json\/wp\/v2\/tags?post=9131"}],"curies":[{"name":"wp","href":"https:\/\/api.w.org\/{rel}","templated":true}]}}