{"id":9164,"date":"2022-06-16T08:15:10","date_gmt":"2022-06-16T06:15:10","guid":{"rendered":"https:\/\/news.save.ch\/?p=9164"},"modified":"2023-06-27T07:05:56","modified_gmt":"2023-06-27T05:05:56","slug":"neuer-leiter-militaerversicherung-bei-der-suva","status":null,"type":"post","link":"https:\/\/news.save.ch\/de\/neuer-leiter-militaerversicherung-bei-der-suva\/","title":{"rendered":"Neuer Leiter Milit\u00e4rversicherung bei der Suva"},"content":{"rendered":"<figure id=\"attachment_9168\" aria-describedby=\"caption-attachment-9168\" style=\"width: 680px\" class=\"wp-caption alignnone\"><img loading=\"lazy\" decoding=\"async\" class=\"wp-image-9168 size-medium\" src=\"https:\/\/news.save.ch\/wp-content\/uploads\/2022\/06\/Neuer-Leiter-Militarversicherung_Martin-Rufenacht-1.jpg\" alt=\"Milit\u00e4rversicherung\" width=\"680\" height=\"491\" \/><figcaption id=\"caption-attachment-9168\" class=\"wp-caption-text\">Bild: Suva<\/figcaption><\/figure>\n<p>Die Suva hat einen neuen Leiter bei der Milit\u00e4rversicherung: Martin R\u00fcfenacht besetzt seine Stelle im Herbst 2022. Der 43-J\u00e4hrige vermochte die Findungskommission des Suva-Ratsausschusses aufgrund eines \u00abumfassenden und langj\u00e4hrigen Leistungsausweises\u00bb f\u00fcr die Position zu \u00fcberzeugen.<\/p>\n<p>R\u00fcfenacht studierte Rechtswissenschaften an der Universit\u00e4t Z\u00fcrich und absolvierte einen Master in Health Administration an der Universit\u00e4t in Bern und h\u00e4lt eine Auszeichnung als \u00abCertified Strategy Professional\u00bb der Universit\u00e4t St. Gallen (HSG) inne. Aufgewachsen ist der 43-j\u00e4hrige Vater dreier Kinder im aargauischen Freiamt.<\/p>\n<p>Mit Martin R\u00fcfenacht habe man einen kompetenten Juristen und eine erfahrene F\u00fchrungsperson mit fundierten Kenntnissen im Prozess- und Tarifwesen gewonnen, wie die Suva in einer Mitteilung schreibt. R\u00fcfenacht verf\u00fcge \u00fcber einen grossen Leistungsausweis mit hoher Sozialkompetenz, wird Daniel Roscher, Mitglied der Gesch\u00e4ftsleitung der Suva und Pr\u00e4sident der Medizinaltarif-Kommission UVG zitiert.<\/p>\n<p>R\u00fcfenacht folgt auf Stefan A. Dettwiler, der sich entschieden habe, die Suva nach langj\u00e4hriger Dienstt\u00e4tigkeit zu verlassen.<\/p>\n<p><em>Quelle: Suva<\/em><\/p>\n","protected":false},"excerpt":{"rendered":"<p>Die Suva hat einen neuen Leiter bei der Milit\u00e4rversicherung: Martin R\u00fcfenacht besetzt seine Stelle im Herbst 2022. Der 43-J\u00e4hrige vermochte die Findungskommission des Suva-Ratsausschusses aufgrund eines \u00abumfassenden und langj\u00e4hrigen Leistungsausweises\u00bb f\u00fcr die Position zu \u00fcberzeugen. R\u00fcfenacht studierte Rechtswissenschaften an der Universit\u00e4t Z\u00fcrich und absolvierte einen Master in Health Administration an der Universit\u00e4t in Bern und [&hellip;]<\/p>\n","protected":false},"author":9,"featured_media":16534,"comment_status":"closed","ping_status":"closed","sticky":false,"template":"","format":"standard","meta":{"_acf_changed":false,"pgc_sgb_lightbox_settings":"","footnotes":""},"categories":[1],"tags":[4434,4433,4432,2543,167],"class_list":["post-9164","post","type-post","status-publish","format-standard","has-post-thumbnail","hentry","category-allgemein","tag-herbst-2022","tag-jurist","tag-martin-ruefenacht","tag-militaerversicherung","tag-suva"],"acf":[],"hkrextid":null,"publication":null,"issue":null,"workflow":null,"startPage":null,"spitzmarke":null,"_posts_by_tag_page_fields":{"widget_title":"","widget_tags":""},"_at_widget":"1","_yoast_wpseo_primary_category":"","_yoast_wpseo_focuskw_text_input":null,"_yoast_wpseo_opengraph-image":null,"_yoast_wpseo_opengraph-description":null,"_yoast_wpseo_opengraph-title":null,"enclosure":null,"_yoast_wpseo_twitter-title":null,"_yoast_wpseo_twitter-description":null,"_yoast_wpseo_twitter-image":null,"_wp_old_slug":null,"_yoast_wpseo_title":null,"_yoast_wpseo_canonical":null,"yoast_head":"<!-- This site is optimized with the Yoast SEO plugin v27.5 - https:\/\/yoast.com\/product\/yoast-seo-wordpress\/ -->\n<title>Neuer Leiter Milit\u00e4rversicherung bei der Suva - Save<\/title>\n<meta name=\"description\" content=\"Die Suva hat an ihrer Sitzung vom 14. Juni 2022 Martin R\u00fcfenacht zum neuen Leiter der Milit\u00e4rversicherung gew\u00e4hlt. Der 43-j\u00e4hrige Jurist wird voraussichtlich seine neue Position im Herbst 2022 antreten.\" \/>\n<meta name=\"robots\" content=\"index, follow, max-snippet:-1, max-image-preview:large, max-video-preview:-1\" \/>\n<link rel=\"canonical\" href=\"https:\/\/news.save.ch\/de\/neuer-leiter-militaerversicherung-bei-der-suva\/\" \/>\n<meta property=\"og:locale\" content=\"de_DE\" \/>\n<meta property=\"og:type\" content=\"article\" \/>\n<meta property=\"og:title\" content=\"Neuer Leiter Milit\u00e4rversicherung bei der Suva - Save\" \/>\n<meta property=\"og:description\" content=\"Die Suva hat an ihrer Sitzung vom 14. Juni 2022 Martin R\u00fcfenacht zum neuen Leiter der Milit\u00e4rversicherung gew\u00e4hlt. Der 43-j\u00e4hrige Jurist wird voraussichtlich seine neue Position im Herbst 2022 antreten.\" \/>\n<meta property=\"og:url\" content=\"https:\/\/news.save.ch\/de\/neuer-leiter-militaerversicherung-bei-der-suva\/\" \/>\n<meta property=\"og:site_name\" content=\"Save\" \/>\n<meta property=\"article:published_time\" content=\"2022-06-16T06:15:10+00:00\" \/>\n<meta property=\"article:modified_time\" content=\"2023-06-27T05:05:56+00:00\" \/>\n<meta property=\"og:image\" content=\"https:\/\/news.save.ch\/wp-content\/uploads\/2022\/06\/Neuer-Leiter-Militarversicherung_Martin-Rufenacht-1.jpg\" \/>\n\t<meta property=\"og:image:width\" content=\"1200\" \/>\n\t<meta property=\"og:image:height\" content=\"866\" \/>\n\t<meta property=\"og:image:type\" content=\"image\/jpeg\" \/>\n<meta name=\"author\" content=\"Simon Gr\u00f6flin\" \/>\n<meta name=\"twitter:card\" content=\"summary_large_image\" \/>\n<meta name=\"twitter:label1\" content=\"Geschrieben von\" \/>\n\t<meta name=\"twitter:data1\" content=\"Simon Gr\u00f6flin\" \/>\n\t<meta name=\"twitter:label2\" content=\"Gesch\u00e4tzte Lesezeit\" \/>\n\t<meta name=\"twitter:data2\" content=\"2\u00a0Minuten\" \/>\n<script type=\"application\/ld+json\" class=\"yoast-schema-graph\">{\"@context\":\"https:\\\/\\\/schema.org\",\"@graph\":[{\"@type\":\"Article\",\"@id\":\"https:\\\/\\\/news.save.ch\\\/neuer-leiter-militaerversicherung-bei-der-suva\\\/#article\",\"isPartOf\":{\"@id\":\"https:\\\/\\\/news.save.ch\\\/neuer-leiter-militaerversicherung-bei-der-suva\\\/\"},\"author\":{\"name\":\"Simon Gr\u00f6flin\",\"@id\":\"https:\\\/\\\/news.save.ch\\\/de\\\/#\\\/schema\\\/person\\\/ad4ef21102fd6125312409ac57d5296d\"},\"headline\":\"Neuer Leiter Milit\u00e4rversicherung bei der Suva\",\"datePublished\":\"2022-06-16T06:15:10+00:00\",\"dateModified\":\"2023-06-27T05:05:56+00:00\",\"mainEntityOfPage\":{\"@id\":\"https:\\\/\\\/news.save.ch\\\/neuer-leiter-militaerversicherung-bei-der-suva\\\/\"},\"wordCount\":183,\"publisher\":{\"@id\":\"https:\\\/\\\/news.save.ch\\\/de\\\/#organization\"},\"image\":{\"@id\":\"https:\\\/\\\/news.save.ch\\\/neuer-leiter-militaerversicherung-bei-der-suva\\\/#primaryimage\"},\"thumbnailUrl\":\"https:\\\/\\\/news.save.ch\\\/wp-content\\\/uploads\\\/2022\\\/06\\\/Neuer-Leiter-Militarversicherung_Martin-Rufenacht-1.jpg\",\"keywords\":[\"Herbst 2022\",\"Jurist\",\"Martin R\u00fcfenacht\",\"Milit\u00e4rversicherung\",\"SUVA\"],\"articleSection\":[\"ALLGEMEIN\"],\"inLanguage\":\"de\"},{\"@type\":\"WebPage\",\"@id\":\"https:\\\/\\\/news.save.ch\\\/neuer-leiter-militaerversicherung-bei-der-suva\\\/\",\"url\":\"https:\\\/\\\/news.save.ch\\\/neuer-leiter-militaerversicherung-bei-der-suva\\\/\",\"name\":\"Neuer Leiter Milit\u00e4rversicherung bei der Suva - Save\",\"isPartOf\":{\"@id\":\"https:\\\/\\\/news.save.ch\\\/de\\\/#website\"},\"primaryImageOfPage\":{\"@id\":\"https:\\\/\\\/news.save.ch\\\/neuer-leiter-militaerversicherung-bei-der-suva\\\/#primaryimage\"},\"image\":{\"@id\":\"https:\\\/\\\/news.save.ch\\\/neuer-leiter-militaerversicherung-bei-der-suva\\\/#primaryimage\"},\"thumbnailUrl\":\"https:\\\/\\\/news.save.ch\\\/wp-content\\\/uploads\\\/2022\\\/06\\\/Neuer-Leiter-Militarversicherung_Martin-Rufenacht-1.jpg\",\"datePublished\":\"2022-06-16T06:15:10+00:00\",\"dateModified\":\"2023-06-27T05:05:56+00:00\",\"description\":\"Die Suva hat an ihrer Sitzung vom 14. Juni 2022 Martin R\u00fcfenacht zum neuen Leiter der Milit\u00e4rversicherung gew\u00e4hlt. Der 43-j\u00e4hrige Jurist wird voraussichtlich seine neue Position im Herbst 2022 antreten.\",\"breadcrumb\":{\"@id\":\"https:\\\/\\\/news.save.ch\\\/neuer-leiter-militaerversicherung-bei-der-suva\\\/#breadcrumb\"},\"inLanguage\":\"de\",\"potentialAction\":[{\"@type\":\"ReadAction\",\"target\":[\"https:\\\/\\\/news.save.ch\\\/neuer-leiter-militaerversicherung-bei-der-suva\\\/\"]}]},{\"@type\":\"ImageObject\",\"inLanguage\":\"de\",\"@id\":\"https:\\\/\\\/news.save.ch\\\/neuer-leiter-militaerversicherung-bei-der-suva\\\/#primaryimage\",\"url\":\"https:\\\/\\\/news.save.ch\\\/wp-content\\\/uploads\\\/2022\\\/06\\\/Neuer-Leiter-Militarversicherung_Martin-Rufenacht-1.jpg\",\"contentUrl\":\"https:\\\/\\\/news.save.ch\\\/wp-content\\\/uploads\\\/2022\\\/06\\\/Neuer-Leiter-Militarversicherung_Martin-Rufenacht-1.jpg\",\"width\":1200,\"height\":866,\"caption\":\"Martin R\u00fcfenacht, Milit\u00e4rversicherung\"},{\"@type\":\"BreadcrumbList\",\"@id\":\"https:\\\/\\\/news.save.ch\\\/neuer-leiter-militaerversicherung-bei-der-suva\\\/#breadcrumb\",\"itemListElement\":[{\"@type\":\"ListItem\",\"position\":1,\"name\":\"Home\",\"item\":\"https:\\\/\\\/news.save.ch\\\/de\\\/\"},{\"@type\":\"ListItem\",\"position\":2,\"name\":\"Neuer Leiter Milit\u00e4rversicherung bei der Suva\"}]},{\"@type\":\"WebSite\",\"@id\":\"https:\\\/\\\/news.save.ch\\\/de\\\/#website\",\"url\":\"https:\\\/\\\/news.save.ch\\\/de\\\/\",\"name\":\"Save\",\"description\":\"Schweizer Fachzeitschrift f\u00fcr Sicherheit\",\"publisher\":{\"@id\":\"https:\\\/\\\/news.save.ch\\\/de\\\/#organization\"},\"potentialAction\":[{\"@type\":\"SearchAction\",\"target\":{\"@type\":\"EntryPoint\",\"urlTemplate\":\"https:\\\/\\\/news.save.ch\\\/de\\\/?s={search_term_string}\"},\"query-input\":{\"@type\":\"PropertyValueSpecification\",\"valueRequired\":true,\"valueName\":\"search_term_string\"}}],\"inLanguage\":\"de\"},{\"@type\":\"Organization\",\"@id\":\"https:\\\/\\\/news.save.ch\\\/de\\\/#organization\",\"name\":\"Sicherheitsforum\",\"url\":\"https:\\\/\\\/news.save.ch\\\/de\\\/\",\"logo\":{\"@type\":\"ImageObject\",\"inLanguage\":\"de\",\"@id\":\"https:\\\/\\\/news.save.ch\\\/de\\\/#\\\/schema\\\/logo\\\/image\\\/\",\"url\":\"https:\\\/\\\/news.save.ch\\\/wp-content\\\/uploads\\\/2022\\\/06\\\/Logo_SF_2012.png\",\"contentUrl\":\"https:\\\/\\\/news.save.ch\\\/wp-content\\\/uploads\\\/2022\\\/06\\\/Logo_SF_2012.png\",\"width\":1100,\"height\":91,\"caption\":\"Sicherheitsforum\"},\"image\":{\"@id\":\"https:\\\/\\\/news.save.ch\\\/de\\\/#\\\/schema\\\/logo\\\/image\\\/\"}},{\"@type\":\"Person\",\"@id\":\"https:\\\/\\\/news.save.ch\\\/de\\\/#\\\/schema\\\/person\\\/ad4ef21102fd6125312409ac57d5296d\",\"name\":\"Simon Gr\u00f6flin\",\"image\":{\"@type\":\"ImageObject\",\"inLanguage\":\"de\",\"@id\":\"https:\\\/\\\/secure.gravatar.com\\\/avatar\\\/6ddceb80eb734354635539e0ea5140bb7c41e42de7c45c9a2ab9921b5d5c9a83?s=96&d=mm&r=g\",\"url\":\"https:\\\/\\\/secure.gravatar.com\\\/avatar\\\/6ddceb80eb734354635539e0ea5140bb7c41e42de7c45c9a2ab9921b5d5c9a83?s=96&d=mm&r=g\",\"contentUrl\":\"https:\\\/\\\/secure.gravatar.com\\\/avatar\\\/6ddceb80eb734354635539e0ea5140bb7c41e42de7c45c9a2ab9921b5d5c9a83?s=96&d=mm&r=g\",\"caption\":\"Simon Gr\u00f6flin\"},\"url\":\"https:\\\/\\\/news.save.ch\\\/de\\\/author\\\/simon-groeflin\\\/\"}]}<\/script>\n<!-- \/ Yoast SEO plugin. -->","yoast_head_json":{"title":"Neuer Leiter Milit\u00e4rversicherung bei der Suva - Save","description":"Die Suva hat an ihrer Sitzung vom 14. Juni 2022 Martin R\u00fcfenacht zum neuen Leiter der Milit\u00e4rversicherung gew\u00e4hlt. Der 43-j\u00e4hrige Jurist wird voraussichtlich seine neue Position im Herbst 2022 antreten.","robots":{"index":"index","follow":"follow","max-snippet":"max-snippet:-1","max-image-preview":"max-image-preview:large","max-video-preview":"max-video-preview:-1"},"canonical":"https:\/\/news.save.ch\/de\/neuer-leiter-militaerversicherung-bei-der-suva\/","og_locale":"de_DE","og_type":"article","og_title":"Neuer Leiter Milit\u00e4rversicherung bei der Suva - Save","og_description":"Die Suva hat an ihrer Sitzung vom 14. Juni 2022 Martin R\u00fcfenacht zum neuen Leiter der Milit\u00e4rversicherung gew\u00e4hlt. Der 43-j\u00e4hrige Jurist wird voraussichtlich seine neue Position im Herbst 2022 antreten.","og_url":"https:\/\/news.save.ch\/de\/neuer-leiter-militaerversicherung-bei-der-suva\/","og_site_name":"Save","article_published_time":"2022-06-16T06:15:10+00:00","article_modified_time":"2023-06-27T05:05:56+00:00","og_image":[{"width":1200,"height":866,"url":"https:\/\/news.save.ch\/wp-content\/uploads\/2022\/06\/Neuer-Leiter-Militarversicherung_Martin-Rufenacht-1.jpg","type":"image\/jpeg"}],"author":"Simon Gr\u00f6flin","twitter_card":"summary_large_image","twitter_misc":{"Geschrieben von":"Simon Gr\u00f6flin","Gesch\u00e4tzte Lesezeit":"2\u00a0Minuten"},"schema":{"@context":"https:\/\/schema.org","@graph":[{"@type":"Article","@id":"https:\/\/news.save.ch\/neuer-leiter-militaerversicherung-bei-der-suva\/#article","isPartOf":{"@id":"https:\/\/news.save.ch\/neuer-leiter-militaerversicherung-bei-der-suva\/"},"author":{"name":"Simon Gr\u00f6flin","@id":"https:\/\/news.save.ch\/de\/#\/schema\/person\/ad4ef21102fd6125312409ac57d5296d"},"headline":"Neuer Leiter Milit\u00e4rversicherung bei der Suva","datePublished":"2022-06-16T06:15:10+00:00","dateModified":"2023-06-27T05:05:56+00:00","mainEntityOfPage":{"@id":"https:\/\/news.save.ch\/neuer-leiter-militaerversicherung-bei-der-suva\/"},"wordCount":183,"publisher":{"@id":"https:\/\/news.save.ch\/de\/#organization"},"image":{"@id":"https:\/\/news.save.ch\/neuer-leiter-militaerversicherung-bei-der-suva\/#primaryimage"},"thumbnailUrl":"https:\/\/news.save.ch\/wp-content\/uploads\/2022\/06\/Neuer-Leiter-Militarversicherung_Martin-Rufenacht-1.jpg","keywords":["Herbst 2022","Jurist","Martin R\u00fcfenacht","Milit\u00e4rversicherung","SUVA"],"articleSection":["ALLGEMEIN"],"inLanguage":"de"},{"@type":"WebPage","@id":"https:\/\/news.save.ch\/neuer-leiter-militaerversicherung-bei-der-suva\/","url":"https:\/\/news.save.ch\/neuer-leiter-militaerversicherung-bei-der-suva\/","name":"Neuer Leiter Milit\u00e4rversicherung bei der Suva - Save","isPartOf":{"@id":"https:\/\/news.save.ch\/de\/#website"},"primaryImageOfPage":{"@id":"https:\/\/news.save.ch\/neuer-leiter-militaerversicherung-bei-der-suva\/#primaryimage"},"image":{"@id":"https:\/\/news.save.ch\/neuer-leiter-militaerversicherung-bei-der-suva\/#primaryimage"},"thumbnailUrl":"https:\/\/news.save.ch\/wp-content\/uploads\/2022\/06\/Neuer-Leiter-Militarversicherung_Martin-Rufenacht-1.jpg","datePublished":"2022-06-16T06:15:10+00:00","dateModified":"2023-06-27T05:05:56+00:00","description":"Die Suva hat an ihrer Sitzung vom 14. Juni 2022 Martin R\u00fcfenacht zum neuen Leiter der Milit\u00e4rversicherung gew\u00e4hlt. Der 43-j\u00e4hrige Jurist wird voraussichtlich seine neue Position im Herbst 2022 antreten.","breadcrumb":{"@id":"https:\/\/news.save.ch\/neuer-leiter-militaerversicherung-bei-der-suva\/#breadcrumb"},"inLanguage":"de","potentialAction":[{"@type":"ReadAction","target":["https:\/\/news.save.ch\/neuer-leiter-militaerversicherung-bei-der-suva\/"]}]},{"@type":"ImageObject","inLanguage":"de","@id":"https:\/\/news.save.ch\/neuer-leiter-militaerversicherung-bei-der-suva\/#primaryimage","url":"https:\/\/news.save.ch\/wp-content\/uploads\/2022\/06\/Neuer-Leiter-Militarversicherung_Martin-Rufenacht-1.jpg","contentUrl":"https:\/\/news.save.ch\/wp-content\/uploads\/2022\/06\/Neuer-Leiter-Militarversicherung_Martin-Rufenacht-1.jpg","width":1200,"height":866,"caption":"Martin R\u00fcfenacht, Milit\u00e4rversicherung"},{"@type":"BreadcrumbList","@id":"https:\/\/news.save.ch\/neuer-leiter-militaerversicherung-bei-der-suva\/#breadcrumb","itemListElement":[{"@type":"ListItem","position":1,"name":"Home","item":"https:\/\/news.save.ch\/de\/"},{"@type":"ListItem","position":2,"name":"Neuer Leiter Milit\u00e4rversicherung bei der Suva"}]},{"@type":"WebSite","@id":"https:\/\/news.save.ch\/de\/#website","url":"https:\/\/news.save.ch\/de\/","name":"Save","description":"Schweizer Fachzeitschrift f\u00fcr Sicherheit","publisher":{"@id":"https:\/\/news.save.ch\/de\/#organization"},"potentialAction":[{"@type":"SearchAction","target":{"@type":"EntryPoint","urlTemplate":"https:\/\/news.save.ch\/de\/?s={search_term_string}"},"query-input":{"@type":"PropertyValueSpecification","valueRequired":true,"valueName":"search_term_string"}}],"inLanguage":"de"},{"@type":"Organization","@id":"https:\/\/news.save.ch\/de\/#organization","name":"Sicherheitsforum","url":"https:\/\/news.save.ch\/de\/","logo":{"@type":"ImageObject","inLanguage":"de","@id":"https:\/\/news.save.ch\/de\/#\/schema\/logo\/image\/","url":"https:\/\/news.save.ch\/wp-content\/uploads\/2022\/06\/Logo_SF_2012.png","contentUrl":"https:\/\/news.save.ch\/wp-content\/uploads\/2022\/06\/Logo_SF_2012.png","width":1100,"height":91,"caption":"Sicherheitsforum"},"image":{"@id":"https:\/\/news.save.ch\/de\/#\/schema\/logo\/image\/"}},{"@type":"Person","@id":"https:\/\/news.save.ch\/de\/#\/schema\/person\/ad4ef21102fd6125312409ac57d5296d","name":"Simon Gr\u00f6flin","image":{"@type":"ImageObject","inLanguage":"de","@id":"https:\/\/secure.gravatar.com\/avatar\/6ddceb80eb734354635539e0ea5140bb7c41e42de7c45c9a2ab9921b5d5c9a83?s=96&d=mm&r=g","url":"https:\/\/secure.gravatar.com\/avatar\/6ddceb80eb734354635539e0ea5140bb7c41e42de7c45c9a2ab9921b5d5c9a83?s=96&d=mm&r=g","contentUrl":"https:\/\/secure.gravatar.com\/avatar\/6ddceb80eb734354635539e0ea5140bb7c41e42de7c45c9a2ab9921b5d5c9a83?s=96&d=mm&r=g","caption":"Simon Gr\u00f6flin"},"url":"https:\/\/news.save.ch\/de\/author\/simon-groeflin\/"}]}},"_links":{"self":[{"href":"https:\/\/news.save.ch\/de\/wp-json\/wp\/v2\/posts\/9164","targetHints":{"allow":["GET"]}}],"collection":[{"href":"https:\/\/news.save.ch\/de\/wp-json\/wp\/v2\/posts"}],"about":[{"href":"https:\/\/news.save.ch\/de\/wp-json\/wp\/v2\/types\/post"}],"author":[{"embeddable":true,"href":"https:\/\/news.save.ch\/de\/wp-json\/wp\/v2\/users\/9"}],"replies":[{"embeddable":true,"href":"https:\/\/news.save.ch\/de\/wp-json\/wp\/v2\/comments?post=9164"}],"version-history":[{"count":2,"href":"https:\/\/news.save.ch\/de\/wp-json\/wp\/v2\/posts\/9164\/revisions"}],"predecessor-version":[{"id":20352,"href":"https:\/\/news.save.ch\/de\/wp-json\/wp\/v2\/posts\/9164\/revisions\/20352"}],"wp:featuredmedia":[{"embeddable":true,"href":"https:\/\/news.save.ch\/de\/wp-json\/wp\/v2\/media\/16534"}],"wp:attachment":[{"href":"https:\/\/news.save.ch\/de\/wp-json\/wp\/v2\/media?parent=9164"}],"wp:term":[{"taxonomy":"category","embeddable":true,"href":"https:\/\/news.save.ch\/de\/wp-json\/wp\/v2\/categories?post=9164"},{"taxonomy":"post_tag","embeddable":true,"href":"https:\/\/news.save.ch\/de\/wp-json\/wp\/v2\/tags?post=9164"}],"curies":[{"name":"wp","href":"https:\/\/api.w.org\/{rel}","templated":true}]}}