{"id":9168,"date":"2019-12-08T06:33:49","date_gmt":"2019-12-08T05:33:49","guid":{"rendered":"https:\/\/news.save.ch\/?p=9168"},"modified":"2019-12-08T06:33:49","modified_gmt":"2019-12-08T05:33:49","slug":"bund-neue-strategie-zur-kriminalitaetsbekaempfung","status":null,"type":"post","link":"https:\/\/news.save.ch\/de\/bund-neue-strategie-zur-kriminalitaetsbekaempfung\/","title":{"rendered":"Neue Strategie zur Kriminalit\u00e4tsbek\u00e4mpfung"},"content":{"rendered":"<figure id=\"attachment_9169\" aria-describedby=\"caption-attachment-9169\" style=\"width: 680px\" class=\"wp-caption aligncenter\"><img loading=\"lazy\" decoding=\"async\" class=\"wp-image-9169 size-medium\" src=\"https:\/\/news.save.ch\/wp-content\/uploads\/2019\/12\/Depositphotos_143912185_s-2019.jpg\" alt=\"Kriminalit\u00e4tsbek\u00e4mpfung\" width=\"680\" height=\"356\" srcset=\"https:\/\/news.save.ch\/wp-content\/uploads\/2019\/12\/Depositphotos_143912185_s-2019.jpg 1000w, https:\/\/news.save.ch\/wp-content\/uploads\/2019\/12\/Depositphotos_143912185_s-2019-375x196.jpg 375w\" sizes=\"auto, (max-width: 680px) 100vw, 680px\" \/><figcaption id=\"caption-attachment-9169\" class=\"wp-caption-text\">depositphotos, Wavebreakmedia<\/figcaption><\/figure>\n<p>&nbsp;<\/p>\n<p>Kriminalit\u00e4t ist ein Abbild der Gesellschaft: vernetzt, mobil, global. Kriminelle kennen keine Grenzen. Sie nutzen moderne Technologien und agieren vernetzt. Das stellt die Polizei vor immer neue Herausforderungen. Die Antwort darauf muss global und multidimensional sein und stets auf der Kooperation und dem Informationsaustausch beruhen. Die <a href=\"https:\/\/www.ejpd.admin.ch\/dam\/data\/fedpol\/aktuell\/news\/2019\/2019-12-06\/kriminalstrategie-d.pdf\">Strategie<\/a> des Bundes st\u00fctzt sich auf die drei S\u00e4ulen Pr\u00e4vention, Repression und Kooperation und orientiert sich an drei Leits\u00e4tzen:<\/p>\n<ul>\n<li>Zun\u00e4chst geht es um analysebasierte Polizeiarbeit (<em>intelligence-led policing<\/em>): Dieser Leitsatz legt den Fokus auf die zielgerichtete Triage, Auswertung und Analyse von Informationen. Es soll erreicht werden, dass die richtigen Informationen zeitgerecht zu den richtigen Stellen gelangen und weiterbearbeitet werden k\u00f6nnen.<\/li>\n<li>Weiter sollen private und nicht-polizeiliche Partner (Unternehmen, NGO, Universit\u00e4ten etc.) verst\u00e4rkt einbezogen werden: So k\u00f6nnen Synergien genutzt und die Wirkung von Massnahmen verst\u00e4rkt werden (<em>public-private partnership<\/em>). Ein Beispiel daf\u00fcr ist die Zusammenarbeit mit dem Finanzsektor zur Bek\u00e4mpfung von Geldw\u00e4scherei, wo Banken aus Gr\u00fcnden der Reputation ebenfalls ein Interesse an Pr\u00e4vention haben.<\/li>\n<li>Letztlich geht es darum, vermehrt den Finanzstr\u00f6men zu folgen (<em>follow the money<\/em>): F\u00fchrt die Spur von kriminell erworbenen Geldern bis hin zu den T\u00e4tern, k\u00f6nnen ihre Netzwerke zerschlagen werden. Gerade f\u00fcr die Schweiz als einem der wichtigsten Finanzpl\u00e4tze der Welt ist dieser Leitsatz von zentraler Bedeutung.<\/li>\n<\/ul>\n<p>Die priorit\u00e4ren Deliktfelder wurden aufgrund der Bedrohungslage in der Schweiz festgelegt. Die Terrorbedrohung ist nach wie vor erh\u00f6ht. Nebst dem dschihadistisch motivierten Terrorismus besteht auch die Gefahr eines terroristischen Anschlags aus dem gewaltextremistischen Milieu. Die j\u00fcngst in Europa und auf der ganzen Welt ver\u00fcbten Anschl\u00e4ge, etwa in Christchurch, sind Beispiele daf\u00fcr. Organisierte Kriminalit\u00e4t ist das zweite priorit\u00e4re Deliktfeld. Die italienische Mafia beispielsweise hat eine grosse Pr\u00e4senz in der Schweiz. Von ihr geht eine erhebliche Gefahr aus. Schliesslich bildet die transnationale Kriminalit\u00e4t, die in die Kompetenz der kantonalen Strafverfolgungsbeh\u00f6rden f\u00e4llt, einen weiteren Schwerpunkt. Fedpol stellt hier die Koordination und Unterst\u00fctzung f\u00fcr die Kantone sicher. Ziel ist es, den Kampf gegen die international organisierte Kriminalit\u00e4t wie den Drogenhandel, den Menschenhandel oder Verm\u00f6gensdelikte, die mit digitalen Mitteln begangen werden, zu verst\u00e4rken.<\/p>\n<p>Mit der Strategie zur Kriminalit\u00e4tsbek\u00e4mpfung 2020-2023 legt das EJPD die Priorit\u00e4ten der polizeilichen Ermittlungen auf Bundesebene fest, also insbesondere von Fedpol als Bundespolizei. Die Strategie steht im Einklang mit jener der Bundesanwaltschaft (BA), f\u00fcr die fedpol in F\u00e4llen ermittelt, die in Bundeskompetenz fallen. Sie ist auch mit der Konferenz der kantonalen Polizeikommandanten (<a href=\"https:\/\/www.kkpks.ch\/\">KKPKS<\/a>) und mit den Partnern auf Bundesebene konsolidiert.<\/p>\n<p><em>Pressemeldung Bundesrat \/ EJPD<\/em><\/p>\n","protected":false},"excerpt":{"rendered":"<p>&nbsp; Kriminalit\u00e4t ist ein Abbild der Gesellschaft: vernetzt, mobil, global. Kriminelle kennen keine Grenzen. Sie nutzen moderne Technologien und agieren vernetzt. Das stellt die Polizei vor immer neue Herausforderungen. Die Antwort darauf muss global und multidimensional sein und stets auf der Kooperation und dem Informationsaustausch beruhen. Die Strategie des Bundes st\u00fctzt sich auf die drei [&hellip;]<\/p>\n","protected":false},"author":8,"featured_media":9169,"comment_status":"closed","ping_status":"closed","sticky":false,"template":"","format":"standard","meta":{"_acf_changed":false,"pgc_sgb_lightbox_settings":"","footnotes":""},"categories":[1],"tags":[121,239,593,43],"class_list":["post-9168","post","type-post","status-publish","format-standard","has-post-thumbnail","hentry","category-allgemein","tag-geldwaescherei","tag-kkpks","tag-kriminalitaetsbekaempfung","tag-terrorismus"],"acf":[],"hkrextid":null,"publication":null,"issue":null,"workflow":null,"startPage":null,"spitzmarke":null,"_posts_by_tag_page_fields":{"widget_title":"","widget_tags":""},"_at_widget":"1","_yoast_wpseo_primary_category":"1","_yoast_wpseo_focuskw_text_input":"Kriminalit\u00e4tsbek\u00e4mpfung","_yoast_wpseo_opengraph-image":null,"_yoast_wpseo_opengraph-description":null,"_yoast_wpseo_opengraph-title":null,"enclosure":null,"_yoast_wpseo_twitter-title":null,"_yoast_wpseo_twitter-description":null,"_yoast_wpseo_twitter-image":null,"_wp_old_slug":null,"_yoast_wpseo_title":null,"_yoast_wpseo_canonical":null,"yoast_head":"<!-- This site is optimized with the Yoast SEO plugin v27.4 - https:\/\/yoast.com\/product\/yoast-seo-wordpress\/ -->\n<title>Neue Strategie zur Kriminalit\u00e4tsbek\u00e4mpfung - Save<\/title>\n<meta name=\"description\" content=\"Das Eidgen\u00f6ssische Justiz- und Polizeidepartement (EJPD) plant eine neue Kriminalit\u00e4tsbek\u00e4mpfungs-Strategie (2020 bis 2023).\" \/>\n<meta name=\"robots\" content=\"index, follow, max-snippet:-1, max-image-preview:large, max-video-preview:-1\" \/>\n<link rel=\"canonical\" href=\"https:\/\/news.save.ch\/de\/bund-neue-strategie-zur-kriminalitaetsbekaempfung\/\" \/>\n<meta property=\"og:locale\" content=\"de_DE\" \/>\n<meta property=\"og:type\" content=\"article\" \/>\n<meta property=\"og:title\" content=\"Neue Strategie zur Kriminalit\u00e4tsbek\u00e4mpfung - Save\" \/>\n<meta property=\"og:description\" content=\"Das Eidgen\u00f6ssische Justiz- und Polizeidepartement (EJPD) plant eine neue Kriminalit\u00e4tsbek\u00e4mpfungs-Strategie (2020 bis 2023).\" \/>\n<meta property=\"og:url\" content=\"https:\/\/news.save.ch\/de\/bund-neue-strategie-zur-kriminalitaetsbekaempfung\/\" \/>\n<meta property=\"og:site_name\" content=\"Save\" \/>\n<meta property=\"article:published_time\" content=\"2019-12-08T05:33:49+00:00\" \/>\n<meta property=\"og:image\" content=\"https:\/\/news.save.ch\/wp-content\/uploads\/2019\/12\/Depositphotos_143912185_s-2019.jpg\" \/>\n\t<meta property=\"og:image:width\" content=\"1000\" \/>\n\t<meta property=\"og:image:height\" content=\"523\" \/>\n\t<meta property=\"og:image:type\" content=\"image\/jpeg\" \/>\n<meta name=\"author\" content=\"Roger Str\u00e4ssle\" \/>\n<meta name=\"twitter:card\" content=\"summary_large_image\" \/>\n<meta name=\"twitter:label1\" content=\"Geschrieben von\" \/>\n\t<meta name=\"twitter:data1\" content=\"Roger Str\u00e4ssle\" \/>\n\t<meta name=\"twitter:label2\" content=\"Gesch\u00e4tzte Lesezeit\" \/>\n\t<meta name=\"twitter:data2\" content=\"2\u00a0Minuten\" \/>\n<script type=\"application\/ld+json\" class=\"yoast-schema-graph\">{\"@context\":\"https:\\\/\\\/schema.org\",\"@graph\":[{\"@type\":\"Article\",\"@id\":\"https:\\\/\\\/news.save.ch\\\/bund-neue-strategie-zur-kriminalitaetsbekaempfung\\\/#article\",\"isPartOf\":{\"@id\":\"https:\\\/\\\/news.save.ch\\\/bund-neue-strategie-zur-kriminalitaetsbekaempfung\\\/\"},\"author\":{\"name\":\"Roger Str\u00e4ssle\",\"@id\":\"https:\\\/\\\/news.save.ch\\\/de\\\/#\\\/schema\\\/person\\\/d5022db048e0e2b9785c50e5b24da5aa\"},\"headline\":\"Neue Strategie zur Kriminalit\u00e4tsbek\u00e4mpfung\",\"datePublished\":\"2019-12-08T05:33:49+00:00\",\"mainEntityOfPage\":{\"@id\":\"https:\\\/\\\/news.save.ch\\\/bund-neue-strategie-zur-kriminalitaetsbekaempfung\\\/\"},\"wordCount\":453,\"publisher\":{\"@id\":\"https:\\\/\\\/news.save.ch\\\/de\\\/#organization\"},\"image\":{\"@id\":\"https:\\\/\\\/news.save.ch\\\/bund-neue-strategie-zur-kriminalitaetsbekaempfung\\\/#primaryimage\"},\"thumbnailUrl\":\"https:\\\/\\\/news.save.ch\\\/wp-content\\\/uploads\\\/2019\\\/12\\\/Depositphotos_143912185_s-2019.jpg\",\"keywords\":[\"Geldw\u00e4scherei\",\"KKPKS\",\"Kriminalit\u00e4tsbek\u00e4mpfung\",\"Terrorismus\"],\"articleSection\":[\"ALLGEMEIN\"],\"inLanguage\":\"de\"},{\"@type\":\"WebPage\",\"@id\":\"https:\\\/\\\/news.save.ch\\\/bund-neue-strategie-zur-kriminalitaetsbekaempfung\\\/\",\"url\":\"https:\\\/\\\/news.save.ch\\\/bund-neue-strategie-zur-kriminalitaetsbekaempfung\\\/\",\"name\":\"Neue Strategie zur Kriminalit\u00e4tsbek\u00e4mpfung - Save\",\"isPartOf\":{\"@id\":\"https:\\\/\\\/news.save.ch\\\/de\\\/#website\"},\"primaryImageOfPage\":{\"@id\":\"https:\\\/\\\/news.save.ch\\\/bund-neue-strategie-zur-kriminalitaetsbekaempfung\\\/#primaryimage\"},\"image\":{\"@id\":\"https:\\\/\\\/news.save.ch\\\/bund-neue-strategie-zur-kriminalitaetsbekaempfung\\\/#primaryimage\"},\"thumbnailUrl\":\"https:\\\/\\\/news.save.ch\\\/wp-content\\\/uploads\\\/2019\\\/12\\\/Depositphotos_143912185_s-2019.jpg\",\"datePublished\":\"2019-12-08T05:33:49+00:00\",\"description\":\"Das Eidgen\u00f6ssische Justiz- und Polizeidepartement (EJPD) plant eine neue Kriminalit\u00e4tsbek\u00e4mpfungs-Strategie (2020 bis 2023).\",\"breadcrumb\":{\"@id\":\"https:\\\/\\\/news.save.ch\\\/bund-neue-strategie-zur-kriminalitaetsbekaempfung\\\/#breadcrumb\"},\"inLanguage\":\"de\",\"potentialAction\":[{\"@type\":\"ReadAction\",\"target\":[\"https:\\\/\\\/news.save.ch\\\/bund-neue-strategie-zur-kriminalitaetsbekaempfung\\\/\"]}]},{\"@type\":\"ImageObject\",\"inLanguage\":\"de\",\"@id\":\"https:\\\/\\\/news.save.ch\\\/bund-neue-strategie-zur-kriminalitaetsbekaempfung\\\/#primaryimage\",\"url\":\"https:\\\/\\\/news.save.ch\\\/wp-content\\\/uploads\\\/2019\\\/12\\\/Depositphotos_143912185_s-2019.jpg\",\"contentUrl\":\"https:\\\/\\\/news.save.ch\\\/wp-content\\\/uploads\\\/2019\\\/12\\\/Depositphotos_143912185_s-2019.jpg\",\"width\":1000,\"height\":523,\"caption\":\"depositphotos, Wavebreakmedia\"},{\"@type\":\"BreadcrumbList\",\"@id\":\"https:\\\/\\\/news.save.ch\\\/bund-neue-strategie-zur-kriminalitaetsbekaempfung\\\/#breadcrumb\",\"itemListElement\":[{\"@type\":\"ListItem\",\"position\":1,\"name\":\"Home\",\"item\":\"https:\\\/\\\/news.save.ch\\\/de\\\/\"},{\"@type\":\"ListItem\",\"position\":2,\"name\":\"Neue Strategie zur Kriminalit\u00e4tsbek\u00e4mpfung\"}]},{\"@type\":\"WebSite\",\"@id\":\"https:\\\/\\\/news.save.ch\\\/de\\\/#website\",\"url\":\"https:\\\/\\\/news.save.ch\\\/de\\\/\",\"name\":\"Save\",\"description\":\"Schweizer Fachzeitschrift f\u00fcr Sicherheit\",\"publisher\":{\"@id\":\"https:\\\/\\\/news.save.ch\\\/de\\\/#organization\"},\"potentialAction\":[{\"@type\":\"SearchAction\",\"target\":{\"@type\":\"EntryPoint\",\"urlTemplate\":\"https:\\\/\\\/news.save.ch\\\/de\\\/?s={search_term_string}\"},\"query-input\":{\"@type\":\"PropertyValueSpecification\",\"valueRequired\":true,\"valueName\":\"search_term_string\"}}],\"inLanguage\":\"de\"},{\"@type\":\"Organization\",\"@id\":\"https:\\\/\\\/news.save.ch\\\/de\\\/#organization\",\"name\":\"Sicherheitsforum\",\"url\":\"https:\\\/\\\/news.save.ch\\\/de\\\/\",\"logo\":{\"@type\":\"ImageObject\",\"inLanguage\":\"de\",\"@id\":\"https:\\\/\\\/news.save.ch\\\/de\\\/#\\\/schema\\\/logo\\\/image\\\/\",\"url\":\"https:\\\/\\\/news.save.ch\\\/wp-content\\\/uploads\\\/2022\\\/06\\\/Logo_SF_2012.png\",\"contentUrl\":\"https:\\\/\\\/news.save.ch\\\/wp-content\\\/uploads\\\/2022\\\/06\\\/Logo_SF_2012.png\",\"width\":1100,\"height\":91,\"caption\":\"Sicherheitsforum\"},\"image\":{\"@id\":\"https:\\\/\\\/news.save.ch\\\/de\\\/#\\\/schema\\\/logo\\\/image\\\/\"}},{\"@type\":\"Person\",\"@id\":\"https:\\\/\\\/news.save.ch\\\/de\\\/#\\\/schema\\\/person\\\/d5022db048e0e2b9785c50e5b24da5aa\",\"name\":\"Roger Str\u00e4ssle\",\"image\":{\"@type\":\"ImageObject\",\"inLanguage\":\"de\",\"@id\":\"https:\\\/\\\/secure.gravatar.com\\\/avatar\\\/862a5569d087de48e5856e32f45d719a03804c891d6deb8d4f71a660e79e4a47?s=96&d=mm&r=g\",\"url\":\"https:\\\/\\\/secure.gravatar.com\\\/avatar\\\/862a5569d087de48e5856e32f45d719a03804c891d6deb8d4f71a660e79e4a47?s=96&d=mm&r=g\",\"contentUrl\":\"https:\\\/\\\/secure.gravatar.com\\\/avatar\\\/862a5569d087de48e5856e32f45d719a03804c891d6deb8d4f71a660e79e4a47?s=96&d=mm&r=g\",\"caption\":\"Roger Str\u00e4ssle\"},\"url\":\"https:\\\/\\\/news.save.ch\\\/de\\\/author\\\/roger-straessle\\\/\"}]}<\/script>\n<!-- \/ Yoast SEO plugin. -->","yoast_head_json":{"title":"Neue Strategie zur Kriminalit\u00e4tsbek\u00e4mpfung - Save","description":"Das Eidgen\u00f6ssische Justiz- und Polizeidepartement (EJPD) plant eine neue Kriminalit\u00e4tsbek\u00e4mpfungs-Strategie (2020 bis 2023).","robots":{"index":"index","follow":"follow","max-snippet":"max-snippet:-1","max-image-preview":"max-image-preview:large","max-video-preview":"max-video-preview:-1"},"canonical":"https:\/\/news.save.ch\/de\/bund-neue-strategie-zur-kriminalitaetsbekaempfung\/","og_locale":"de_DE","og_type":"article","og_title":"Neue Strategie zur Kriminalit\u00e4tsbek\u00e4mpfung - Save","og_description":"Das Eidgen\u00f6ssische Justiz- und Polizeidepartement (EJPD) plant eine neue Kriminalit\u00e4tsbek\u00e4mpfungs-Strategie (2020 bis 2023).","og_url":"https:\/\/news.save.ch\/de\/bund-neue-strategie-zur-kriminalitaetsbekaempfung\/","og_site_name":"Save","article_published_time":"2019-12-08T05:33:49+00:00","og_image":[{"width":1000,"height":523,"url":"https:\/\/news.save.ch\/wp-content\/uploads\/2019\/12\/Depositphotos_143912185_s-2019.jpg","type":"image\/jpeg"}],"author":"Roger Str\u00e4ssle","twitter_card":"summary_large_image","twitter_misc":{"Geschrieben von":"Roger Str\u00e4ssle","Gesch\u00e4tzte Lesezeit":"2\u00a0Minuten"},"schema":{"@context":"https:\/\/schema.org","@graph":[{"@type":"Article","@id":"https:\/\/news.save.ch\/bund-neue-strategie-zur-kriminalitaetsbekaempfung\/#article","isPartOf":{"@id":"https:\/\/news.save.ch\/bund-neue-strategie-zur-kriminalitaetsbekaempfung\/"},"author":{"name":"Roger Str\u00e4ssle","@id":"https:\/\/news.save.ch\/de\/#\/schema\/person\/d5022db048e0e2b9785c50e5b24da5aa"},"headline":"Neue Strategie zur Kriminalit\u00e4tsbek\u00e4mpfung","datePublished":"2019-12-08T05:33:49+00:00","mainEntityOfPage":{"@id":"https:\/\/news.save.ch\/bund-neue-strategie-zur-kriminalitaetsbekaempfung\/"},"wordCount":453,"publisher":{"@id":"https:\/\/news.save.ch\/de\/#organization"},"image":{"@id":"https:\/\/news.save.ch\/bund-neue-strategie-zur-kriminalitaetsbekaempfung\/#primaryimage"},"thumbnailUrl":"https:\/\/news.save.ch\/wp-content\/uploads\/2019\/12\/Depositphotos_143912185_s-2019.jpg","keywords":["Geldw\u00e4scherei","KKPKS","Kriminalit\u00e4tsbek\u00e4mpfung","Terrorismus"],"articleSection":["ALLGEMEIN"],"inLanguage":"de"},{"@type":"WebPage","@id":"https:\/\/news.save.ch\/bund-neue-strategie-zur-kriminalitaetsbekaempfung\/","url":"https:\/\/news.save.ch\/bund-neue-strategie-zur-kriminalitaetsbekaempfung\/","name":"Neue Strategie zur Kriminalit\u00e4tsbek\u00e4mpfung - Save","isPartOf":{"@id":"https:\/\/news.save.ch\/de\/#website"},"primaryImageOfPage":{"@id":"https:\/\/news.save.ch\/bund-neue-strategie-zur-kriminalitaetsbekaempfung\/#primaryimage"},"image":{"@id":"https:\/\/news.save.ch\/bund-neue-strategie-zur-kriminalitaetsbekaempfung\/#primaryimage"},"thumbnailUrl":"https:\/\/news.save.ch\/wp-content\/uploads\/2019\/12\/Depositphotos_143912185_s-2019.jpg","datePublished":"2019-12-08T05:33:49+00:00","description":"Das Eidgen\u00f6ssische Justiz- und Polizeidepartement (EJPD) plant eine neue Kriminalit\u00e4tsbek\u00e4mpfungs-Strategie (2020 bis 2023).","breadcrumb":{"@id":"https:\/\/news.save.ch\/bund-neue-strategie-zur-kriminalitaetsbekaempfung\/#breadcrumb"},"inLanguage":"de","potentialAction":[{"@type":"ReadAction","target":["https:\/\/news.save.ch\/bund-neue-strategie-zur-kriminalitaetsbekaempfung\/"]}]},{"@type":"ImageObject","inLanguage":"de","@id":"https:\/\/news.save.ch\/bund-neue-strategie-zur-kriminalitaetsbekaempfung\/#primaryimage","url":"https:\/\/news.save.ch\/wp-content\/uploads\/2019\/12\/Depositphotos_143912185_s-2019.jpg","contentUrl":"https:\/\/news.save.ch\/wp-content\/uploads\/2019\/12\/Depositphotos_143912185_s-2019.jpg","width":1000,"height":523,"caption":"depositphotos, Wavebreakmedia"},{"@type":"BreadcrumbList","@id":"https:\/\/news.save.ch\/bund-neue-strategie-zur-kriminalitaetsbekaempfung\/#breadcrumb","itemListElement":[{"@type":"ListItem","position":1,"name":"Home","item":"https:\/\/news.save.ch\/de\/"},{"@type":"ListItem","position":2,"name":"Neue Strategie zur Kriminalit\u00e4tsbek\u00e4mpfung"}]},{"@type":"WebSite","@id":"https:\/\/news.save.ch\/de\/#website","url":"https:\/\/news.save.ch\/de\/","name":"Save","description":"Schweizer Fachzeitschrift f\u00fcr Sicherheit","publisher":{"@id":"https:\/\/news.save.ch\/de\/#organization"},"potentialAction":[{"@type":"SearchAction","target":{"@type":"EntryPoint","urlTemplate":"https:\/\/news.save.ch\/de\/?s={search_term_string}"},"query-input":{"@type":"PropertyValueSpecification","valueRequired":true,"valueName":"search_term_string"}}],"inLanguage":"de"},{"@type":"Organization","@id":"https:\/\/news.save.ch\/de\/#organization","name":"Sicherheitsforum","url":"https:\/\/news.save.ch\/de\/","logo":{"@type":"ImageObject","inLanguage":"de","@id":"https:\/\/news.save.ch\/de\/#\/schema\/logo\/image\/","url":"https:\/\/news.save.ch\/wp-content\/uploads\/2022\/06\/Logo_SF_2012.png","contentUrl":"https:\/\/news.save.ch\/wp-content\/uploads\/2022\/06\/Logo_SF_2012.png","width":1100,"height":91,"caption":"Sicherheitsforum"},"image":{"@id":"https:\/\/news.save.ch\/de\/#\/schema\/logo\/image\/"}},{"@type":"Person","@id":"https:\/\/news.save.ch\/de\/#\/schema\/person\/d5022db048e0e2b9785c50e5b24da5aa","name":"Roger Str\u00e4ssle","image":{"@type":"ImageObject","inLanguage":"de","@id":"https:\/\/secure.gravatar.com\/avatar\/862a5569d087de48e5856e32f45d719a03804c891d6deb8d4f71a660e79e4a47?s=96&d=mm&r=g","url":"https:\/\/secure.gravatar.com\/avatar\/862a5569d087de48e5856e32f45d719a03804c891d6deb8d4f71a660e79e4a47?s=96&d=mm&r=g","contentUrl":"https:\/\/secure.gravatar.com\/avatar\/862a5569d087de48e5856e32f45d719a03804c891d6deb8d4f71a660e79e4a47?s=96&d=mm&r=g","caption":"Roger Str\u00e4ssle"},"url":"https:\/\/news.save.ch\/de\/author\/roger-straessle\/"}]}},"_links":{"self":[{"href":"https:\/\/news.save.ch\/de\/wp-json\/wp\/v2\/posts\/9168","targetHints":{"allow":["GET"]}}],"collection":[{"href":"https:\/\/news.save.ch\/de\/wp-json\/wp\/v2\/posts"}],"about":[{"href":"https:\/\/news.save.ch\/de\/wp-json\/wp\/v2\/types\/post"}],"author":[{"embeddable":true,"href":"https:\/\/news.save.ch\/de\/wp-json\/wp\/v2\/users\/8"}],"replies":[{"embeddable":true,"href":"https:\/\/news.save.ch\/de\/wp-json\/wp\/v2\/comments?post=9168"}],"version-history":[{"count":0,"href":"https:\/\/news.save.ch\/de\/wp-json\/wp\/v2\/posts\/9168\/revisions"}],"wp:featuredmedia":[{"embeddable":true,"href":"https:\/\/news.save.ch\/de\/wp-json\/wp\/v2\/media\/9169"}],"wp:attachment":[{"href":"https:\/\/news.save.ch\/de\/wp-json\/wp\/v2\/media?parent=9168"}],"wp:term":[{"taxonomy":"category","embeddable":true,"href":"https:\/\/news.save.ch\/de\/wp-json\/wp\/v2\/categories?post=9168"},{"taxonomy":"post_tag","embeddable":true,"href":"https:\/\/news.save.ch\/de\/wp-json\/wp\/v2\/tags?post=9168"}],"curies":[{"name":"wp","href":"https:\/\/api.w.org\/{rel}","templated":true}]}}