{"id":9173,"date":"2022-06-17T09:41:29","date_gmt":"2022-06-17T07:41:29","guid":{"rendered":"https:\/\/news.save.ch\/?p=9173"},"modified":"2023-06-27T07:12:57","modified_gmt":"2023-06-27T05:12:57","slug":"unfall-oder-krankheit","status":null,"type":"post","link":"https:\/\/news.save.ch\/de\/unfall-oder-krankheit\/","title":{"rendered":"Unfall oder Krankheit?"},"content":{"rendered":"<figure id=\"attachment_9177\" aria-describedby=\"caption-attachment-9177\" style=\"width: 1000px\" class=\"wp-caption alignnone\"><img loading=\"lazy\" decoding=\"async\" class=\"wp-image-9177 size-full\" src=\"https:\/\/news.save.ch\/wp-content\/uploads\/2019\/12\/Depositphotos_10044316_s-2019.jpg\" alt=\"Unfallversicherung\" width=\"1000\" height=\"664\" srcset=\"https:\/\/news.save.ch\/wp-content\/uploads\/2019\/12\/Depositphotos_10044316_s-2019.jpg 1000w, https:\/\/news.save.ch\/wp-content\/uploads\/2019\/12\/Depositphotos_10044316_s-2019-375x249.jpg 375w\" sizes=\"auto, (max-width: 1000px) 100vw, 1000px\" \/><figcaption id=\"caption-attachment-9177\" class=\"wp-caption-text\">Bild: depositphotos<\/figcaption><\/figure>\n<p>Personen, die bei der Suva versichert sind, haben bei Unfall oder Berufskrankheit unter anderem Anspruch auf medizi\u00adnische Behandlung und Taggeld- oder Rentenzahlungen. Zudem werden sie in der Rehabilitation und Wiedereingliederung unterst\u00fctzt.<\/p>\n<p>Doch immer wieder gibt es F\u00e4lle, in denen unklar ist, welche Versicherung die Behandlungskosten oder Taggelder \u00fcbernimmt. Ist es die Unfallversicherung? Oder wom\u00f6glich doch die Krankenkasse? Und was macht es f\u00fcr die verungl\u00fcckte oder erkrankte Person \u00fcberhaupt f\u00fcr einen Unterschied, wer letztendlich zahlt? Der Unfallbegriff ist per Gesetz definiert. Fehlt einer der vorgegebenen Faktoren, wird ein Ereignis nicht als Unfall, sondern als Krankheit eingestuft.<\/p>\n<h2>Unterschied zwischen Unfall\u00adversicherung und Krankenversicherung<\/h2>\n<p>Die Unfallversicherung erbringt Leistungen bei Unf\u00e4llen, im Gesetz aufgef\u00fchrten K\u00f6rpersch\u00e4digungen und Berufskrankheiten. Wird ein Fall von der Unfallversicherung \u00fcbernommen, begleicht diese die unfallbedingten Kosten direkt und ohne Kostenbeteiligung der versicherten Person.<\/p>\n<p>Bei der Krankenkasse hingegen muss die gesch\u00e4digte Person in aller Regel die Kosten vorfinanzieren. Je nach gew\u00e4hlter Franchise und dem Selbstbehalt bei Leistungen entstehen f\u00fcr die betrof\u00adfene Person zus\u00e4tzliche Kosten.<\/p>\n<p>Ob ein gemeldetes Ereignis einen Unfall im Rechtssinne darstellt, muss die Suva von Gesetzes wegen pr\u00fcfen. Einen Fall richtig einzuordnen, ist auch f\u00fcr juristisch t\u00e4tige Personen nicht immer einfach. Bei ihrer Beurteilung halten sie sich an das Bundesgesetz \u00fcber den Allgemeinen Teil des Sozialversicherungsrechts (ATSG), das Unfallversicherungsgesetz (UVG), das Krankenversicherungsgesetz (KVG) und die entsprechenden Verordnungen.<\/p>\n<h2>Definition von Unfall<\/h2>\n<p>Ein Unfall ist per rechtlicher Definition eine pl\u00f6tzliche, nicht beabsichtigte sch\u00e4digende Einwirkung eines ungew\u00f6hn\u00adlichen \u00e4usseren Faktors auf den menschlichen K\u00f6rper, die eine Beeintr\u00e4chtigung der k\u00f6rperlichen, geistigen und psychischen Gesundheit oder den Tod zur Folge hat. Fehlt einer dieser Aspekte, wird das Ereignis nicht als Unfall, sondern als Krankheit eingestuft.<\/p>\n<h2>Beispiele \u00abKein Unfall\u00bb<\/h2>\n<p>Nehmen wir zum Beispiel an, der angehende Rekrutensch\u00fcler Gabriel schneidet sich einen Finger ab, um dem Milit\u00e4rdienst zu entgehen. Weil Gabriel mit Absicht gehandelt hat, wird das Ereignis nicht als Unfall eingestuft.<\/p>\n<p>Auch Kathrins Fall geht zulasten der Krankenkasse: Die junge Frau leidet seit dem Besuch eines Rockkonzerts unter einem extremen Pfeifen in den Ohren. F\u00fcr den negativen Entscheid der Unfallversicherung ist hier der fehlende Faktor \u00abPl\u00f6tzlichkeit\u00bb verantwortlich, denn Kathrin war der lauten Musik ja \u00fcber l\u00e4ngere Zeit ausgesetzt.<\/p>\n<p>Im Beispiel von Ernesto, der auf der Baustelle eine schwere Kiste hebt und dem es pl\u00f6tzlich in den R\u00fccken schiesst, fehlt wiederum der ungew\u00f6hnliche \u00e4us\u00adsere Faktor. Das Heben von schweren Kisten geh\u00f6rt zu den normalen T\u00e4tigkeiten eines Bauarbeiters.<\/p>\n<h2>Beispiele \u00abUnfall\u00bb<\/h2>\n<p>Die folgenden Ereignisse erf\u00fcllen hingegen alle Kriterien eines Unfalls:<\/p>\n<ul>\n<li>Leila schl\u00e4gt sich beim Zusammenstoss zweier Auto-Scooter den Mund am Lenkrad auf und verletzt sich dabei am Zahnnerv.<\/li>\n<li>Bernhard wird auf dem Heimweg mit dem Fahrrad von einem Auto angefahren. Isabelle l\u00e4uft mit einer Kiste die Treppe hinunter.<\/li>\n<li>Dabei \u00fcbersieht sie eine Stufe und st\u00fcrzt. Noah wird von einer Zecke gestochen.<\/li>\n<\/ul>\n<h2>Berufskrankheiten<\/h2>\n<p>Eine Krankheit ist gem\u00e4ss Bundesgesetz \u00abjede Beeintr\u00e4chtigung der k\u00f6rperlichen, geistigen oder psychischen Gesundheit, die nicht Folge eines Unfalles ist und die eine medizinische Untersuchung oder Behandlung erfordert oder eine Arbeitsunf\u00e4higkeit zur Folge hat.\u00bb<\/p>\n<p>Die Suva ist nur f\u00fcr die \u00adsogenannten \u00abBerufskrankheiten\u00bb zust\u00e4ndig. Als Berufskrankheiten gelten Krankheiten, die bei der Berufst\u00e4tigkeit ausschliesslich oder vorwiegend durch sch\u00e4digende Stoffe oder bestimmte Arbeiten verursacht worden sind.<\/p>\n<figure id=\"attachment_9179\" aria-describedby=\"caption-attachment-9179\" style=\"width: 680px\" class=\"wp-caption alignnone\"><img loading=\"lazy\" decoding=\"async\" class=\"wp-image-9179 size-medium\" src=\"https:\/\/news.save.ch\/wp-content\/uploads\/2022\/06\/bild2.jpg\" alt=\"\" width=\"680\" height=\"444\" \/><figcaption id=\"caption-attachment-9179\" class=\"wp-caption-text\">Bild: depositphotos<\/figcaption><\/figure>\n<p>Ausschliesslich oder vorwiegend bedeutet, dass die Krankheit zu mehr als 50 Prozent durch die berufliche T\u00e4tigkeit verursacht worden sein muss. Der Verursachungsanteil wird durch Faktoren wie die Expositionsdauer, die Konzentration des Schadstoffes in der Luft, die L\u00e4rmintensit\u00e4t oder die Schwere der Arbeit bestimmt. Die sch\u00e4digenden Stoffe (z.B. Ammoniak, Brom oder Quecksilber) sowie die \u00abbestimmten Arbeiten\u00bb (z.B. alle Arbeiten im L\u00e4rm, die zu einer Sch\u00e4digung des Geh\u00f6rs f\u00fchren, oder Arbeiten in Spit\u00e4lern, die zu Infektionskrankheiten f\u00fchren) sind in der Verordnung \u00fcber die Unfallversicherung (UVV) aufgelistet. Aber auch Krankheiten, die nicht in der Verordnung aufgelistet sind, k\u00f6nnen als Berufskrankheiten anerkannt werden. Voraussetzung daf\u00fcr ist, dass eine Krankheit zu mindestens 75 Prozent durch die berufliche T\u00e4tigkeit verursacht worden ist.<\/p>\n<blockquote><p><strong>Was ist eine Listen\u00addiagnose?<\/strong><br \/>\nBei Gesundheitssch\u00e4den, die sowohl durch unfall\u00e4hnliche Ereignisse wie auch durch krankhafte oder degenerative Faktoren entstanden sind, ist die korrekte Einordnung schwierig. Folgende K\u00f6rpersch\u00e4digungen m\u00fcssen per Gesetz vom Unfallversicherer \u00fcbernommen werden, sofern sie nicht vorwiegend durch Abn\u00fctzung oder Erkrankung entstanden sind:<\/p>\n<ul style=\"list-style-type: circle;\">\n<li>Verrenkungen von Gelenken<\/li>\n<li>Meniskusrisse<\/li>\n<li>Muskelrisse<\/li>\n<li>Muskelzerrungen<\/li>\n<li>Sehnenrisse<\/li>\n<li>Bandl\u00e4sionen<\/li>\n<li>Trommelfellverletzungen<\/li>\n<\/ul>\n<\/blockquote>\n<p>Weiterf\u00fchrende Informationen:<br \/>\n<a href=\"http:\/\/bit.ly\/3v3keNV\" target=\"_blank\" rel=\"noopener\">Verordnung \u00fcber die Unfallversicherung (UVV)<\/a><br \/>\n<a href=\"http:\/\/bit.ly\/3DTUzv9\" target=\"_blank\" rel=\"noopener\">Weitere Informationen und Fallbeispiele<\/a><\/p>\n<p><em>Quelle: Suva<\/em><\/p>\n","protected":false},"excerpt":{"rendered":"<p>Personen, die bei der Suva versichert sind, haben bei Unfall oder Berufskrankheit unter anderem Anspruch auf medizi\u00adnische Behandlung und Taggeld- oder Rentenzahlungen. Zudem werden sie in der Rehabilitation und Wiedereingliederung unterst\u00fctzt. Doch immer wieder gibt es F\u00e4lle, in denen unklar ist, welche Versicherung die Behandlungskosten oder Taggelder \u00fcbernimmt. Ist es die Unfallversicherung? Oder wom\u00f6glich doch [&hellip;]<\/p>\n","protected":false},"author":9,"featured_media":16535,"comment_status":"closed","ping_status":"closed","sticky":false,"template":"","format":"standard","meta":{"_acf_changed":false,"pgc_sgb_lightbox_settings":"","footnotes":""},"categories":[1,3314],"tags":[172,1764,149,4425,2469,167,902,3143],"class_list":["post-9173","post","type-post","status-publish","format-standard","has-post-thumbnail","hentry","category-allgemein","category-health-safety","tag-arbeitssicherheit","tag-berufskrankheit","tag-gesundheitsschutz","tag-krankenversicherung","tag-listendiagnose","tag-suva","tag-unfall","tag-unfallversicherung"],"acf":[],"hkrextid":null,"publication":null,"issue":null,"workflow":null,"startPage":null,"spitzmarke":null,"_posts_by_tag_page_fields":{"widget_title":"","widget_tags":""},"_at_widget":"1","_yoast_wpseo_primary_category":"1","_yoast_wpseo_focuskw_text_input":null,"_yoast_wpseo_opengraph-image":null,"_yoast_wpseo_opengraph-description":null,"_yoast_wpseo_opengraph-title":null,"enclosure":null,"_yoast_wpseo_twitter-title":null,"_yoast_wpseo_twitter-description":null,"_yoast_wpseo_twitter-image":null,"_wp_old_slug":null,"_yoast_wpseo_title":null,"_yoast_wpseo_canonical":null,"yoast_head":"<!-- This site is optimized with the Yoast SEO plugin v27.5 - https:\/\/yoast.com\/product\/yoast-seo-wordpress\/ -->\n<title>Unfall oder Krankheit? - Save<\/title>\n<meta name=\"description\" content=\"Sind die R\u00fcckenschmerzen Folge eines Unfalles oder einer Krankheit? Diese Kriterien entscheiden, ob die Unfallversicherung f\u00fcr die Leistungen aufkommt.\" \/>\n<meta name=\"robots\" content=\"index, follow, max-snippet:-1, max-image-preview:large, max-video-preview:-1\" \/>\n<link rel=\"canonical\" href=\"https:\/\/news.save.ch\/de\/unfall-oder-krankheit\/\" \/>\n<meta property=\"og:locale\" content=\"de_DE\" \/>\n<meta property=\"og:type\" content=\"article\" \/>\n<meta property=\"og:title\" content=\"Unfall oder Krankheit? - Save\" \/>\n<meta property=\"og:description\" content=\"Sind die R\u00fcckenschmerzen Folge eines Unfalles oder einer Krankheit? Diese Kriterien entscheiden, ob die Unfallversicherung f\u00fcr die Leistungen aufkommt.\" \/>\n<meta property=\"og:url\" content=\"https:\/\/news.save.ch\/de\/unfall-oder-krankheit\/\" \/>\n<meta property=\"og:site_name\" content=\"Save\" \/>\n<meta property=\"article:published_time\" content=\"2022-06-17T07:41:29+00:00\" \/>\n<meta property=\"article:modified_time\" content=\"2023-06-27T05:12:57+00:00\" \/>\n<meta property=\"og:image\" content=\"https:\/\/news.save.ch\/wp-content\/uploads\/2022\/06\/45_Unfall_teaser.jpg\" \/>\n\t<meta property=\"og:image:width\" content=\"941\" \/>\n\t<meta property=\"og:image:height\" content=\"604\" \/>\n\t<meta property=\"og:image:type\" content=\"image\/jpeg\" \/>\n<meta name=\"author\" content=\"Simon Gr\u00f6flin\" \/>\n<meta name=\"twitter:card\" content=\"summary_large_image\" \/>\n<meta name=\"twitter:label1\" content=\"Geschrieben von\" \/>\n\t<meta name=\"twitter:data1\" content=\"Simon Gr\u00f6flin\" \/>\n\t<meta name=\"twitter:label2\" content=\"Gesch\u00e4tzte Lesezeit\" \/>\n\t<meta name=\"twitter:data2\" content=\"5\u00a0Minuten\" \/>\n<script type=\"application\/ld+json\" class=\"yoast-schema-graph\">{\"@context\":\"https:\\\/\\\/schema.org\",\"@graph\":[{\"@type\":\"Article\",\"@id\":\"https:\\\/\\\/news.save.ch\\\/unfall-oder-krankheit\\\/#article\",\"isPartOf\":{\"@id\":\"https:\\\/\\\/news.save.ch\\\/unfall-oder-krankheit\\\/\"},\"author\":{\"name\":\"Simon Gr\u00f6flin\",\"@id\":\"https:\\\/\\\/news.save.ch\\\/de\\\/#\\\/schema\\\/person\\\/ad4ef21102fd6125312409ac57d5296d\"},\"headline\":\"Unfall oder Krankheit?\",\"datePublished\":\"2022-06-17T07:41:29+00:00\",\"dateModified\":\"2023-06-27T05:12:57+00:00\",\"mainEntityOfPage\":{\"@id\":\"https:\\\/\\\/news.save.ch\\\/unfall-oder-krankheit\\\/\"},\"wordCount\":788,\"publisher\":{\"@id\":\"https:\\\/\\\/news.save.ch\\\/de\\\/#organization\"},\"image\":{\"@id\":\"https:\\\/\\\/news.save.ch\\\/unfall-oder-krankheit\\\/#primaryimage\"},\"thumbnailUrl\":\"https:\\\/\\\/news.save.ch\\\/wp-content\\\/uploads\\\/2022\\\/06\\\/45_Unfall_teaser.jpg\",\"keywords\":[\"Arbeitssicherheit\",\"Berufskrankheit\",\"Gesundheitsschutz\",\"Krankenversicherung\",\"Listen\u00addiagnose\",\"SUVA\",\"Unfall\",\"Unfallversicherung\"],\"articleSection\":[\"ALLGEMEIN\",\"HEALTH &amp; SAFETY\"],\"inLanguage\":\"de\"},{\"@type\":\"WebPage\",\"@id\":\"https:\\\/\\\/news.save.ch\\\/unfall-oder-krankheit\\\/\",\"url\":\"https:\\\/\\\/news.save.ch\\\/unfall-oder-krankheit\\\/\",\"name\":\"Unfall oder Krankheit? - Save\",\"isPartOf\":{\"@id\":\"https:\\\/\\\/news.save.ch\\\/de\\\/#website\"},\"primaryImageOfPage\":{\"@id\":\"https:\\\/\\\/news.save.ch\\\/unfall-oder-krankheit\\\/#primaryimage\"},\"image\":{\"@id\":\"https:\\\/\\\/news.save.ch\\\/unfall-oder-krankheit\\\/#primaryimage\"},\"thumbnailUrl\":\"https:\\\/\\\/news.save.ch\\\/wp-content\\\/uploads\\\/2022\\\/06\\\/45_Unfall_teaser.jpg\",\"datePublished\":\"2022-06-17T07:41:29+00:00\",\"dateModified\":\"2023-06-27T05:12:57+00:00\",\"description\":\"Sind die R\u00fcckenschmerzen Folge eines Unfalles oder einer Krankheit? Diese Kriterien entscheiden, ob die Unfallversicherung f\u00fcr die Leistungen aufkommt.\",\"breadcrumb\":{\"@id\":\"https:\\\/\\\/news.save.ch\\\/unfall-oder-krankheit\\\/#breadcrumb\"},\"inLanguage\":\"de\",\"potentialAction\":[{\"@type\":\"ReadAction\",\"target\":[\"https:\\\/\\\/news.save.ch\\\/unfall-oder-krankheit\\\/\"]}]},{\"@type\":\"ImageObject\",\"inLanguage\":\"de\",\"@id\":\"https:\\\/\\\/news.save.ch\\\/unfall-oder-krankheit\\\/#primaryimage\",\"url\":\"https:\\\/\\\/news.save.ch\\\/wp-content\\\/uploads\\\/2022\\\/06\\\/45_Unfall_teaser.jpg\",\"contentUrl\":\"https:\\\/\\\/news.save.ch\\\/wp-content\\\/uploads\\\/2022\\\/06\\\/45_Unfall_teaser.jpg\",\"width\":941,\"height\":604,\"caption\":\"R\u00fcckenschmerzen, Unfallversicherung\"},{\"@type\":\"BreadcrumbList\",\"@id\":\"https:\\\/\\\/news.save.ch\\\/unfall-oder-krankheit\\\/#breadcrumb\",\"itemListElement\":[{\"@type\":\"ListItem\",\"position\":1,\"name\":\"Home\",\"item\":\"https:\\\/\\\/news.save.ch\\\/de\\\/\"},{\"@type\":\"ListItem\",\"position\":2,\"name\":\"Unfall oder Krankheit?\"}]},{\"@type\":\"WebSite\",\"@id\":\"https:\\\/\\\/news.save.ch\\\/de\\\/#website\",\"url\":\"https:\\\/\\\/news.save.ch\\\/de\\\/\",\"name\":\"Save\",\"description\":\"Schweizer Fachzeitschrift f\u00fcr Sicherheit\",\"publisher\":{\"@id\":\"https:\\\/\\\/news.save.ch\\\/de\\\/#organization\"},\"potentialAction\":[{\"@type\":\"SearchAction\",\"target\":{\"@type\":\"EntryPoint\",\"urlTemplate\":\"https:\\\/\\\/news.save.ch\\\/de\\\/?s={search_term_string}\"},\"query-input\":{\"@type\":\"PropertyValueSpecification\",\"valueRequired\":true,\"valueName\":\"search_term_string\"}}],\"inLanguage\":\"de\"},{\"@type\":\"Organization\",\"@id\":\"https:\\\/\\\/news.save.ch\\\/de\\\/#organization\",\"name\":\"Sicherheitsforum\",\"url\":\"https:\\\/\\\/news.save.ch\\\/de\\\/\",\"logo\":{\"@type\":\"ImageObject\",\"inLanguage\":\"de\",\"@id\":\"https:\\\/\\\/news.save.ch\\\/de\\\/#\\\/schema\\\/logo\\\/image\\\/\",\"url\":\"https:\\\/\\\/news.save.ch\\\/wp-content\\\/uploads\\\/2022\\\/06\\\/Logo_SF_2012.png\",\"contentUrl\":\"https:\\\/\\\/news.save.ch\\\/wp-content\\\/uploads\\\/2022\\\/06\\\/Logo_SF_2012.png\",\"width\":1100,\"height\":91,\"caption\":\"Sicherheitsforum\"},\"image\":{\"@id\":\"https:\\\/\\\/news.save.ch\\\/de\\\/#\\\/schema\\\/logo\\\/image\\\/\"}},{\"@type\":\"Person\",\"@id\":\"https:\\\/\\\/news.save.ch\\\/de\\\/#\\\/schema\\\/person\\\/ad4ef21102fd6125312409ac57d5296d\",\"name\":\"Simon Gr\u00f6flin\",\"image\":{\"@type\":\"ImageObject\",\"inLanguage\":\"de\",\"@id\":\"https:\\\/\\\/secure.gravatar.com\\\/avatar\\\/6ddceb80eb734354635539e0ea5140bb7c41e42de7c45c9a2ab9921b5d5c9a83?s=96&d=mm&r=g\",\"url\":\"https:\\\/\\\/secure.gravatar.com\\\/avatar\\\/6ddceb80eb734354635539e0ea5140bb7c41e42de7c45c9a2ab9921b5d5c9a83?s=96&d=mm&r=g\",\"contentUrl\":\"https:\\\/\\\/secure.gravatar.com\\\/avatar\\\/6ddceb80eb734354635539e0ea5140bb7c41e42de7c45c9a2ab9921b5d5c9a83?s=96&d=mm&r=g\",\"caption\":\"Simon Gr\u00f6flin\"},\"url\":\"https:\\\/\\\/news.save.ch\\\/de\\\/author\\\/simon-groeflin\\\/\"}]}<\/script>\n<!-- \/ Yoast SEO plugin. -->","yoast_head_json":{"title":"Unfall oder Krankheit? - Save","description":"Sind die R\u00fcckenschmerzen Folge eines Unfalles oder einer Krankheit? Diese Kriterien entscheiden, ob die Unfallversicherung f\u00fcr die Leistungen aufkommt.","robots":{"index":"index","follow":"follow","max-snippet":"max-snippet:-1","max-image-preview":"max-image-preview:large","max-video-preview":"max-video-preview:-1"},"canonical":"https:\/\/news.save.ch\/de\/unfall-oder-krankheit\/","og_locale":"de_DE","og_type":"article","og_title":"Unfall oder Krankheit? - Save","og_description":"Sind die R\u00fcckenschmerzen Folge eines Unfalles oder einer Krankheit? Diese Kriterien entscheiden, ob die Unfallversicherung f\u00fcr die Leistungen aufkommt.","og_url":"https:\/\/news.save.ch\/de\/unfall-oder-krankheit\/","og_site_name":"Save","article_published_time":"2022-06-17T07:41:29+00:00","article_modified_time":"2023-06-27T05:12:57+00:00","og_image":[{"width":941,"height":604,"url":"https:\/\/news.save.ch\/wp-content\/uploads\/2022\/06\/45_Unfall_teaser.jpg","type":"image\/jpeg"}],"author":"Simon Gr\u00f6flin","twitter_card":"summary_large_image","twitter_misc":{"Geschrieben von":"Simon Gr\u00f6flin","Gesch\u00e4tzte Lesezeit":"5\u00a0Minuten"},"schema":{"@context":"https:\/\/schema.org","@graph":[{"@type":"Article","@id":"https:\/\/news.save.ch\/unfall-oder-krankheit\/#article","isPartOf":{"@id":"https:\/\/news.save.ch\/unfall-oder-krankheit\/"},"author":{"name":"Simon Gr\u00f6flin","@id":"https:\/\/news.save.ch\/de\/#\/schema\/person\/ad4ef21102fd6125312409ac57d5296d"},"headline":"Unfall oder Krankheit?","datePublished":"2022-06-17T07:41:29+00:00","dateModified":"2023-06-27T05:12:57+00:00","mainEntityOfPage":{"@id":"https:\/\/news.save.ch\/unfall-oder-krankheit\/"},"wordCount":788,"publisher":{"@id":"https:\/\/news.save.ch\/de\/#organization"},"image":{"@id":"https:\/\/news.save.ch\/unfall-oder-krankheit\/#primaryimage"},"thumbnailUrl":"https:\/\/news.save.ch\/wp-content\/uploads\/2022\/06\/45_Unfall_teaser.jpg","keywords":["Arbeitssicherheit","Berufskrankheit","Gesundheitsschutz","Krankenversicherung","Listen\u00addiagnose","SUVA","Unfall","Unfallversicherung"],"articleSection":["ALLGEMEIN","HEALTH &amp; SAFETY"],"inLanguage":"de"},{"@type":"WebPage","@id":"https:\/\/news.save.ch\/unfall-oder-krankheit\/","url":"https:\/\/news.save.ch\/unfall-oder-krankheit\/","name":"Unfall oder Krankheit? - Save","isPartOf":{"@id":"https:\/\/news.save.ch\/de\/#website"},"primaryImageOfPage":{"@id":"https:\/\/news.save.ch\/unfall-oder-krankheit\/#primaryimage"},"image":{"@id":"https:\/\/news.save.ch\/unfall-oder-krankheit\/#primaryimage"},"thumbnailUrl":"https:\/\/news.save.ch\/wp-content\/uploads\/2022\/06\/45_Unfall_teaser.jpg","datePublished":"2022-06-17T07:41:29+00:00","dateModified":"2023-06-27T05:12:57+00:00","description":"Sind die R\u00fcckenschmerzen Folge eines Unfalles oder einer Krankheit? Diese Kriterien entscheiden, ob die Unfallversicherung f\u00fcr die Leistungen aufkommt.","breadcrumb":{"@id":"https:\/\/news.save.ch\/unfall-oder-krankheit\/#breadcrumb"},"inLanguage":"de","potentialAction":[{"@type":"ReadAction","target":["https:\/\/news.save.ch\/unfall-oder-krankheit\/"]}]},{"@type":"ImageObject","inLanguage":"de","@id":"https:\/\/news.save.ch\/unfall-oder-krankheit\/#primaryimage","url":"https:\/\/news.save.ch\/wp-content\/uploads\/2022\/06\/45_Unfall_teaser.jpg","contentUrl":"https:\/\/news.save.ch\/wp-content\/uploads\/2022\/06\/45_Unfall_teaser.jpg","width":941,"height":604,"caption":"R\u00fcckenschmerzen, Unfallversicherung"},{"@type":"BreadcrumbList","@id":"https:\/\/news.save.ch\/unfall-oder-krankheit\/#breadcrumb","itemListElement":[{"@type":"ListItem","position":1,"name":"Home","item":"https:\/\/news.save.ch\/de\/"},{"@type":"ListItem","position":2,"name":"Unfall oder Krankheit?"}]},{"@type":"WebSite","@id":"https:\/\/news.save.ch\/de\/#website","url":"https:\/\/news.save.ch\/de\/","name":"Save","description":"Schweizer Fachzeitschrift f\u00fcr Sicherheit","publisher":{"@id":"https:\/\/news.save.ch\/de\/#organization"},"potentialAction":[{"@type":"SearchAction","target":{"@type":"EntryPoint","urlTemplate":"https:\/\/news.save.ch\/de\/?s={search_term_string}"},"query-input":{"@type":"PropertyValueSpecification","valueRequired":true,"valueName":"search_term_string"}}],"inLanguage":"de"},{"@type":"Organization","@id":"https:\/\/news.save.ch\/de\/#organization","name":"Sicherheitsforum","url":"https:\/\/news.save.ch\/de\/","logo":{"@type":"ImageObject","inLanguage":"de","@id":"https:\/\/news.save.ch\/de\/#\/schema\/logo\/image\/","url":"https:\/\/news.save.ch\/wp-content\/uploads\/2022\/06\/Logo_SF_2012.png","contentUrl":"https:\/\/news.save.ch\/wp-content\/uploads\/2022\/06\/Logo_SF_2012.png","width":1100,"height":91,"caption":"Sicherheitsforum"},"image":{"@id":"https:\/\/news.save.ch\/de\/#\/schema\/logo\/image\/"}},{"@type":"Person","@id":"https:\/\/news.save.ch\/de\/#\/schema\/person\/ad4ef21102fd6125312409ac57d5296d","name":"Simon Gr\u00f6flin","image":{"@type":"ImageObject","inLanguage":"de","@id":"https:\/\/secure.gravatar.com\/avatar\/6ddceb80eb734354635539e0ea5140bb7c41e42de7c45c9a2ab9921b5d5c9a83?s=96&d=mm&r=g","url":"https:\/\/secure.gravatar.com\/avatar\/6ddceb80eb734354635539e0ea5140bb7c41e42de7c45c9a2ab9921b5d5c9a83?s=96&d=mm&r=g","contentUrl":"https:\/\/secure.gravatar.com\/avatar\/6ddceb80eb734354635539e0ea5140bb7c41e42de7c45c9a2ab9921b5d5c9a83?s=96&d=mm&r=g","caption":"Simon Gr\u00f6flin"},"url":"https:\/\/news.save.ch\/de\/author\/simon-groeflin\/"}]}},"_links":{"self":[{"href":"https:\/\/news.save.ch\/de\/wp-json\/wp\/v2\/posts\/9173","targetHints":{"allow":["GET"]}}],"collection":[{"href":"https:\/\/news.save.ch\/de\/wp-json\/wp\/v2\/posts"}],"about":[{"href":"https:\/\/news.save.ch\/de\/wp-json\/wp\/v2\/types\/post"}],"author":[{"embeddable":true,"href":"https:\/\/news.save.ch\/de\/wp-json\/wp\/v2\/users\/9"}],"replies":[{"embeddable":true,"href":"https:\/\/news.save.ch\/de\/wp-json\/wp\/v2\/comments?post=9173"}],"version-history":[{"count":4,"href":"https:\/\/news.save.ch\/de\/wp-json\/wp\/v2\/posts\/9173\/revisions"}],"predecessor-version":[{"id":20357,"href":"https:\/\/news.save.ch\/de\/wp-json\/wp\/v2\/posts\/9173\/revisions\/20357"}],"wp:featuredmedia":[{"embeddable":true,"href":"https:\/\/news.save.ch\/de\/wp-json\/wp\/v2\/media\/16535"}],"wp:attachment":[{"href":"https:\/\/news.save.ch\/de\/wp-json\/wp\/v2\/media?parent=9173"}],"wp:term":[{"taxonomy":"category","embeddable":true,"href":"https:\/\/news.save.ch\/de\/wp-json\/wp\/v2\/categories?post=9173"},{"taxonomy":"post_tag","embeddable":true,"href":"https:\/\/news.save.ch\/de\/wp-json\/wp\/v2\/tags?post=9173"}],"curies":[{"name":"wp","href":"https:\/\/api.w.org\/{rel}","templated":true}]}}