{"id":9342,"date":"2020-01-29T06:31:44","date_gmt":"2020-01-29T05:31:44","guid":{"rendered":"https:\/\/news.save.ch\/?p=9342"},"modified":"2020-01-29T06:31:44","modified_gmt":"2020-01-29T05:31:44","slug":"fernmeldeueberwachung-auf-dem-weg-zu-5g","status":null,"type":"post","link":"https:\/\/news.save.ch\/de\/fernmeldeueberwachung-auf-dem-weg-zu-5g\/","title":{"rendered":"Fernmelde\u00fcberwachung: Auf dem Weg zu 5G"},"content":{"rendered":"<figure id=\"attachment_9343\" aria-describedby=\"caption-attachment-9343\" style=\"width: 680px\" class=\"wp-caption aligncenter\"><img loading=\"lazy\" decoding=\"async\" class=\"wp-image-9343 size-medium\" src=\"https:\/\/news.save.ch\/wp-content\/uploads\/2020\/01\/Depositphotos_83786036_s-2019.jpg\" alt=\"Fernmelde\u00fcberwachung\" width=\"680\" height=\"640\" srcset=\"https:\/\/news.save.ch\/wp-content\/uploads\/2020\/01\/Depositphotos_83786036_s-2019.jpg 1000w, https:\/\/news.save.ch\/wp-content\/uploads\/2020\/01\/Depositphotos_83786036_s-2019-319x300.jpg 319w\" sizes=\"auto, (max-width: 680px) 100vw, 680px\" \/><figcaption id=\"caption-attachment-9343\" class=\"wp-caption-text\">\u00a9 depositphotos, ChiccoDodiFC<\/figcaption><\/figure>\n<p>Die Verordnungs\u00e4nderungen betreffen insbesondere die technischen Schnittstellenanforderungen f\u00fcr die Bereitstellung von Ausk\u00fcnften, Echtzeit\u00fcberwachungen und historischen Daten (r\u00fcckwirkenden \u00dcberwachungen) zur \u00dcberwachung von 5G-Mobilfunkdiensten und f\u00fcr die neuen Systemkomponenten des Dienstes \u00dcPF (Infos zu den einzelnen \u00dcberwachungsmassnahmen siehe Infobox).<\/p>\n<p>Weil sich der Telekommunikationsbereich laufend entwickelt, werden auch Standards und Rechtsgrundlagen regelm\u00e4ssig angepasst. Massgebend seien die Standards des Europ\u00e4ischen Instituts f\u00fcr Telekommunikationsnormen (ETSI), so das Justiz- und Polizeidepartement (EJPD). An diesen Standards orientiert sich die Schweiz bei den n\u00f6tigen Rechtsgrundlagen. Die Verordnung und die detaillierten Anh\u00e4nge werden von Zeit zu Zeit revidiert. So sind die aktuellen technischen Einzelheiten allen Mitwirkungspflichtigen (vor allem Fernmeldedienstanbieterinnen) klar und diese k\u00f6nnen die n\u00f6tigen organisatorischen, administrativen und technischen Schritte vornehmen, um die von den Strafverfolgungsbeh\u00f6rden und vom Nachrichtendienst des Bundes (NDB) angeordneten \u00dcberwachungsmassnahmen umzusetzen, wie es abschliessend in der EJPD-Meldung heisst.<\/p>\n<p><em>Quelle: EJPD \/ <a href=\"https:\/\/www.li.admin.ch\/\">Dienst \u00dcPF<\/a><\/em><\/p>\n<blockquote>\n<h3 style=\"background: white; margin: 16.5pt 0cm 8.25pt 0cm;\"><strong><span style=\"font-size: 12pt; font-family: Arial, sans-serif; color: black;\">\u00dcberwachungsmassnahmen und Ausk\u00fcnfte im \u00dcberblick<\/span><\/strong><\/h3>\n<p class=\"nsbtextkasten\" style=\"background: white; box-sizing: border-box; border-radius: 0px; box-shadow: transparent 0px 0px 0px 0px; margin: 0cm 0cm 16.3pt 0cm;\"><b style=\"box-sizing: border-box;\"><span style=\"font-family: 'Arial',sans-serif; color: #454545;\">Echtzeit\u00fcberwachung<\/span><\/b><span style=\"font-family: 'Arial',sans-serif; color: #454545;\"><br style=\"box-sizing: border-box;\" \/>Eine Echtzeit\u00fcberwachung ist die simultane, leicht verz\u00f6gerte oder periodische \u00dcbertragung der Post- oder Fernmeldeverkehrsdaten; z.B. Telefon- oder E-Mail-\u00dcberwachungen (Mith\u00f6ren von Telefonaten bzw. Mitlesen von E-Mails).<br style=\"box-sizing: border-box;\" \/><br style=\"box-sizing: border-box;\" \/><b style=\"box-sizing: border-box;\">R\u00fcckwirkende \u00dcberwachung<\/b><br style=\"box-sizing: border-box;\" \/>Eine r\u00fcckwirkende \u00dcberwachung beinhaltet v. a. die Verbindungsnachweise (wer hat mit wem wann und wie lange telefoniert etc.) der zur\u00fcckliegenden sechs Monate.<br style=\"box-sizing: border-box;\" \/><br style=\"box-sizing: border-box;\" \/><b style=\"box-sizing: border-box;\">Fahndung<\/b><br style=\"box-sizing: border-box;\" \/>Im Rahmen einer Fahndung k\u00f6nnen die Strafverfolgungsbeh\u00f6rden Personen aufsp\u00fcren, gegen die in einem rechtskr\u00e4ftigen und vollstreckbaren Entscheid eine Freiheitsstrafe verh\u00e4ngt oder eine freiheitsentziehende Massnahme angeordnet worden ist.<br style=\"box-sizing: border-box;\" \/><br style=\"box-sizing: border-box;\" \/><b style=\"box-sizing: border-box;\">Notsuche<\/b><br style=\"box-sizing: border-box;\" \/>Ausserhalb von Strafverfahren k\u00f6nnen Massnahmen der Fernmelde\u00fcberwachung angeordnet werden, um vermisste Personen wie z. B. verunfallte Wanderer oder vermisste Kinder zu finden und zu retten.<br style=\"box-sizing: border-box;\" \/><br style=\"box-sizing: border-box;\" \/><b style=\"box-sizing: border-box;\">Einfache Auskunft<\/b><br style=\"box-sizing: border-box;\" \/>Einfache Ausk\u00fcnfte k\u00f6nnen Basisinformationen zu Teilnehmeranschl\u00fcssen (Telefonbuchabfragen) sein oder sie k\u00f6nnen den Beh\u00f6rden \u00fcber Fragen wie &#8222;Welche Telefonnummern sind auf eine bestimmte Person registriert?&#8220; Auskunft geben.<br style=\"box-sizing: border-box;\" \/><br style=\"box-sizing: border-box;\" \/><b style=\"box-sizing: border-box;\">Komplexe Auskunft<\/b><br style=\"box-sizing: border-box;\" \/>Komplexe Ausk\u00fcnfte (ehemals technisch-administrative Ausk\u00fcnfte) liefern weitergehende Informationen zu Fernmeldeanschl\u00fcssen wie Vertrags- oder Ausweiskopien.<\/span><\/p>\n<\/blockquote>\n","protected":false},"excerpt":{"rendered":"<p>Die Verordnungs\u00e4nderungen betreffen insbesondere die technischen Schnittstellenanforderungen f\u00fcr die Bereitstellung von Ausk\u00fcnften, Echtzeit\u00fcberwachungen und historischen Daten (r\u00fcckwirkenden \u00dcberwachungen) zur \u00dcberwachung von 5G-Mobilfunkdiensten und f\u00fcr die neuen Systemkomponenten des Dienstes \u00dcPF (Infos zu den einzelnen \u00dcberwachungsmassnahmen siehe Infobox). Weil sich der Telekommunikationsbereich laufend entwickelt, werden auch Standards und Rechtsgrundlagen regelm\u00e4ssig angepasst. Massgebend seien die Standards des [&hellip;]<\/p>\n","protected":false},"author":8,"featured_media":9343,"comment_status":"closed","ping_status":"closed","sticky":false,"template":"","format":"standard","meta":{"_acf_changed":false,"pgc_sgb_lightbox_settings":"","footnotes":""},"categories":[1],"tags":[641,640,642],"class_list":["post-9342","post","type-post","status-publish","format-standard","has-post-thumbnail","hentry","category-allgemein","tag-echtzeitueberwachung","tag-ejpd","tag-fernmeldeueberwachung"],"acf":[],"hkrextid":null,"publication":null,"issue":null,"workflow":null,"startPage":null,"spitzmarke":null,"_posts_by_tag_page_fields":{"widget_title":"","widget_tags":""},"_at_widget":"1","_yoast_wpseo_primary_category":"1","_yoast_wpseo_focuskw_text_input":"Fernmelde\u00fcberwachung","_yoast_wpseo_opengraph-image":null,"_yoast_wpseo_opengraph-description":null,"_yoast_wpseo_opengraph-title":null,"enclosure":null,"_yoast_wpseo_twitter-title":null,"_yoast_wpseo_twitter-description":null,"_yoast_wpseo_twitter-image":null,"_wp_old_slug":null,"_yoast_wpseo_title":null,"_yoast_wpseo_canonical":null,"yoast_head":"<!-- This site is optimized with the Yoast SEO plugin v27.5 - https:\/\/yoast.com\/product\/yoast-seo-wordpress\/ -->\n<title>Fernmelde\u00fcberwachung: Auf dem Weg zu 5G - Save<\/title>\n<meta name=\"description\" content=\"Das EJPD setzt die revidierte Verordnung \u00fcber die Durchf\u00fchrung der \u00dcberwachung des Post- und Fernmeldeverkehrs (VD-\u00dcPF) auf den 1. M\u00e4rz 2020 in Kraft.\" \/>\n<meta name=\"robots\" content=\"index, follow, max-snippet:-1, max-image-preview:large, max-video-preview:-1\" \/>\n<link rel=\"canonical\" href=\"https:\/\/news.save.ch\/de\/fernmeldeueberwachung-auf-dem-weg-zu-5g\/\" \/>\n<meta property=\"og:locale\" content=\"de_DE\" \/>\n<meta property=\"og:type\" content=\"article\" \/>\n<meta property=\"og:title\" content=\"Fernmelde\u00fcberwachung: Auf dem Weg zu 5G - Save\" \/>\n<meta property=\"og:description\" content=\"Das EJPD setzt die revidierte Verordnung \u00fcber die Durchf\u00fchrung der \u00dcberwachung des Post- und Fernmeldeverkehrs (VD-\u00dcPF) auf den 1. M\u00e4rz 2020 in Kraft.\" \/>\n<meta property=\"og:url\" content=\"https:\/\/news.save.ch\/de\/fernmeldeueberwachung-auf-dem-weg-zu-5g\/\" \/>\n<meta property=\"og:site_name\" content=\"Save\" \/>\n<meta property=\"article:published_time\" content=\"2020-01-29T05:31:44+00:00\" \/>\n<meta property=\"og:image\" content=\"https:\/\/news.save.ch\/wp-content\/uploads\/2020\/01\/Depositphotos_83786036_s-2019.jpg\" \/>\n\t<meta property=\"og:image:width\" content=\"1000\" \/>\n\t<meta property=\"og:image:height\" content=\"941\" \/>\n\t<meta property=\"og:image:type\" content=\"image\/jpeg\" \/>\n<meta name=\"author\" content=\"Roger Str\u00e4ssle\" \/>\n<meta name=\"twitter:card\" content=\"summary_large_image\" \/>\n<meta name=\"twitter:label1\" content=\"Geschrieben von\" \/>\n\t<meta name=\"twitter:data1\" content=\"Roger Str\u00e4ssle\" \/>\n\t<meta name=\"twitter:label2\" content=\"Gesch\u00e4tzte Lesezeit\" \/>\n\t<meta name=\"twitter:data2\" content=\"2\u00a0Minuten\" \/>\n<script type=\"application\/ld+json\" class=\"yoast-schema-graph\">{\"@context\":\"https:\\\/\\\/schema.org\",\"@graph\":[{\"@type\":\"Article\",\"@id\":\"https:\\\/\\\/news.save.ch\\\/fernmeldeueberwachung-auf-dem-weg-zu-5g\\\/#article\",\"isPartOf\":{\"@id\":\"https:\\\/\\\/news.save.ch\\\/fernmeldeueberwachung-auf-dem-weg-zu-5g\\\/\"},\"author\":{\"name\":\"Roger Str\u00e4ssle\",\"@id\":\"https:\\\/\\\/news.save.ch\\\/de\\\/#\\\/schema\\\/person\\\/d5022db048e0e2b9785c50e5b24da5aa\"},\"headline\":\"Fernmelde\u00fcberwachung: Auf dem Weg zu 5G\",\"datePublished\":\"2020-01-29T05:31:44+00:00\",\"mainEntityOfPage\":{\"@id\":\"https:\\\/\\\/news.save.ch\\\/fernmeldeueberwachung-auf-dem-weg-zu-5g\\\/\"},\"wordCount\":345,\"publisher\":{\"@id\":\"https:\\\/\\\/news.save.ch\\\/de\\\/#organization\"},\"image\":{\"@id\":\"https:\\\/\\\/news.save.ch\\\/fernmeldeueberwachung-auf-dem-weg-zu-5g\\\/#primaryimage\"},\"thumbnailUrl\":\"https:\\\/\\\/news.save.ch\\\/wp-content\\\/uploads\\\/2020\\\/01\\\/Depositphotos_83786036_s-2019.jpg\",\"keywords\":[\"Echtzeit\u00fcberwachung\",\"EJPD\",\"Fernmelde\u00fcberwachung\"],\"articleSection\":[\"ALLGEMEIN\"],\"inLanguage\":\"de\"},{\"@type\":\"WebPage\",\"@id\":\"https:\\\/\\\/news.save.ch\\\/fernmeldeueberwachung-auf-dem-weg-zu-5g\\\/\",\"url\":\"https:\\\/\\\/news.save.ch\\\/fernmeldeueberwachung-auf-dem-weg-zu-5g\\\/\",\"name\":\"Fernmelde\u00fcberwachung: Auf dem Weg zu 5G - Save\",\"isPartOf\":{\"@id\":\"https:\\\/\\\/news.save.ch\\\/de\\\/#website\"},\"primaryImageOfPage\":{\"@id\":\"https:\\\/\\\/news.save.ch\\\/fernmeldeueberwachung-auf-dem-weg-zu-5g\\\/#primaryimage\"},\"image\":{\"@id\":\"https:\\\/\\\/news.save.ch\\\/fernmeldeueberwachung-auf-dem-weg-zu-5g\\\/#primaryimage\"},\"thumbnailUrl\":\"https:\\\/\\\/news.save.ch\\\/wp-content\\\/uploads\\\/2020\\\/01\\\/Depositphotos_83786036_s-2019.jpg\",\"datePublished\":\"2020-01-29T05:31:44+00:00\",\"description\":\"Das EJPD setzt die revidierte Verordnung \u00fcber die Durchf\u00fchrung der \u00dcberwachung des Post- und Fernmeldeverkehrs (VD-\u00dcPF) auf den 1. M\u00e4rz 2020 in Kraft.\",\"breadcrumb\":{\"@id\":\"https:\\\/\\\/news.save.ch\\\/fernmeldeueberwachung-auf-dem-weg-zu-5g\\\/#breadcrumb\"},\"inLanguage\":\"de\",\"potentialAction\":[{\"@type\":\"ReadAction\",\"target\":[\"https:\\\/\\\/news.save.ch\\\/fernmeldeueberwachung-auf-dem-weg-zu-5g\\\/\"]}]},{\"@type\":\"ImageObject\",\"inLanguage\":\"de\",\"@id\":\"https:\\\/\\\/news.save.ch\\\/fernmeldeueberwachung-auf-dem-weg-zu-5g\\\/#primaryimage\",\"url\":\"https:\\\/\\\/news.save.ch\\\/wp-content\\\/uploads\\\/2020\\\/01\\\/Depositphotos_83786036_s-2019.jpg\",\"contentUrl\":\"https:\\\/\\\/news.save.ch\\\/wp-content\\\/uploads\\\/2020\\\/01\\\/Depositphotos_83786036_s-2019.jpg\",\"width\":1000,\"height\":941,\"caption\":\"\u00a9 depositphotos, ChiccoDodiFC\"},{\"@type\":\"BreadcrumbList\",\"@id\":\"https:\\\/\\\/news.save.ch\\\/fernmeldeueberwachung-auf-dem-weg-zu-5g\\\/#breadcrumb\",\"itemListElement\":[{\"@type\":\"ListItem\",\"position\":1,\"name\":\"Home\",\"item\":\"https:\\\/\\\/news.save.ch\\\/de\\\/\"},{\"@type\":\"ListItem\",\"position\":2,\"name\":\"Fernmelde\u00fcberwachung: Auf dem Weg zu 5G\"}]},{\"@type\":\"WebSite\",\"@id\":\"https:\\\/\\\/news.save.ch\\\/de\\\/#website\",\"url\":\"https:\\\/\\\/news.save.ch\\\/de\\\/\",\"name\":\"Save\",\"description\":\"Schweizer Fachzeitschrift f\u00fcr Sicherheit\",\"publisher\":{\"@id\":\"https:\\\/\\\/news.save.ch\\\/de\\\/#organization\"},\"potentialAction\":[{\"@type\":\"SearchAction\",\"target\":{\"@type\":\"EntryPoint\",\"urlTemplate\":\"https:\\\/\\\/news.save.ch\\\/de\\\/?s={search_term_string}\"},\"query-input\":{\"@type\":\"PropertyValueSpecification\",\"valueRequired\":true,\"valueName\":\"search_term_string\"}}],\"inLanguage\":\"de\"},{\"@type\":\"Organization\",\"@id\":\"https:\\\/\\\/news.save.ch\\\/de\\\/#organization\",\"name\":\"Sicherheitsforum\",\"url\":\"https:\\\/\\\/news.save.ch\\\/de\\\/\",\"logo\":{\"@type\":\"ImageObject\",\"inLanguage\":\"de\",\"@id\":\"https:\\\/\\\/news.save.ch\\\/de\\\/#\\\/schema\\\/logo\\\/image\\\/\",\"url\":\"https:\\\/\\\/news.save.ch\\\/wp-content\\\/uploads\\\/2022\\\/06\\\/Logo_SF_2012.png\",\"contentUrl\":\"https:\\\/\\\/news.save.ch\\\/wp-content\\\/uploads\\\/2022\\\/06\\\/Logo_SF_2012.png\",\"width\":1100,\"height\":91,\"caption\":\"Sicherheitsforum\"},\"image\":{\"@id\":\"https:\\\/\\\/news.save.ch\\\/de\\\/#\\\/schema\\\/logo\\\/image\\\/\"}},{\"@type\":\"Person\",\"@id\":\"https:\\\/\\\/news.save.ch\\\/de\\\/#\\\/schema\\\/person\\\/d5022db048e0e2b9785c50e5b24da5aa\",\"name\":\"Roger Str\u00e4ssle\",\"image\":{\"@type\":\"ImageObject\",\"inLanguage\":\"de\",\"@id\":\"https:\\\/\\\/secure.gravatar.com\\\/avatar\\\/862a5569d087de48e5856e32f45d719a03804c891d6deb8d4f71a660e79e4a47?s=96&d=mm&r=g\",\"url\":\"https:\\\/\\\/secure.gravatar.com\\\/avatar\\\/862a5569d087de48e5856e32f45d719a03804c891d6deb8d4f71a660e79e4a47?s=96&d=mm&r=g\",\"contentUrl\":\"https:\\\/\\\/secure.gravatar.com\\\/avatar\\\/862a5569d087de48e5856e32f45d719a03804c891d6deb8d4f71a660e79e4a47?s=96&d=mm&r=g\",\"caption\":\"Roger Str\u00e4ssle\"},\"url\":\"https:\\\/\\\/news.save.ch\\\/de\\\/author\\\/roger-straessle\\\/\"}]}<\/script>\n<!-- \/ Yoast SEO plugin. -->","yoast_head_json":{"title":"Fernmelde\u00fcberwachung: Auf dem Weg zu 5G - Save","description":"Das EJPD setzt die revidierte Verordnung \u00fcber die Durchf\u00fchrung der \u00dcberwachung des Post- und Fernmeldeverkehrs (VD-\u00dcPF) auf den 1. M\u00e4rz 2020 in Kraft.","robots":{"index":"index","follow":"follow","max-snippet":"max-snippet:-1","max-image-preview":"max-image-preview:large","max-video-preview":"max-video-preview:-1"},"canonical":"https:\/\/news.save.ch\/de\/fernmeldeueberwachung-auf-dem-weg-zu-5g\/","og_locale":"de_DE","og_type":"article","og_title":"Fernmelde\u00fcberwachung: Auf dem Weg zu 5G - Save","og_description":"Das EJPD setzt die revidierte Verordnung \u00fcber die Durchf\u00fchrung der \u00dcberwachung des Post- und Fernmeldeverkehrs (VD-\u00dcPF) auf den 1. M\u00e4rz 2020 in Kraft.","og_url":"https:\/\/news.save.ch\/de\/fernmeldeueberwachung-auf-dem-weg-zu-5g\/","og_site_name":"Save","article_published_time":"2020-01-29T05:31:44+00:00","og_image":[{"width":1000,"height":941,"url":"https:\/\/news.save.ch\/wp-content\/uploads\/2020\/01\/Depositphotos_83786036_s-2019.jpg","type":"image\/jpeg"}],"author":"Roger Str\u00e4ssle","twitter_card":"summary_large_image","twitter_misc":{"Geschrieben von":"Roger Str\u00e4ssle","Gesch\u00e4tzte Lesezeit":"2\u00a0Minuten"},"schema":{"@context":"https:\/\/schema.org","@graph":[{"@type":"Article","@id":"https:\/\/news.save.ch\/fernmeldeueberwachung-auf-dem-weg-zu-5g\/#article","isPartOf":{"@id":"https:\/\/news.save.ch\/fernmeldeueberwachung-auf-dem-weg-zu-5g\/"},"author":{"name":"Roger Str\u00e4ssle","@id":"https:\/\/news.save.ch\/de\/#\/schema\/person\/d5022db048e0e2b9785c50e5b24da5aa"},"headline":"Fernmelde\u00fcberwachung: Auf dem Weg zu 5G","datePublished":"2020-01-29T05:31:44+00:00","mainEntityOfPage":{"@id":"https:\/\/news.save.ch\/fernmeldeueberwachung-auf-dem-weg-zu-5g\/"},"wordCount":345,"publisher":{"@id":"https:\/\/news.save.ch\/de\/#organization"},"image":{"@id":"https:\/\/news.save.ch\/fernmeldeueberwachung-auf-dem-weg-zu-5g\/#primaryimage"},"thumbnailUrl":"https:\/\/news.save.ch\/wp-content\/uploads\/2020\/01\/Depositphotos_83786036_s-2019.jpg","keywords":["Echtzeit\u00fcberwachung","EJPD","Fernmelde\u00fcberwachung"],"articleSection":["ALLGEMEIN"],"inLanguage":"de"},{"@type":"WebPage","@id":"https:\/\/news.save.ch\/fernmeldeueberwachung-auf-dem-weg-zu-5g\/","url":"https:\/\/news.save.ch\/fernmeldeueberwachung-auf-dem-weg-zu-5g\/","name":"Fernmelde\u00fcberwachung: Auf dem Weg zu 5G - Save","isPartOf":{"@id":"https:\/\/news.save.ch\/de\/#website"},"primaryImageOfPage":{"@id":"https:\/\/news.save.ch\/fernmeldeueberwachung-auf-dem-weg-zu-5g\/#primaryimage"},"image":{"@id":"https:\/\/news.save.ch\/fernmeldeueberwachung-auf-dem-weg-zu-5g\/#primaryimage"},"thumbnailUrl":"https:\/\/news.save.ch\/wp-content\/uploads\/2020\/01\/Depositphotos_83786036_s-2019.jpg","datePublished":"2020-01-29T05:31:44+00:00","description":"Das EJPD setzt die revidierte Verordnung \u00fcber die Durchf\u00fchrung der \u00dcberwachung des Post- und Fernmeldeverkehrs (VD-\u00dcPF) auf den 1. M\u00e4rz 2020 in Kraft.","breadcrumb":{"@id":"https:\/\/news.save.ch\/fernmeldeueberwachung-auf-dem-weg-zu-5g\/#breadcrumb"},"inLanguage":"de","potentialAction":[{"@type":"ReadAction","target":["https:\/\/news.save.ch\/fernmeldeueberwachung-auf-dem-weg-zu-5g\/"]}]},{"@type":"ImageObject","inLanguage":"de","@id":"https:\/\/news.save.ch\/fernmeldeueberwachung-auf-dem-weg-zu-5g\/#primaryimage","url":"https:\/\/news.save.ch\/wp-content\/uploads\/2020\/01\/Depositphotos_83786036_s-2019.jpg","contentUrl":"https:\/\/news.save.ch\/wp-content\/uploads\/2020\/01\/Depositphotos_83786036_s-2019.jpg","width":1000,"height":941,"caption":"\u00a9 depositphotos, ChiccoDodiFC"},{"@type":"BreadcrumbList","@id":"https:\/\/news.save.ch\/fernmeldeueberwachung-auf-dem-weg-zu-5g\/#breadcrumb","itemListElement":[{"@type":"ListItem","position":1,"name":"Home","item":"https:\/\/news.save.ch\/de\/"},{"@type":"ListItem","position":2,"name":"Fernmelde\u00fcberwachung: Auf dem Weg zu 5G"}]},{"@type":"WebSite","@id":"https:\/\/news.save.ch\/de\/#website","url":"https:\/\/news.save.ch\/de\/","name":"Save","description":"Schweizer Fachzeitschrift f\u00fcr Sicherheit","publisher":{"@id":"https:\/\/news.save.ch\/de\/#organization"},"potentialAction":[{"@type":"SearchAction","target":{"@type":"EntryPoint","urlTemplate":"https:\/\/news.save.ch\/de\/?s={search_term_string}"},"query-input":{"@type":"PropertyValueSpecification","valueRequired":true,"valueName":"search_term_string"}}],"inLanguage":"de"},{"@type":"Organization","@id":"https:\/\/news.save.ch\/de\/#organization","name":"Sicherheitsforum","url":"https:\/\/news.save.ch\/de\/","logo":{"@type":"ImageObject","inLanguage":"de","@id":"https:\/\/news.save.ch\/de\/#\/schema\/logo\/image\/","url":"https:\/\/news.save.ch\/wp-content\/uploads\/2022\/06\/Logo_SF_2012.png","contentUrl":"https:\/\/news.save.ch\/wp-content\/uploads\/2022\/06\/Logo_SF_2012.png","width":1100,"height":91,"caption":"Sicherheitsforum"},"image":{"@id":"https:\/\/news.save.ch\/de\/#\/schema\/logo\/image\/"}},{"@type":"Person","@id":"https:\/\/news.save.ch\/de\/#\/schema\/person\/d5022db048e0e2b9785c50e5b24da5aa","name":"Roger Str\u00e4ssle","image":{"@type":"ImageObject","inLanguage":"de","@id":"https:\/\/secure.gravatar.com\/avatar\/862a5569d087de48e5856e32f45d719a03804c891d6deb8d4f71a660e79e4a47?s=96&d=mm&r=g","url":"https:\/\/secure.gravatar.com\/avatar\/862a5569d087de48e5856e32f45d719a03804c891d6deb8d4f71a660e79e4a47?s=96&d=mm&r=g","contentUrl":"https:\/\/secure.gravatar.com\/avatar\/862a5569d087de48e5856e32f45d719a03804c891d6deb8d4f71a660e79e4a47?s=96&d=mm&r=g","caption":"Roger Str\u00e4ssle"},"url":"https:\/\/news.save.ch\/de\/author\/roger-straessle\/"}]}},"_links":{"self":[{"href":"https:\/\/news.save.ch\/de\/wp-json\/wp\/v2\/posts\/9342","targetHints":{"allow":["GET"]}}],"collection":[{"href":"https:\/\/news.save.ch\/de\/wp-json\/wp\/v2\/posts"}],"about":[{"href":"https:\/\/news.save.ch\/de\/wp-json\/wp\/v2\/types\/post"}],"author":[{"embeddable":true,"href":"https:\/\/news.save.ch\/de\/wp-json\/wp\/v2\/users\/8"}],"replies":[{"embeddable":true,"href":"https:\/\/news.save.ch\/de\/wp-json\/wp\/v2\/comments?post=9342"}],"version-history":[{"count":0,"href":"https:\/\/news.save.ch\/de\/wp-json\/wp\/v2\/posts\/9342\/revisions"}],"wp:featuredmedia":[{"embeddable":true,"href":"https:\/\/news.save.ch\/de\/wp-json\/wp\/v2\/media\/9343"}],"wp:attachment":[{"href":"https:\/\/news.save.ch\/de\/wp-json\/wp\/v2\/media?parent=9342"}],"wp:term":[{"taxonomy":"category","embeddable":true,"href":"https:\/\/news.save.ch\/de\/wp-json\/wp\/v2\/categories?post=9342"},{"taxonomy":"post_tag","embeddable":true,"href":"https:\/\/news.save.ch\/de\/wp-json\/wp\/v2\/tags?post=9342"}],"curies":[{"name":"wp","href":"https:\/\/api.w.org\/{rel}","templated":true}]}}