{"id":9925,"date":"2020-04-06T15:06:28","date_gmt":"2020-04-06T13:06:28","guid":{"rendered":"https:\/\/news.save.ch\/?p=9925"},"modified":"2023-03-14T08:59:19","modified_gmt":"2023-03-14T07:59:19","slug":"umstrittene-corona-ueberwachung-fuer-virtuelle-patrouillen","status":null,"type":"post","link":"https:\/\/news.save.ch\/de\/umstrittene-corona-ueberwachung-fuer-virtuelle-patrouillen\/","title":{"rendered":"Umstrittene Corona-\u00dcberwachung"},"content":{"rendered":"<figure id=\"attachment_9926\" aria-describedby=\"caption-attachment-9926\" style=\"width: 680px\" class=\"wp-caption aligncenter\"><img loading=\"lazy\" decoding=\"async\" class=\"wp-image-9926 size-medium\" src=\"https:\/\/news.save.ch\/wp-content\/uploads\/2020\/04\/ueberwachung-scaled-1.jpg\" alt=\"Video\u00fcberwachung\" width=\"680\" height=\"453\" \/><figcaption id=\"caption-attachment-9926\" class=\"wp-caption-text\">Hier ein Bild aus Z\u00fcrich. Im Kanton Aargau will man Personenansammlungen auch mit virtuellen Patrouillen \u00fcberwachen. Foto: R. Str\u00e4ssle<\/figcaption><\/figure>\n<p>&nbsp;<\/p>\n<p>In Ausnahmezeiten schalten die Beh\u00f6rden schon mal den \u00abTurbo\u00bb im Kampf gegen das Coronavirus ein. So geschehen im Kanton Aargau, der sich das Recht herausnimmt, verst\u00e4rkt mit Video\u00fcberwachung zu arbeiten. Gest\u00fctzt auf die kantonale <a href=\"https:\/\/www.ag.ch\/media\/kanton_aargau\/themen_1\/coronavirus_1\/merkblaetter\/200402_Erlaeuterungen_Sonderverordnung_1.pdf\">Sonderverordnung<\/a> vom 1. April 2020 k\u00f6nnen deshalb auch optische-elektronische \u00dcberwachungsanlagen eingesetzt werden. Konkret heisst es dazu im Abschnitt \u00abVideo\u00fcberwachung im \u00f6ffentlichen Raum\u00bb: \u00abEs soll der Polizei erlaubt werden, zur effizienten Erf\u00fcllung ihrer Aufgaben tempor\u00e4r die bestehenden bewilligten Video\u00fcberwachungsanlagen des \u00f6ffentlichen Raums, die \u00fcber eine Echtzeit\u00fcberwachung verf\u00fcgen, f\u00fcr virtuelle Patrouillen zu nutzen.<\/p>\n<p>Die Polizei soll zudem ohne Bewilligung der Beauftragten f\u00fcr \u00d6ffentlichkeit und Datenschutz neue, zus\u00e4tzliche optisch-elektronische \u00dcberwachungsanlagen zur Echtzeit\u00fcberwachung einsetzen d\u00fcrfen. Diese Anlagen sind nach Aufhebung der Massnahmen gem\u00e4ss Art. 6 und 7c der Covid19-Verordnung 2 zu entfernen.\u00bb<\/p>\n<p>Zus\u00e4tzlich steht in der Sonderverordnung, dass es analog zu bestehenden bewilligten Video\u00fcberwachungsanlagen nicht um eine verdeckte \u00dcberwachung handeln solle, sondern um eine offene \u00dcberwachung, die pr\u00e4ventive Zwecke erf\u00fclle und der Polizei rasche und zielgerichtete Eins\u00e4tze erlaube. Die \u00dcberwachung sei daher durch geeignete Massnahmen, beispielsweise Hinweistafeln, erkennbar zu machen.<\/p>\n<p><strong>Welcher Nutzen? <\/strong><\/p>\n<p>\u00dcberwachungsmassnahmen und digitale Hilfsmittel k\u00f6nnen bei der Bek\u00e4mpfung des Coronavirus helfen. <a href=\"https:\/\/www.amnesty.ch\/de\">Amnesty International<\/a>, die <a href=\"https:\/\/www.digitale-gesellschaft.ch\/\">Digitale Gesellschaft<\/a> und die <a href=\"https:\/\/www.konsumentenschutz.ch\/\">Stiftung f\u00fcr Konsumentenschutz<\/a> fordern jedoch, dass die Verh\u00e4ltnism\u00e4ssigkeit bei allen Eingriffen in die Pers\u00f6nlichkeits\u00adrechte gewahrt bleibt, wie die Organisationen in einer gemeinsamen Erkl\u00e4rung fordern. Schliesslich gelte dieser rechtsstaatliche Grundsatz auch im Ausnahmezustand.<\/p>\n<p>Die drei Organisationen vermissen in der Stellungnahme des Regierungsrats des Kantons Aargau insbesondere eine Begr\u00fcndung, weshalb nebst den bestehenden Massnahmen wie Verbote von Ansammlungen, Polizei-Patrouillen, Bussen und Sperrung von Parkanlagen zus\u00e4tzlich die Video\u00fcberwachung eingesetzt werden m\u00fcsse. Die Digitale Gesellschaft weist darauf hin, dass solch \u00abvirtuellen Patrouillen\u00bb nicht direkt einschreiten k\u00f6nnten und die Video\u00fcberwachung f\u00fchre in ihrer pr\u00e4ventiven Wirkung h\u00f6chstens dazu, dass sich die Menschen an einem anderen, nicht \u00fcberwachten Ort treffen w\u00fcrden.<\/p>\n<p>Das \u00f6ffentliche Leben in Echtzeit zu \u00fcberwachen, gehe weit \u00fcber Massnahmen hinaus, mit denen mittels anonymisierter und aggregierter Handy-Standortdaten, Ansammlungen von Personen oder Bewegungsstr\u00f6me erfasst werden k\u00f6nnten, betont die Organisation, die sich f\u00fcr <a href=\"https:\/\/www.digitale-gesellschaft.ch\/2018\/12\/17\/engagement-fuer-digitale-grundrechte-werde-mitglied-oder-spenderin-der-digitalen-gesellschaft-2\/\">Freiheitsrechte in einer vernetzten Welt<\/a>\u00a0einsetzt. Gem\u00e4ss ihr sind keine speziellen Umst\u00e4nde im Aargau ersichtlich, welche eine solche Massnahme im Vergleich zu anderen Kantonen n\u00f6tig machen w\u00fcrden. Es bestehe jedoch die Gefahr, dass die Video-Echtzeit\u00fcberwachung auch nach Ende der Pandemie als \u00abnormale\u00bb \u00dcberwachungsmassnahme eingesetzt w\u00fcrde, schreibt die Digitale Gesellschaft. Sie fordert den Regierungsrat auf, diese unverh\u00e4ltnism\u00e4ssige \u00abMassen\u00fcberwachung\u00bb r\u00fcckg\u00e4ngig zu machen. <em>(rs)<\/em><\/p>\n<p>&nbsp;<\/p>\n","protected":false},"excerpt":{"rendered":"<p>&nbsp; In Ausnahmezeiten schalten die Beh\u00f6rden schon mal den \u00abTurbo\u00bb im Kampf gegen das Coronavirus ein. So geschehen im Kanton Aargau, der sich das Recht herausnimmt, verst\u00e4rkt mit Video\u00fcberwachung zu arbeiten. Gest\u00fctzt auf die kantonale Sonderverordnung vom 1. April 2020 k\u00f6nnen deshalb auch optische-elektronische \u00dcberwachungsanlagen eingesetzt werden. Konkret heisst es dazu im Abschnitt \u00abVideo\u00fcberwachung im [&hellip;]<\/p>\n","protected":false},"author":8,"featured_media":9926,"comment_status":"closed","ping_status":"closed","sticky":false,"template":"","format":"standard","meta":{"_acf_changed":false,"pgc_sgb_lightbox_settings":"","footnotes":""},"categories":[3312],"tags":[791,632,792,55,78,793],"class_list":["post-9925","post","type-post","status-publish","format-standard","has-post-thumbnail","hentry","category-sicherheit","tag-coronaviruas","tag-covid-19","tag-kanton-aargau","tag-ueberwachung","tag-videoueberwachung","tag-virtuelle-patrouillen"],"acf":[],"hkrextid":null,"publication":null,"issue":null,"workflow":null,"startPage":null,"spitzmarke":null,"_posts_by_tag_page_fields":{"widget_title":"","widget_tags":""},"_at_widget":"1","_yoast_wpseo_primary_category":"529","_yoast_wpseo_focuskw_text_input":"Video\u00fcberwachung","_yoast_wpseo_opengraph-image":null,"_yoast_wpseo_opengraph-description":null,"_yoast_wpseo_opengraph-title":null,"enclosure":null,"_yoast_wpseo_twitter-title":null,"_yoast_wpseo_twitter-description":null,"_yoast_wpseo_twitter-image":null,"_wp_old_slug":null,"_yoast_wpseo_title":null,"_yoast_wpseo_canonical":null,"yoast_head":"<!-- This site is optimized with the Yoast SEO plugin v27.5 - https:\/\/yoast.com\/product\/yoast-seo-wordpress\/ -->\n<title>Umstrittene Corona-\u00dcberwachung - Save<\/title>\n<meta name=\"robots\" content=\"index, follow, max-snippet:-1, max-image-preview:large, max-video-preview:-1\" \/>\n<link rel=\"canonical\" href=\"https:\/\/news.save.ch\/de\/umstrittene-corona-ueberwachung-fuer-virtuelle-patrouillen\/\" \/>\n<meta property=\"og:locale\" content=\"de_DE\" \/>\n<meta property=\"og:type\" content=\"article\" \/>\n<meta property=\"og:title\" content=\"Umstrittene Corona-\u00dcberwachung - Save\" \/>\n<meta property=\"og:description\" content=\"&nbsp; In Ausnahmezeiten schalten die Beh\u00f6rden schon mal den \u00abTurbo\u00bb im Kampf gegen das Coronavirus ein. So geschehen im Kanton Aargau, der sich das Recht herausnimmt, verst\u00e4rkt mit Video\u00fcberwachung zu arbeiten. Gest\u00fctzt auf die kantonale Sonderverordnung vom 1. April 2020 k\u00f6nnen deshalb auch optische-elektronische \u00dcberwachungsanlagen eingesetzt werden. Konkret heisst es dazu im Abschnitt \u00abVideo\u00fcberwachung im [&hellip;]\" \/>\n<meta property=\"og:url\" content=\"https:\/\/news.save.ch\/de\/umstrittene-corona-ueberwachung-fuer-virtuelle-patrouillen\/\" \/>\n<meta property=\"og:site_name\" content=\"Save\" \/>\n<meta property=\"article:published_time\" content=\"2020-04-06T13:06:28+00:00\" \/>\n<meta property=\"article:modified_time\" content=\"2023-03-14T07:59:19+00:00\" \/>\n<meta property=\"og:image\" content=\"https:\/\/news.save.ch\/wp-content\/uploads\/2020\/04\/ueberwachung-scaled-1-scaled.jpg\" \/>\n\t<meta property=\"og:image:width\" content=\"1400\" \/>\n\t<meta property=\"og:image:height\" content=\"934\" \/>\n\t<meta property=\"og:image:type\" content=\"image\/jpeg\" \/>\n<meta name=\"author\" content=\"Roger Str\u00e4ssle\" \/>\n<meta name=\"twitter:card\" content=\"summary_large_image\" \/>\n<meta name=\"twitter:label1\" content=\"Geschrieben von\" \/>\n\t<meta name=\"twitter:data1\" content=\"Roger Str\u00e4ssle\" \/>\n\t<meta name=\"twitter:label2\" content=\"Gesch\u00e4tzte Lesezeit\" \/>\n\t<meta name=\"twitter:data2\" content=\"2\u00a0Minuten\" \/>\n<script type=\"application\/ld+json\" class=\"yoast-schema-graph\">{\"@context\":\"https:\\\/\\\/schema.org\",\"@graph\":[{\"@type\":\"Article\",\"@id\":\"https:\\\/\\\/news.save.ch\\\/umstrittene-corona-ueberwachung-fuer-virtuelle-patrouillen\\\/#article\",\"isPartOf\":{\"@id\":\"https:\\\/\\\/news.save.ch\\\/umstrittene-corona-ueberwachung-fuer-virtuelle-patrouillen\\\/\"},\"author\":{\"name\":\"Roger Str\u00e4ssle\",\"@id\":\"https:\\\/\\\/news.save.ch\\\/de\\\/#\\\/schema\\\/person\\\/d5022db048e0e2b9785c50e5b24da5aa\"},\"headline\":\"Umstrittene Corona-\u00dcberwachung\",\"datePublished\":\"2020-04-06T13:06:28+00:00\",\"dateModified\":\"2023-03-14T07:59:19+00:00\",\"mainEntityOfPage\":{\"@id\":\"https:\\\/\\\/news.save.ch\\\/umstrittene-corona-ueberwachung-fuer-virtuelle-patrouillen\\\/\"},\"wordCount\":472,\"publisher\":{\"@id\":\"https:\\\/\\\/news.save.ch\\\/de\\\/#organization\"},\"image\":{\"@id\":\"https:\\\/\\\/news.save.ch\\\/umstrittene-corona-ueberwachung-fuer-virtuelle-patrouillen\\\/#primaryimage\"},\"thumbnailUrl\":\"https:\\\/\\\/news.save.ch\\\/wp-content\\\/uploads\\\/2020\\\/04\\\/ueberwachung-scaled-1-scaled.jpg\",\"keywords\":[\"Coronaviruas\",\"Covid-19\",\"Kanton Aargau\",\"\u00dcberwachung\",\"Video\u00fcberwachung\",\"virtuelle Patrouillen\"],\"articleSection\":[\"SICHERHEIT\"],\"inLanguage\":\"de\"},{\"@type\":\"WebPage\",\"@id\":\"https:\\\/\\\/news.save.ch\\\/umstrittene-corona-ueberwachung-fuer-virtuelle-patrouillen\\\/\",\"url\":\"https:\\\/\\\/news.save.ch\\\/umstrittene-corona-ueberwachung-fuer-virtuelle-patrouillen\\\/\",\"name\":\"Umstrittene Corona-\u00dcberwachung - Save\",\"isPartOf\":{\"@id\":\"https:\\\/\\\/news.save.ch\\\/de\\\/#website\"},\"primaryImageOfPage\":{\"@id\":\"https:\\\/\\\/news.save.ch\\\/umstrittene-corona-ueberwachung-fuer-virtuelle-patrouillen\\\/#primaryimage\"},\"image\":{\"@id\":\"https:\\\/\\\/news.save.ch\\\/umstrittene-corona-ueberwachung-fuer-virtuelle-patrouillen\\\/#primaryimage\"},\"thumbnailUrl\":\"https:\\\/\\\/news.save.ch\\\/wp-content\\\/uploads\\\/2020\\\/04\\\/ueberwachung-scaled-1-scaled.jpg\",\"datePublished\":\"2020-04-06T13:06:28+00:00\",\"dateModified\":\"2023-03-14T07:59:19+00:00\",\"breadcrumb\":{\"@id\":\"https:\\\/\\\/news.save.ch\\\/umstrittene-corona-ueberwachung-fuer-virtuelle-patrouillen\\\/#breadcrumb\"},\"inLanguage\":\"de\",\"potentialAction\":[{\"@type\":\"ReadAction\",\"target\":[\"https:\\\/\\\/news.save.ch\\\/umstrittene-corona-ueberwachung-fuer-virtuelle-patrouillen\\\/\"]}]},{\"@type\":\"ImageObject\",\"inLanguage\":\"de\",\"@id\":\"https:\\\/\\\/news.save.ch\\\/umstrittene-corona-ueberwachung-fuer-virtuelle-patrouillen\\\/#primaryimage\",\"url\":\"https:\\\/\\\/news.save.ch\\\/wp-content\\\/uploads\\\/2020\\\/04\\\/ueberwachung-scaled-1-scaled.jpg\",\"contentUrl\":\"https:\\\/\\\/news.save.ch\\\/wp-content\\\/uploads\\\/2020\\\/04\\\/ueberwachung-scaled-1-scaled.jpg\",\"width\":1400,\"height\":934,\"caption\":\"Hier ein Bild aus Z\u00fcrich. Im Kanton Aargau \u00fcberwacht man Personenansammlungen auch mit virtuellen Patrouillen. Der Foto: R. Str\u00e4ssle\"},{\"@type\":\"BreadcrumbList\",\"@id\":\"https:\\\/\\\/news.save.ch\\\/umstrittene-corona-ueberwachung-fuer-virtuelle-patrouillen\\\/#breadcrumb\",\"itemListElement\":[{\"@type\":\"ListItem\",\"position\":1,\"name\":\"Home\",\"item\":\"https:\\\/\\\/news.save.ch\\\/de\\\/\"},{\"@type\":\"ListItem\",\"position\":2,\"name\":\"Umstrittene Corona-\u00dcberwachung\"}]},{\"@type\":\"WebSite\",\"@id\":\"https:\\\/\\\/news.save.ch\\\/de\\\/#website\",\"url\":\"https:\\\/\\\/news.save.ch\\\/de\\\/\",\"name\":\"Save\",\"description\":\"Schweizer Fachzeitschrift f\u00fcr Sicherheit\",\"publisher\":{\"@id\":\"https:\\\/\\\/news.save.ch\\\/de\\\/#organization\"},\"potentialAction\":[{\"@type\":\"SearchAction\",\"target\":{\"@type\":\"EntryPoint\",\"urlTemplate\":\"https:\\\/\\\/news.save.ch\\\/de\\\/?s={search_term_string}\"},\"query-input\":{\"@type\":\"PropertyValueSpecification\",\"valueRequired\":true,\"valueName\":\"search_term_string\"}}],\"inLanguage\":\"de\"},{\"@type\":\"Organization\",\"@id\":\"https:\\\/\\\/news.save.ch\\\/de\\\/#organization\",\"name\":\"Sicherheitsforum\",\"url\":\"https:\\\/\\\/news.save.ch\\\/de\\\/\",\"logo\":{\"@type\":\"ImageObject\",\"inLanguage\":\"de\",\"@id\":\"https:\\\/\\\/news.save.ch\\\/de\\\/#\\\/schema\\\/logo\\\/image\\\/\",\"url\":\"https:\\\/\\\/news.save.ch\\\/wp-content\\\/uploads\\\/2022\\\/06\\\/Logo_SF_2012.png\",\"contentUrl\":\"https:\\\/\\\/news.save.ch\\\/wp-content\\\/uploads\\\/2022\\\/06\\\/Logo_SF_2012.png\",\"width\":1100,\"height\":91,\"caption\":\"Sicherheitsforum\"},\"image\":{\"@id\":\"https:\\\/\\\/news.save.ch\\\/de\\\/#\\\/schema\\\/logo\\\/image\\\/\"}},{\"@type\":\"Person\",\"@id\":\"https:\\\/\\\/news.save.ch\\\/de\\\/#\\\/schema\\\/person\\\/d5022db048e0e2b9785c50e5b24da5aa\",\"name\":\"Roger Str\u00e4ssle\",\"image\":{\"@type\":\"ImageObject\",\"inLanguage\":\"de\",\"@id\":\"https:\\\/\\\/secure.gravatar.com\\\/avatar\\\/862a5569d087de48e5856e32f45d719a03804c891d6deb8d4f71a660e79e4a47?s=96&d=mm&r=g\",\"url\":\"https:\\\/\\\/secure.gravatar.com\\\/avatar\\\/862a5569d087de48e5856e32f45d719a03804c891d6deb8d4f71a660e79e4a47?s=96&d=mm&r=g\",\"contentUrl\":\"https:\\\/\\\/secure.gravatar.com\\\/avatar\\\/862a5569d087de48e5856e32f45d719a03804c891d6deb8d4f71a660e79e4a47?s=96&d=mm&r=g\",\"caption\":\"Roger Str\u00e4ssle\"},\"url\":\"https:\\\/\\\/news.save.ch\\\/de\\\/author\\\/roger-straessle\\\/\"}]}<\/script>\n<!-- \/ Yoast SEO plugin. -->","yoast_head_json":{"title":"Umstrittene Corona-\u00dcberwachung - Save","robots":{"index":"index","follow":"follow","max-snippet":"max-snippet:-1","max-image-preview":"max-image-preview:large","max-video-preview":"max-video-preview:-1"},"canonical":"https:\/\/news.save.ch\/de\/umstrittene-corona-ueberwachung-fuer-virtuelle-patrouillen\/","og_locale":"de_DE","og_type":"article","og_title":"Umstrittene Corona-\u00dcberwachung - Save","og_description":"&nbsp; In Ausnahmezeiten schalten die Beh\u00f6rden schon mal den \u00abTurbo\u00bb im Kampf gegen das Coronavirus ein. So geschehen im Kanton Aargau, der sich das Recht herausnimmt, verst\u00e4rkt mit Video\u00fcberwachung zu arbeiten. Gest\u00fctzt auf die kantonale Sonderverordnung vom 1. April 2020 k\u00f6nnen deshalb auch optische-elektronische \u00dcberwachungsanlagen eingesetzt werden. Konkret heisst es dazu im Abschnitt \u00abVideo\u00fcberwachung im [&hellip;]","og_url":"https:\/\/news.save.ch\/de\/umstrittene-corona-ueberwachung-fuer-virtuelle-patrouillen\/","og_site_name":"Save","article_published_time":"2020-04-06T13:06:28+00:00","article_modified_time":"2023-03-14T07:59:19+00:00","og_image":[{"width":1400,"height":934,"url":"https:\/\/news.save.ch\/wp-content\/uploads\/2020\/04\/ueberwachung-scaled-1-scaled.jpg","type":"image\/jpeg"}],"author":"Roger Str\u00e4ssle","twitter_card":"summary_large_image","twitter_misc":{"Geschrieben von":"Roger Str\u00e4ssle","Gesch\u00e4tzte Lesezeit":"2\u00a0Minuten"},"schema":{"@context":"https:\/\/schema.org","@graph":[{"@type":"Article","@id":"https:\/\/news.save.ch\/umstrittene-corona-ueberwachung-fuer-virtuelle-patrouillen\/#article","isPartOf":{"@id":"https:\/\/news.save.ch\/umstrittene-corona-ueberwachung-fuer-virtuelle-patrouillen\/"},"author":{"name":"Roger Str\u00e4ssle","@id":"https:\/\/news.save.ch\/de\/#\/schema\/person\/d5022db048e0e2b9785c50e5b24da5aa"},"headline":"Umstrittene Corona-\u00dcberwachung","datePublished":"2020-04-06T13:06:28+00:00","dateModified":"2023-03-14T07:59:19+00:00","mainEntityOfPage":{"@id":"https:\/\/news.save.ch\/umstrittene-corona-ueberwachung-fuer-virtuelle-patrouillen\/"},"wordCount":472,"publisher":{"@id":"https:\/\/news.save.ch\/de\/#organization"},"image":{"@id":"https:\/\/news.save.ch\/umstrittene-corona-ueberwachung-fuer-virtuelle-patrouillen\/#primaryimage"},"thumbnailUrl":"https:\/\/news.save.ch\/wp-content\/uploads\/2020\/04\/ueberwachung-scaled-1-scaled.jpg","keywords":["Coronaviruas","Covid-19","Kanton Aargau","\u00dcberwachung","Video\u00fcberwachung","virtuelle Patrouillen"],"articleSection":["SICHERHEIT"],"inLanguage":"de"},{"@type":"WebPage","@id":"https:\/\/news.save.ch\/umstrittene-corona-ueberwachung-fuer-virtuelle-patrouillen\/","url":"https:\/\/news.save.ch\/umstrittene-corona-ueberwachung-fuer-virtuelle-patrouillen\/","name":"Umstrittene Corona-\u00dcberwachung - Save","isPartOf":{"@id":"https:\/\/news.save.ch\/de\/#website"},"primaryImageOfPage":{"@id":"https:\/\/news.save.ch\/umstrittene-corona-ueberwachung-fuer-virtuelle-patrouillen\/#primaryimage"},"image":{"@id":"https:\/\/news.save.ch\/umstrittene-corona-ueberwachung-fuer-virtuelle-patrouillen\/#primaryimage"},"thumbnailUrl":"https:\/\/news.save.ch\/wp-content\/uploads\/2020\/04\/ueberwachung-scaled-1-scaled.jpg","datePublished":"2020-04-06T13:06:28+00:00","dateModified":"2023-03-14T07:59:19+00:00","breadcrumb":{"@id":"https:\/\/news.save.ch\/umstrittene-corona-ueberwachung-fuer-virtuelle-patrouillen\/#breadcrumb"},"inLanguage":"de","potentialAction":[{"@type":"ReadAction","target":["https:\/\/news.save.ch\/umstrittene-corona-ueberwachung-fuer-virtuelle-patrouillen\/"]}]},{"@type":"ImageObject","inLanguage":"de","@id":"https:\/\/news.save.ch\/umstrittene-corona-ueberwachung-fuer-virtuelle-patrouillen\/#primaryimage","url":"https:\/\/news.save.ch\/wp-content\/uploads\/2020\/04\/ueberwachung-scaled-1-scaled.jpg","contentUrl":"https:\/\/news.save.ch\/wp-content\/uploads\/2020\/04\/ueberwachung-scaled-1-scaled.jpg","width":1400,"height":934,"caption":"Hier ein Bild aus Z\u00fcrich. Im Kanton Aargau \u00fcberwacht man Personenansammlungen auch mit virtuellen Patrouillen. Der Foto: R. Str\u00e4ssle"},{"@type":"BreadcrumbList","@id":"https:\/\/news.save.ch\/umstrittene-corona-ueberwachung-fuer-virtuelle-patrouillen\/#breadcrumb","itemListElement":[{"@type":"ListItem","position":1,"name":"Home","item":"https:\/\/news.save.ch\/de\/"},{"@type":"ListItem","position":2,"name":"Umstrittene Corona-\u00dcberwachung"}]},{"@type":"WebSite","@id":"https:\/\/news.save.ch\/de\/#website","url":"https:\/\/news.save.ch\/de\/","name":"Save","description":"Schweizer Fachzeitschrift f\u00fcr Sicherheit","publisher":{"@id":"https:\/\/news.save.ch\/de\/#organization"},"potentialAction":[{"@type":"SearchAction","target":{"@type":"EntryPoint","urlTemplate":"https:\/\/news.save.ch\/de\/?s={search_term_string}"},"query-input":{"@type":"PropertyValueSpecification","valueRequired":true,"valueName":"search_term_string"}}],"inLanguage":"de"},{"@type":"Organization","@id":"https:\/\/news.save.ch\/de\/#organization","name":"Sicherheitsforum","url":"https:\/\/news.save.ch\/de\/","logo":{"@type":"ImageObject","inLanguage":"de","@id":"https:\/\/news.save.ch\/de\/#\/schema\/logo\/image\/","url":"https:\/\/news.save.ch\/wp-content\/uploads\/2022\/06\/Logo_SF_2012.png","contentUrl":"https:\/\/news.save.ch\/wp-content\/uploads\/2022\/06\/Logo_SF_2012.png","width":1100,"height":91,"caption":"Sicherheitsforum"},"image":{"@id":"https:\/\/news.save.ch\/de\/#\/schema\/logo\/image\/"}},{"@type":"Person","@id":"https:\/\/news.save.ch\/de\/#\/schema\/person\/d5022db048e0e2b9785c50e5b24da5aa","name":"Roger Str\u00e4ssle","image":{"@type":"ImageObject","inLanguage":"de","@id":"https:\/\/secure.gravatar.com\/avatar\/862a5569d087de48e5856e32f45d719a03804c891d6deb8d4f71a660e79e4a47?s=96&d=mm&r=g","url":"https:\/\/secure.gravatar.com\/avatar\/862a5569d087de48e5856e32f45d719a03804c891d6deb8d4f71a660e79e4a47?s=96&d=mm&r=g","contentUrl":"https:\/\/secure.gravatar.com\/avatar\/862a5569d087de48e5856e32f45d719a03804c891d6deb8d4f71a660e79e4a47?s=96&d=mm&r=g","caption":"Roger Str\u00e4ssle"},"url":"https:\/\/news.save.ch\/de\/author\/roger-straessle\/"}]}},"_links":{"self":[{"href":"https:\/\/news.save.ch\/de\/wp-json\/wp\/v2\/posts\/9925","targetHints":{"allow":["GET"]}}],"collection":[{"href":"https:\/\/news.save.ch\/de\/wp-json\/wp\/v2\/posts"}],"about":[{"href":"https:\/\/news.save.ch\/de\/wp-json\/wp\/v2\/types\/post"}],"author":[{"embeddable":true,"href":"https:\/\/news.save.ch\/de\/wp-json\/wp\/v2\/users\/8"}],"replies":[{"embeddable":true,"href":"https:\/\/news.save.ch\/de\/wp-json\/wp\/v2\/comments?post=9925"}],"version-history":[{"count":1,"href":"https:\/\/news.save.ch\/de\/wp-json\/wp\/v2\/posts\/9925\/revisions"}],"predecessor-version":[{"id":17913,"href":"https:\/\/news.save.ch\/de\/wp-json\/wp\/v2\/posts\/9925\/revisions\/17913"}],"wp:featuredmedia":[{"embeddable":true,"href":"https:\/\/news.save.ch\/de\/wp-json\/wp\/v2\/media\/9926"}],"wp:attachment":[{"href":"https:\/\/news.save.ch\/de\/wp-json\/wp\/v2\/media?parent=9925"}],"wp:term":[{"taxonomy":"category","embeddable":true,"href":"https:\/\/news.save.ch\/de\/wp-json\/wp\/v2\/categories?post=9925"},{"taxonomy":"post_tag","embeddable":true,"href":"https:\/\/news.save.ch\/de\/wp-json\/wp\/v2\/tags?post=9925"}],"curies":[{"name":"wp","href":"https:\/\/api.w.org\/{rel}","templated":true}]}}