{"id":9937,"date":"2020-04-09T10:50:49","date_gmt":"2020-04-09T08:50:49","guid":{"rendered":"https:\/\/news.save.ch\/?p=9937"},"modified":"2023-03-14T08:59:58","modified_gmt":"2023-03-14T07:59:58","slug":"schweizer-sicherheitsindustrie-knackt-die-750-mio-grenze","status":null,"type":"post","link":"https:\/\/news.save.ch\/de\/schweizer-sicherheitsindustrie-knackt-die-750-mio-grenze\/","title":{"rendered":"Schweizer Sicherheitsindustrie knackt die 750-Mio.-Grenze"},"content":{"rendered":"<p><img loading=\"lazy\" decoding=\"async\" class=\"aligncenter wp-image-9951 size-medium\" src=\"https:\/\/news.save.ch\/wp-content\/uploads\/2020\/04\/05_SES-Auftragsvolumen_2019-scaled-1.jpg\" alt=\"SES-Verband\" width=\"680\" height=\"330\" \/><\/p>\n<p>Die Branchenstatistik 2019 des <a href=\"https:\/\/www.sicher-ses.ch\">SES<\/a>-Verbandes (Schweizerische Errichter von Sicherheitsanlagen) zeigt, dass die Sicherheitsindustrie der Schweiz den Aufschwung von <a href=\"https:\/\/news.save.ch\/schweizer-sicherheitsindustrie-legt-wieder-zu\/\">2018<\/a>\u00a0fortf\u00fchren und erneut um 4% zulegen konnte. Mit einem Gesamtumsatz von 752 Mio. Franken haben die hiesigen Sicherheitstechnikunternehmen erstmals die Grenze von \u00be Milliarden erreicht. Das entspricht einem nominalen Wachstum 29 Mio. Franken.\u00a0Erhoben wird die Branchenstatistik j\u00e4hrlich vom SES-Verband.<\/p>\n<p><strong>Sektion Security im Minus, Sektion Fire im Plus<\/strong><\/p>\n<p>Bei genauerer Betrachtung f\u00e4llt auf, dass die Sektion Security (EMA, VS, AC) insgesamt mit einem Minus von 0,8 Mio. Franken abschliesst, wie der SES schreibt. Das Wachstum vom 4% oder einem\u00a0Plus von 29,7 Mio. Franken macht quasi im Alleingang die Sektion Fire (BMA, NLA, TLA, GWA, SAA) aus.\u00a0Laut SES ist besonders die Sparte L\u00f6schung zu erw\u00e4hnen, die mit einem Plus von 12,5% (15,4 Mio. Fr.) brilliert; Nass- und Trocken-L\u00f6schanlagen haben also gut zur H\u00e4lfte zum Wachstum 2019 beigetragen.<\/p>\n<p>Den Wermutstropfen bildet wiederum der Bereich Einbruchmeldeanlagen mit einem Minus von 4,4% (-5,4 Mio. Fr.). Der Abw\u00e4rtstrend, so der SES, habe leider nicht gestoppt werden k\u00f6nnen. Wie der Blick auf die Statistik zeige, habe sich seit 2016 der gemeldete Umsatz insgesamt um 12% negativ entwickelt. Lichtblick am Security-Himmel bleibe Access-Control (AC)mit einem Plus von 5% (5,3 Mio. Fr.), die den positiven Trend der letzten Jahre einmal mehr fortgesetzt habe.<\/p>\n<p>In der Branchenstatistik 2018 hat der SES erstmals auch die Marktwerte der Sprachalarmierungsanlagen (SAA) mitgez\u00e4hlt: Ihr Auftragsvolumen betrug 11 Mio. Franken und konnte 2019 auf gut 15 Mio. Franken gesteigert werden.<\/p>\n<p><strong>Wer ist Mitglied des Verbandes<\/strong><\/p>\n<p>Der SES-Verband umfasst die in der Sicherheitstechnik f\u00fchrenden Unternehmen in der Schweiz. Der Verband ist thematisch in die Sektionen Fire (BMA, NLA, TLA, GWA, RWA und SAA) und Security (EMA, VS, AC) gegliedert. SES-Mitglieder geh\u00f6ren zu den Fachfirmen, welche von der Vereinigung Kantonaler Feuerversicherungen (VKF) anerkannt und\/oder welche nach SES-Richtlinien zertifiziert sind. SES-Mitglieder verpflichten sich, vielf\u00e4ltige Qualit\u00e4tskriterien und Sicherheitsnormen einzuhalten.\u00a0<em>(SES\/rs)<\/em><\/p>\n<p>&nbsp;<\/p>\n<p>&nbsp;<\/p>\n<p>&nbsp;<\/p>\n<p>&nbsp;<\/p>\n","protected":false},"excerpt":{"rendered":"<p>Die Branchenstatistik 2019 des SES-Verbandes (Schweizerische Errichter von Sicherheitsanlagen) zeigt, dass die Sicherheitsindustrie der Schweiz den Aufschwung von 2018\u00a0fortf\u00fchren und erneut um 4% zulegen konnte. Mit einem Gesamtumsatz von 752 Mio. Franken haben die hiesigen Sicherheitstechnikunternehmen erstmals die Grenze von \u00be Milliarden erreicht. Das entspricht einem nominalen Wachstum 29 Mio. Franken.\u00a0Erhoben wird die Branchenstatistik j\u00e4hrlich [&hellip;]<\/p>\n","protected":false},"author":8,"featured_media":9951,"comment_status":"closed","ping_status":"closed","sticky":false,"template":"","format":"standard","meta":{"_acf_changed":false,"pgc_sgb_lightbox_settings":"","footnotes":""},"categories":[67,3312],"tags":[804,450,805,66],"class_list":["post-9937","post","type-post","status-publish","format-standard","has-post-thumbnail","hentry","category-brandschutz","category-sicherheit","tag-branchenstatistik-2019","tag-ses","tag-verband-schweizerischer-errichter-von-sicherheitsanlagen","tag-verbaende"],"acf":[],"hkrextid":null,"publication":null,"issue":null,"workflow":null,"startPage":null,"spitzmarke":null,"_posts_by_tag_page_fields":{"widget_title":"","widget_tags":""},"_at_widget":"1","_yoast_wpseo_primary_category":"4","_yoast_wpseo_focuskw_text_input":"SES-Verband","_yoast_wpseo_opengraph-image":null,"_yoast_wpseo_opengraph-description":null,"_yoast_wpseo_opengraph-title":null,"enclosure":null,"_yoast_wpseo_twitter-title":null,"_yoast_wpseo_twitter-description":null,"_yoast_wpseo_twitter-image":null,"_wp_old_slug":null,"_yoast_wpseo_title":"%%title%% %%page%% %%sep%% %%SES-Verband%%","_yoast_wpseo_canonical":null,"yoast_head":"<!-- This site is optimized with the Yoast SEO plugin v27.4 - https:\/\/yoast.com\/product\/yoast-seo-wordpress\/ -->\n<title>Schweizer Sicherheitsindustrie knackt die 750-Mio.-Grenze -<\/title>\n<meta name=\"description\" content=\"Die Schweizer Sicherheitstechnik blickt gem\u00e4ss Branchenstatistik des SES-Verband auf ein erfolgreiches 2019 zur\u00fcck.\" \/>\n<meta name=\"robots\" content=\"index, follow, max-snippet:-1, max-image-preview:large, max-video-preview:-1\" \/>\n<link rel=\"canonical\" href=\"https:\/\/news.save.ch\/de\/schweizer-sicherheitsindustrie-knackt-die-750-mio-grenze\/\" \/>\n<meta property=\"og:locale\" content=\"de_DE\" \/>\n<meta property=\"og:type\" content=\"article\" \/>\n<meta property=\"og:title\" content=\"Schweizer Sicherheitsindustrie knackt die 750-Mio.-Grenze -\" \/>\n<meta property=\"og:description\" content=\"Die Schweizer Sicherheitstechnik blickt gem\u00e4ss Branchenstatistik des SES-Verband auf ein erfolgreiches 2019 zur\u00fcck.\" \/>\n<meta property=\"og:url\" content=\"https:\/\/news.save.ch\/de\/schweizer-sicherheitsindustrie-knackt-die-750-mio-grenze\/\" \/>\n<meta property=\"og:site_name\" content=\"Save\" \/>\n<meta property=\"article:published_time\" content=\"2020-04-09T08:50:49+00:00\" \/>\n<meta property=\"article:modified_time\" content=\"2023-03-14T07:59:58+00:00\" \/>\n<meta property=\"og:image\" content=\"https:\/\/news.save.ch\/wp-content\/uploads\/2020\/04\/05_SES-Auftragsvolumen_2019-scaled-1-scaled.jpg\" \/>\n\t<meta property=\"og:image:width\" content=\"1400\" \/>\n\t<meta property=\"og:image:height\" content=\"679\" \/>\n\t<meta property=\"og:image:type\" content=\"image\/jpeg\" \/>\n<meta name=\"author\" content=\"Roger Str\u00e4ssle\" \/>\n<meta name=\"twitter:card\" content=\"summary_large_image\" \/>\n<meta name=\"twitter:label1\" content=\"Geschrieben von\" \/>\n\t<meta name=\"twitter:data1\" content=\"Roger Str\u00e4ssle\" \/>\n\t<meta name=\"twitter:label2\" content=\"Gesch\u00e4tzte Lesezeit\" \/>\n\t<meta name=\"twitter:data2\" content=\"2\u00a0Minuten\" \/>\n<script type=\"application\/ld+json\" class=\"yoast-schema-graph\">{\"@context\":\"https:\\\/\\\/schema.org\",\"@graph\":[{\"@type\":\"Article\",\"@id\":\"https:\\\/\\\/news.save.ch\\\/schweizer-sicherheitsindustrie-knackt-die-750-mio-grenze\\\/#article\",\"isPartOf\":{\"@id\":\"https:\\\/\\\/news.save.ch\\\/schweizer-sicherheitsindustrie-knackt-die-750-mio-grenze\\\/\"},\"author\":{\"name\":\"Roger Str\u00e4ssle\",\"@id\":\"https:\\\/\\\/news.save.ch\\\/de\\\/#\\\/schema\\\/person\\\/d5022db048e0e2b9785c50e5b24da5aa\"},\"headline\":\"Schweizer Sicherheitsindustrie knackt die 750-Mio.-Grenze\",\"datePublished\":\"2020-04-09T08:50:49+00:00\",\"dateModified\":\"2023-03-14T07:59:58+00:00\",\"mainEntityOfPage\":{\"@id\":\"https:\\\/\\\/news.save.ch\\\/schweizer-sicherheitsindustrie-knackt-die-750-mio-grenze\\\/\"},\"wordCount\":319,\"publisher\":{\"@id\":\"https:\\\/\\\/news.save.ch\\\/de\\\/#organization\"},\"image\":{\"@id\":\"https:\\\/\\\/news.save.ch\\\/schweizer-sicherheitsindustrie-knackt-die-750-mio-grenze\\\/#primaryimage\"},\"thumbnailUrl\":\"https:\\\/\\\/news.save.ch\\\/wp-content\\\/uploads\\\/2020\\\/04\\\/05_SES-Auftragsvolumen_2019-scaled-1-scaled.jpg\",\"keywords\":[\"Branchenstatistik 2019\",\"SES\",\"Verband Schweizerischer Errichter von Sicherheitsanlagen\",\"Verb\u00e4nde\"],\"articleSection\":[\"BRANDSCHUTZ\",\"SICHERHEIT\"],\"inLanguage\":\"de\"},{\"@type\":\"WebPage\",\"@id\":\"https:\\\/\\\/news.save.ch\\\/schweizer-sicherheitsindustrie-knackt-die-750-mio-grenze\\\/\",\"url\":\"https:\\\/\\\/news.save.ch\\\/schweizer-sicherheitsindustrie-knackt-die-750-mio-grenze\\\/\",\"name\":\"Schweizer Sicherheitsindustrie knackt die 750-Mio.-Grenze -\",\"isPartOf\":{\"@id\":\"https:\\\/\\\/news.save.ch\\\/de\\\/#website\"},\"primaryImageOfPage\":{\"@id\":\"https:\\\/\\\/news.save.ch\\\/schweizer-sicherheitsindustrie-knackt-die-750-mio-grenze\\\/#primaryimage\"},\"image\":{\"@id\":\"https:\\\/\\\/news.save.ch\\\/schweizer-sicherheitsindustrie-knackt-die-750-mio-grenze\\\/#primaryimage\"},\"thumbnailUrl\":\"https:\\\/\\\/news.save.ch\\\/wp-content\\\/uploads\\\/2020\\\/04\\\/05_SES-Auftragsvolumen_2019-scaled-1-scaled.jpg\",\"datePublished\":\"2020-04-09T08:50:49+00:00\",\"dateModified\":\"2023-03-14T07:59:58+00:00\",\"description\":\"Die Schweizer Sicherheitstechnik blickt gem\u00e4ss Branchenstatistik des SES-Verband auf ein erfolgreiches 2019 zur\u00fcck.\",\"breadcrumb\":{\"@id\":\"https:\\\/\\\/news.save.ch\\\/schweizer-sicherheitsindustrie-knackt-die-750-mio-grenze\\\/#breadcrumb\"},\"inLanguage\":\"de\",\"potentialAction\":[{\"@type\":\"ReadAction\",\"target\":[\"https:\\\/\\\/news.save.ch\\\/schweizer-sicherheitsindustrie-knackt-die-750-mio-grenze\\\/\"]}]},{\"@type\":\"ImageObject\",\"inLanguage\":\"de\",\"@id\":\"https:\\\/\\\/news.save.ch\\\/schweizer-sicherheitsindustrie-knackt-die-750-mio-grenze\\\/#primaryimage\",\"url\":\"https:\\\/\\\/news.save.ch\\\/wp-content\\\/uploads\\\/2020\\\/04\\\/05_SES-Auftragsvolumen_2019-scaled-1-scaled.jpg\",\"contentUrl\":\"https:\\\/\\\/news.save.ch\\\/wp-content\\\/uploads\\\/2020\\\/04\\\/05_SES-Auftragsvolumen_2019-scaled-1-scaled.jpg\",\"width\":1400,\"height\":679},{\"@type\":\"BreadcrumbList\",\"@id\":\"https:\\\/\\\/news.save.ch\\\/schweizer-sicherheitsindustrie-knackt-die-750-mio-grenze\\\/#breadcrumb\",\"itemListElement\":[{\"@type\":\"ListItem\",\"position\":1,\"name\":\"Home\",\"item\":\"https:\\\/\\\/news.save.ch\\\/de\\\/\"},{\"@type\":\"ListItem\",\"position\":2,\"name\":\"Schweizer Sicherheitsindustrie knackt die 750-Mio.-Grenze\"}]},{\"@type\":\"WebSite\",\"@id\":\"https:\\\/\\\/news.save.ch\\\/de\\\/#website\",\"url\":\"https:\\\/\\\/news.save.ch\\\/de\\\/\",\"name\":\"Save\",\"description\":\"Schweizer Fachzeitschrift f\u00fcr Sicherheit\",\"publisher\":{\"@id\":\"https:\\\/\\\/news.save.ch\\\/de\\\/#organization\"},\"potentialAction\":[{\"@type\":\"SearchAction\",\"target\":{\"@type\":\"EntryPoint\",\"urlTemplate\":\"https:\\\/\\\/news.save.ch\\\/de\\\/?s={search_term_string}\"},\"query-input\":{\"@type\":\"PropertyValueSpecification\",\"valueRequired\":true,\"valueName\":\"search_term_string\"}}],\"inLanguage\":\"de\"},{\"@type\":\"Organization\",\"@id\":\"https:\\\/\\\/news.save.ch\\\/de\\\/#organization\",\"name\":\"Sicherheitsforum\",\"url\":\"https:\\\/\\\/news.save.ch\\\/de\\\/\",\"logo\":{\"@type\":\"ImageObject\",\"inLanguage\":\"de\",\"@id\":\"https:\\\/\\\/news.save.ch\\\/de\\\/#\\\/schema\\\/logo\\\/image\\\/\",\"url\":\"https:\\\/\\\/news.save.ch\\\/wp-content\\\/uploads\\\/2022\\\/06\\\/Logo_SF_2012.png\",\"contentUrl\":\"https:\\\/\\\/news.save.ch\\\/wp-content\\\/uploads\\\/2022\\\/06\\\/Logo_SF_2012.png\",\"width\":1100,\"height\":91,\"caption\":\"Sicherheitsforum\"},\"image\":{\"@id\":\"https:\\\/\\\/news.save.ch\\\/de\\\/#\\\/schema\\\/logo\\\/image\\\/\"}},{\"@type\":\"Person\",\"@id\":\"https:\\\/\\\/news.save.ch\\\/de\\\/#\\\/schema\\\/person\\\/d5022db048e0e2b9785c50e5b24da5aa\",\"name\":\"Roger Str\u00e4ssle\",\"image\":{\"@type\":\"ImageObject\",\"inLanguage\":\"de\",\"@id\":\"https:\\\/\\\/secure.gravatar.com\\\/avatar\\\/862a5569d087de48e5856e32f45d719a03804c891d6deb8d4f71a660e79e4a47?s=96&d=mm&r=g\",\"url\":\"https:\\\/\\\/secure.gravatar.com\\\/avatar\\\/862a5569d087de48e5856e32f45d719a03804c891d6deb8d4f71a660e79e4a47?s=96&d=mm&r=g\",\"contentUrl\":\"https:\\\/\\\/secure.gravatar.com\\\/avatar\\\/862a5569d087de48e5856e32f45d719a03804c891d6deb8d4f71a660e79e4a47?s=96&d=mm&r=g\",\"caption\":\"Roger Str\u00e4ssle\"},\"url\":\"https:\\\/\\\/news.save.ch\\\/de\\\/author\\\/roger-straessle\\\/\"}]}<\/script>\n<!-- \/ Yoast SEO plugin. -->","yoast_head_json":{"title":"Schweizer Sicherheitsindustrie knackt die 750-Mio.-Grenze -","description":"Die Schweizer Sicherheitstechnik blickt gem\u00e4ss Branchenstatistik des SES-Verband auf ein erfolgreiches 2019 zur\u00fcck.","robots":{"index":"index","follow":"follow","max-snippet":"max-snippet:-1","max-image-preview":"max-image-preview:large","max-video-preview":"max-video-preview:-1"},"canonical":"https:\/\/news.save.ch\/de\/schweizer-sicherheitsindustrie-knackt-die-750-mio-grenze\/","og_locale":"de_DE","og_type":"article","og_title":"Schweizer Sicherheitsindustrie knackt die 750-Mio.-Grenze -","og_description":"Die Schweizer Sicherheitstechnik blickt gem\u00e4ss Branchenstatistik des SES-Verband auf ein erfolgreiches 2019 zur\u00fcck.","og_url":"https:\/\/news.save.ch\/de\/schweizer-sicherheitsindustrie-knackt-die-750-mio-grenze\/","og_site_name":"Save","article_published_time":"2020-04-09T08:50:49+00:00","article_modified_time":"2023-03-14T07:59:58+00:00","og_image":[{"width":1400,"height":679,"url":"https:\/\/news.save.ch\/wp-content\/uploads\/2020\/04\/05_SES-Auftragsvolumen_2019-scaled-1-scaled.jpg","type":"image\/jpeg"}],"author":"Roger Str\u00e4ssle","twitter_card":"summary_large_image","twitter_misc":{"Geschrieben von":"Roger Str\u00e4ssle","Gesch\u00e4tzte Lesezeit":"2\u00a0Minuten"},"schema":{"@context":"https:\/\/schema.org","@graph":[{"@type":"Article","@id":"https:\/\/news.save.ch\/schweizer-sicherheitsindustrie-knackt-die-750-mio-grenze\/#article","isPartOf":{"@id":"https:\/\/news.save.ch\/schweizer-sicherheitsindustrie-knackt-die-750-mio-grenze\/"},"author":{"name":"Roger Str\u00e4ssle","@id":"https:\/\/news.save.ch\/de\/#\/schema\/person\/d5022db048e0e2b9785c50e5b24da5aa"},"headline":"Schweizer Sicherheitsindustrie knackt die 750-Mio.-Grenze","datePublished":"2020-04-09T08:50:49+00:00","dateModified":"2023-03-14T07:59:58+00:00","mainEntityOfPage":{"@id":"https:\/\/news.save.ch\/schweizer-sicherheitsindustrie-knackt-die-750-mio-grenze\/"},"wordCount":319,"publisher":{"@id":"https:\/\/news.save.ch\/de\/#organization"},"image":{"@id":"https:\/\/news.save.ch\/schweizer-sicherheitsindustrie-knackt-die-750-mio-grenze\/#primaryimage"},"thumbnailUrl":"https:\/\/news.save.ch\/wp-content\/uploads\/2020\/04\/05_SES-Auftragsvolumen_2019-scaled-1-scaled.jpg","keywords":["Branchenstatistik 2019","SES","Verband Schweizerischer Errichter von Sicherheitsanlagen","Verb\u00e4nde"],"articleSection":["BRANDSCHUTZ","SICHERHEIT"],"inLanguage":"de"},{"@type":"WebPage","@id":"https:\/\/news.save.ch\/schweizer-sicherheitsindustrie-knackt-die-750-mio-grenze\/","url":"https:\/\/news.save.ch\/schweizer-sicherheitsindustrie-knackt-die-750-mio-grenze\/","name":"Schweizer Sicherheitsindustrie knackt die 750-Mio.-Grenze -","isPartOf":{"@id":"https:\/\/news.save.ch\/de\/#website"},"primaryImageOfPage":{"@id":"https:\/\/news.save.ch\/schweizer-sicherheitsindustrie-knackt-die-750-mio-grenze\/#primaryimage"},"image":{"@id":"https:\/\/news.save.ch\/schweizer-sicherheitsindustrie-knackt-die-750-mio-grenze\/#primaryimage"},"thumbnailUrl":"https:\/\/news.save.ch\/wp-content\/uploads\/2020\/04\/05_SES-Auftragsvolumen_2019-scaled-1-scaled.jpg","datePublished":"2020-04-09T08:50:49+00:00","dateModified":"2023-03-14T07:59:58+00:00","description":"Die Schweizer Sicherheitstechnik blickt gem\u00e4ss Branchenstatistik des SES-Verband auf ein erfolgreiches 2019 zur\u00fcck.","breadcrumb":{"@id":"https:\/\/news.save.ch\/schweizer-sicherheitsindustrie-knackt-die-750-mio-grenze\/#breadcrumb"},"inLanguage":"de","potentialAction":[{"@type":"ReadAction","target":["https:\/\/news.save.ch\/schweizer-sicherheitsindustrie-knackt-die-750-mio-grenze\/"]}]},{"@type":"ImageObject","inLanguage":"de","@id":"https:\/\/news.save.ch\/schweizer-sicherheitsindustrie-knackt-die-750-mio-grenze\/#primaryimage","url":"https:\/\/news.save.ch\/wp-content\/uploads\/2020\/04\/05_SES-Auftragsvolumen_2019-scaled-1-scaled.jpg","contentUrl":"https:\/\/news.save.ch\/wp-content\/uploads\/2020\/04\/05_SES-Auftragsvolumen_2019-scaled-1-scaled.jpg","width":1400,"height":679},{"@type":"BreadcrumbList","@id":"https:\/\/news.save.ch\/schweizer-sicherheitsindustrie-knackt-die-750-mio-grenze\/#breadcrumb","itemListElement":[{"@type":"ListItem","position":1,"name":"Home","item":"https:\/\/news.save.ch\/de\/"},{"@type":"ListItem","position":2,"name":"Schweizer Sicherheitsindustrie knackt die 750-Mio.-Grenze"}]},{"@type":"WebSite","@id":"https:\/\/news.save.ch\/de\/#website","url":"https:\/\/news.save.ch\/de\/","name":"Save","description":"Schweizer Fachzeitschrift f\u00fcr Sicherheit","publisher":{"@id":"https:\/\/news.save.ch\/de\/#organization"},"potentialAction":[{"@type":"SearchAction","target":{"@type":"EntryPoint","urlTemplate":"https:\/\/news.save.ch\/de\/?s={search_term_string}"},"query-input":{"@type":"PropertyValueSpecification","valueRequired":true,"valueName":"search_term_string"}}],"inLanguage":"de"},{"@type":"Organization","@id":"https:\/\/news.save.ch\/de\/#organization","name":"Sicherheitsforum","url":"https:\/\/news.save.ch\/de\/","logo":{"@type":"ImageObject","inLanguage":"de","@id":"https:\/\/news.save.ch\/de\/#\/schema\/logo\/image\/","url":"https:\/\/news.save.ch\/wp-content\/uploads\/2022\/06\/Logo_SF_2012.png","contentUrl":"https:\/\/news.save.ch\/wp-content\/uploads\/2022\/06\/Logo_SF_2012.png","width":1100,"height":91,"caption":"Sicherheitsforum"},"image":{"@id":"https:\/\/news.save.ch\/de\/#\/schema\/logo\/image\/"}},{"@type":"Person","@id":"https:\/\/news.save.ch\/de\/#\/schema\/person\/d5022db048e0e2b9785c50e5b24da5aa","name":"Roger Str\u00e4ssle","image":{"@type":"ImageObject","inLanguage":"de","@id":"https:\/\/secure.gravatar.com\/avatar\/862a5569d087de48e5856e32f45d719a03804c891d6deb8d4f71a660e79e4a47?s=96&d=mm&r=g","url":"https:\/\/secure.gravatar.com\/avatar\/862a5569d087de48e5856e32f45d719a03804c891d6deb8d4f71a660e79e4a47?s=96&d=mm&r=g","contentUrl":"https:\/\/secure.gravatar.com\/avatar\/862a5569d087de48e5856e32f45d719a03804c891d6deb8d4f71a660e79e4a47?s=96&d=mm&r=g","caption":"Roger Str\u00e4ssle"},"url":"https:\/\/news.save.ch\/de\/author\/roger-straessle\/"}]}},"_links":{"self":[{"href":"https:\/\/news.save.ch\/de\/wp-json\/wp\/v2\/posts\/9937","targetHints":{"allow":["GET"]}}],"collection":[{"href":"https:\/\/news.save.ch\/de\/wp-json\/wp\/v2\/posts"}],"about":[{"href":"https:\/\/news.save.ch\/de\/wp-json\/wp\/v2\/types\/post"}],"author":[{"embeddable":true,"href":"https:\/\/news.save.ch\/de\/wp-json\/wp\/v2\/users\/8"}],"replies":[{"embeddable":true,"href":"https:\/\/news.save.ch\/de\/wp-json\/wp\/v2\/comments?post=9937"}],"version-history":[{"count":1,"href":"https:\/\/news.save.ch\/de\/wp-json\/wp\/v2\/posts\/9937\/revisions"}],"predecessor-version":[{"id":17912,"href":"https:\/\/news.save.ch\/de\/wp-json\/wp\/v2\/posts\/9937\/revisions\/17912"}],"wp:featuredmedia":[{"embeddable":true,"href":"https:\/\/news.save.ch\/de\/wp-json\/wp\/v2\/media\/9951"}],"wp:attachment":[{"href":"https:\/\/news.save.ch\/de\/wp-json\/wp\/v2\/media?parent=9937"}],"wp:term":[{"taxonomy":"category","embeddable":true,"href":"https:\/\/news.save.ch\/de\/wp-json\/wp\/v2\/categories?post=9937"},{"taxonomy":"post_tag","embeddable":true,"href":"https:\/\/news.save.ch\/de\/wp-json\/wp\/v2\/tags?post=9937"}],"curies":[{"name":"wp","href":"https:\/\/api.w.org\/{rel}","templated":true}]}}