{"id":10324,"date":"2023-01-30T07:48:23","date_gmt":"2023-01-30T06:48:23","guid":{"rendered":"https:\/\/news.save.ch\/?p=10324"},"modified":"2023-07-27T03:16:34","modified_gmt":"2023-07-27T01:16:34","slug":"mit-den-jahren-steigt-der-lichtbedarf","status":null,"type":"post","link":"https:\/\/news.save.ch\/en\/mit-den-jahren-steigt-der-lichtbedarf\/","title":{"rendered":"With the years the need for light increases"},"content":{"rendered":"<figure id=\"attachment_10326\" aria-describedby=\"caption-attachment-10326\" style=\"width: 1000px\" class=\"wp-caption alignnone\"><img loading=\"lazy\" decoding=\"async\" class=\"wp-image-10326 size-full\" src=\"https:\/\/news.save.ch\/wp-content\/uploads\/2023\/01\/Depositphotos_178704844_S.jpg\" alt=\"Light management system\" width=\"1000\" height=\"530\" srcset=\"https:\/\/news.save.ch\/wp-content\/uploads\/2023\/01\/Depositphotos_178704844_S.jpg 1000w, https:\/\/news.save.ch\/wp-content\/uploads\/2023\/01\/Depositphotos_178704844_S-680x360.jpg 680w, https:\/\/news.save.ch\/wp-content\/uploads\/2023\/01\/Depositphotos_178704844_S-768x407.jpg 768w, https:\/\/news.save.ch\/wp-content\/uploads\/2023\/01\/Depositphotos_178704844_S-18x10.jpg 18w, https:\/\/news.save.ch\/wp-content\/uploads\/2023\/01\/Depositphotos_178704844_S-375x199.jpg 375w, https:\/\/news.save.ch\/wp-content\/uploads\/2023\/01\/Depositphotos_178704844_S-660x350.jpg 660w\" sizes=\"auto, (max-width: 1000px) 100vw, 1000px\" \/><figcaption id=\"caption-attachment-10326\" class=\"wp-caption-text\">Image: depositphotos<\/figcaption><\/figure>\n<p>It is well known that vision deteriorates with age. Far less widespread is the knowledge of how early this process begins. It already starts slowly from the age of 30: color and depth perception diminish, and it takes longer to adjust to differences in brightness. To see well, a fifty-year-old already needs more than three times as much light as a twenty-year-old. Higher illuminance levels at work and at home help to compensate for weaker visual performance, advises the industry initiative licht.de.<\/p>\n<p>For good visibility, \"fixed lighting\" does not have to be switched on around the clock, especially in times of energy shortage at home. But for certain activities, light sources with higher illuminance levels should be available - for example, for work in the home office, at the mirror in the bathroom or in the kitchen to avoid accidents with sharp measurements and hot pans. Dimmable lighting is ideal for a good working or cleaning light and a comfortable lighting atmosphere in the evening.<\/p>\n<h3>No glare<\/h3>\n<p>The older eye is more sensitive to glare. Obstacles are easily overlooked and the risk of falling increases. High-quality luminaire covers and a high proportion of indirect lighting reduce glare. When changing from light to dark, the eyes need longer to adapt with increasing age.<\/p>\n<h3>Work ergonomically<\/h3>\n<p>To recognize colors correctly at work, light sources with very good color rendering (at least Ra 80) are needed. For the workplaces of older employees, the workplace standard DIN EN 12464-1 recommends higher, modified values. They can be retrofitted quite easily with additional desk, workstation or floor luminaires. Good lighting design plans for these requirements from the outset. With a lighting control system, the design is implemented in an energy-efficient manner. For example, if not all workstations in an office with several networked free-standing luminaires are occupied, the luminaires that are temporarily not needed dim to a less bright, indirect light. This means that there are no excessive differences in brightness and employees can still find their way around.<\/p>\n<figure id=\"attachment_10327\" aria-describedby=\"caption-attachment-10327\" style=\"width: 768px\" class=\"wp-caption alignnone\"><img loading=\"lazy\" decoding=\"async\" class=\"wp-image-10327 size-large\" src=\"https:\/\/news.save.ch\/wp-content\/uploads\/2023\/01\/Licht_Pressebild-1024x683.jpg\" alt=\"With the years the need for light increases\" width=\"768\" height=\"512\" \/><figcaption id=\"caption-attachment-10327\" class=\"wp-caption-text\">Older employees need more light. In the home office or in the office, additional workplace luminaires help. (Photo: licht.de\/Ridi)<\/figcaption><\/figure>\n<h3>Incidentally strengthen the biorhythm<\/h3>\n<p>If you have luminaires and lamps at home with several settings for brightness and light color, you can also do something good for your biorhythm. Bright, cool light in the morning gets the body going, and dimmed reddish light toward evening lets it rest. In this way, the internal clock is synchronized, well-being increases and night sleep can improve.<\/p>\n<div class=\"news-text-wrap\">\n<div class=\"news-single-content\">\n<p>In workplaces, the lighting management system controls these and other parameters for lighting with visual, biological and emotional lighting effects completely automatically. The integrative lighting concept behind this is called Human Centric Lighting (HCL). Older employees in particular benefit from this: because less and less light reaches the eye over time due to the clouding of the lenses, the positive, light-induced activation of biological processes in the body is weaker in them.<\/p>\n<p><em>Source: licht.de<\/em><\/p>\n<\/div>\n<\/div>\n<p>&nbsp;<\/p>","protected":false},"excerpt":{"rendered":"<p>Dass mit dem Alter die Sehkraft nachl\u00e4sst, ist bekannt. Weit weniger verbreitet ist das Wissen, wie fr\u00fch dieser Prozess beginnt. Schon ab 30 Jahren geht es langsam los: Farb- und Tiefenwahrnehmung lassen nach, und bei Helligkeitsunterschieden dauert die Anpassung l\u00e4nger. Um gut zu sehen, hat ein F\u00fcnfzigj\u00e4hriger bereits einen mehr als dreimal so hohen Lichtbedarf [&hellip;]<\/p>\n","protected":false},"author":9,"featured_media":10326,"comment_status":"closed","ping_status":"closed","sticky":false,"template":"","format":"standard","meta":{"_acf_changed":false,"pgc_sgb_lightbox_settings":"","footnotes":""},"categories":[3314],"tags":[6168,1798,1801,3655,6169,3657,3654,3656,3653],"class_list":["post-10324","post","type-post","status-publish","format-standard","has-post-thumbnail","hentry","category-health-safety","tag-beleuchtungsstaerken","tag-biorhythmus","tag-blendung","tag-blendungsempfindlichkeit","tag-ergonomisch","tag-farbwiedergabe","tag-lichtbedarf","tag-lichtmanagementsystem","tag-sehkraft"],"acf":[],"hkrextid":null,"publication":null,"issue":null,"workflow":null,"startPage":null,"spitzmarke":null,"_posts_by_tag_page_fields":null,"_at_widget":null,"_yoast_wpseo_primary_category":"","_yoast_wpseo_focuskw_text_input":null,"_yoast_wpseo_opengraph-image":null,"_yoast_wpseo_opengraph-description":null,"_yoast_wpseo_opengraph-title":null,"enclosure":null,"_yoast_wpseo_twitter-title":null,"_yoast_wpseo_twitter-description":null,"_yoast_wpseo_twitter-image":null,"_wp_old_slug":null,"_yoast_wpseo_title":null,"_yoast_wpseo_canonical":null,"yoast_head":"<!-- This site is optimized with the Yoast SEO plugin v27.4 - https:\/\/yoast.com\/product\/yoast-seo-wordpress\/ -->\n<title>Mit den Jahren steigt der Lichtbedarf - Save<\/title>\n<meta name=\"description\" content=\"Schon ab Mitte 30 brauchen viele Menschen mehr Licht \u2013 und wissen es nicht.\" \/>\n<meta name=\"robots\" content=\"index, follow, max-snippet:-1, max-image-preview:large, max-video-preview:-1\" \/>\n<link rel=\"canonical\" href=\"https:\/\/news.save.ch\/en\/mit-den-jahren-steigt-der-lichtbedarf\/\" \/>\n<meta property=\"og:locale\" content=\"en_US\" \/>\n<meta property=\"og:type\" content=\"article\" \/>\n<meta property=\"og:title\" content=\"Mit den Jahren steigt der Lichtbedarf - Save\" \/>\n<meta property=\"og:description\" content=\"Schon ab Mitte 30 brauchen viele Menschen mehr Licht \u2013 und wissen es nicht.\" \/>\n<meta property=\"og:url\" content=\"https:\/\/news.save.ch\/en\/mit-den-jahren-steigt-der-lichtbedarf\/\" \/>\n<meta property=\"og:site_name\" content=\"Save\" \/>\n<meta property=\"article:published_time\" content=\"2023-01-30T06:48:23+00:00\" \/>\n<meta property=\"article:modified_time\" content=\"2023-07-27T01:16:34+00:00\" \/>\n<meta property=\"og:image\" content=\"https:\/\/news.save.ch\/wp-content\/uploads\/2023\/01\/Depositphotos_178704844_S.jpg\" \/>\n\t<meta property=\"og:image:width\" content=\"1000\" \/>\n\t<meta property=\"og:image:height\" content=\"530\" \/>\n\t<meta property=\"og:image:type\" content=\"image\/jpeg\" \/>\n<meta name=\"author\" content=\"Simon Gr\u00f6flin\" \/>\n<meta name=\"twitter:card\" content=\"summary_large_image\" \/>\n<meta name=\"twitter:label1\" content=\"Written by\" \/>\n\t<meta name=\"twitter:data1\" content=\"Simon Gr\u00f6flin\" \/>\n\t<meta name=\"twitter:label2\" content=\"Est. reading time\" \/>\n\t<meta name=\"twitter:data2\" content=\"3 minutes\" \/>\n<script type=\"application\/ld+json\" class=\"yoast-schema-graph\">{\"@context\":\"https:\\\/\\\/schema.org\",\"@graph\":[{\"@type\":\"Article\",\"@id\":\"https:\\\/\\\/news.save.ch\\\/mit-den-jahren-steigt-der-lichtbedarf\\\/#article\",\"isPartOf\":{\"@id\":\"https:\\\/\\\/news.save.ch\\\/mit-den-jahren-steigt-der-lichtbedarf\\\/\"},\"author\":{\"name\":\"Simon Gr\u00f6flin\",\"@id\":\"https:\\\/\\\/news.save.ch\\\/de\\\/#\\\/schema\\\/person\\\/ad4ef21102fd6125312409ac57d5296d\"},\"headline\":\"Mit den Jahren steigt der Lichtbedarf\",\"datePublished\":\"2023-01-30T06:48:23+00:00\",\"dateModified\":\"2023-07-27T01:16:34+00:00\",\"mainEntityOfPage\":{\"@id\":\"https:\\\/\\\/news.save.ch\\\/mit-den-jahren-steigt-der-lichtbedarf\\\/\"},\"wordCount\":512,\"publisher\":{\"@id\":\"https:\\\/\\\/news.save.ch\\\/de\\\/#organization\"},\"image\":{\"@id\":\"https:\\\/\\\/news.save.ch\\\/mit-den-jahren-steigt-der-lichtbedarf\\\/#primaryimage\"},\"thumbnailUrl\":\"https:\\\/\\\/news.save.ch\\\/wp-content\\\/uploads\\\/2023\\\/01\\\/Depositphotos_178704844_S.jpg\",\"keywords\":[\"Beleuchtungsst\u00e4rken\",\"Biorhythmus\",\"Blendung\",\"Blendungsempfindlichkeit\",\"Ergonomisch\",\"Farbwiedergabe\",\"Lichtbedarf\",\"Lichtmanagementsystem\",\"Sehkraft\"],\"articleSection\":[\"HEALTH &amp; SAFETY\"],\"inLanguage\":\"en-US\"},{\"@type\":\"WebPage\",\"@id\":\"https:\\\/\\\/news.save.ch\\\/mit-den-jahren-steigt-der-lichtbedarf\\\/\",\"url\":\"https:\\\/\\\/news.save.ch\\\/mit-den-jahren-steigt-der-lichtbedarf\\\/\",\"name\":\"Mit den Jahren steigt der Lichtbedarf - Save\",\"isPartOf\":{\"@id\":\"https:\\\/\\\/news.save.ch\\\/de\\\/#website\"},\"primaryImageOfPage\":{\"@id\":\"https:\\\/\\\/news.save.ch\\\/mit-den-jahren-steigt-der-lichtbedarf\\\/#primaryimage\"},\"image\":{\"@id\":\"https:\\\/\\\/news.save.ch\\\/mit-den-jahren-steigt-der-lichtbedarf\\\/#primaryimage\"},\"thumbnailUrl\":\"https:\\\/\\\/news.save.ch\\\/wp-content\\\/uploads\\\/2023\\\/01\\\/Depositphotos_178704844_S.jpg\",\"datePublished\":\"2023-01-30T06:48:23+00:00\",\"dateModified\":\"2023-07-27T01:16:34+00:00\",\"description\":\"Schon ab Mitte 30 brauchen viele Menschen mehr Licht \u2013 und wissen es nicht.\",\"breadcrumb\":{\"@id\":\"https:\\\/\\\/news.save.ch\\\/mit-den-jahren-steigt-der-lichtbedarf\\\/#breadcrumb\"},\"inLanguage\":\"en-US\",\"potentialAction\":[{\"@type\":\"ReadAction\",\"target\":[\"https:\\\/\\\/news.save.ch\\\/mit-den-jahren-steigt-der-lichtbedarf\\\/\"]}]},{\"@type\":\"ImageObject\",\"inLanguage\":\"en-US\",\"@id\":\"https:\\\/\\\/news.save.ch\\\/mit-den-jahren-steigt-der-lichtbedarf\\\/#primaryimage\",\"url\":\"https:\\\/\\\/news.save.ch\\\/wp-content\\\/uploads\\\/2023\\\/01\\\/Depositphotos_178704844_S.jpg\",\"contentUrl\":\"https:\\\/\\\/news.save.ch\\\/wp-content\\\/uploads\\\/2023\\\/01\\\/Depositphotos_178704844_S.jpg\",\"width\":1000,\"height\":530,\"caption\":\"Bild: depositphotos\"},{\"@type\":\"BreadcrumbList\",\"@id\":\"https:\\\/\\\/news.save.ch\\\/mit-den-jahren-steigt-der-lichtbedarf\\\/#breadcrumb\",\"itemListElement\":[{\"@type\":\"ListItem\",\"position\":1,\"name\":\"Home\",\"item\":\"https:\\\/\\\/news.save.ch\\\/de\\\/\"},{\"@type\":\"ListItem\",\"position\":2,\"name\":\"Mit den Jahren steigt der Lichtbedarf\"}]},{\"@type\":\"WebSite\",\"@id\":\"https:\\\/\\\/news.save.ch\\\/de\\\/#website\",\"url\":\"https:\\\/\\\/news.save.ch\\\/de\\\/\",\"name\":\"Save\",\"description\":\"Schweizer Fachzeitschrift f\u00fcr Sicherheit\",\"publisher\":{\"@id\":\"https:\\\/\\\/news.save.ch\\\/de\\\/#organization\"},\"potentialAction\":[{\"@type\":\"SearchAction\",\"target\":{\"@type\":\"EntryPoint\",\"urlTemplate\":\"https:\\\/\\\/news.save.ch\\\/de\\\/?s={search_term_string}\"},\"query-input\":{\"@type\":\"PropertyValueSpecification\",\"valueRequired\":true,\"valueName\":\"search_term_string\"}}],\"inLanguage\":\"en-US\"},{\"@type\":\"Organization\",\"@id\":\"https:\\\/\\\/news.save.ch\\\/de\\\/#organization\",\"name\":\"Sicherheitsforum\",\"url\":\"https:\\\/\\\/news.save.ch\\\/de\\\/\",\"logo\":{\"@type\":\"ImageObject\",\"inLanguage\":\"en-US\",\"@id\":\"https:\\\/\\\/news.save.ch\\\/de\\\/#\\\/schema\\\/logo\\\/image\\\/\",\"url\":\"https:\\\/\\\/news.save.ch\\\/wp-content\\\/uploads\\\/2022\\\/06\\\/Logo_SF_2012.png\",\"contentUrl\":\"https:\\\/\\\/news.save.ch\\\/wp-content\\\/uploads\\\/2022\\\/06\\\/Logo_SF_2012.png\",\"width\":1100,\"height\":91,\"caption\":\"Sicherheitsforum\"},\"image\":{\"@id\":\"https:\\\/\\\/news.save.ch\\\/de\\\/#\\\/schema\\\/logo\\\/image\\\/\"}},{\"@type\":\"Person\",\"@id\":\"https:\\\/\\\/news.save.ch\\\/de\\\/#\\\/schema\\\/person\\\/ad4ef21102fd6125312409ac57d5296d\",\"name\":\"Simon Gr\u00f6flin\",\"image\":{\"@type\":\"ImageObject\",\"inLanguage\":\"en-US\",\"@id\":\"https:\\\/\\\/secure.gravatar.com\\\/avatar\\\/6ddceb80eb734354635539e0ea5140bb7c41e42de7c45c9a2ab9921b5d5c9a83?s=96&d=mm&r=g\",\"url\":\"https:\\\/\\\/secure.gravatar.com\\\/avatar\\\/6ddceb80eb734354635539e0ea5140bb7c41e42de7c45c9a2ab9921b5d5c9a83?s=96&d=mm&r=g\",\"contentUrl\":\"https:\\\/\\\/secure.gravatar.com\\\/avatar\\\/6ddceb80eb734354635539e0ea5140bb7c41e42de7c45c9a2ab9921b5d5c9a83?s=96&d=mm&r=g\",\"caption\":\"Simon Gr\u00f6flin\"},\"url\":\"https:\\\/\\\/news.save.ch\\\/en\\\/author\\\/simon-groeflin\\\/\"}]}<\/script>\n<!-- \/ Yoast SEO plugin. -->","yoast_head_json":{"title":"Over the years, the need for light increases - Save","description":"Even in their mid-30s, many people need more light - and don't know it.","robots":{"index":"index","follow":"follow","max-snippet":"max-snippet:-1","max-image-preview":"max-image-preview:large","max-video-preview":"max-video-preview:-1"},"canonical":"https:\/\/news.save.ch\/en\/mit-den-jahren-steigt-der-lichtbedarf\/","og_locale":"en_US","og_type":"article","og_title":"Mit den Jahren steigt der Lichtbedarf - Save","og_description":"Schon ab Mitte 30 brauchen viele Menschen mehr Licht \u2013 und wissen es nicht.","og_url":"https:\/\/news.save.ch\/en\/mit-den-jahren-steigt-der-lichtbedarf\/","og_site_name":"Save","article_published_time":"2023-01-30T06:48:23+00:00","article_modified_time":"2023-07-27T01:16:34+00:00","og_image":[{"width":1000,"height":530,"url":"https:\/\/news.save.ch\/wp-content\/uploads\/2023\/01\/Depositphotos_178704844_S.jpg","type":"image\/jpeg"}],"author":"Simon Gr\u00f6flin","twitter_card":"summary_large_image","twitter_misc":{"Written by":"Simon Gr\u00f6flin","Est. reading time":"3 minutes"},"schema":{"@context":"https:\/\/schema.org","@graph":[{"@type":"Article","@id":"https:\/\/news.save.ch\/mit-den-jahren-steigt-der-lichtbedarf\/#article","isPartOf":{"@id":"https:\/\/news.save.ch\/mit-den-jahren-steigt-der-lichtbedarf\/"},"author":{"name":"Simon Gr\u00f6flin","@id":"https:\/\/news.save.ch\/de\/#\/schema\/person\/ad4ef21102fd6125312409ac57d5296d"},"headline":"Mit den Jahren steigt der Lichtbedarf","datePublished":"2023-01-30T06:48:23+00:00","dateModified":"2023-07-27T01:16:34+00:00","mainEntityOfPage":{"@id":"https:\/\/news.save.ch\/mit-den-jahren-steigt-der-lichtbedarf\/"},"wordCount":512,"publisher":{"@id":"https:\/\/news.save.ch\/de\/#organization"},"image":{"@id":"https:\/\/news.save.ch\/mit-den-jahren-steigt-der-lichtbedarf\/#primaryimage"},"thumbnailUrl":"https:\/\/news.save.ch\/wp-content\/uploads\/2023\/01\/Depositphotos_178704844_S.jpg","keywords":["Beleuchtungsst\u00e4rken","Biorhythmus","Blendung","Blendungsempfindlichkeit","Ergonomisch","Farbwiedergabe","Lichtbedarf","Lichtmanagementsystem","Sehkraft"],"articleSection":["HEALTH &amp; SAFETY"],"inLanguage":"en-US"},{"@type":"WebPage","@id":"https:\/\/news.save.ch\/mit-den-jahren-steigt-der-lichtbedarf\/","url":"https:\/\/news.save.ch\/mit-den-jahren-steigt-der-lichtbedarf\/","name":"Over the years, the need for light increases - Save","isPartOf":{"@id":"https:\/\/news.save.ch\/de\/#website"},"primaryImageOfPage":{"@id":"https:\/\/news.save.ch\/mit-den-jahren-steigt-der-lichtbedarf\/#primaryimage"},"image":{"@id":"https:\/\/news.save.ch\/mit-den-jahren-steigt-der-lichtbedarf\/#primaryimage"},"thumbnailUrl":"https:\/\/news.save.ch\/wp-content\/uploads\/2023\/01\/Depositphotos_178704844_S.jpg","datePublished":"2023-01-30T06:48:23+00:00","dateModified":"2023-07-27T01:16:34+00:00","description":"Even in their mid-30s, many people need more light - and don't know it.","breadcrumb":{"@id":"https:\/\/news.save.ch\/mit-den-jahren-steigt-der-lichtbedarf\/#breadcrumb"},"inLanguage":"en-US","potentialAction":[{"@type":"ReadAction","target":["https:\/\/news.save.ch\/mit-den-jahren-steigt-der-lichtbedarf\/"]}]},{"@type":"ImageObject","inLanguage":"en-US","@id":"https:\/\/news.save.ch\/mit-den-jahren-steigt-der-lichtbedarf\/#primaryimage","url":"https:\/\/news.save.ch\/wp-content\/uploads\/2023\/01\/Depositphotos_178704844_S.jpg","contentUrl":"https:\/\/news.save.ch\/wp-content\/uploads\/2023\/01\/Depositphotos_178704844_S.jpg","width":1000,"height":530,"caption":"Bild: depositphotos"},{"@type":"BreadcrumbList","@id":"https:\/\/news.save.ch\/mit-den-jahren-steigt-der-lichtbedarf\/#breadcrumb","itemListElement":[{"@type":"ListItem","position":1,"name":"Home","item":"https:\/\/news.save.ch\/de\/"},{"@type":"ListItem","position":2,"name":"Mit den Jahren steigt der Lichtbedarf"}]},{"@type":"WebSite","@id":"https:\/\/news.save.ch\/de\/#website","url":"https:\/\/news.save.ch\/de\/","name":"Save","description":"Swiss trade journal for safety","publisher":{"@id":"https:\/\/news.save.ch\/de\/#organization"},"potentialAction":[{"@type":"SearchAction","target":{"@type":"EntryPoint","urlTemplate":"https:\/\/news.save.ch\/de\/?s={search_term_string}"},"query-input":{"@type":"PropertyValueSpecification","valueRequired":true,"valueName":"search_term_string"}}],"inLanguage":"en-US"},{"@type":"Organization","@id":"https:\/\/news.save.ch\/de\/#organization","name":"Security Forum","url":"https:\/\/news.save.ch\/de\/","logo":{"@type":"ImageObject","inLanguage":"en-US","@id":"https:\/\/news.save.ch\/de\/#\/schema\/logo\/image\/","url":"https:\/\/news.save.ch\/wp-content\/uploads\/2022\/06\/Logo_SF_2012.png","contentUrl":"https:\/\/news.save.ch\/wp-content\/uploads\/2022\/06\/Logo_SF_2012.png","width":1100,"height":91,"caption":"Sicherheitsforum"},"image":{"@id":"https:\/\/news.save.ch\/de\/#\/schema\/logo\/image\/"}},{"@type":"Person","@id":"https:\/\/news.save.ch\/de\/#\/schema\/person\/ad4ef21102fd6125312409ac57d5296d","name":"Simon Gr\u00f6flin","image":{"@type":"ImageObject","inLanguage":"en-US","@id":"https:\/\/secure.gravatar.com\/avatar\/6ddceb80eb734354635539e0ea5140bb7c41e42de7c45c9a2ab9921b5d5c9a83?s=96&d=mm&r=g","url":"https:\/\/secure.gravatar.com\/avatar\/6ddceb80eb734354635539e0ea5140bb7c41e42de7c45c9a2ab9921b5d5c9a83?s=96&d=mm&r=g","contentUrl":"https:\/\/secure.gravatar.com\/avatar\/6ddceb80eb734354635539e0ea5140bb7c41e42de7c45c9a2ab9921b5d5c9a83?s=96&d=mm&r=g","caption":"Simon Gr\u00f6flin"},"url":"https:\/\/news.save.ch\/en\/author\/simon-groeflin\/"}]}},"_links":{"self":[{"href":"https:\/\/news.save.ch\/en\/wp-json\/wp\/v2\/posts\/10324","targetHints":{"allow":["GET"]}}],"collection":[{"href":"https:\/\/news.save.ch\/en\/wp-json\/wp\/v2\/posts"}],"about":[{"href":"https:\/\/news.save.ch\/en\/wp-json\/wp\/v2\/types\/post"}],"author":[{"embeddable":true,"href":"https:\/\/news.save.ch\/en\/wp-json\/wp\/v2\/users\/9"}],"replies":[{"embeddable":true,"href":"https:\/\/news.save.ch\/en\/wp-json\/wp\/v2\/comments?post=10324"}],"version-history":[{"count":3,"href":"https:\/\/news.save.ch\/en\/wp-json\/wp\/v2\/posts\/10324\/revisions"}],"predecessor-version":[{"id":19680,"href":"https:\/\/news.save.ch\/en\/wp-json\/wp\/v2\/posts\/10324\/revisions\/19680"}],"wp:featuredmedia":[{"embeddable":true,"href":"https:\/\/news.save.ch\/en\/wp-json\/wp\/v2\/media\/10326"}],"wp:attachment":[{"href":"https:\/\/news.save.ch\/en\/wp-json\/wp\/v2\/media?parent=10324"}],"wp:term":[{"taxonomy":"category","embeddable":true,"href":"https:\/\/news.save.ch\/en\/wp-json\/wp\/v2\/categories?post=10324"},{"taxonomy":"post_tag","embeddable":true,"href":"https:\/\/news.save.ch\/en\/wp-json\/wp\/v2\/tags?post=10324"}],"curies":[{"name":"wp","href":"https:\/\/api.w.org\/{rel}","templated":true}]}}