{"id":10701,"date":"2020-10-23T15:34:49","date_gmt":"2020-10-23T13:34:49","guid":{"rendered":"https:\/\/news.save.ch\/?p=10701"},"modified":"2023-03-14T08:56:33","modified_gmt":"2023-03-14T07:56:33","slug":"was-hat-datenschutz-mit-haendewaschen-zu-tun","status":null,"type":"post","link":"https:\/\/news.save.ch\/en\/was-hat-datenschutz-mit-haendewaschen-zu-tun\/","title":{"rendered":"What does data protection have to do with hand washing?"},"content":{"rendered":"<figure id=\"attachment_10703\" aria-describedby=\"caption-attachment-10703\" style=\"width: 680px\" class=\"wp-caption aligncenter\"><img loading=\"lazy\" decoding=\"async\" class=\"wp-image-10703 size-medium\" src=\"https:\/\/news.save.ch\/wp-content\/uploads\/2020\/10\/Depositphotos_349363728_s-2019.jpg\" alt=\"IT Hygiene\" width=\"680\" height=\"454\" srcset=\"https:\/\/news.save.ch\/wp-content\/uploads\/2020\/10\/Depositphotos_349363728_s-2019.jpg 1000w, https:\/\/news.save.ch\/wp-content\/uploads\/2020\/10\/Depositphotos_349363728_s-2019-375x251.jpg 375w\" sizes=\"auto, (max-width: 680px) 100vw, 680px\" \/><figcaption id=\"caption-attachment-10703\" class=\"wp-caption-text\">\u00a9 depositphotos, artursz<\/figcaption><\/figure>\n<p>Washing your hands has become second nature to most. However, companies and their employees do not always exercise the same caution when it comes to mobile communication. Malware and other malware can hide in installed applications. An app is quickly downloaded and the user usually doesn't give much thought to the consequences: What data and communication channels does the app access? What exactly is written in the depths of the rarely read terms of use? If employees use a company cell phone privately or a private smartphone for business tasks, this puts compliance with data protection regulations at risk.<\/p>\n<p>Therefore, companies should observe the following rules:<\/p>\n<ul>\n<li>The explosive nature of the issue must be internalized. The carelessness of employees when using smartphones and tablets is often due to a lack of knowledge. This makes education and training all the more important to ensure that IT hygiene measures become a matter of course. All employees should also be given binding and uniform regulations for the protection of IT and data in the company. Careful handling of sensitive data must also be exemplified by superiors. All these measures prevent employees from unsuspectingly downloading dangerous apps.<\/li>\n<li>Offer only user-friendly tools. If possible, security measures should not restrict employees in their work, because only user-friendly solutions win through. Corporate apps must therefore be as easy to use as users are accustomed to from their private applications. It is just as important to involve the departments involved in the selection of tools in order to cover the business requirements of the respective employees.<\/li>\n<li>Strictly separate private and business data. Many apps have embedded functions for data exfiltration, i.e., the extraction of private data. In the case of WhatsApp, for example, this is the non-transparent access to the contact list, which may also contain business contacts. This is a violation of the requirements of the GDPR, as personal data may not be processed and forwarded without consent. Only a strict separation of private and business data can help against this data leakage. It also prevents data from simply being moved back and forth by copy-and-paste.<\/li>\n<li>Don't forget encryption and authentication. Business data must also be encrypted, both on the device and in transit. Access to systems such as file sharing or intranets must be through a secured channel. The corporate area should also be secured by PIN, TouchID, FaceID or - for even more protection - by smartcard. This way, data remains protected from misuse even if the device is stolen or lost.<\/li>\n<\/ul>\n<p>\"A container solution like SecurePIM strictly separates the business area from the private area on mobile end devices. Data and documents are stored encrypted to the highest standards and transmitted end-to-end. This creates an 'intrusion-proof' area to defend against cyber criminals and at the same time compliance with the DSGVO is guaranteed,\" explains Christian Mueller, Chief Marketing Officer of Virtual Solution in Munich. \"The economic consequences of poor IT hygiene are often underestimated. Data and identity theft, misuse of stolen data and, for example, blackmail attempts can result in losses in sales and trust. In addition, there is the threat of high penalties for violating the DSGVO regulations. Compliance with data protection and security must therefore become a constant routine, just like washing your hands.\"<\/p>\n<p><em>Source: Virtual Solution<\/em><\/p>\n<p>&nbsp;<\/p>","protected":false},"excerpt":{"rendered":"<p>Sich die H\u00e4nde zu waschen ist f\u00fcr die meisten zu einer Selbstverst\u00e4ndlichkeit geworden. Dieselbe Vorsicht lassen Unternehmen und ihre Mitarbeiter allerdings nicht immer walten, wenn es um die mobile Kommunikation geht. Gerade in den installierten Anwendungen k\u00f6nnen sich Malware &amp; Co. verstecken. Eine App ist schnell heruntergeladen und der Nutzer macht sich meistens keine grossen [&hellip;]<\/p>\n","protected":false},"author":8,"featured_media":10703,"comment_status":"closed","ping_status":"closed","sticky":false,"template":"","format":"standard","meta":{"_acf_changed":false,"pgc_sgb_lightbox_settings":"","footnotes":""},"categories":[3313],"tags":[118,1041],"class_list":["post-10701","post","type-post","status-publish","format-standard","has-post-thumbnail","hentry","category-digitalisierung","tag-datenschutz","tag-it-hygiene"],"acf":[],"hkrextid":null,"publication":null,"issue":null,"workflow":null,"startPage":null,"spitzmarke":null,"_posts_by_tag_page_fields":{"widget_title":"","widget_tags":""},"_at_widget":"1","_yoast_wpseo_primary_category":"2","_yoast_wpseo_focuskw_text_input":"IT-Hygiene","_yoast_wpseo_opengraph-image":null,"_yoast_wpseo_opengraph-description":null,"_yoast_wpseo_opengraph-title":null,"enclosure":null,"_yoast_wpseo_twitter-title":null,"_yoast_wpseo_twitter-description":null,"_yoast_wpseo_twitter-image":null,"_wp_old_slug":null,"_yoast_wpseo_title":null,"_yoast_wpseo_canonical":null,"yoast_head":"<!-- This site is optimized with the Yoast SEO plugin v27.5 - https:\/\/yoast.com\/product\/yoast-seo-wordpress\/ -->\n<title>Was hat Datenschutz mit H\u00e4ndewaschen zu tun? - Save<\/title>\n<meta name=\"description\" content=\"H\u00e4ndewaschen ist eine wirksame Hygiene-Massnahme. Unternehmen sollten das Thema Datenschutz nach dem gleichen Prinzip angehen.\" \/>\n<meta name=\"robots\" content=\"index, follow, max-snippet:-1, max-image-preview:large, max-video-preview:-1\" \/>\n<link rel=\"canonical\" href=\"https:\/\/news.save.ch\/en\/was-hat-datenschutz-mit-haendewaschen-zu-tun\/\" \/>\n<meta property=\"og:locale\" content=\"en_US\" \/>\n<meta property=\"og:type\" content=\"article\" \/>\n<meta property=\"og:title\" content=\"Was hat Datenschutz mit H\u00e4ndewaschen zu tun? - Save\" \/>\n<meta property=\"og:description\" content=\"H\u00e4ndewaschen ist eine wirksame Hygiene-Massnahme. Unternehmen sollten das Thema Datenschutz nach dem gleichen Prinzip angehen.\" \/>\n<meta property=\"og:url\" content=\"https:\/\/news.save.ch\/en\/was-hat-datenschutz-mit-haendewaschen-zu-tun\/\" \/>\n<meta property=\"og:site_name\" content=\"Save\" \/>\n<meta property=\"article:published_time\" content=\"2020-10-23T13:34:49+00:00\" \/>\n<meta property=\"article:modified_time\" content=\"2023-03-14T07:56:33+00:00\" \/>\n<meta property=\"og:image\" content=\"https:\/\/news.save.ch\/wp-content\/uploads\/2020\/10\/Depositphotos_349363728_s-2019.jpg\" \/>\n\t<meta property=\"og:image:width\" content=\"1000\" \/>\n\t<meta property=\"og:image:height\" content=\"668\" \/>\n\t<meta property=\"og:image:type\" content=\"image\/jpeg\" \/>\n<meta name=\"author\" content=\"Roger Str\u00e4ssle\" \/>\n<meta name=\"twitter:card\" content=\"summary_large_image\" \/>\n<meta name=\"twitter:label1\" content=\"Written by\" \/>\n\t<meta name=\"twitter:data1\" content=\"Roger Str\u00e4ssle\" \/>\n\t<meta name=\"twitter:label2\" content=\"Est. reading time\" \/>\n\t<meta name=\"twitter:data2\" content=\"3 minutes\" \/>\n<script type=\"application\/ld+json\" class=\"yoast-schema-graph\">{\"@context\":\"https:\\\/\\\/schema.org\",\"@graph\":[{\"@type\":\"Article\",\"@id\":\"https:\\\/\\\/news.save.ch\\\/was-hat-datenschutz-mit-haendewaschen-zu-tun\\\/#article\",\"isPartOf\":{\"@id\":\"https:\\\/\\\/news.save.ch\\\/was-hat-datenschutz-mit-haendewaschen-zu-tun\\\/\"},\"author\":{\"name\":\"Roger Str\u00e4ssle\",\"@id\":\"https:\\\/\\\/news.save.ch\\\/de\\\/#\\\/schema\\\/person\\\/d5022db048e0e2b9785c50e5b24da5aa\"},\"headline\":\"Was hat Datenschutz mit H\u00e4ndewaschen zu tun?\",\"datePublished\":\"2020-10-23T13:34:49+00:00\",\"dateModified\":\"2023-03-14T07:56:33+00:00\",\"mainEntityOfPage\":{\"@id\":\"https:\\\/\\\/news.save.ch\\\/was-hat-datenschutz-mit-haendewaschen-zu-tun\\\/\"},\"wordCount\":556,\"publisher\":{\"@id\":\"https:\\\/\\\/news.save.ch\\\/de\\\/#organization\"},\"image\":{\"@id\":\"https:\\\/\\\/news.save.ch\\\/was-hat-datenschutz-mit-haendewaschen-zu-tun\\\/#primaryimage\"},\"thumbnailUrl\":\"https:\\\/\\\/news.save.ch\\\/wp-content\\\/uploads\\\/2020\\\/10\\\/Depositphotos_349363728_s-2019.jpg\",\"keywords\":[\"Datenschutz\",\"IT-Hygiene\"],\"articleSection\":[\"DIGITALISIERUNG\"],\"inLanguage\":\"en-US\"},{\"@type\":\"WebPage\",\"@id\":\"https:\\\/\\\/news.save.ch\\\/was-hat-datenschutz-mit-haendewaschen-zu-tun\\\/\",\"url\":\"https:\\\/\\\/news.save.ch\\\/was-hat-datenschutz-mit-haendewaschen-zu-tun\\\/\",\"name\":\"Was hat Datenschutz mit H\u00e4ndewaschen zu tun? - Save\",\"isPartOf\":{\"@id\":\"https:\\\/\\\/news.save.ch\\\/de\\\/#website\"},\"primaryImageOfPage\":{\"@id\":\"https:\\\/\\\/news.save.ch\\\/was-hat-datenschutz-mit-haendewaschen-zu-tun\\\/#primaryimage\"},\"image\":{\"@id\":\"https:\\\/\\\/news.save.ch\\\/was-hat-datenschutz-mit-haendewaschen-zu-tun\\\/#primaryimage\"},\"thumbnailUrl\":\"https:\\\/\\\/news.save.ch\\\/wp-content\\\/uploads\\\/2020\\\/10\\\/Depositphotos_349363728_s-2019.jpg\",\"datePublished\":\"2020-10-23T13:34:49+00:00\",\"dateModified\":\"2023-03-14T07:56:33+00:00\",\"description\":\"H\u00e4ndewaschen ist eine wirksame Hygiene-Massnahme. Unternehmen sollten das Thema Datenschutz nach dem gleichen Prinzip angehen.\",\"breadcrumb\":{\"@id\":\"https:\\\/\\\/news.save.ch\\\/was-hat-datenschutz-mit-haendewaschen-zu-tun\\\/#breadcrumb\"},\"inLanguage\":\"en-US\",\"potentialAction\":[{\"@type\":\"ReadAction\",\"target\":[\"https:\\\/\\\/news.save.ch\\\/was-hat-datenschutz-mit-haendewaschen-zu-tun\\\/\"]}]},{\"@type\":\"ImageObject\",\"inLanguage\":\"en-US\",\"@id\":\"https:\\\/\\\/news.save.ch\\\/was-hat-datenschutz-mit-haendewaschen-zu-tun\\\/#primaryimage\",\"url\":\"https:\\\/\\\/news.save.ch\\\/wp-content\\\/uploads\\\/2020\\\/10\\\/Depositphotos_349363728_s-2019.jpg\",\"contentUrl\":\"https:\\\/\\\/news.save.ch\\\/wp-content\\\/uploads\\\/2020\\\/10\\\/Depositphotos_349363728_s-2019.jpg\",\"width\":1000,\"height\":668,\"caption\":\"\u00a9 depositphotos, artursz\"},{\"@type\":\"BreadcrumbList\",\"@id\":\"https:\\\/\\\/news.save.ch\\\/was-hat-datenschutz-mit-haendewaschen-zu-tun\\\/#breadcrumb\",\"itemListElement\":[{\"@type\":\"ListItem\",\"position\":1,\"name\":\"Home\",\"item\":\"https:\\\/\\\/news.save.ch\\\/de\\\/\"},{\"@type\":\"ListItem\",\"position\":2,\"name\":\"Was hat Datenschutz mit H\u00e4ndewaschen zu tun?\"}]},{\"@type\":\"WebSite\",\"@id\":\"https:\\\/\\\/news.save.ch\\\/de\\\/#website\",\"url\":\"https:\\\/\\\/news.save.ch\\\/de\\\/\",\"name\":\"Save\",\"description\":\"Schweizer Fachzeitschrift f\u00fcr Sicherheit\",\"publisher\":{\"@id\":\"https:\\\/\\\/news.save.ch\\\/de\\\/#organization\"},\"potentialAction\":[{\"@type\":\"SearchAction\",\"target\":{\"@type\":\"EntryPoint\",\"urlTemplate\":\"https:\\\/\\\/news.save.ch\\\/de\\\/?s={search_term_string}\"},\"query-input\":{\"@type\":\"PropertyValueSpecification\",\"valueRequired\":true,\"valueName\":\"search_term_string\"}}],\"inLanguage\":\"en-US\"},{\"@type\":\"Organization\",\"@id\":\"https:\\\/\\\/news.save.ch\\\/de\\\/#organization\",\"name\":\"Sicherheitsforum\",\"url\":\"https:\\\/\\\/news.save.ch\\\/de\\\/\",\"logo\":{\"@type\":\"ImageObject\",\"inLanguage\":\"en-US\",\"@id\":\"https:\\\/\\\/news.save.ch\\\/de\\\/#\\\/schema\\\/logo\\\/image\\\/\",\"url\":\"https:\\\/\\\/news.save.ch\\\/wp-content\\\/uploads\\\/2022\\\/06\\\/Logo_SF_2012.png\",\"contentUrl\":\"https:\\\/\\\/news.save.ch\\\/wp-content\\\/uploads\\\/2022\\\/06\\\/Logo_SF_2012.png\",\"width\":1100,\"height\":91,\"caption\":\"Sicherheitsforum\"},\"image\":{\"@id\":\"https:\\\/\\\/news.save.ch\\\/de\\\/#\\\/schema\\\/logo\\\/image\\\/\"}},{\"@type\":\"Person\",\"@id\":\"https:\\\/\\\/news.save.ch\\\/de\\\/#\\\/schema\\\/person\\\/d5022db048e0e2b9785c50e5b24da5aa\",\"name\":\"Roger Str\u00e4ssle\",\"image\":{\"@type\":\"ImageObject\",\"inLanguage\":\"en-US\",\"@id\":\"https:\\\/\\\/secure.gravatar.com\\\/avatar\\\/862a5569d087de48e5856e32f45d719a03804c891d6deb8d4f71a660e79e4a47?s=96&d=mm&r=g\",\"url\":\"https:\\\/\\\/secure.gravatar.com\\\/avatar\\\/862a5569d087de48e5856e32f45d719a03804c891d6deb8d4f71a660e79e4a47?s=96&d=mm&r=g\",\"contentUrl\":\"https:\\\/\\\/secure.gravatar.com\\\/avatar\\\/862a5569d087de48e5856e32f45d719a03804c891d6deb8d4f71a660e79e4a47?s=96&d=mm&r=g\",\"caption\":\"Roger Str\u00e4ssle\"},\"url\":\"https:\\\/\\\/news.save.ch\\\/en\\\/author\\\/roger-straessle\\\/\"}]}<\/script>\n<!-- \/ Yoast SEO plugin. -->","yoast_head_json":{"title":"What does data protection have to do with hand washing? - Save","description":"Washing hands is an effective hygiene measure. Companies should approach the issue of data protection according to the same principle.","robots":{"index":"index","follow":"follow","max-snippet":"max-snippet:-1","max-image-preview":"max-image-preview:large","max-video-preview":"max-video-preview:-1"},"canonical":"https:\/\/news.save.ch\/en\/was-hat-datenschutz-mit-haendewaschen-zu-tun\/","og_locale":"en_US","og_type":"article","og_title":"Was hat Datenschutz mit H\u00e4ndewaschen zu tun? - Save","og_description":"H\u00e4ndewaschen ist eine wirksame Hygiene-Massnahme. Unternehmen sollten das Thema Datenschutz nach dem gleichen Prinzip angehen.","og_url":"https:\/\/news.save.ch\/en\/was-hat-datenschutz-mit-haendewaschen-zu-tun\/","og_site_name":"Save","article_published_time":"2020-10-23T13:34:49+00:00","article_modified_time":"2023-03-14T07:56:33+00:00","og_image":[{"width":1000,"height":668,"url":"https:\/\/news.save.ch\/wp-content\/uploads\/2020\/10\/Depositphotos_349363728_s-2019.jpg","type":"image\/jpeg"}],"author":"Roger Str\u00e4ssle","twitter_card":"summary_large_image","twitter_misc":{"Written by":"Roger Str\u00e4ssle","Est. reading time":"3 minutes"},"schema":{"@context":"https:\/\/schema.org","@graph":[{"@type":"Article","@id":"https:\/\/news.save.ch\/was-hat-datenschutz-mit-haendewaschen-zu-tun\/#article","isPartOf":{"@id":"https:\/\/news.save.ch\/was-hat-datenschutz-mit-haendewaschen-zu-tun\/"},"author":{"name":"Roger Str\u00e4ssle","@id":"https:\/\/news.save.ch\/de\/#\/schema\/person\/d5022db048e0e2b9785c50e5b24da5aa"},"headline":"Was hat Datenschutz mit H\u00e4ndewaschen zu tun?","datePublished":"2020-10-23T13:34:49+00:00","dateModified":"2023-03-14T07:56:33+00:00","mainEntityOfPage":{"@id":"https:\/\/news.save.ch\/was-hat-datenschutz-mit-haendewaschen-zu-tun\/"},"wordCount":556,"publisher":{"@id":"https:\/\/news.save.ch\/de\/#organization"},"image":{"@id":"https:\/\/news.save.ch\/was-hat-datenschutz-mit-haendewaschen-zu-tun\/#primaryimage"},"thumbnailUrl":"https:\/\/news.save.ch\/wp-content\/uploads\/2020\/10\/Depositphotos_349363728_s-2019.jpg","keywords":["Datenschutz","IT-Hygiene"],"articleSection":["DIGITALISIERUNG"],"inLanguage":"en-US"},{"@type":"WebPage","@id":"https:\/\/news.save.ch\/was-hat-datenschutz-mit-haendewaschen-zu-tun\/","url":"https:\/\/news.save.ch\/was-hat-datenschutz-mit-haendewaschen-zu-tun\/","name":"What does data protection have to do with hand washing? - Save","isPartOf":{"@id":"https:\/\/news.save.ch\/de\/#website"},"primaryImageOfPage":{"@id":"https:\/\/news.save.ch\/was-hat-datenschutz-mit-haendewaschen-zu-tun\/#primaryimage"},"image":{"@id":"https:\/\/news.save.ch\/was-hat-datenschutz-mit-haendewaschen-zu-tun\/#primaryimage"},"thumbnailUrl":"https:\/\/news.save.ch\/wp-content\/uploads\/2020\/10\/Depositphotos_349363728_s-2019.jpg","datePublished":"2020-10-23T13:34:49+00:00","dateModified":"2023-03-14T07:56:33+00:00","description":"Washing hands is an effective hygiene measure. Companies should approach the issue of data protection according to the same principle.","breadcrumb":{"@id":"https:\/\/news.save.ch\/was-hat-datenschutz-mit-haendewaschen-zu-tun\/#breadcrumb"},"inLanguage":"en-US","potentialAction":[{"@type":"ReadAction","target":["https:\/\/news.save.ch\/was-hat-datenschutz-mit-haendewaschen-zu-tun\/"]}]},{"@type":"ImageObject","inLanguage":"en-US","@id":"https:\/\/news.save.ch\/was-hat-datenschutz-mit-haendewaschen-zu-tun\/#primaryimage","url":"https:\/\/news.save.ch\/wp-content\/uploads\/2020\/10\/Depositphotos_349363728_s-2019.jpg","contentUrl":"https:\/\/news.save.ch\/wp-content\/uploads\/2020\/10\/Depositphotos_349363728_s-2019.jpg","width":1000,"height":668,"caption":"\u00a9 depositphotos, artursz"},{"@type":"BreadcrumbList","@id":"https:\/\/news.save.ch\/was-hat-datenschutz-mit-haendewaschen-zu-tun\/#breadcrumb","itemListElement":[{"@type":"ListItem","position":1,"name":"Home","item":"https:\/\/news.save.ch\/de\/"},{"@type":"ListItem","position":2,"name":"Was hat Datenschutz mit H\u00e4ndewaschen zu tun?"}]},{"@type":"WebSite","@id":"https:\/\/news.save.ch\/de\/#website","url":"https:\/\/news.save.ch\/de\/","name":"Save","description":"Swiss trade journal for safety","publisher":{"@id":"https:\/\/news.save.ch\/de\/#organization"},"potentialAction":[{"@type":"SearchAction","target":{"@type":"EntryPoint","urlTemplate":"https:\/\/news.save.ch\/de\/?s={search_term_string}"},"query-input":{"@type":"PropertyValueSpecification","valueRequired":true,"valueName":"search_term_string"}}],"inLanguage":"en-US"},{"@type":"Organization","@id":"https:\/\/news.save.ch\/de\/#organization","name":"Security Forum","url":"https:\/\/news.save.ch\/de\/","logo":{"@type":"ImageObject","inLanguage":"en-US","@id":"https:\/\/news.save.ch\/de\/#\/schema\/logo\/image\/","url":"https:\/\/news.save.ch\/wp-content\/uploads\/2022\/06\/Logo_SF_2012.png","contentUrl":"https:\/\/news.save.ch\/wp-content\/uploads\/2022\/06\/Logo_SF_2012.png","width":1100,"height":91,"caption":"Sicherheitsforum"},"image":{"@id":"https:\/\/news.save.ch\/de\/#\/schema\/logo\/image\/"}},{"@type":"Person","@id":"https:\/\/news.save.ch\/de\/#\/schema\/person\/d5022db048e0e2b9785c50e5b24da5aa","name":"Roger Str\u00e4ssle","image":{"@type":"ImageObject","inLanguage":"en-US","@id":"https:\/\/secure.gravatar.com\/avatar\/862a5569d087de48e5856e32f45d719a03804c891d6deb8d4f71a660e79e4a47?s=96&d=mm&r=g","url":"https:\/\/secure.gravatar.com\/avatar\/862a5569d087de48e5856e32f45d719a03804c891d6deb8d4f71a660e79e4a47?s=96&d=mm&r=g","contentUrl":"https:\/\/secure.gravatar.com\/avatar\/862a5569d087de48e5856e32f45d719a03804c891d6deb8d4f71a660e79e4a47?s=96&d=mm&r=g","caption":"Roger Str\u00e4ssle"},"url":"https:\/\/news.save.ch\/en\/author\/roger-straessle\/"}]}},"_links":{"self":[{"href":"https:\/\/news.save.ch\/en\/wp-json\/wp\/v2\/posts\/10701","targetHints":{"allow":["GET"]}}],"collection":[{"href":"https:\/\/news.save.ch\/en\/wp-json\/wp\/v2\/posts"}],"about":[{"href":"https:\/\/news.save.ch\/en\/wp-json\/wp\/v2\/types\/post"}],"author":[{"embeddable":true,"href":"https:\/\/news.save.ch\/en\/wp-json\/wp\/v2\/users\/8"}],"replies":[{"embeddable":true,"href":"https:\/\/news.save.ch\/en\/wp-json\/wp\/v2\/comments?post=10701"}],"version-history":[{"count":1,"href":"https:\/\/news.save.ch\/en\/wp-json\/wp\/v2\/posts\/10701\/revisions"}],"predecessor-version":[{"id":17302,"href":"https:\/\/news.save.ch\/en\/wp-json\/wp\/v2\/posts\/10701\/revisions\/17302"}],"wp:featuredmedia":[{"embeddable":true,"href":"https:\/\/news.save.ch\/en\/wp-json\/wp\/v2\/media\/10703"}],"wp:attachment":[{"href":"https:\/\/news.save.ch\/en\/wp-json\/wp\/v2\/media?parent=10701"}],"wp:term":[{"taxonomy":"category","embeddable":true,"href":"https:\/\/news.save.ch\/en\/wp-json\/wp\/v2\/categories?post=10701"},{"taxonomy":"post_tag","embeddable":true,"href":"https:\/\/news.save.ch\/en\/wp-json\/wp\/v2\/tags?post=10701"}],"curies":[{"name":"wp","href":"https:\/\/api.w.org\/{rel}","templated":true}]}}