{"id":10771,"date":"2020-11-04T12:00:59","date_gmt":"2020-11-04T11:00:59","guid":{"rendered":"https:\/\/news.save.ch\/?p=10771"},"modified":"2020-11-04T12:00:59","modified_gmt":"2020-11-04T11:00:59","slug":"mark-burkhard-wird-neuer-kkpks-praesident","status":null,"type":"post","link":"https:\/\/news.save.ch\/en\/mark-burkhard-wird-neuer-kkpks-praesident\/","title":{"rendered":"Mark Burkhard becomes new KKPKS President"},"content":{"rendered":"<figure id=\"attachment_10773\" aria-describedby=\"caption-attachment-10773\" style=\"width: 680px\" class=\"wp-caption aligncenter\"><img loading=\"lazy\" decoding=\"async\" class=\"size-medium wp-image-10773\" src=\"https:\/\/news.save.ch\/wp-content\/uploads\/2020\/11\/Burkhard-1-1.jpg\" alt=\"\" width=\"680\" height=\"565\" \/><figcaption id=\"caption-attachment-10773\" class=\"wp-caption-text\">The police commander of the Basel area, Mark Burkhard.<br \/>\u00a9 KKPKS<\/figcaption><\/figure>\n<p>The <a href=\"https:\/\/www.kkpks.ch\/\">KKPKS<\/a> elected Mark Burkhard as its new president at its annual meeting on November 3, 2020. The graduate economist and IT engineer has been commander of the Basel-Landschaft police since 2013. Until now, as a board member of the KKPKS, he also led the projects for the harmonization of Swiss police IT. He is looking forward to the new challenge, says 56-year-old Mark Burkhard: \"I want us to continue to provide high-quality police services for the population. This requires good cooperation between the police forces and their partners across the corps and cantons.\" Furthermore, it is important \"that we do not lose touch with technological developments in the field of crime,\" says Burkhard.<\/p>\n<p><strong>Three questions for the new man at the helm of KKPKS<\/strong><\/p>\n<p><em><strong>Terrorist attacks in France and now also in Vienna: What does this mean for Switzerland's security?<\/strong><\/em><\/p>\n<p><em>Burkhard:<\/em> The terrorist threat has also been heightened in Switzerland for some time. Following the recent attacks in neighboring countries, the situation in Switzerland is also being reassessed on an ongoing basis. Based on this, the security arrangements in the cantons are reviewed and, if necessary, additional measures are taken, such as increasing the police presence in public areas.<\/p>\n<p><em><strong>What are your most important challenges in 2021?<\/strong><\/em><\/p>\n<p><em>Burkhard:<\/em> The primary task is to deal with the consequences of the Corona pandemic. Depending on how the situation develops, the police will be called upon to do more or less. However, other developments can change this focus at any time, as the attacks in France and Vienna show. In addition, the police are making great efforts to combat the rapidly growing cybercrime.<\/p>\n<p><strong>Where does Switzerland stand in this respect, and where do you, as CCCP President, need to set priorities in cyber security?\u00a0 <\/strong><\/p>\n<p><em>Burkhard:\u00a0<\/em>To combat cybercrime, the Swiss police corps have founded the \"Network for Combating Digital Crime\" (NEDIK). The federal government and all cantonal police forces work together in this network. They monitor crime trends, agree on their areas of activity and coordinate joint actions. This cooperation must be further consolidated and expanded. In addition, it must be better communicated to the public what efforts the police corps are already making in the fight against cybercrime.<\/p>\n<p><em>Interview: R. Str\u00e4ssle<\/em><\/p>\n<blockquote>\n<p><strong>Stefan Bl\u00e4tter in office since 2014<\/strong><\/p>\n<p>Mark Burkhard succeeds Stefan Bl\u00e4ttler, commander of the Bern Cantonal Police. The 61-year-old looks back on an eventful presidency. At the end of October 2014, he was elected President of the CCPSC, shortly before terrorist attacks in neighboring countries had a lasting impact on the security situation in Switzerland and thus on police work. And the Corona situation in his last presidential year had also challenged the Swiss police corps and the CCPCA. Milestones during his presidency were reached, among others, with the introduction of the new overall educational policy concept Police 2020 as well as the formation of the Network Investigation Support Digital Crime Fighting (NEDIK) in 2018, as the press release of the Conference of Cantonal Police Commanders of Switzerland concludes.<\/p>\n<\/blockquote>\n<p>&nbsp;<\/p>","protected":false},"excerpt":{"rendered":"<p>Die KKPKS hat an ihrer Jahresversammlung vom 3. November 2020 Mark Burkhard zum neuen Pr\u00e4sidenten gew\u00e4hlt. Der diplomierte National\u00f6konom und Informatik-Ingenieur ist seit 2013 Kommandant der Polizei Basel-Landschaft. Bis anhin leitete er als Vorstandsmitglied der KKPKS auch die Vorhaben zur Harmonisierung der Schweizerischen Polizeiinformatik. Er freue sich auf die neue Herausforderung, sagt der 56-j\u00e4hrige Mark [&hellip;]<\/p>\n","protected":false},"author":8,"featured_media":10773,"comment_status":"closed","ping_status":"closed","sticky":false,"template":"","format":"standard","meta":{"_acf_changed":false,"pgc_sgb_lightbox_settings":"","footnotes":""},"categories":[1],"tags":[239,1065,1066],"class_list":["post-10771","post","type-post","status-publish","format-standard","has-post-thumbnail","hentry","category-allgemein","tag-kkpks","tag-mark-burkhard","tag-stefan-blaettler"],"acf":[],"hkrextid":null,"publication":null,"issue":null,"workflow":null,"startPage":null,"spitzmarke":null,"_posts_by_tag_page_fields":{"widget_title":"","widget_tags":""},"_at_widget":"1","_yoast_wpseo_primary_category":"1","_yoast_wpseo_focuskw_text_input":"KKPKS","_yoast_wpseo_opengraph-image":null,"_yoast_wpseo_opengraph-description":null,"_yoast_wpseo_opengraph-title":null,"enclosure":null,"_yoast_wpseo_twitter-title":null,"_yoast_wpseo_twitter-description":null,"_yoast_wpseo_twitter-image":null,"_wp_old_slug":null,"_yoast_wpseo_title":null,"_yoast_wpseo_canonical":null,"yoast_head":"<!-- This site is optimized with the Yoast SEO plugin v27.4 - https:\/\/yoast.com\/product\/yoast-seo-wordpress\/ -->\n<title>Mark Burkhard wird neuer KKPKS-Pr\u00e4sident - Save<\/title>\n<meta name=\"description\" content=\"Der neue Pr\u00e4sident der Konferenz der kantonalen Polizeikommandanten der Schweiz (KKPKS) heisst Mark Burkhard, er ist Baselbieter Polizeikommandant.\" \/>\n<meta name=\"robots\" content=\"index, follow, max-snippet:-1, max-image-preview:large, max-video-preview:-1\" \/>\n<link rel=\"canonical\" href=\"https:\/\/news.save.ch\/en\/mark-burkhard-wird-neuer-kkpks-praesident\/\" \/>\n<meta property=\"og:locale\" content=\"en_US\" \/>\n<meta property=\"og:type\" content=\"article\" \/>\n<meta property=\"og:title\" content=\"Mark Burkhard wird neuer KKPKS-Pr\u00e4sident - Save\" \/>\n<meta property=\"og:description\" content=\"Der neue Pr\u00e4sident der Konferenz der kantonalen Polizeikommandanten der Schweiz (KKPKS) heisst Mark Burkhard, er ist Baselbieter Polizeikommandant.\" \/>\n<meta property=\"og:url\" content=\"https:\/\/news.save.ch\/en\/mark-burkhard-wird-neuer-kkpks-praesident\/\" \/>\n<meta property=\"og:site_name\" content=\"Save\" \/>\n<meta property=\"article:published_time\" content=\"2020-11-04T11:00:59+00:00\" \/>\n<meta property=\"og:image\" content=\"https:\/\/news.save.ch\/wp-content\/uploads\/2020\/11\/Burkhard-1-1-scaled.jpg\" \/>\n\t<meta property=\"og:image:width\" content=\"1400\" \/>\n\t<meta property=\"og:image:height\" content=\"1163\" \/>\n\t<meta property=\"og:image:type\" content=\"image\/jpeg\" \/>\n<meta name=\"author\" content=\"Roger Str\u00e4ssle\" \/>\n<meta name=\"twitter:card\" content=\"summary_large_image\" \/>\n<meta name=\"twitter:label1\" content=\"Written by\" \/>\n\t<meta name=\"twitter:data1\" content=\"Roger Str\u00e4ssle\" \/>\n\t<meta name=\"twitter:label2\" content=\"Est. reading time\" \/>\n\t<meta name=\"twitter:data2\" content=\"3 minutes\" \/>\n<script type=\"application\/ld+json\" class=\"yoast-schema-graph\">{\"@context\":\"https:\\\/\\\/schema.org\",\"@graph\":[{\"@type\":\"Article\",\"@id\":\"https:\\\/\\\/news.save.ch\\\/mark-burkhard-wird-neuer-kkpks-praesident\\\/#article\",\"isPartOf\":{\"@id\":\"https:\\\/\\\/news.save.ch\\\/mark-burkhard-wird-neuer-kkpks-praesident\\\/\"},\"author\":{\"name\":\"Roger Str\u00e4ssle\",\"@id\":\"https:\\\/\\\/news.save.ch\\\/de\\\/#\\\/schema\\\/person\\\/d5022db048e0e2b9785c50e5b24da5aa\"},\"headline\":\"Mark Burkhard wird neuer KKPKS-Pr\u00e4sident\",\"datePublished\":\"2020-11-04T11:00:59+00:00\",\"mainEntityOfPage\":{\"@id\":\"https:\\\/\\\/news.save.ch\\\/mark-burkhard-wird-neuer-kkpks-praesident\\\/\"},\"wordCount\":507,\"publisher\":{\"@id\":\"https:\\\/\\\/news.save.ch\\\/de\\\/#organization\"},\"image\":{\"@id\":\"https:\\\/\\\/news.save.ch\\\/mark-burkhard-wird-neuer-kkpks-praesident\\\/#primaryimage\"},\"thumbnailUrl\":\"https:\\\/\\\/news.save.ch\\\/wp-content\\\/uploads\\\/2020\\\/11\\\/Burkhard-1-1-scaled.jpg\",\"keywords\":[\"KKPKS\",\"Mark Burkhard\",\"Stefan Bl\u00e4ttler\"],\"articleSection\":[\"ALLGEMEIN\"],\"inLanguage\":\"en-US\"},{\"@type\":\"WebPage\",\"@id\":\"https:\\\/\\\/news.save.ch\\\/mark-burkhard-wird-neuer-kkpks-praesident\\\/\",\"url\":\"https:\\\/\\\/news.save.ch\\\/mark-burkhard-wird-neuer-kkpks-praesident\\\/\",\"name\":\"Mark Burkhard wird neuer KKPKS-Pr\u00e4sident - Save\",\"isPartOf\":{\"@id\":\"https:\\\/\\\/news.save.ch\\\/de\\\/#website\"},\"primaryImageOfPage\":{\"@id\":\"https:\\\/\\\/news.save.ch\\\/mark-burkhard-wird-neuer-kkpks-praesident\\\/#primaryimage\"},\"image\":{\"@id\":\"https:\\\/\\\/news.save.ch\\\/mark-burkhard-wird-neuer-kkpks-praesident\\\/#primaryimage\"},\"thumbnailUrl\":\"https:\\\/\\\/news.save.ch\\\/wp-content\\\/uploads\\\/2020\\\/11\\\/Burkhard-1-1-scaled.jpg\",\"datePublished\":\"2020-11-04T11:00:59+00:00\",\"description\":\"Der neue Pr\u00e4sident der Konferenz der kantonalen Polizeikommandanten der Schweiz (KKPKS) heisst Mark Burkhard, er ist Baselbieter Polizeikommandant.\",\"breadcrumb\":{\"@id\":\"https:\\\/\\\/news.save.ch\\\/mark-burkhard-wird-neuer-kkpks-praesident\\\/#breadcrumb\"},\"inLanguage\":\"en-US\",\"potentialAction\":[{\"@type\":\"ReadAction\",\"target\":[\"https:\\\/\\\/news.save.ch\\\/mark-burkhard-wird-neuer-kkpks-praesident\\\/\"]}]},{\"@type\":\"ImageObject\",\"inLanguage\":\"en-US\",\"@id\":\"https:\\\/\\\/news.save.ch\\\/mark-burkhard-wird-neuer-kkpks-praesident\\\/#primaryimage\",\"url\":\"https:\\\/\\\/news.save.ch\\\/wp-content\\\/uploads\\\/2020\\\/11\\\/Burkhard-1-1-scaled.jpg\",\"contentUrl\":\"https:\\\/\\\/news.save.ch\\\/wp-content\\\/uploads\\\/2020\\\/11\\\/Burkhard-1-1-scaled.jpg\",\"width\":1400,\"height\":1163,\"caption\":\"Der Baselbieter Polizeikommandant Mark Burkhard. \u00a9 KKPKS\"},{\"@type\":\"BreadcrumbList\",\"@id\":\"https:\\\/\\\/news.save.ch\\\/mark-burkhard-wird-neuer-kkpks-praesident\\\/#breadcrumb\",\"itemListElement\":[{\"@type\":\"ListItem\",\"position\":1,\"name\":\"Home\",\"item\":\"https:\\\/\\\/news.save.ch\\\/de\\\/\"},{\"@type\":\"ListItem\",\"position\":2,\"name\":\"Mark Burkhard wird neuer KKPKS-Pr\u00e4sident\"}]},{\"@type\":\"WebSite\",\"@id\":\"https:\\\/\\\/news.save.ch\\\/de\\\/#website\",\"url\":\"https:\\\/\\\/news.save.ch\\\/de\\\/\",\"name\":\"Save\",\"description\":\"Schweizer Fachzeitschrift f\u00fcr Sicherheit\",\"publisher\":{\"@id\":\"https:\\\/\\\/news.save.ch\\\/de\\\/#organization\"},\"potentialAction\":[{\"@type\":\"SearchAction\",\"target\":{\"@type\":\"EntryPoint\",\"urlTemplate\":\"https:\\\/\\\/news.save.ch\\\/de\\\/?s={search_term_string}\"},\"query-input\":{\"@type\":\"PropertyValueSpecification\",\"valueRequired\":true,\"valueName\":\"search_term_string\"}}],\"inLanguage\":\"en-US\"},{\"@type\":\"Organization\",\"@id\":\"https:\\\/\\\/news.save.ch\\\/de\\\/#organization\",\"name\":\"Sicherheitsforum\",\"url\":\"https:\\\/\\\/news.save.ch\\\/de\\\/\",\"logo\":{\"@type\":\"ImageObject\",\"inLanguage\":\"en-US\",\"@id\":\"https:\\\/\\\/news.save.ch\\\/de\\\/#\\\/schema\\\/logo\\\/image\\\/\",\"url\":\"https:\\\/\\\/news.save.ch\\\/wp-content\\\/uploads\\\/2022\\\/06\\\/Logo_SF_2012.png\",\"contentUrl\":\"https:\\\/\\\/news.save.ch\\\/wp-content\\\/uploads\\\/2022\\\/06\\\/Logo_SF_2012.png\",\"width\":1100,\"height\":91,\"caption\":\"Sicherheitsforum\"},\"image\":{\"@id\":\"https:\\\/\\\/news.save.ch\\\/de\\\/#\\\/schema\\\/logo\\\/image\\\/\"}},{\"@type\":\"Person\",\"@id\":\"https:\\\/\\\/news.save.ch\\\/de\\\/#\\\/schema\\\/person\\\/d5022db048e0e2b9785c50e5b24da5aa\",\"name\":\"Roger Str\u00e4ssle\",\"image\":{\"@type\":\"ImageObject\",\"inLanguage\":\"en-US\",\"@id\":\"https:\\\/\\\/secure.gravatar.com\\\/avatar\\\/862a5569d087de48e5856e32f45d719a03804c891d6deb8d4f71a660e79e4a47?s=96&d=mm&r=g\",\"url\":\"https:\\\/\\\/secure.gravatar.com\\\/avatar\\\/862a5569d087de48e5856e32f45d719a03804c891d6deb8d4f71a660e79e4a47?s=96&d=mm&r=g\",\"contentUrl\":\"https:\\\/\\\/secure.gravatar.com\\\/avatar\\\/862a5569d087de48e5856e32f45d719a03804c891d6deb8d4f71a660e79e4a47?s=96&d=mm&r=g\",\"caption\":\"Roger Str\u00e4ssle\"},\"url\":\"https:\\\/\\\/news.save.ch\\\/en\\\/author\\\/roger-straessle\\\/\"}]}<\/script>\n<!-- \/ Yoast SEO plugin. -->","yoast_head_json":{"title":"Mark Burkhard becomes new KKPKS president - Save","description":"The new president of the Conference of Cantonal Police Commanders of Switzerland (KKPKS) is Mark Burkhard, he is the police commander of Basel.","robots":{"index":"index","follow":"follow","max-snippet":"max-snippet:-1","max-image-preview":"max-image-preview:large","max-video-preview":"max-video-preview:-1"},"canonical":"https:\/\/news.save.ch\/en\/mark-burkhard-wird-neuer-kkpks-praesident\/","og_locale":"en_US","og_type":"article","og_title":"Mark Burkhard wird neuer KKPKS-Pr\u00e4sident - Save","og_description":"Der neue Pr\u00e4sident der Konferenz der kantonalen Polizeikommandanten der Schweiz (KKPKS) heisst Mark Burkhard, er ist Baselbieter Polizeikommandant.","og_url":"https:\/\/news.save.ch\/en\/mark-burkhard-wird-neuer-kkpks-praesident\/","og_site_name":"Save","article_published_time":"2020-11-04T11:00:59+00:00","og_image":[{"width":1400,"height":1163,"url":"https:\/\/news.save.ch\/wp-content\/uploads\/2020\/11\/Burkhard-1-1-scaled.jpg","type":"image\/jpeg"}],"author":"Roger Str\u00e4ssle","twitter_card":"summary_large_image","twitter_misc":{"Written by":"Roger Str\u00e4ssle","Est. reading time":"3 minutes"},"schema":{"@context":"https:\/\/schema.org","@graph":[{"@type":"Article","@id":"https:\/\/news.save.ch\/mark-burkhard-wird-neuer-kkpks-praesident\/#article","isPartOf":{"@id":"https:\/\/news.save.ch\/mark-burkhard-wird-neuer-kkpks-praesident\/"},"author":{"name":"Roger Str\u00e4ssle","@id":"https:\/\/news.save.ch\/de\/#\/schema\/person\/d5022db048e0e2b9785c50e5b24da5aa"},"headline":"Mark Burkhard wird neuer KKPKS-Pr\u00e4sident","datePublished":"2020-11-04T11:00:59+00:00","mainEntityOfPage":{"@id":"https:\/\/news.save.ch\/mark-burkhard-wird-neuer-kkpks-praesident\/"},"wordCount":507,"publisher":{"@id":"https:\/\/news.save.ch\/de\/#organization"},"image":{"@id":"https:\/\/news.save.ch\/mark-burkhard-wird-neuer-kkpks-praesident\/#primaryimage"},"thumbnailUrl":"https:\/\/news.save.ch\/wp-content\/uploads\/2020\/11\/Burkhard-1-1-scaled.jpg","keywords":["KKPKS","Mark Burkhard","Stefan Bl\u00e4ttler"],"articleSection":["ALLGEMEIN"],"inLanguage":"en-US"},{"@type":"WebPage","@id":"https:\/\/news.save.ch\/mark-burkhard-wird-neuer-kkpks-praesident\/","url":"https:\/\/news.save.ch\/mark-burkhard-wird-neuer-kkpks-praesident\/","name":"Mark Burkhard becomes new KKPKS president - Save","isPartOf":{"@id":"https:\/\/news.save.ch\/de\/#website"},"primaryImageOfPage":{"@id":"https:\/\/news.save.ch\/mark-burkhard-wird-neuer-kkpks-praesident\/#primaryimage"},"image":{"@id":"https:\/\/news.save.ch\/mark-burkhard-wird-neuer-kkpks-praesident\/#primaryimage"},"thumbnailUrl":"https:\/\/news.save.ch\/wp-content\/uploads\/2020\/11\/Burkhard-1-1-scaled.jpg","datePublished":"2020-11-04T11:00:59+00:00","description":"The new president of the Conference of Cantonal Police Commanders of Switzerland (KKPKS) is Mark Burkhard, he is the police commander of Basel.","breadcrumb":{"@id":"https:\/\/news.save.ch\/mark-burkhard-wird-neuer-kkpks-praesident\/#breadcrumb"},"inLanguage":"en-US","potentialAction":[{"@type":"ReadAction","target":["https:\/\/news.save.ch\/mark-burkhard-wird-neuer-kkpks-praesident\/"]}]},{"@type":"ImageObject","inLanguage":"en-US","@id":"https:\/\/news.save.ch\/mark-burkhard-wird-neuer-kkpks-praesident\/#primaryimage","url":"https:\/\/news.save.ch\/wp-content\/uploads\/2020\/11\/Burkhard-1-1-scaled.jpg","contentUrl":"https:\/\/news.save.ch\/wp-content\/uploads\/2020\/11\/Burkhard-1-1-scaled.jpg","width":1400,"height":1163,"caption":"Der Baselbieter Polizeikommandant Mark Burkhard. \u00a9 KKPKS"},{"@type":"BreadcrumbList","@id":"https:\/\/news.save.ch\/mark-burkhard-wird-neuer-kkpks-praesident\/#breadcrumb","itemListElement":[{"@type":"ListItem","position":1,"name":"Home","item":"https:\/\/news.save.ch\/de\/"},{"@type":"ListItem","position":2,"name":"Mark Burkhard wird neuer KKPKS-Pr\u00e4sident"}]},{"@type":"WebSite","@id":"https:\/\/news.save.ch\/de\/#website","url":"https:\/\/news.save.ch\/de\/","name":"Save","description":"Swiss trade journal for safety","publisher":{"@id":"https:\/\/news.save.ch\/de\/#organization"},"potentialAction":[{"@type":"SearchAction","target":{"@type":"EntryPoint","urlTemplate":"https:\/\/news.save.ch\/de\/?s={search_term_string}"},"query-input":{"@type":"PropertyValueSpecification","valueRequired":true,"valueName":"search_term_string"}}],"inLanguage":"en-US"},{"@type":"Organization","@id":"https:\/\/news.save.ch\/de\/#organization","name":"Security Forum","url":"https:\/\/news.save.ch\/de\/","logo":{"@type":"ImageObject","inLanguage":"en-US","@id":"https:\/\/news.save.ch\/de\/#\/schema\/logo\/image\/","url":"https:\/\/news.save.ch\/wp-content\/uploads\/2022\/06\/Logo_SF_2012.png","contentUrl":"https:\/\/news.save.ch\/wp-content\/uploads\/2022\/06\/Logo_SF_2012.png","width":1100,"height":91,"caption":"Sicherheitsforum"},"image":{"@id":"https:\/\/news.save.ch\/de\/#\/schema\/logo\/image\/"}},{"@type":"Person","@id":"https:\/\/news.save.ch\/de\/#\/schema\/person\/d5022db048e0e2b9785c50e5b24da5aa","name":"Roger Str\u00e4ssle","image":{"@type":"ImageObject","inLanguage":"en-US","@id":"https:\/\/secure.gravatar.com\/avatar\/862a5569d087de48e5856e32f45d719a03804c891d6deb8d4f71a660e79e4a47?s=96&d=mm&r=g","url":"https:\/\/secure.gravatar.com\/avatar\/862a5569d087de48e5856e32f45d719a03804c891d6deb8d4f71a660e79e4a47?s=96&d=mm&r=g","contentUrl":"https:\/\/secure.gravatar.com\/avatar\/862a5569d087de48e5856e32f45d719a03804c891d6deb8d4f71a660e79e4a47?s=96&d=mm&r=g","caption":"Roger Str\u00e4ssle"},"url":"https:\/\/news.save.ch\/en\/author\/roger-straessle\/"}]}},"_links":{"self":[{"href":"https:\/\/news.save.ch\/en\/wp-json\/wp\/v2\/posts\/10771","targetHints":{"allow":["GET"]}}],"collection":[{"href":"https:\/\/news.save.ch\/en\/wp-json\/wp\/v2\/posts"}],"about":[{"href":"https:\/\/news.save.ch\/en\/wp-json\/wp\/v2\/types\/post"}],"author":[{"embeddable":true,"href":"https:\/\/news.save.ch\/en\/wp-json\/wp\/v2\/users\/8"}],"replies":[{"embeddable":true,"href":"https:\/\/news.save.ch\/en\/wp-json\/wp\/v2\/comments?post=10771"}],"version-history":[{"count":0,"href":"https:\/\/news.save.ch\/en\/wp-json\/wp\/v2\/posts\/10771\/revisions"}],"wp:featuredmedia":[{"embeddable":true,"href":"https:\/\/news.save.ch\/en\/wp-json\/wp\/v2\/media\/10773"}],"wp:attachment":[{"href":"https:\/\/news.save.ch\/en\/wp-json\/wp\/v2\/media?parent=10771"}],"wp:term":[{"taxonomy":"category","embeddable":true,"href":"https:\/\/news.save.ch\/en\/wp-json\/wp\/v2\/categories?post=10771"},{"taxonomy":"post_tag","embeddable":true,"href":"https:\/\/news.save.ch\/en\/wp-json\/wp\/v2\/tags?post=10771"}],"curies":[{"name":"wp","href":"https:\/\/api.w.org\/{rel}","templated":true}]}}