{"id":10783,"date":"2020-11-03T20:37:31","date_gmt":"2020-11-03T19:37:31","guid":{"rendered":"https:\/\/news.save.ch\/?p=10783"},"modified":"2020-11-03T20:37:31","modified_gmt":"2020-11-03T19:37:31","slug":"reicht-der-terroristische-arm-aus-wien-bis-nach-zuerich","status":null,"type":"post","link":"https:\/\/news.save.ch\/en\/reicht-der-terroristische-arm-aus-wien-bis-nach-zuerich\/","title":{"rendered":"Does the terrorist arm from Vienna reach as far as Zurich?"},"content":{"rendered":"<figure id=\"attachment_10784\" aria-describedby=\"caption-attachment-10784\" style=\"width: 680px\" class=\"wp-caption aligncenter\"><img loading=\"lazy\" decoding=\"async\" class=\"size-medium wp-image-10784\" src=\"https:\/\/news.save.ch\/wp-content\/uploads\/2020\/11\/Polizei-Wien.jpg\" alt=\"\" width=\"680\" height=\"458\" srcset=\"https:\/\/news.save.ch\/wp-content\/uploads\/2020\/11\/Polizei-Wien.jpg 1171w, https:\/\/news.save.ch\/wp-content\/uploads\/2020\/11\/Polizei-Wien-375x252.jpg 375w\" sizes=\"auto, (max-width: 680px) 100vw, 680px\" \/><figcaption id=\"caption-attachment-10784\" class=\"wp-caption-text\">The warning issued by the Vienna Provincial Police on its website. \u00a9 LPD Vienna<\/figcaption><\/figure>\n<p>According to Austrian Interior Minister Karl Nehammer, the terrorist attack in Vienna was carried out by a sympathizer of the Islamic State (IS) terrorist militia. The 20-year-old was armed with an assault rifle, he said. In addition, the man, who had both Austrian and northern Macedonian citizenship, was wearing a dummy explosive belt.<\/p>\n<p>The young man had wanted to travel to Syria to join the IS. Therefore, he was sentenced to 22 months in prison in April 2019. He was released early in December. According to Nehammer, there have been extensive raids in the environment of the perpetrator. Several people were arrested in the process, he said.<\/p>\n<p><strong>Two suspects also arrested in Winterthur<\/strong><\/p>\n<p>The group of the task force \"Vienna\" of the Zurich Cantonal Police is continuously following the events and they are in close exchange with various partners, including in Bern and Vienna, the statement said.<\/p>\n<p>In connection with the attacks in Vienna, there was the arrest in Switzerland of an 18-year-old and a 24-year-old Swiss. The two men had been arrested on Tuesday afternoon, 3.11.2020, in coordination with the Austrian authorities by the special unit EG Diamant in Winterthur. The extent to which there was a connection between the two arrested and the suspected attacker is currently the subject of ongoing clarifications and investigations.<\/p>\n<p><strong>Detect attack plans at an early stage<\/strong><\/p>\n<p>In order to detect and thwart attack plans from the jihadist environment as well as from returnees from crisis areas at an early stage, the cantonal police already formed a special commission in 2015. All available information from the areas of danger prevention and investigation of the various police organizations is brought together. If necessary, appropriate measures will be taken in the preventive and repressive areas, according to a media release today from the department of Zurich Security Director Mario Fehr.<\/p>\n<p><strong>Protective measures strengthened<\/strong><\/p>\n<p>High attention is paid to the protection and security of religious institutions. The canton and the city support Jewish organizations with contributions to their security costs. After the attacks in Vienna, the existing protective measures were reviewed and strengthened, it is further reported. <em>(rs)<\/em><\/p>\n<p>&nbsp;<\/p>","protected":false},"excerpt":{"rendered":"<p>Die terroristische Attacke in Wien geht laut den Worten des \u00f6sterreichischen Innenministers Karl Nehammer auf das Konto eines Sympathisanten der Terrormiliz Islamischer Staat (IS). Der 20-J\u00e4hrige sei mit einem Sturmgewehr bewaffnet gewesen. Zudem trug der Mann, der neben der \u00f6sterreichischen auch die nordmazedonische Staatsb\u00fcrgerschaft besass, eine Sprengstoffg\u00fcrtel-Attrappe. Der junge Mann habe nach Syrien reisen wollen, [&hellip;]<\/p>\n","protected":false},"author":8,"featured_media":10784,"comment_status":"closed","ping_status":"closed","sticky":false,"template":"","format":"standard","meta":{"_acf_changed":false,"pgc_sgb_lightbox_settings":"","footnotes":""},"categories":[1],"tags":[385,1067,1068,1069,1070],"class_list":["post-10783","post","type-post","status-publish","format-standard","has-post-thumbnail","hentry","category-allgemein","tag-terror","tag-terroranschlag","tag-wien","tag-winterthur","tag-zuerich"],"acf":[],"hkrextid":null,"publication":null,"issue":null,"workflow":null,"startPage":null,"spitzmarke":null,"_posts_by_tag_page_fields":{"widget_title":"","widget_tags":""},"_at_widget":"1","_yoast_wpseo_primary_category":"1","_yoast_wpseo_focuskw_text_input":"Terroranschlag","_yoast_wpseo_opengraph-image":null,"_yoast_wpseo_opengraph-description":null,"_yoast_wpseo_opengraph-title":null,"enclosure":null,"_yoast_wpseo_twitter-title":null,"_yoast_wpseo_twitter-description":null,"_yoast_wpseo_twitter-image":null,"_wp_old_slug":null,"_yoast_wpseo_title":null,"_yoast_wpseo_canonical":null,"yoast_head":"<!-- This site is optimized with the Yoast SEO plugin v27.5 - https:\/\/yoast.com\/product\/yoast-seo-wordpress\/ -->\n<title>Reicht der terroristische Arm aus Wien bis nach Z\u00fcrich? - Save<\/title>\n<meta name=\"description\" content=\"Auf den terroristischen Anschlag in Wien reagiert auch die Kantonspolizei Z\u00fcrich: Sie hat in diesem Zusammenhang den Einsatzstab \u00abWien\u00bb gebildet.\" \/>\n<meta name=\"robots\" content=\"index, follow, max-snippet:-1, max-image-preview:large, max-video-preview:-1\" \/>\n<link rel=\"canonical\" href=\"https:\/\/news.save.ch\/en\/reicht-der-terroristische-arm-aus-wien-bis-nach-zuerich\/\" \/>\n<meta property=\"og:locale\" content=\"en_US\" \/>\n<meta property=\"og:type\" content=\"article\" \/>\n<meta property=\"og:title\" content=\"Reicht der terroristische Arm aus Wien bis nach Z\u00fcrich? - Save\" \/>\n<meta property=\"og:description\" content=\"Auf den terroristischen Anschlag in Wien reagiert auch die Kantonspolizei Z\u00fcrich: Sie hat in diesem Zusammenhang den Einsatzstab \u00abWien\u00bb gebildet.\" \/>\n<meta property=\"og:url\" content=\"https:\/\/news.save.ch\/en\/reicht-der-terroristische-arm-aus-wien-bis-nach-zuerich\/\" \/>\n<meta property=\"og:site_name\" content=\"Save\" \/>\n<meta property=\"article:published_time\" content=\"2020-11-03T19:37:31+00:00\" \/>\n<meta property=\"og:image\" content=\"https:\/\/news.save.ch\/wp-content\/uploads\/2020\/11\/Polizei-Wien.jpg\" \/>\n\t<meta property=\"og:image:width\" content=\"1171\" \/>\n\t<meta property=\"og:image:height\" content=\"788\" \/>\n\t<meta property=\"og:image:type\" content=\"image\/jpeg\" \/>\n<meta name=\"author\" content=\"Roger Str\u00e4ssle\" \/>\n<meta name=\"twitter:card\" content=\"summary_large_image\" \/>\n<meta name=\"twitter:label1\" content=\"Written by\" \/>\n\t<meta name=\"twitter:data1\" content=\"Roger Str\u00e4ssle\" \/>\n\t<meta name=\"twitter:label2\" content=\"Est. reading time\" \/>\n\t<meta name=\"twitter:data2\" content=\"2 minutes\" \/>\n<script type=\"application\/ld+json\" class=\"yoast-schema-graph\">{\"@context\":\"https:\\\/\\\/schema.org\",\"@graph\":[{\"@type\":\"Article\",\"@id\":\"https:\\\/\\\/news.save.ch\\\/reicht-der-terroristische-arm-aus-wien-bis-nach-zuerich\\\/#article\",\"isPartOf\":{\"@id\":\"https:\\\/\\\/news.save.ch\\\/reicht-der-terroristische-arm-aus-wien-bis-nach-zuerich\\\/\"},\"author\":{\"name\":\"Roger Str\u00e4ssle\",\"@id\":\"https:\\\/\\\/news.save.ch\\\/de\\\/#\\\/schema\\\/person\\\/d5022db048e0e2b9785c50e5b24da5aa\"},\"headline\":\"Reicht der terroristische Arm aus Wien bis nach Z\u00fcrich?\",\"datePublished\":\"2020-11-03T19:37:31+00:00\",\"mainEntityOfPage\":{\"@id\":\"https:\\\/\\\/news.save.ch\\\/reicht-der-terroristische-arm-aus-wien-bis-nach-zuerich\\\/\"},\"wordCount\":363,\"publisher\":{\"@id\":\"https:\\\/\\\/news.save.ch\\\/de\\\/#organization\"},\"image\":{\"@id\":\"https:\\\/\\\/news.save.ch\\\/reicht-der-terroristische-arm-aus-wien-bis-nach-zuerich\\\/#primaryimage\"},\"thumbnailUrl\":\"https:\\\/\\\/news.save.ch\\\/wp-content\\\/uploads\\\/2020\\\/11\\\/Polizei-Wien.jpg\",\"keywords\":[\"Terror\",\"Terroranschlag\",\"Wien\",\"Winterthur\",\"Z\u00fcrich\"],\"articleSection\":[\"ALLGEMEIN\"],\"inLanguage\":\"en-US\"},{\"@type\":\"WebPage\",\"@id\":\"https:\\\/\\\/news.save.ch\\\/reicht-der-terroristische-arm-aus-wien-bis-nach-zuerich\\\/\",\"url\":\"https:\\\/\\\/news.save.ch\\\/reicht-der-terroristische-arm-aus-wien-bis-nach-zuerich\\\/\",\"name\":\"Reicht der terroristische Arm aus Wien bis nach Z\u00fcrich? - Save\",\"isPartOf\":{\"@id\":\"https:\\\/\\\/news.save.ch\\\/de\\\/#website\"},\"primaryImageOfPage\":{\"@id\":\"https:\\\/\\\/news.save.ch\\\/reicht-der-terroristische-arm-aus-wien-bis-nach-zuerich\\\/#primaryimage\"},\"image\":{\"@id\":\"https:\\\/\\\/news.save.ch\\\/reicht-der-terroristische-arm-aus-wien-bis-nach-zuerich\\\/#primaryimage\"},\"thumbnailUrl\":\"https:\\\/\\\/news.save.ch\\\/wp-content\\\/uploads\\\/2020\\\/11\\\/Polizei-Wien.jpg\",\"datePublished\":\"2020-11-03T19:37:31+00:00\",\"description\":\"Auf den terroristischen Anschlag in Wien reagiert auch die Kantonspolizei Z\u00fcrich: Sie hat in diesem Zusammenhang den Einsatzstab \u00abWien\u00bb gebildet.\",\"breadcrumb\":{\"@id\":\"https:\\\/\\\/news.save.ch\\\/reicht-der-terroristische-arm-aus-wien-bis-nach-zuerich\\\/#breadcrumb\"},\"inLanguage\":\"en-US\",\"potentialAction\":[{\"@type\":\"ReadAction\",\"target\":[\"https:\\\/\\\/news.save.ch\\\/reicht-der-terroristische-arm-aus-wien-bis-nach-zuerich\\\/\"]}]},{\"@type\":\"ImageObject\",\"inLanguage\":\"en-US\",\"@id\":\"https:\\\/\\\/news.save.ch\\\/reicht-der-terroristische-arm-aus-wien-bis-nach-zuerich\\\/#primaryimage\",\"url\":\"https:\\\/\\\/news.save.ch\\\/wp-content\\\/uploads\\\/2020\\\/11\\\/Polizei-Wien.jpg\",\"contentUrl\":\"https:\\\/\\\/news.save.ch\\\/wp-content\\\/uploads\\\/2020\\\/11\\\/Polizei-Wien.jpg\",\"width\":1171,\"height\":788,\"caption\":\"\u00a9 Landespolizeidirektion \u00d6sterreich\"},{\"@type\":\"BreadcrumbList\",\"@id\":\"https:\\\/\\\/news.save.ch\\\/reicht-der-terroristische-arm-aus-wien-bis-nach-zuerich\\\/#breadcrumb\",\"itemListElement\":[{\"@type\":\"ListItem\",\"position\":1,\"name\":\"Home\",\"item\":\"https:\\\/\\\/news.save.ch\\\/de\\\/\"},{\"@type\":\"ListItem\",\"position\":2,\"name\":\"Reicht der terroristische Arm aus Wien bis nach Z\u00fcrich?\"}]},{\"@type\":\"WebSite\",\"@id\":\"https:\\\/\\\/news.save.ch\\\/de\\\/#website\",\"url\":\"https:\\\/\\\/news.save.ch\\\/de\\\/\",\"name\":\"Save\",\"description\":\"Schweizer Fachzeitschrift f\u00fcr Sicherheit\",\"publisher\":{\"@id\":\"https:\\\/\\\/news.save.ch\\\/de\\\/#organization\"},\"potentialAction\":[{\"@type\":\"SearchAction\",\"target\":{\"@type\":\"EntryPoint\",\"urlTemplate\":\"https:\\\/\\\/news.save.ch\\\/de\\\/?s={search_term_string}\"},\"query-input\":{\"@type\":\"PropertyValueSpecification\",\"valueRequired\":true,\"valueName\":\"search_term_string\"}}],\"inLanguage\":\"en-US\"},{\"@type\":\"Organization\",\"@id\":\"https:\\\/\\\/news.save.ch\\\/de\\\/#organization\",\"name\":\"Sicherheitsforum\",\"url\":\"https:\\\/\\\/news.save.ch\\\/de\\\/\",\"logo\":{\"@type\":\"ImageObject\",\"inLanguage\":\"en-US\",\"@id\":\"https:\\\/\\\/news.save.ch\\\/de\\\/#\\\/schema\\\/logo\\\/image\\\/\",\"url\":\"https:\\\/\\\/news.save.ch\\\/wp-content\\\/uploads\\\/2022\\\/06\\\/Logo_SF_2012.png\",\"contentUrl\":\"https:\\\/\\\/news.save.ch\\\/wp-content\\\/uploads\\\/2022\\\/06\\\/Logo_SF_2012.png\",\"width\":1100,\"height\":91,\"caption\":\"Sicherheitsforum\"},\"image\":{\"@id\":\"https:\\\/\\\/news.save.ch\\\/de\\\/#\\\/schema\\\/logo\\\/image\\\/\"}},{\"@type\":\"Person\",\"@id\":\"https:\\\/\\\/news.save.ch\\\/de\\\/#\\\/schema\\\/person\\\/d5022db048e0e2b9785c50e5b24da5aa\",\"name\":\"Roger Str\u00e4ssle\",\"image\":{\"@type\":\"ImageObject\",\"inLanguage\":\"en-US\",\"@id\":\"https:\\\/\\\/secure.gravatar.com\\\/avatar\\\/862a5569d087de48e5856e32f45d719a03804c891d6deb8d4f71a660e79e4a47?s=96&d=mm&r=g\",\"url\":\"https:\\\/\\\/secure.gravatar.com\\\/avatar\\\/862a5569d087de48e5856e32f45d719a03804c891d6deb8d4f71a660e79e4a47?s=96&d=mm&r=g\",\"contentUrl\":\"https:\\\/\\\/secure.gravatar.com\\\/avatar\\\/862a5569d087de48e5856e32f45d719a03804c891d6deb8d4f71a660e79e4a47?s=96&d=mm&r=g\",\"caption\":\"Roger Str\u00e4ssle\"},\"url\":\"https:\\\/\\\/news.save.ch\\\/en\\\/author\\\/roger-straessle\\\/\"}]}<\/script>\n<!-- \/ Yoast SEO plugin. -->","yoast_head_json":{"title":"Does the terrorist arm from Vienna reach as far as Zurich? - Save","description":"The Zurich Cantonal Police has also responded to the terrorist attack in Vienna by forming the \"Vienna\" task force.","robots":{"index":"index","follow":"follow","max-snippet":"max-snippet:-1","max-image-preview":"max-image-preview:large","max-video-preview":"max-video-preview:-1"},"canonical":"https:\/\/news.save.ch\/en\/reicht-der-terroristische-arm-aus-wien-bis-nach-zuerich\/","og_locale":"en_US","og_type":"article","og_title":"Reicht der terroristische Arm aus Wien bis nach Z\u00fcrich? - Save","og_description":"Auf den terroristischen Anschlag in Wien reagiert auch die Kantonspolizei Z\u00fcrich: Sie hat in diesem Zusammenhang den Einsatzstab \u00abWien\u00bb gebildet.","og_url":"https:\/\/news.save.ch\/en\/reicht-der-terroristische-arm-aus-wien-bis-nach-zuerich\/","og_site_name":"Save","article_published_time":"2020-11-03T19:37:31+00:00","og_image":[{"width":1171,"height":788,"url":"https:\/\/news.save.ch\/wp-content\/uploads\/2020\/11\/Polizei-Wien.jpg","type":"image\/jpeg"}],"author":"Roger Str\u00e4ssle","twitter_card":"summary_large_image","twitter_misc":{"Written by":"Roger Str\u00e4ssle","Est. reading time":"2 minutes"},"schema":{"@context":"https:\/\/schema.org","@graph":[{"@type":"Article","@id":"https:\/\/news.save.ch\/reicht-der-terroristische-arm-aus-wien-bis-nach-zuerich\/#article","isPartOf":{"@id":"https:\/\/news.save.ch\/reicht-der-terroristische-arm-aus-wien-bis-nach-zuerich\/"},"author":{"name":"Roger Str\u00e4ssle","@id":"https:\/\/news.save.ch\/de\/#\/schema\/person\/d5022db048e0e2b9785c50e5b24da5aa"},"headline":"Reicht der terroristische Arm aus Wien bis nach Z\u00fcrich?","datePublished":"2020-11-03T19:37:31+00:00","mainEntityOfPage":{"@id":"https:\/\/news.save.ch\/reicht-der-terroristische-arm-aus-wien-bis-nach-zuerich\/"},"wordCount":363,"publisher":{"@id":"https:\/\/news.save.ch\/de\/#organization"},"image":{"@id":"https:\/\/news.save.ch\/reicht-der-terroristische-arm-aus-wien-bis-nach-zuerich\/#primaryimage"},"thumbnailUrl":"https:\/\/news.save.ch\/wp-content\/uploads\/2020\/11\/Polizei-Wien.jpg","keywords":["Terror","Terroranschlag","Wien","Winterthur","Z\u00fcrich"],"articleSection":["ALLGEMEIN"],"inLanguage":"en-US"},{"@type":"WebPage","@id":"https:\/\/news.save.ch\/reicht-der-terroristische-arm-aus-wien-bis-nach-zuerich\/","url":"https:\/\/news.save.ch\/reicht-der-terroristische-arm-aus-wien-bis-nach-zuerich\/","name":"Does the terrorist arm from Vienna reach as far as Zurich? - Save","isPartOf":{"@id":"https:\/\/news.save.ch\/de\/#website"},"primaryImageOfPage":{"@id":"https:\/\/news.save.ch\/reicht-der-terroristische-arm-aus-wien-bis-nach-zuerich\/#primaryimage"},"image":{"@id":"https:\/\/news.save.ch\/reicht-der-terroristische-arm-aus-wien-bis-nach-zuerich\/#primaryimage"},"thumbnailUrl":"https:\/\/news.save.ch\/wp-content\/uploads\/2020\/11\/Polizei-Wien.jpg","datePublished":"2020-11-03T19:37:31+00:00","description":"The Zurich Cantonal Police has also responded to the terrorist attack in Vienna by forming the \"Vienna\" task force.","breadcrumb":{"@id":"https:\/\/news.save.ch\/reicht-der-terroristische-arm-aus-wien-bis-nach-zuerich\/#breadcrumb"},"inLanguage":"en-US","potentialAction":[{"@type":"ReadAction","target":["https:\/\/news.save.ch\/reicht-der-terroristische-arm-aus-wien-bis-nach-zuerich\/"]}]},{"@type":"ImageObject","inLanguage":"en-US","@id":"https:\/\/news.save.ch\/reicht-der-terroristische-arm-aus-wien-bis-nach-zuerich\/#primaryimage","url":"https:\/\/news.save.ch\/wp-content\/uploads\/2020\/11\/Polizei-Wien.jpg","contentUrl":"https:\/\/news.save.ch\/wp-content\/uploads\/2020\/11\/Polizei-Wien.jpg","width":1171,"height":788,"caption":"\u00a9 Landespolizeidirektion \u00d6sterreich"},{"@type":"BreadcrumbList","@id":"https:\/\/news.save.ch\/reicht-der-terroristische-arm-aus-wien-bis-nach-zuerich\/#breadcrumb","itemListElement":[{"@type":"ListItem","position":1,"name":"Home","item":"https:\/\/news.save.ch\/de\/"},{"@type":"ListItem","position":2,"name":"Reicht der terroristische Arm aus Wien bis nach Z\u00fcrich?"}]},{"@type":"WebSite","@id":"https:\/\/news.save.ch\/de\/#website","url":"https:\/\/news.save.ch\/de\/","name":"Save","description":"Swiss trade journal for safety","publisher":{"@id":"https:\/\/news.save.ch\/de\/#organization"},"potentialAction":[{"@type":"SearchAction","target":{"@type":"EntryPoint","urlTemplate":"https:\/\/news.save.ch\/de\/?s={search_term_string}"},"query-input":{"@type":"PropertyValueSpecification","valueRequired":true,"valueName":"search_term_string"}}],"inLanguage":"en-US"},{"@type":"Organization","@id":"https:\/\/news.save.ch\/de\/#organization","name":"Security Forum","url":"https:\/\/news.save.ch\/de\/","logo":{"@type":"ImageObject","inLanguage":"en-US","@id":"https:\/\/news.save.ch\/de\/#\/schema\/logo\/image\/","url":"https:\/\/news.save.ch\/wp-content\/uploads\/2022\/06\/Logo_SF_2012.png","contentUrl":"https:\/\/news.save.ch\/wp-content\/uploads\/2022\/06\/Logo_SF_2012.png","width":1100,"height":91,"caption":"Sicherheitsforum"},"image":{"@id":"https:\/\/news.save.ch\/de\/#\/schema\/logo\/image\/"}},{"@type":"Person","@id":"https:\/\/news.save.ch\/de\/#\/schema\/person\/d5022db048e0e2b9785c50e5b24da5aa","name":"Roger Str\u00e4ssle","image":{"@type":"ImageObject","inLanguage":"en-US","@id":"https:\/\/secure.gravatar.com\/avatar\/862a5569d087de48e5856e32f45d719a03804c891d6deb8d4f71a660e79e4a47?s=96&d=mm&r=g","url":"https:\/\/secure.gravatar.com\/avatar\/862a5569d087de48e5856e32f45d719a03804c891d6deb8d4f71a660e79e4a47?s=96&d=mm&r=g","contentUrl":"https:\/\/secure.gravatar.com\/avatar\/862a5569d087de48e5856e32f45d719a03804c891d6deb8d4f71a660e79e4a47?s=96&d=mm&r=g","caption":"Roger Str\u00e4ssle"},"url":"https:\/\/news.save.ch\/en\/author\/roger-straessle\/"}]}},"_links":{"self":[{"href":"https:\/\/news.save.ch\/en\/wp-json\/wp\/v2\/posts\/10783","targetHints":{"allow":["GET"]}}],"collection":[{"href":"https:\/\/news.save.ch\/en\/wp-json\/wp\/v2\/posts"}],"about":[{"href":"https:\/\/news.save.ch\/en\/wp-json\/wp\/v2\/types\/post"}],"author":[{"embeddable":true,"href":"https:\/\/news.save.ch\/en\/wp-json\/wp\/v2\/users\/8"}],"replies":[{"embeddable":true,"href":"https:\/\/news.save.ch\/en\/wp-json\/wp\/v2\/comments?post=10783"}],"version-history":[{"count":0,"href":"https:\/\/news.save.ch\/en\/wp-json\/wp\/v2\/posts\/10783\/revisions"}],"wp:featuredmedia":[{"embeddable":true,"href":"https:\/\/news.save.ch\/en\/wp-json\/wp\/v2\/media\/10784"}],"wp:attachment":[{"href":"https:\/\/news.save.ch\/en\/wp-json\/wp\/v2\/media?parent=10783"}],"wp:term":[{"taxonomy":"category","embeddable":true,"href":"https:\/\/news.save.ch\/en\/wp-json\/wp\/v2\/categories?post=10783"},{"taxonomy":"post_tag","embeddable":true,"href":"https:\/\/news.save.ch\/en\/wp-json\/wp\/v2\/tags?post=10783"}],"curies":[{"name":"wp","href":"https:\/\/api.w.org\/{rel}","templated":true}]}}