{"id":10819,"date":"2020-11-18T09:52:47","date_gmt":"2020-11-18T08:52:47","guid":{"rendered":"https:\/\/news.save.ch\/?p=10819"},"modified":"2020-11-18T09:52:47","modified_gmt":"2020-11-18T08:52:47","slug":"unregelmaessigkeiten-bei-anschlussgleis-finanzierung","status":null,"type":"post","link":"https:\/\/news.save.ch\/en\/unregelmaessigkeiten-bei-anschlussgleis-finanzierung\/","title":{"rendered":"Irregularities in siding funding"},"content":{"rendered":"<figure id=\"attachment_10820\" aria-describedby=\"caption-attachment-10820\" style=\"width: 680px\" class=\"wp-caption aligncenter\"><img loading=\"lazy\" decoding=\"async\" class=\"wp-image-10820 size-medium\" src=\"https:\/\/news.save.ch\/wp-content\/uploads\/2020\/11\/Depositphotos_39767597_s-2019.jpg\" alt=\"Siding\" width=\"680\" height=\"452\" srcset=\"https:\/\/news.save.ch\/wp-content\/uploads\/2020\/11\/Depositphotos_39767597_s-2019.jpg 1000w, https:\/\/news.save.ch\/wp-content\/uploads\/2020\/11\/Depositphotos_39767597_s-2019-375x249.jpg 375w\" sizes=\"auto, (max-width: 680px) 100vw, 680px\" \/><figcaption id=\"caption-attachment-10820\" class=\"wp-caption-text\">\u00a9 depositphotos, Serjio74b<\/figcaption><\/figure>\n<p>Numerous Swiss companies operate sidings so that freight cars can run from the public rail network directly onto private company premises. The federal government supports the construction of sidings with financial aid. Based on the Freight Transport Ordinance, the Federal Office of Transport (FOT) reclaims the investment contributions on a pro rata basis if certain contractually agreed transport volumes are not achieved or the track is not used.<\/p>\n<p>On February 28, 2020, the FOT explained that there were indications that transport volumes had not been correctly registered in a FOT database in recent years and that certain reclaims had thus not been asserted against siding operators. The FOT also called in the Office of the Attorney General of Switzerland and immediately started to investigate the matter.<\/p>\n<p><strong>Criminal assessment follows<\/strong><\/p>\n<p>In the meantime, the internal investigations have been completed. These have shown that the Confederation has probably incurred losses of around CHF 1.5 million (including interest). This is mainly because reclaims were not initiated and are now time-barred. In other cases that are not yet time-barred, the FOT has immediately initiated recovery proceedings amounting to just under CHF 0.3 million.<\/p>\n<p>In the meantime, the FOT has reviewed the siding financing processes and implemented measures to improve procedures and controls. These include, for example, the complete documentation of the individual procedures or the clarification of procedural issues. The FOT has handed over the results of the work on the criminal law assessment to the Office of the Attorney General of Switzerland.<\/p>\n<p><em>Press release BAV<\/em><\/p>","protected":false},"excerpt":{"rendered":"<p>Zahlreiche Schweizer Firmen betreiben Anschlussgleise, damit G\u00fcterwagen vom \u00f6ffentlichen Bahnnetz direkt auf das private Firmengel\u00e4nde fahren k\u00f6nnen. Der Bund unterst\u00fctzt den Bau von Anschlussgleisen mit Finanzhilfen. Das Bundesamt f\u00fcr Verkehr (BAV) fordert gest\u00fctzt auf die G\u00fctertransportverordnung die Investitionsbeitr\u00e4ge anteilm\u00e4ssig zur\u00fcck, wenn bestimmte, vertraglich vereinbarte Transportmengen nicht erreicht werden oder das Gleis nicht benutzt wird. Am [&hellip;]<\/p>\n","protected":false},"author":8,"featured_media":10820,"comment_status":"closed","ping_status":"closed","sticky":false,"template":"","format":"standard","meta":{"_acf_changed":false,"pgc_sgb_lightbox_settings":"","footnotes":""},"categories":[1],"tags":[1081,1082],"class_list":["post-10819","post","type-post","status-publish","format-standard","has-post-thumbnail","hentry","category-allgemein","tag-bundesanwaltschaft","tag-gueterzug"],"acf":[],"hkrextid":null,"publication":null,"issue":null,"workflow":null,"startPage":null,"spitzmarke":null,"_posts_by_tag_page_fields":{"widget_title":"","widget_tags":""},"_at_widget":"1","_yoast_wpseo_primary_category":"1","_yoast_wpseo_focuskw_text_input":"Anschlussgleis","_yoast_wpseo_opengraph-image":null,"_yoast_wpseo_opengraph-description":null,"_yoast_wpseo_opengraph-title":null,"enclosure":null,"_yoast_wpseo_twitter-title":null,"_yoast_wpseo_twitter-description":null,"_yoast_wpseo_twitter-image":null,"_wp_old_slug":null,"_yoast_wpseo_title":null,"_yoast_wpseo_canonical":null,"yoast_head":"<!-- This site is optimized with the Yoast SEO plugin v27.5 - https:\/\/yoast.com\/product\/yoast-seo-wordpress\/ -->\n<title>Unregelm\u00e4ssigkeiten bei Anschlussgleis-Finanzierung - Save<\/title>\n<meta name=\"description\" content=\"Weil R\u00fcckforderungen unterlassen wurden, d\u00fcrfte dem Bund bei der Mitfinanzierung von Anschlussgleisen ein Schaden von rund 1,5 Mio. Franken entstanden sein.\" \/>\n<meta name=\"robots\" content=\"index, follow, max-snippet:-1, max-image-preview:large, max-video-preview:-1\" \/>\n<link rel=\"canonical\" href=\"https:\/\/news.save.ch\/en\/unregelmaessigkeiten-bei-anschlussgleis-finanzierung\/\" \/>\n<meta property=\"og:locale\" content=\"en_US\" \/>\n<meta property=\"og:type\" content=\"article\" \/>\n<meta property=\"og:title\" content=\"Unregelm\u00e4ssigkeiten bei Anschlussgleis-Finanzierung - Save\" \/>\n<meta property=\"og:description\" content=\"Weil R\u00fcckforderungen unterlassen wurden, d\u00fcrfte dem Bund bei der Mitfinanzierung von Anschlussgleisen ein Schaden von rund 1,5 Mio. Franken entstanden sein.\" \/>\n<meta property=\"og:url\" content=\"https:\/\/news.save.ch\/en\/unregelmaessigkeiten-bei-anschlussgleis-finanzierung\/\" \/>\n<meta property=\"og:site_name\" content=\"Save\" \/>\n<meta property=\"article:published_time\" content=\"2020-11-18T08:52:47+00:00\" \/>\n<meta property=\"og:image\" content=\"https:\/\/news.save.ch\/wp-content\/uploads\/2020\/11\/Depositphotos_39767597_s-2019.jpg\" \/>\n\t<meta property=\"og:image:width\" content=\"1000\" \/>\n\t<meta property=\"og:image:height\" content=\"664\" \/>\n\t<meta property=\"og:image:type\" content=\"image\/jpeg\" \/>\n<meta name=\"author\" content=\"Roger Str\u00e4ssle\" \/>\n<meta name=\"twitter:card\" content=\"summary_large_image\" \/>\n<meta name=\"twitter:label1\" content=\"Written by\" \/>\n\t<meta name=\"twitter:data1\" content=\"Roger Str\u00e4ssle\" \/>\n\t<meta name=\"twitter:label2\" content=\"Est. reading time\" \/>\n\t<meta name=\"twitter:data2\" content=\"1 minute\" \/>\n<script type=\"application\/ld+json\" class=\"yoast-schema-graph\">{\"@context\":\"https:\\\/\\\/schema.org\",\"@graph\":[{\"@type\":\"Article\",\"@id\":\"https:\\\/\\\/news.save.ch\\\/unregelmaessigkeiten-bei-anschlussgleis-finanzierung\\\/#article\",\"isPartOf\":{\"@id\":\"https:\\\/\\\/news.save.ch\\\/unregelmaessigkeiten-bei-anschlussgleis-finanzierung\\\/\"},\"author\":{\"name\":\"Roger Str\u00e4ssle\",\"@id\":\"https:\\\/\\\/news.save.ch\\\/de\\\/#\\\/schema\\\/person\\\/d5022db048e0e2b9785c50e5b24da5aa\"},\"headline\":\"Unregelm\u00e4ssigkeiten bei Anschlussgleis-Finanzierung\",\"datePublished\":\"2020-11-18T08:52:47+00:00\",\"mainEntityOfPage\":{\"@id\":\"https:\\\/\\\/news.save.ch\\\/unregelmaessigkeiten-bei-anschlussgleis-finanzierung\\\/\"},\"wordCount\":248,\"publisher\":{\"@id\":\"https:\\\/\\\/news.save.ch\\\/de\\\/#organization\"},\"image\":{\"@id\":\"https:\\\/\\\/news.save.ch\\\/unregelmaessigkeiten-bei-anschlussgleis-finanzierung\\\/#primaryimage\"},\"thumbnailUrl\":\"https:\\\/\\\/news.save.ch\\\/wp-content\\\/uploads\\\/2020\\\/11\\\/Depositphotos_39767597_s-2019.jpg\",\"keywords\":[\"Bundesanwaltschaft\",\"G\u00fcterzug\"],\"articleSection\":[\"ALLGEMEIN\"],\"inLanguage\":\"en-US\"},{\"@type\":\"WebPage\",\"@id\":\"https:\\\/\\\/news.save.ch\\\/unregelmaessigkeiten-bei-anschlussgleis-finanzierung\\\/\",\"url\":\"https:\\\/\\\/news.save.ch\\\/unregelmaessigkeiten-bei-anschlussgleis-finanzierung\\\/\",\"name\":\"Unregelm\u00e4ssigkeiten bei Anschlussgleis-Finanzierung - Save\",\"isPartOf\":{\"@id\":\"https:\\\/\\\/news.save.ch\\\/de\\\/#website\"},\"primaryImageOfPage\":{\"@id\":\"https:\\\/\\\/news.save.ch\\\/unregelmaessigkeiten-bei-anschlussgleis-finanzierung\\\/#primaryimage\"},\"image\":{\"@id\":\"https:\\\/\\\/news.save.ch\\\/unregelmaessigkeiten-bei-anschlussgleis-finanzierung\\\/#primaryimage\"},\"thumbnailUrl\":\"https:\\\/\\\/news.save.ch\\\/wp-content\\\/uploads\\\/2020\\\/11\\\/Depositphotos_39767597_s-2019.jpg\",\"datePublished\":\"2020-11-18T08:52:47+00:00\",\"description\":\"Weil R\u00fcckforderungen unterlassen wurden, d\u00fcrfte dem Bund bei der Mitfinanzierung von Anschlussgleisen ein Schaden von rund 1,5 Mio. Franken entstanden sein.\",\"breadcrumb\":{\"@id\":\"https:\\\/\\\/news.save.ch\\\/unregelmaessigkeiten-bei-anschlussgleis-finanzierung\\\/#breadcrumb\"},\"inLanguage\":\"en-US\",\"potentialAction\":[{\"@type\":\"ReadAction\",\"target\":[\"https:\\\/\\\/news.save.ch\\\/unregelmaessigkeiten-bei-anschlussgleis-finanzierung\\\/\"]}]},{\"@type\":\"ImageObject\",\"inLanguage\":\"en-US\",\"@id\":\"https:\\\/\\\/news.save.ch\\\/unregelmaessigkeiten-bei-anschlussgleis-finanzierung\\\/#primaryimage\",\"url\":\"https:\\\/\\\/news.save.ch\\\/wp-content\\\/uploads\\\/2020\\\/11\\\/Depositphotos_39767597_s-2019.jpg\",\"contentUrl\":\"https:\\\/\\\/news.save.ch\\\/wp-content\\\/uploads\\\/2020\\\/11\\\/Depositphotos_39767597_s-2019.jpg\",\"width\":1000,\"height\":664,\"caption\":\"\u00a9 depositphotos, Serjio74b\"},{\"@type\":\"BreadcrumbList\",\"@id\":\"https:\\\/\\\/news.save.ch\\\/unregelmaessigkeiten-bei-anschlussgleis-finanzierung\\\/#breadcrumb\",\"itemListElement\":[{\"@type\":\"ListItem\",\"position\":1,\"name\":\"Home\",\"item\":\"https:\\\/\\\/news.save.ch\\\/de\\\/\"},{\"@type\":\"ListItem\",\"position\":2,\"name\":\"Unregelm\u00e4ssigkeiten bei Anschlussgleis-Finanzierung\"}]},{\"@type\":\"WebSite\",\"@id\":\"https:\\\/\\\/news.save.ch\\\/de\\\/#website\",\"url\":\"https:\\\/\\\/news.save.ch\\\/de\\\/\",\"name\":\"Save\",\"description\":\"Schweizer Fachzeitschrift f\u00fcr Sicherheit\",\"publisher\":{\"@id\":\"https:\\\/\\\/news.save.ch\\\/de\\\/#organization\"},\"potentialAction\":[{\"@type\":\"SearchAction\",\"target\":{\"@type\":\"EntryPoint\",\"urlTemplate\":\"https:\\\/\\\/news.save.ch\\\/de\\\/?s={search_term_string}\"},\"query-input\":{\"@type\":\"PropertyValueSpecification\",\"valueRequired\":true,\"valueName\":\"search_term_string\"}}],\"inLanguage\":\"en-US\"},{\"@type\":\"Organization\",\"@id\":\"https:\\\/\\\/news.save.ch\\\/de\\\/#organization\",\"name\":\"Sicherheitsforum\",\"url\":\"https:\\\/\\\/news.save.ch\\\/de\\\/\",\"logo\":{\"@type\":\"ImageObject\",\"inLanguage\":\"en-US\",\"@id\":\"https:\\\/\\\/news.save.ch\\\/de\\\/#\\\/schema\\\/logo\\\/image\\\/\",\"url\":\"https:\\\/\\\/news.save.ch\\\/wp-content\\\/uploads\\\/2022\\\/06\\\/Logo_SF_2012.png\",\"contentUrl\":\"https:\\\/\\\/news.save.ch\\\/wp-content\\\/uploads\\\/2022\\\/06\\\/Logo_SF_2012.png\",\"width\":1100,\"height\":91,\"caption\":\"Sicherheitsforum\"},\"image\":{\"@id\":\"https:\\\/\\\/news.save.ch\\\/de\\\/#\\\/schema\\\/logo\\\/image\\\/\"}},{\"@type\":\"Person\",\"@id\":\"https:\\\/\\\/news.save.ch\\\/de\\\/#\\\/schema\\\/person\\\/d5022db048e0e2b9785c50e5b24da5aa\",\"name\":\"Roger Str\u00e4ssle\",\"image\":{\"@type\":\"ImageObject\",\"inLanguage\":\"en-US\",\"@id\":\"https:\\\/\\\/secure.gravatar.com\\\/avatar\\\/862a5569d087de48e5856e32f45d719a03804c891d6deb8d4f71a660e79e4a47?s=96&d=mm&r=g\",\"url\":\"https:\\\/\\\/secure.gravatar.com\\\/avatar\\\/862a5569d087de48e5856e32f45d719a03804c891d6deb8d4f71a660e79e4a47?s=96&d=mm&r=g\",\"contentUrl\":\"https:\\\/\\\/secure.gravatar.com\\\/avatar\\\/862a5569d087de48e5856e32f45d719a03804c891d6deb8d4f71a660e79e4a47?s=96&d=mm&r=g\",\"caption\":\"Roger Str\u00e4ssle\"},\"url\":\"https:\\\/\\\/news.save.ch\\\/en\\\/author\\\/roger-straessle\\\/\"}]}<\/script>\n<!-- \/ Yoast SEO plugin. -->","yoast_head_json":{"title":"Irregularities in siding financing - Save","description":"Because reclaims were not made, the federal government is likely to have incurred losses of around 1.5 million Swiss francs in the co-financing of sidings.","robots":{"index":"index","follow":"follow","max-snippet":"max-snippet:-1","max-image-preview":"max-image-preview:large","max-video-preview":"max-video-preview:-1"},"canonical":"https:\/\/news.save.ch\/en\/unregelmaessigkeiten-bei-anschlussgleis-finanzierung\/","og_locale":"en_US","og_type":"article","og_title":"Unregelm\u00e4ssigkeiten bei Anschlussgleis-Finanzierung - Save","og_description":"Weil R\u00fcckforderungen unterlassen wurden, d\u00fcrfte dem Bund bei der Mitfinanzierung von Anschlussgleisen ein Schaden von rund 1,5 Mio. Franken entstanden sein.","og_url":"https:\/\/news.save.ch\/en\/unregelmaessigkeiten-bei-anschlussgleis-finanzierung\/","og_site_name":"Save","article_published_time":"2020-11-18T08:52:47+00:00","og_image":[{"width":1000,"height":664,"url":"https:\/\/news.save.ch\/wp-content\/uploads\/2020\/11\/Depositphotos_39767597_s-2019.jpg","type":"image\/jpeg"}],"author":"Roger Str\u00e4ssle","twitter_card":"summary_large_image","twitter_misc":{"Written by":"Roger Str\u00e4ssle","Est. reading time":"1 minute"},"schema":{"@context":"https:\/\/schema.org","@graph":[{"@type":"Article","@id":"https:\/\/news.save.ch\/unregelmaessigkeiten-bei-anschlussgleis-finanzierung\/#article","isPartOf":{"@id":"https:\/\/news.save.ch\/unregelmaessigkeiten-bei-anschlussgleis-finanzierung\/"},"author":{"name":"Roger Str\u00e4ssle","@id":"https:\/\/news.save.ch\/de\/#\/schema\/person\/d5022db048e0e2b9785c50e5b24da5aa"},"headline":"Unregelm\u00e4ssigkeiten bei Anschlussgleis-Finanzierung","datePublished":"2020-11-18T08:52:47+00:00","mainEntityOfPage":{"@id":"https:\/\/news.save.ch\/unregelmaessigkeiten-bei-anschlussgleis-finanzierung\/"},"wordCount":248,"publisher":{"@id":"https:\/\/news.save.ch\/de\/#organization"},"image":{"@id":"https:\/\/news.save.ch\/unregelmaessigkeiten-bei-anschlussgleis-finanzierung\/#primaryimage"},"thumbnailUrl":"https:\/\/news.save.ch\/wp-content\/uploads\/2020\/11\/Depositphotos_39767597_s-2019.jpg","keywords":["Bundesanwaltschaft","G\u00fcterzug"],"articleSection":["ALLGEMEIN"],"inLanguage":"en-US"},{"@type":"WebPage","@id":"https:\/\/news.save.ch\/unregelmaessigkeiten-bei-anschlussgleis-finanzierung\/","url":"https:\/\/news.save.ch\/unregelmaessigkeiten-bei-anschlussgleis-finanzierung\/","name":"Irregularities in siding financing - Save","isPartOf":{"@id":"https:\/\/news.save.ch\/de\/#website"},"primaryImageOfPage":{"@id":"https:\/\/news.save.ch\/unregelmaessigkeiten-bei-anschlussgleis-finanzierung\/#primaryimage"},"image":{"@id":"https:\/\/news.save.ch\/unregelmaessigkeiten-bei-anschlussgleis-finanzierung\/#primaryimage"},"thumbnailUrl":"https:\/\/news.save.ch\/wp-content\/uploads\/2020\/11\/Depositphotos_39767597_s-2019.jpg","datePublished":"2020-11-18T08:52:47+00:00","description":"Because reclaims were not made, the federal government is likely to have incurred losses of around 1.5 million Swiss francs in the co-financing of sidings.","breadcrumb":{"@id":"https:\/\/news.save.ch\/unregelmaessigkeiten-bei-anschlussgleis-finanzierung\/#breadcrumb"},"inLanguage":"en-US","potentialAction":[{"@type":"ReadAction","target":["https:\/\/news.save.ch\/unregelmaessigkeiten-bei-anschlussgleis-finanzierung\/"]}]},{"@type":"ImageObject","inLanguage":"en-US","@id":"https:\/\/news.save.ch\/unregelmaessigkeiten-bei-anschlussgleis-finanzierung\/#primaryimage","url":"https:\/\/news.save.ch\/wp-content\/uploads\/2020\/11\/Depositphotos_39767597_s-2019.jpg","contentUrl":"https:\/\/news.save.ch\/wp-content\/uploads\/2020\/11\/Depositphotos_39767597_s-2019.jpg","width":1000,"height":664,"caption":"\u00a9 depositphotos, Serjio74b"},{"@type":"BreadcrumbList","@id":"https:\/\/news.save.ch\/unregelmaessigkeiten-bei-anschlussgleis-finanzierung\/#breadcrumb","itemListElement":[{"@type":"ListItem","position":1,"name":"Home","item":"https:\/\/news.save.ch\/de\/"},{"@type":"ListItem","position":2,"name":"Unregelm\u00e4ssigkeiten bei Anschlussgleis-Finanzierung"}]},{"@type":"WebSite","@id":"https:\/\/news.save.ch\/de\/#website","url":"https:\/\/news.save.ch\/de\/","name":"Save","description":"Swiss trade journal for safety","publisher":{"@id":"https:\/\/news.save.ch\/de\/#organization"},"potentialAction":[{"@type":"SearchAction","target":{"@type":"EntryPoint","urlTemplate":"https:\/\/news.save.ch\/de\/?s={search_term_string}"},"query-input":{"@type":"PropertyValueSpecification","valueRequired":true,"valueName":"search_term_string"}}],"inLanguage":"en-US"},{"@type":"Organization","@id":"https:\/\/news.save.ch\/de\/#organization","name":"Security Forum","url":"https:\/\/news.save.ch\/de\/","logo":{"@type":"ImageObject","inLanguage":"en-US","@id":"https:\/\/news.save.ch\/de\/#\/schema\/logo\/image\/","url":"https:\/\/news.save.ch\/wp-content\/uploads\/2022\/06\/Logo_SF_2012.png","contentUrl":"https:\/\/news.save.ch\/wp-content\/uploads\/2022\/06\/Logo_SF_2012.png","width":1100,"height":91,"caption":"Sicherheitsforum"},"image":{"@id":"https:\/\/news.save.ch\/de\/#\/schema\/logo\/image\/"}},{"@type":"Person","@id":"https:\/\/news.save.ch\/de\/#\/schema\/person\/d5022db048e0e2b9785c50e5b24da5aa","name":"Roger Str\u00e4ssle","image":{"@type":"ImageObject","inLanguage":"en-US","@id":"https:\/\/secure.gravatar.com\/avatar\/862a5569d087de48e5856e32f45d719a03804c891d6deb8d4f71a660e79e4a47?s=96&d=mm&r=g","url":"https:\/\/secure.gravatar.com\/avatar\/862a5569d087de48e5856e32f45d719a03804c891d6deb8d4f71a660e79e4a47?s=96&d=mm&r=g","contentUrl":"https:\/\/secure.gravatar.com\/avatar\/862a5569d087de48e5856e32f45d719a03804c891d6deb8d4f71a660e79e4a47?s=96&d=mm&r=g","caption":"Roger Str\u00e4ssle"},"url":"https:\/\/news.save.ch\/en\/author\/roger-straessle\/"}]}},"_links":{"self":[{"href":"https:\/\/news.save.ch\/en\/wp-json\/wp\/v2\/posts\/10819","targetHints":{"allow":["GET"]}}],"collection":[{"href":"https:\/\/news.save.ch\/en\/wp-json\/wp\/v2\/posts"}],"about":[{"href":"https:\/\/news.save.ch\/en\/wp-json\/wp\/v2\/types\/post"}],"author":[{"embeddable":true,"href":"https:\/\/news.save.ch\/en\/wp-json\/wp\/v2\/users\/8"}],"replies":[{"embeddable":true,"href":"https:\/\/news.save.ch\/en\/wp-json\/wp\/v2\/comments?post=10819"}],"version-history":[{"count":0,"href":"https:\/\/news.save.ch\/en\/wp-json\/wp\/v2\/posts\/10819\/revisions"}],"wp:featuredmedia":[{"embeddable":true,"href":"https:\/\/news.save.ch\/en\/wp-json\/wp\/v2\/media\/10820"}],"wp:attachment":[{"href":"https:\/\/news.save.ch\/en\/wp-json\/wp\/v2\/media?parent=10819"}],"wp:term":[{"taxonomy":"category","embeddable":true,"href":"https:\/\/news.save.ch\/en\/wp-json\/wp\/v2\/categories?post=10819"},{"taxonomy":"post_tag","embeddable":true,"href":"https:\/\/news.save.ch\/en\/wp-json\/wp\/v2\/tags?post=10819"}],"curies":[{"name":"wp","href":"https:\/\/api.w.org\/{rel}","templated":true}]}}