{"id":10833,"date":"2020-11-23T10:01:53","date_gmt":"2020-11-23T09:01:53","guid":{"rendered":"https:\/\/news.save.ch\/?p=10833"},"modified":"2023-03-14T08:56:32","modified_gmt":"2023-03-14T07:56:32","slug":"scsd-hybrides-konzept-und-mit-kmu-tag","status":null,"type":"post","link":"https:\/\/news.save.ch\/en\/scsd-hybrides-konzept-und-mit-kmu-tag\/","title":{"rendered":"SCSD: hybrid concept and SME day"},"content":{"rendered":"<figure id=\"attachment_10834\" aria-describedby=\"caption-attachment-10834\" style=\"width: 680px\" class=\"wp-caption aligncenter\"><img loading=\"lazy\" decoding=\"async\" class=\"wp-image-10834 size-medium\" src=\"https:\/\/news.save.ch\/wp-content\/uploads\/2020\/11\/Depositphotos_130540724_s-2019.jpg\" alt=\"Swiss Cyber Security Days, SCSD\" width=\"680\" height=\"454\" srcset=\"https:\/\/news.save.ch\/wp-content\/uploads\/2020\/11\/Depositphotos_130540724_s-2019.jpg 1000w, https:\/\/news.save.ch\/wp-content\/uploads\/2020\/11\/Depositphotos_130540724_s-2019-375x250.jpg 375w\" sizes=\"auto, (max-width: 680px) 100vw, 680px\" \/><figcaption id=\"caption-attachment-10834\" class=\"wp-caption-text\">A cyber security day specifically geared toward SMEs is planned for the upcoming SCSD. \u00a9 depositphotos, duiwoy<\/figcaption><\/figure>\n<p>The third Swiss Cyber Security Days (<a href=\"https:\/\/www.swisscybersecuritydays.ch\">SCSD<\/a>) on March 10 and 11, 2021, will close the knowledge gap between technology and society in the field of cybersecurity and offer insights into current and future solutions.<\/p>\n<p>As a result of the ongoing pandemic, the SCSD will be implemented as a hybrid concept: On the one hand, a presence with the keynotes as well as networking and catering is planned on site in Freiburg. On the other hand, the conferences will be streamed in parallel via the \"SCSD365\" platform. SCSD365\" is a year-round platform for cybersecurity.<\/p>\n<p><strong>SMEs as a focus <\/strong><\/p>\n<p>A national \"SME Day\" will be held at SCSD on March 11. The event will focus on the specific cyber security needs of SMEs. Specific cases of attacks on Swiss companies and their consequences will also be discussed. Here, too, the SCSD will be focusing on the core values of transparency, knowledge transfer, open communication and discussion.<\/p>\n<p><strong>Program Focus National Security<\/strong><\/p>\n<p>In the SCSD main conference part, in addition to ongoing topical issues, the focus will be on topics that bring meaning and purpose back into cyberspace, as well as the currently primarily profit-oriented influence of digitization on society, health, politics, the economy and individuals. For the core topic \"National Cybersecurity\", top personalities such as the head of the Armed Forces, Corps Commander Thomas S\u00fcssli, the President of the ETH Lausanne, Martin Vetterli, as well as the Federal Delegate for Cybersecurity, Florian Sch\u00fctz, have already confirmed their participation. Among others, Michael Hengartner, President of the ETH Board, is invited to a second basic topic \"Identity and Privacy\". Other core topics are e-government, hyper connected society, data protection, IoT, artificial intelligence or 5G.<\/p>\n<p><em>Source: SCSD<\/em><\/p>","protected":false},"excerpt":{"rendered":"<p>Die dritten Swiss Cyber Security Days (SCSD) vom 10. und 11. M\u00e4rz 2021 schliessen im Bereich Cybersicherheit die Wissensschere zwischen Technologie und Gesellschaft und bieten Einblicke in aktuelle und zuk\u00fcnftige L\u00f6sungen. Als Folge der andauernden Pandemie werden die SCSD als hybrides Konzept umgesetzt: Einerseits ist eine Pr\u00e4senz mit den Keynotes sowie Networking und Catering vor [&hellip;]<\/p>\n","protected":false},"author":8,"featured_media":10834,"comment_status":"closed","ping_status":"closed","sticky":false,"template":"","format":"standard","meta":{"_acf_changed":false,"pgc_sgb_lightbox_settings":"","footnotes":""},"categories":[3313],"tags":[617,462,160],"class_list":["post-10833","post","type-post","status-publish","format-standard","has-post-thumbnail","hentry","category-digitalisierung","tag-scsd","tag-swiss-cyber-security-days","tag-veranstaltungen"],"acf":[],"hkrextid":null,"publication":null,"issue":null,"workflow":null,"startPage":null,"spitzmarke":null,"_posts_by_tag_page_fields":{"widget_title":"","widget_tags":""},"_at_widget":"1","_yoast_wpseo_primary_category":"2","_yoast_wpseo_focuskw_text_input":"Swiss Cyber Security Days","_yoast_wpseo_opengraph-image":null,"_yoast_wpseo_opengraph-description":null,"_yoast_wpseo_opengraph-title":null,"enclosure":null,"_yoast_wpseo_twitter-title":null,"_yoast_wpseo_twitter-description":null,"_yoast_wpseo_twitter-image":null,"_wp_old_slug":null,"_yoast_wpseo_title":null,"_yoast_wpseo_canonical":null,"yoast_head":"<!-- This site is optimized with the Yoast SEO plugin v27.4 - https:\/\/yoast.com\/product\/yoast-seo-wordpress\/ -->\n<title>SCSD: hybrides Konzept und KMU-Tag - Save<\/title>\n<meta name=\"robots\" content=\"index, follow, max-snippet:-1, max-image-preview:large, max-video-preview:-1\" \/>\n<link rel=\"canonical\" href=\"https:\/\/news.save.ch\/en\/scsd-hybrides-konzept-und-mit-kmu-tag\/\" \/>\n<meta property=\"og:locale\" content=\"en_US\" \/>\n<meta property=\"og:type\" content=\"article\" \/>\n<meta property=\"og:title\" content=\"SCSD: hybrides Konzept und KMU-Tag - Save\" \/>\n<meta property=\"og:description\" content=\"Die dritten Swiss Cyber Security Days (SCSD) vom 10. und 11. M\u00e4rz 2021 schliessen im Bereich Cybersicherheit die Wissensschere zwischen Technologie und Gesellschaft und bieten Einblicke in aktuelle und zuk\u00fcnftige L\u00f6sungen. Als Folge der andauernden Pandemie werden die SCSD als hybrides Konzept umgesetzt: Einerseits ist eine Pr\u00e4senz mit den Keynotes sowie Networking und Catering vor [&hellip;]\" \/>\n<meta property=\"og:url\" content=\"https:\/\/news.save.ch\/en\/scsd-hybrides-konzept-und-mit-kmu-tag\/\" \/>\n<meta property=\"og:site_name\" content=\"Save\" \/>\n<meta property=\"article:published_time\" content=\"2020-11-23T09:01:53+00:00\" \/>\n<meta property=\"article:modified_time\" content=\"2023-03-14T07:56:32+00:00\" \/>\n<meta property=\"og:image\" content=\"https:\/\/news.save.ch\/wp-content\/uploads\/2020\/11\/Depositphotos_130540724_s-2019.jpg\" \/>\n\t<meta property=\"og:image:width\" content=\"1000\" \/>\n\t<meta property=\"og:image:height\" content=\"667\" \/>\n\t<meta property=\"og:image:type\" content=\"image\/jpeg\" \/>\n<meta name=\"author\" content=\"Roger Str\u00e4ssle\" \/>\n<meta name=\"twitter:card\" content=\"summary_large_image\" \/>\n<meta name=\"twitter:label1\" content=\"Written by\" \/>\n\t<meta name=\"twitter:data1\" content=\"Roger Str\u00e4ssle\" \/>\n\t<meta name=\"twitter:label2\" content=\"Est. reading time\" \/>\n\t<meta name=\"twitter:data2\" content=\"1 minute\" \/>\n<script type=\"application\/ld+json\" class=\"yoast-schema-graph\">{\"@context\":\"https:\\\/\\\/schema.org\",\"@graph\":[{\"@type\":\"Article\",\"@id\":\"https:\\\/\\\/news.save.ch\\\/scsd-hybrides-konzept-und-mit-kmu-tag\\\/#article\",\"isPartOf\":{\"@id\":\"https:\\\/\\\/news.save.ch\\\/scsd-hybrides-konzept-und-mit-kmu-tag\\\/\"},\"author\":{\"name\":\"Roger Str\u00e4ssle\",\"@id\":\"https:\\\/\\\/news.save.ch\\\/de\\\/#\\\/schema\\\/person\\\/d5022db048e0e2b9785c50e5b24da5aa\"},\"headline\":\"SCSD: hybrides Konzept und KMU-Tag\",\"datePublished\":\"2020-11-23T09:01:53+00:00\",\"dateModified\":\"2023-03-14T07:56:32+00:00\",\"mainEntityOfPage\":{\"@id\":\"https:\\\/\\\/news.save.ch\\\/scsd-hybrides-konzept-und-mit-kmu-tag\\\/\"},\"wordCount\":281,\"publisher\":{\"@id\":\"https:\\\/\\\/news.save.ch\\\/de\\\/#organization\"},\"image\":{\"@id\":\"https:\\\/\\\/news.save.ch\\\/scsd-hybrides-konzept-und-mit-kmu-tag\\\/#primaryimage\"},\"thumbnailUrl\":\"https:\\\/\\\/news.save.ch\\\/wp-content\\\/uploads\\\/2020\\\/11\\\/Depositphotos_130540724_s-2019.jpg\",\"keywords\":[\"SCSD\",\"Swiss Cyber Security Days\",\"Veranstaltungen\"],\"articleSection\":[\"DIGITALISIERUNG\"],\"inLanguage\":\"en-US\"},{\"@type\":\"WebPage\",\"@id\":\"https:\\\/\\\/news.save.ch\\\/scsd-hybrides-konzept-und-mit-kmu-tag\\\/\",\"url\":\"https:\\\/\\\/news.save.ch\\\/scsd-hybrides-konzept-und-mit-kmu-tag\\\/\",\"name\":\"SCSD: hybrides Konzept und KMU-Tag - Save\",\"isPartOf\":{\"@id\":\"https:\\\/\\\/news.save.ch\\\/de\\\/#website\"},\"primaryImageOfPage\":{\"@id\":\"https:\\\/\\\/news.save.ch\\\/scsd-hybrides-konzept-und-mit-kmu-tag\\\/#primaryimage\"},\"image\":{\"@id\":\"https:\\\/\\\/news.save.ch\\\/scsd-hybrides-konzept-und-mit-kmu-tag\\\/#primaryimage\"},\"thumbnailUrl\":\"https:\\\/\\\/news.save.ch\\\/wp-content\\\/uploads\\\/2020\\\/11\\\/Depositphotos_130540724_s-2019.jpg\",\"datePublished\":\"2020-11-23T09:01:53+00:00\",\"dateModified\":\"2023-03-14T07:56:32+00:00\",\"breadcrumb\":{\"@id\":\"https:\\\/\\\/news.save.ch\\\/scsd-hybrides-konzept-und-mit-kmu-tag\\\/#breadcrumb\"},\"inLanguage\":\"en-US\",\"potentialAction\":[{\"@type\":\"ReadAction\",\"target\":[\"https:\\\/\\\/news.save.ch\\\/scsd-hybrides-konzept-und-mit-kmu-tag\\\/\"]}]},{\"@type\":\"ImageObject\",\"inLanguage\":\"en-US\",\"@id\":\"https:\\\/\\\/news.save.ch\\\/scsd-hybrides-konzept-und-mit-kmu-tag\\\/#primaryimage\",\"url\":\"https:\\\/\\\/news.save.ch\\\/wp-content\\\/uploads\\\/2020\\\/11\\\/Depositphotos_130540724_s-2019.jpg\",\"contentUrl\":\"https:\\\/\\\/news.save.ch\\\/wp-content\\\/uploads\\\/2020\\\/11\\\/Depositphotos_130540724_s-2019.jpg\",\"width\":1000,\"height\":667,\"caption\":\"\u00a9 depositphotos, duiwoy\"},{\"@type\":\"BreadcrumbList\",\"@id\":\"https:\\\/\\\/news.save.ch\\\/scsd-hybrides-konzept-und-mit-kmu-tag\\\/#breadcrumb\",\"itemListElement\":[{\"@type\":\"ListItem\",\"position\":1,\"name\":\"Home\",\"item\":\"https:\\\/\\\/news.save.ch\\\/de\\\/\"},{\"@type\":\"ListItem\",\"position\":2,\"name\":\"SCSD: hybrides Konzept und KMU-Tag\"}]},{\"@type\":\"WebSite\",\"@id\":\"https:\\\/\\\/news.save.ch\\\/de\\\/#website\",\"url\":\"https:\\\/\\\/news.save.ch\\\/de\\\/\",\"name\":\"Save\",\"description\":\"Schweizer Fachzeitschrift f\u00fcr Sicherheit\",\"publisher\":{\"@id\":\"https:\\\/\\\/news.save.ch\\\/de\\\/#organization\"},\"potentialAction\":[{\"@type\":\"SearchAction\",\"target\":{\"@type\":\"EntryPoint\",\"urlTemplate\":\"https:\\\/\\\/news.save.ch\\\/de\\\/?s={search_term_string}\"},\"query-input\":{\"@type\":\"PropertyValueSpecification\",\"valueRequired\":true,\"valueName\":\"search_term_string\"}}],\"inLanguage\":\"en-US\"},{\"@type\":\"Organization\",\"@id\":\"https:\\\/\\\/news.save.ch\\\/de\\\/#organization\",\"name\":\"Sicherheitsforum\",\"url\":\"https:\\\/\\\/news.save.ch\\\/de\\\/\",\"logo\":{\"@type\":\"ImageObject\",\"inLanguage\":\"en-US\",\"@id\":\"https:\\\/\\\/news.save.ch\\\/de\\\/#\\\/schema\\\/logo\\\/image\\\/\",\"url\":\"https:\\\/\\\/news.save.ch\\\/wp-content\\\/uploads\\\/2022\\\/06\\\/Logo_SF_2012.png\",\"contentUrl\":\"https:\\\/\\\/news.save.ch\\\/wp-content\\\/uploads\\\/2022\\\/06\\\/Logo_SF_2012.png\",\"width\":1100,\"height\":91,\"caption\":\"Sicherheitsforum\"},\"image\":{\"@id\":\"https:\\\/\\\/news.save.ch\\\/de\\\/#\\\/schema\\\/logo\\\/image\\\/\"}},{\"@type\":\"Person\",\"@id\":\"https:\\\/\\\/news.save.ch\\\/de\\\/#\\\/schema\\\/person\\\/d5022db048e0e2b9785c50e5b24da5aa\",\"name\":\"Roger Str\u00e4ssle\",\"image\":{\"@type\":\"ImageObject\",\"inLanguage\":\"en-US\",\"@id\":\"https:\\\/\\\/secure.gravatar.com\\\/avatar\\\/862a5569d087de48e5856e32f45d719a03804c891d6deb8d4f71a660e79e4a47?s=96&d=mm&r=g\",\"url\":\"https:\\\/\\\/secure.gravatar.com\\\/avatar\\\/862a5569d087de48e5856e32f45d719a03804c891d6deb8d4f71a660e79e4a47?s=96&d=mm&r=g\",\"contentUrl\":\"https:\\\/\\\/secure.gravatar.com\\\/avatar\\\/862a5569d087de48e5856e32f45d719a03804c891d6deb8d4f71a660e79e4a47?s=96&d=mm&r=g\",\"caption\":\"Roger Str\u00e4ssle\"},\"url\":\"https:\\\/\\\/news.save.ch\\\/en\\\/author\\\/roger-straessle\\\/\"}]}<\/script>\n<!-- \/ Yoast SEO plugin. -->","yoast_head_json":{"title":"SCSD: hybrid concept and SME Day - Save","robots":{"index":"index","follow":"follow","max-snippet":"max-snippet:-1","max-image-preview":"max-image-preview:large","max-video-preview":"max-video-preview:-1"},"canonical":"https:\/\/news.save.ch\/en\/scsd-hybrides-konzept-und-mit-kmu-tag\/","og_locale":"en_US","og_type":"article","og_title":"SCSD: hybrides Konzept und KMU-Tag - Save","og_description":"Die dritten Swiss Cyber Security Days (SCSD) vom 10. und 11. M\u00e4rz 2021 schliessen im Bereich Cybersicherheit die Wissensschere zwischen Technologie und Gesellschaft und bieten Einblicke in aktuelle und zuk\u00fcnftige L\u00f6sungen. Als Folge der andauernden Pandemie werden die SCSD als hybrides Konzept umgesetzt: Einerseits ist eine Pr\u00e4senz mit den Keynotes sowie Networking und Catering vor [&hellip;]","og_url":"https:\/\/news.save.ch\/en\/scsd-hybrides-konzept-und-mit-kmu-tag\/","og_site_name":"Save","article_published_time":"2020-11-23T09:01:53+00:00","article_modified_time":"2023-03-14T07:56:32+00:00","og_image":[{"width":1000,"height":667,"url":"https:\/\/news.save.ch\/wp-content\/uploads\/2020\/11\/Depositphotos_130540724_s-2019.jpg","type":"image\/jpeg"}],"author":"Roger Str\u00e4ssle","twitter_card":"summary_large_image","twitter_misc":{"Written by":"Roger Str\u00e4ssle","Est. reading time":"1 minute"},"schema":{"@context":"https:\/\/schema.org","@graph":[{"@type":"Article","@id":"https:\/\/news.save.ch\/scsd-hybrides-konzept-und-mit-kmu-tag\/#article","isPartOf":{"@id":"https:\/\/news.save.ch\/scsd-hybrides-konzept-und-mit-kmu-tag\/"},"author":{"name":"Roger Str\u00e4ssle","@id":"https:\/\/news.save.ch\/de\/#\/schema\/person\/d5022db048e0e2b9785c50e5b24da5aa"},"headline":"SCSD: hybrides Konzept und KMU-Tag","datePublished":"2020-11-23T09:01:53+00:00","dateModified":"2023-03-14T07:56:32+00:00","mainEntityOfPage":{"@id":"https:\/\/news.save.ch\/scsd-hybrides-konzept-und-mit-kmu-tag\/"},"wordCount":281,"publisher":{"@id":"https:\/\/news.save.ch\/de\/#organization"},"image":{"@id":"https:\/\/news.save.ch\/scsd-hybrides-konzept-und-mit-kmu-tag\/#primaryimage"},"thumbnailUrl":"https:\/\/news.save.ch\/wp-content\/uploads\/2020\/11\/Depositphotos_130540724_s-2019.jpg","keywords":["SCSD","Swiss Cyber Security Days","Veranstaltungen"],"articleSection":["DIGITALISIERUNG"],"inLanguage":"en-US"},{"@type":"WebPage","@id":"https:\/\/news.save.ch\/scsd-hybrides-konzept-und-mit-kmu-tag\/","url":"https:\/\/news.save.ch\/scsd-hybrides-konzept-und-mit-kmu-tag\/","name":"SCSD: hybrid concept and SME Day - Save","isPartOf":{"@id":"https:\/\/news.save.ch\/de\/#website"},"primaryImageOfPage":{"@id":"https:\/\/news.save.ch\/scsd-hybrides-konzept-und-mit-kmu-tag\/#primaryimage"},"image":{"@id":"https:\/\/news.save.ch\/scsd-hybrides-konzept-und-mit-kmu-tag\/#primaryimage"},"thumbnailUrl":"https:\/\/news.save.ch\/wp-content\/uploads\/2020\/11\/Depositphotos_130540724_s-2019.jpg","datePublished":"2020-11-23T09:01:53+00:00","dateModified":"2023-03-14T07:56:32+00:00","breadcrumb":{"@id":"https:\/\/news.save.ch\/scsd-hybrides-konzept-und-mit-kmu-tag\/#breadcrumb"},"inLanguage":"en-US","potentialAction":[{"@type":"ReadAction","target":["https:\/\/news.save.ch\/scsd-hybrides-konzept-und-mit-kmu-tag\/"]}]},{"@type":"ImageObject","inLanguage":"en-US","@id":"https:\/\/news.save.ch\/scsd-hybrides-konzept-und-mit-kmu-tag\/#primaryimage","url":"https:\/\/news.save.ch\/wp-content\/uploads\/2020\/11\/Depositphotos_130540724_s-2019.jpg","contentUrl":"https:\/\/news.save.ch\/wp-content\/uploads\/2020\/11\/Depositphotos_130540724_s-2019.jpg","width":1000,"height":667,"caption":"\u00a9 depositphotos, duiwoy"},{"@type":"BreadcrumbList","@id":"https:\/\/news.save.ch\/scsd-hybrides-konzept-und-mit-kmu-tag\/#breadcrumb","itemListElement":[{"@type":"ListItem","position":1,"name":"Home","item":"https:\/\/news.save.ch\/de\/"},{"@type":"ListItem","position":2,"name":"SCSD: hybrides Konzept und KMU-Tag"}]},{"@type":"WebSite","@id":"https:\/\/news.save.ch\/de\/#website","url":"https:\/\/news.save.ch\/de\/","name":"Save","description":"Swiss trade journal for safety","publisher":{"@id":"https:\/\/news.save.ch\/de\/#organization"},"potentialAction":[{"@type":"SearchAction","target":{"@type":"EntryPoint","urlTemplate":"https:\/\/news.save.ch\/de\/?s={search_term_string}"},"query-input":{"@type":"PropertyValueSpecification","valueRequired":true,"valueName":"search_term_string"}}],"inLanguage":"en-US"},{"@type":"Organization","@id":"https:\/\/news.save.ch\/de\/#organization","name":"Security Forum","url":"https:\/\/news.save.ch\/de\/","logo":{"@type":"ImageObject","inLanguage":"en-US","@id":"https:\/\/news.save.ch\/de\/#\/schema\/logo\/image\/","url":"https:\/\/news.save.ch\/wp-content\/uploads\/2022\/06\/Logo_SF_2012.png","contentUrl":"https:\/\/news.save.ch\/wp-content\/uploads\/2022\/06\/Logo_SF_2012.png","width":1100,"height":91,"caption":"Sicherheitsforum"},"image":{"@id":"https:\/\/news.save.ch\/de\/#\/schema\/logo\/image\/"}},{"@type":"Person","@id":"https:\/\/news.save.ch\/de\/#\/schema\/person\/d5022db048e0e2b9785c50e5b24da5aa","name":"Roger Str\u00e4ssle","image":{"@type":"ImageObject","inLanguage":"en-US","@id":"https:\/\/secure.gravatar.com\/avatar\/862a5569d087de48e5856e32f45d719a03804c891d6deb8d4f71a660e79e4a47?s=96&d=mm&r=g","url":"https:\/\/secure.gravatar.com\/avatar\/862a5569d087de48e5856e32f45d719a03804c891d6deb8d4f71a660e79e4a47?s=96&d=mm&r=g","contentUrl":"https:\/\/secure.gravatar.com\/avatar\/862a5569d087de48e5856e32f45d719a03804c891d6deb8d4f71a660e79e4a47?s=96&d=mm&r=g","caption":"Roger Str\u00e4ssle"},"url":"https:\/\/news.save.ch\/en\/author\/roger-straessle\/"}]}},"_links":{"self":[{"href":"https:\/\/news.save.ch\/en\/wp-json\/wp\/v2\/posts\/10833","targetHints":{"allow":["GET"]}}],"collection":[{"href":"https:\/\/news.save.ch\/en\/wp-json\/wp\/v2\/posts"}],"about":[{"href":"https:\/\/news.save.ch\/en\/wp-json\/wp\/v2\/types\/post"}],"author":[{"embeddable":true,"href":"https:\/\/news.save.ch\/en\/wp-json\/wp\/v2\/users\/8"}],"replies":[{"embeddable":true,"href":"https:\/\/news.save.ch\/en\/wp-json\/wp\/v2\/comments?post=10833"}],"version-history":[{"count":1,"href":"https:\/\/news.save.ch\/en\/wp-json\/wp\/v2\/posts\/10833\/revisions"}],"predecessor-version":[{"id":17299,"href":"https:\/\/news.save.ch\/en\/wp-json\/wp\/v2\/posts\/10833\/revisions\/17299"}],"wp:featuredmedia":[{"embeddable":true,"href":"https:\/\/news.save.ch\/en\/wp-json\/wp\/v2\/media\/10834"}],"wp:attachment":[{"href":"https:\/\/news.save.ch\/en\/wp-json\/wp\/v2\/media?parent=10833"}],"wp:term":[{"taxonomy":"category","embeddable":true,"href":"https:\/\/news.save.ch\/en\/wp-json\/wp\/v2\/categories?post=10833"},{"taxonomy":"post_tag","embeddable":true,"href":"https:\/\/news.save.ch\/en\/wp-json\/wp\/v2\/tags?post=10833"}],"curies":[{"name":"wp","href":"https:\/\/api.w.org\/{rel}","templated":true}]}}