{"id":1095,"date":"2016-02-22T15:32:29","date_gmt":"2016-02-22T14:32:29","guid":{"rendered":"https:\/\/dev.sicherheitsforum.ch\/?p=1095"},"modified":"2023-03-14T08:57:25","modified_gmt":"2023-03-14T07:57:25","slug":"swiss-pass-daten-loeschung-gefordert","status":null,"type":"post","link":"https:\/\/news.save.ch\/en\/swiss-pass-daten-loeschung-gefordert\/","title":{"rendered":"\"Swiss Pass\": data deletion requested"},"content":{"rendered":"<figure id=\"attachment_1096\" aria-describedby=\"caption-attachment-1096\" style=\"width: 680px\" class=\"wp-caption alignnone\"><img loading=\"lazy\" decoding=\"async\" class=\"size-medium wp-image-1096\" src=\"https:\/\/sicherheitsforum.ch\/wp-content\/uploads\/2016\/12\/\u00abSwiss-Pass\u00bb-Daten-L\u00f6schung-gefordert-it-security.jpg\" alt=\"Photo: SBB\" width=\"680\" height=\"430\" \/><figcaption id=\"caption-attachment-1096\" class=\"wp-caption-text\">Photo: SBB<\/figcaption><\/figure>\n<p>At the end of 2015, the Federal Data Protection Commissioner, or FDPIC for short, carried out a clarification of the Swiss Pass and the associated data processing at the SBB. In particular, the control database was examined. According to the FDPIC, the time, the train\/course number and the Swiss Pass ID number are entered into this database for each check and stored there for 90 days.<\/p>\n<p><strong>Disproportionate<\/strong><\/p>\n<p>Based on his findings and clarifications, the Data Protection Officer concludes (see <a href=\"https:\/\/www.news.admin.ch\/NSBSubscriber\/message\/attachments\/42901.pdf\" target=\"_blank\" data-cke-saved-href=\"https:\/\/www.news.admin.ch\/NSBSubscriber\/message\/attachments\/42901.pdf\" rel=\"noopener\">Final Report<\/a> FDPIC inspection) that the data processing carried out during ticket checks was neither proportionate nor based on a sufficient legal basis. Consequently, a recommendation was issued to the Association of Public Transport (V\u00f6V) and the SBB demanding the immediate deletion of the control data and the discontinuation of the control database, according to the statement. The FDPIC also made a proposal regarding the wording of the General Terms and Conditions for Half-Fare and General Abonnements: the new passage should inform customers clearly and appropriately about the use of their data for marketing purposes and their right to object (opt-out).<\/p>\n<p>According to the data protection commissioner, V\u00f6V and SBB have until the end of February to indicate whether they want to <a href=\"https:\/\/www.news.admin.ch\/NSBSubscriber\/message\/attachments\/42908.pdf\" target=\"_blank\" data-cke-saved-href=\"https:\/\/www.news.admin.ch\/NSBSubscriber\/message\/attachments\/42908.pdf\" rel=\"noopener\">Recommendation<\/a> and accept the suggestions for improvement.<\/p>","protected":false},"excerpt":{"rendered":"<p>Ende 2015 f\u00fchrte der Eidgen\u00f6ssische Datenschutzbeauftragte, kurz ED\u00d6B, bei den SBB eine Abkl\u00e4rung zum Swiss Pass und den damit zusammenh\u00e4ngenden Datenbearbeitungen durch. Dabei habe man insbesondere die Kontrolldatenbank gepr\u00fcft. In diese w\u00fcrden bei jeder Kontrolle die Uhrzeit, die Zug-\/Kursnummer und die Ausweisnummer des Swiss Pass eingetragen und dort w\u00e4hrend 90 Tagen aufbewahrt, so der ED\u00d6B. [&hellip;]<\/p>\n","protected":false},"author":1,"featured_media":1096,"comment_status":"open","ping_status":"open","sticky":false,"template":"","format":"standard","meta":{"_acf_changed":false,"pgc_sgb_lightbox_settings":"","footnotes":""},"categories":[3313],"tags":[118,62,63],"class_list":["post-1095","post","type-post","status-publish","format-standard","has-post-thumbnail","hentry","category-digitalisierung","tag-datenschutz","tag-ict-sicherheit","tag-it-security"],"acf":[],"hkrextid":null,"publication":null,"issue":null,"workflow":null,"startPage":null,"spitzmarke":null,"_posts_by_tag_page_fields":{"widget_title":"","widget_tags":""},"_at_widget":"1","_yoast_wpseo_primary_category":"2","_yoast_wpseo_focuskw_text_input":"Swiss Pass","_yoast_wpseo_opengraph-image":"https:\/\/news.save.ch\/wp-content\/uploads\/2016\/12\/\u00abSwiss-Pass\u00bb-Daten-L\u00f6schung-gefordert-it-security.jpg","_yoast_wpseo_opengraph-description":"Im Rahmen des \u00abSwiss Pass\u00bb m\u00fcssen die SBB die bereits erhobenen Kontrolldaten der Passagiere l\u00f6schen. Dies fordert der Eidgen\u00f6ssische Datenschutz- und \u00d6ffentlichkeitsbeauftragte.","_yoast_wpseo_opengraph-title":"\u00abSwiss Pass\u00bb: Daten-L\u00f6schung gefordert","enclosure":null,"_yoast_wpseo_twitter-title":null,"_yoast_wpseo_twitter-description":null,"_yoast_wpseo_twitter-image":null,"_wp_old_slug":null,"_yoast_wpseo_title":null,"_yoast_wpseo_canonical":null,"yoast_head":"<!-- This site is optimized with the Yoast SEO plugin v27.5 - https:\/\/yoast.com\/product\/yoast-seo-wordpress\/ -->\n<title>\u00abSwiss Pass\u00bb: Daten-L\u00f6schung gefordert - Save<\/title>\n<meta name=\"description\" content=\"Im Rahmen des \u00abSwiss Pass\u00bb m\u00fcssen die SBB die Kontrolldaten der Passagiere l\u00f6schen, fordert der Eidgen\u00f6ssische Datenschutz- und \u00d6ffentlichkeitsbeauftragte.\" \/>\n<meta name=\"robots\" content=\"index, follow, max-snippet:-1, max-image-preview:large, max-video-preview:-1\" \/>\n<link rel=\"canonical\" href=\"https:\/\/news.save.ch\/en\/swiss-pass-daten-loeschung-gefordert\/\" \/>\n<meta property=\"og:locale\" content=\"en_US\" \/>\n<meta property=\"og:type\" content=\"article\" \/>\n<meta property=\"og:title\" content=\"\u00abSwiss Pass\u00bb: Daten-L\u00f6schung gefordert\" \/>\n<meta property=\"og:description\" content=\"Im Rahmen des \u00abSwiss Pass\u00bb m\u00fcssen die SBB die bereits erhobenen Kontrolldaten der Passagiere l\u00f6schen. Dies fordert der Eidgen\u00f6ssische Datenschutz- und \u00d6ffentlichkeitsbeauftragte.\" \/>\n<meta property=\"og:url\" content=\"https:\/\/news.save.ch\/en\/swiss-pass-daten-loeschung-gefordert\/\" \/>\n<meta property=\"og:site_name\" content=\"Save\" \/>\n<meta property=\"article:published_time\" content=\"2016-02-22T14:32:29+00:00\" \/>\n<meta property=\"article:modified_time\" content=\"2023-03-14T07:57:25+00:00\" \/>\n<meta property=\"og:image\" content=\"https:\/\/news.save.ch\/wp-content\/uploads\/2016\/12\/\u00abSwiss-Pass\u00bb-Daten-L\u00f6schung-gefordert-it-security.jpg\" \/>\n<meta name=\"author\" content=\"admin\" \/>\n<meta name=\"twitter:card\" content=\"summary_large_image\" \/>\n<meta name=\"twitter:label1\" content=\"Written by\" \/>\n\t<meta name=\"twitter:data1\" content=\"admin\" \/>\n\t<meta name=\"twitter:label2\" content=\"Est. reading time\" \/>\n\t<meta name=\"twitter:data2\" content=\"1 minute\" \/>\n<script type=\"application\/ld+json\" class=\"yoast-schema-graph\">{\"@context\":\"https:\\\/\\\/schema.org\",\"@graph\":[{\"@type\":\"Article\",\"@id\":\"https:\\\/\\\/news.save.ch\\\/swiss-pass-daten-loeschung-gefordert\\\/#article\",\"isPartOf\":{\"@id\":\"https:\\\/\\\/news.save.ch\\\/swiss-pass-daten-loeschung-gefordert\\\/\"},\"author\":{\"name\":\"admin\",\"@id\":\"https:\\\/\\\/news.save.ch\\\/de\\\/#\\\/schema\\\/person\\\/d49e199490bad7c70d64b9ab51142f2b\"},\"headline\":\"\u00abSwiss Pass\u00bb: Daten-L\u00f6schung gefordert\",\"datePublished\":\"2016-02-22T14:32:29+00:00\",\"dateModified\":\"2023-03-14T07:57:25+00:00\",\"mainEntityOfPage\":{\"@id\":\"https:\\\/\\\/news.save.ch\\\/swiss-pass-daten-loeschung-gefordert\\\/\"},\"wordCount\":220,\"commentCount\":0,\"publisher\":{\"@id\":\"https:\\\/\\\/news.save.ch\\\/de\\\/#organization\"},\"image\":{\"@id\":\"https:\\\/\\\/news.save.ch\\\/swiss-pass-daten-loeschung-gefordert\\\/#primaryimage\"},\"thumbnailUrl\":\"https:\\\/\\\/news.save.ch\\\/wp-content\\\/uploads\\\/2016\\\/12\\\/Swiss-Pass-Daten-Loeschung-gefordert-it-security.jpg\",\"keywords\":[\"Datenschutz\",\"ICT-Sicherheit\",\"IT-SECURITY\"],\"articleSection\":[\"DIGITALISIERUNG\"],\"inLanguage\":\"en-US\"},{\"@type\":\"WebPage\",\"@id\":\"https:\\\/\\\/news.save.ch\\\/swiss-pass-daten-loeschung-gefordert\\\/\",\"url\":\"https:\\\/\\\/news.save.ch\\\/swiss-pass-daten-loeschung-gefordert\\\/\",\"name\":\"\u00abSwiss Pass\u00bb: Daten-L\u00f6schung gefordert - Save\",\"isPartOf\":{\"@id\":\"https:\\\/\\\/news.save.ch\\\/de\\\/#website\"},\"primaryImageOfPage\":{\"@id\":\"https:\\\/\\\/news.save.ch\\\/swiss-pass-daten-loeschung-gefordert\\\/#primaryimage\"},\"image\":{\"@id\":\"https:\\\/\\\/news.save.ch\\\/swiss-pass-daten-loeschung-gefordert\\\/#primaryimage\"},\"thumbnailUrl\":\"https:\\\/\\\/news.save.ch\\\/wp-content\\\/uploads\\\/2016\\\/12\\\/Swiss-Pass-Daten-Loeschung-gefordert-it-security.jpg\",\"datePublished\":\"2016-02-22T14:32:29+00:00\",\"dateModified\":\"2023-03-14T07:57:25+00:00\",\"description\":\"Im Rahmen des \u00abSwiss Pass\u00bb m\u00fcssen die SBB die Kontrolldaten der Passagiere l\u00f6schen, fordert der Eidgen\u00f6ssische Datenschutz- und \u00d6ffentlichkeitsbeauftragte.\",\"breadcrumb\":{\"@id\":\"https:\\\/\\\/news.save.ch\\\/swiss-pass-daten-loeschung-gefordert\\\/#breadcrumb\"},\"inLanguage\":\"en-US\",\"potentialAction\":[{\"@type\":\"ReadAction\",\"target\":[\"https:\\\/\\\/news.save.ch\\\/swiss-pass-daten-loeschung-gefordert\\\/\"]}]},{\"@type\":\"ImageObject\",\"inLanguage\":\"en-US\",\"@id\":\"https:\\\/\\\/news.save.ch\\\/swiss-pass-daten-loeschung-gefordert\\\/#primaryimage\",\"url\":\"https:\\\/\\\/news.save.ch\\\/wp-content\\\/uploads\\\/2016\\\/12\\\/Swiss-Pass-Daten-Loeschung-gefordert-it-security.jpg\",\"contentUrl\":\"https:\\\/\\\/news.save.ch\\\/wp-content\\\/uploads\\\/2016\\\/12\\\/Swiss-Pass-Daten-Loeschung-gefordert-it-security.jpg\",\"width\":1010,\"height\":638,\"caption\":\"Foto: SBB\"},{\"@type\":\"BreadcrumbList\",\"@id\":\"https:\\\/\\\/news.save.ch\\\/swiss-pass-daten-loeschung-gefordert\\\/#breadcrumb\",\"itemListElement\":[{\"@type\":\"ListItem\",\"position\":1,\"name\":\"Home\",\"item\":\"https:\\\/\\\/news.save.ch\\\/de\\\/\"},{\"@type\":\"ListItem\",\"position\":2,\"name\":\"\u00abSwiss Pass\u00bb: Daten-L\u00f6schung gefordert\"}]},{\"@type\":\"WebSite\",\"@id\":\"https:\\\/\\\/news.save.ch\\\/de\\\/#website\",\"url\":\"https:\\\/\\\/news.save.ch\\\/de\\\/\",\"name\":\"Save\",\"description\":\"Schweizer Fachzeitschrift f\u00fcr Sicherheit\",\"publisher\":{\"@id\":\"https:\\\/\\\/news.save.ch\\\/de\\\/#organization\"},\"potentialAction\":[{\"@type\":\"SearchAction\",\"target\":{\"@type\":\"EntryPoint\",\"urlTemplate\":\"https:\\\/\\\/news.save.ch\\\/de\\\/?s={search_term_string}\"},\"query-input\":{\"@type\":\"PropertyValueSpecification\",\"valueRequired\":true,\"valueName\":\"search_term_string\"}}],\"inLanguage\":\"en-US\"},{\"@type\":\"Organization\",\"@id\":\"https:\\\/\\\/news.save.ch\\\/de\\\/#organization\",\"name\":\"Sicherheitsforum\",\"url\":\"https:\\\/\\\/news.save.ch\\\/de\\\/\",\"logo\":{\"@type\":\"ImageObject\",\"inLanguage\":\"en-US\",\"@id\":\"https:\\\/\\\/news.save.ch\\\/de\\\/#\\\/schema\\\/logo\\\/image\\\/\",\"url\":\"https:\\\/\\\/news.save.ch\\\/wp-content\\\/uploads\\\/2022\\\/06\\\/Logo_SF_2012.png\",\"contentUrl\":\"https:\\\/\\\/news.save.ch\\\/wp-content\\\/uploads\\\/2022\\\/06\\\/Logo_SF_2012.png\",\"width\":1100,\"height\":91,\"caption\":\"Sicherheitsforum\"},\"image\":{\"@id\":\"https:\\\/\\\/news.save.ch\\\/de\\\/#\\\/schema\\\/logo\\\/image\\\/\"}},{\"@type\":\"Person\",\"@id\":\"https:\\\/\\\/news.save.ch\\\/de\\\/#\\\/schema\\\/person\\\/d49e199490bad7c70d64b9ab51142f2b\",\"name\":\"admin\",\"image\":{\"@type\":\"ImageObject\",\"inLanguage\":\"en-US\",\"@id\":\"https:\\\/\\\/secure.gravatar.com\\\/avatar\\\/ae2f4d718e6c49043e314ce431e7e645d646302a24a5ef5a8bc8e3f5a032e319?s=96&d=mm&r=g\",\"url\":\"https:\\\/\\\/secure.gravatar.com\\\/avatar\\\/ae2f4d718e6c49043e314ce431e7e645d646302a24a5ef5a8bc8e3f5a032e319?s=96&d=mm&r=g\",\"contentUrl\":\"https:\\\/\\\/secure.gravatar.com\\\/avatar\\\/ae2f4d718e6c49043e314ce431e7e645d646302a24a5ef5a8bc8e3f5a032e319?s=96&d=mm&r=g\",\"caption\":\"admin\"},\"sameAs\":[\"https:\\\/\\\/develop.organisator.galledia.ch\"],\"url\":\"https:\\\/\\\/news.save.ch\\\/en\\\/author\\\/admin\\\/\"}]}<\/script>\n<!-- \/ Yoast SEO plugin. -->","yoast_head_json":{"title":"\"Swiss Pass\": data deletion requested - Save","description":"As part of the \"Swiss Pass\", the SBB must delete the control data of passengers, demands the Federal Data Protection and Information Commissioner.","robots":{"index":"index","follow":"follow","max-snippet":"max-snippet:-1","max-image-preview":"max-image-preview:large","max-video-preview":"max-video-preview:-1"},"canonical":"https:\/\/news.save.ch\/en\/swiss-pass-daten-loeschung-gefordert\/","og_locale":"en_US","og_type":"article","og_title":"\u00abSwiss Pass\u00bb: Daten-L\u00f6schung gefordert","og_description":"Im Rahmen des \u00abSwiss Pass\u00bb m\u00fcssen die SBB die bereits erhobenen Kontrolldaten der Passagiere l\u00f6schen. Dies fordert der Eidgen\u00f6ssische Datenschutz- und \u00d6ffentlichkeitsbeauftragte.","og_url":"https:\/\/news.save.ch\/en\/swiss-pass-daten-loeschung-gefordert\/","og_site_name":"Save","article_published_time":"2016-02-22T14:32:29+00:00","article_modified_time":"2023-03-14T07:57:25+00:00","og_image":[{"url":"https:\/\/news.save.ch\/wp-content\/uploads\/2016\/12\/\u00abSwiss-Pass\u00bb-Daten-L\u00f6schung-gefordert-it-security.jpg","type":"","width":"","height":""}],"author":"admin","twitter_card":"summary_large_image","twitter_misc":{"Written by":"admin","Est. reading time":"1 minute"},"schema":{"@context":"https:\/\/schema.org","@graph":[{"@type":"Article","@id":"https:\/\/news.save.ch\/swiss-pass-daten-loeschung-gefordert\/#article","isPartOf":{"@id":"https:\/\/news.save.ch\/swiss-pass-daten-loeschung-gefordert\/"},"author":{"name":"admin","@id":"https:\/\/news.save.ch\/de\/#\/schema\/person\/d49e199490bad7c70d64b9ab51142f2b"},"headline":"\u00abSwiss Pass\u00bb: Daten-L\u00f6schung gefordert","datePublished":"2016-02-22T14:32:29+00:00","dateModified":"2023-03-14T07:57:25+00:00","mainEntityOfPage":{"@id":"https:\/\/news.save.ch\/swiss-pass-daten-loeschung-gefordert\/"},"wordCount":220,"commentCount":0,"publisher":{"@id":"https:\/\/news.save.ch\/de\/#organization"},"image":{"@id":"https:\/\/news.save.ch\/swiss-pass-daten-loeschung-gefordert\/#primaryimage"},"thumbnailUrl":"https:\/\/news.save.ch\/wp-content\/uploads\/2016\/12\/Swiss-Pass-Daten-Loeschung-gefordert-it-security.jpg","keywords":["Datenschutz","ICT-Sicherheit","IT-SECURITY"],"articleSection":["DIGITALISIERUNG"],"inLanguage":"en-US"},{"@type":"WebPage","@id":"https:\/\/news.save.ch\/swiss-pass-daten-loeschung-gefordert\/","url":"https:\/\/news.save.ch\/swiss-pass-daten-loeschung-gefordert\/","name":"\"Swiss Pass\": data deletion requested - Save","isPartOf":{"@id":"https:\/\/news.save.ch\/de\/#website"},"primaryImageOfPage":{"@id":"https:\/\/news.save.ch\/swiss-pass-daten-loeschung-gefordert\/#primaryimage"},"image":{"@id":"https:\/\/news.save.ch\/swiss-pass-daten-loeschung-gefordert\/#primaryimage"},"thumbnailUrl":"https:\/\/news.save.ch\/wp-content\/uploads\/2016\/12\/Swiss-Pass-Daten-Loeschung-gefordert-it-security.jpg","datePublished":"2016-02-22T14:32:29+00:00","dateModified":"2023-03-14T07:57:25+00:00","description":"As part of the \"Swiss Pass\", the SBB must delete the control data of passengers, demands the Federal Data Protection and Information Commissioner.","breadcrumb":{"@id":"https:\/\/news.save.ch\/swiss-pass-daten-loeschung-gefordert\/#breadcrumb"},"inLanguage":"en-US","potentialAction":[{"@type":"ReadAction","target":["https:\/\/news.save.ch\/swiss-pass-daten-loeschung-gefordert\/"]}]},{"@type":"ImageObject","inLanguage":"en-US","@id":"https:\/\/news.save.ch\/swiss-pass-daten-loeschung-gefordert\/#primaryimage","url":"https:\/\/news.save.ch\/wp-content\/uploads\/2016\/12\/Swiss-Pass-Daten-Loeschung-gefordert-it-security.jpg","contentUrl":"https:\/\/news.save.ch\/wp-content\/uploads\/2016\/12\/Swiss-Pass-Daten-Loeschung-gefordert-it-security.jpg","width":1010,"height":638,"caption":"Foto: SBB"},{"@type":"BreadcrumbList","@id":"https:\/\/news.save.ch\/swiss-pass-daten-loeschung-gefordert\/#breadcrumb","itemListElement":[{"@type":"ListItem","position":1,"name":"Home","item":"https:\/\/news.save.ch\/de\/"},{"@type":"ListItem","position":2,"name":"\u00abSwiss Pass\u00bb: Daten-L\u00f6schung gefordert"}]},{"@type":"WebSite","@id":"https:\/\/news.save.ch\/de\/#website","url":"https:\/\/news.save.ch\/de\/","name":"Save","description":"Swiss trade journal for safety","publisher":{"@id":"https:\/\/news.save.ch\/de\/#organization"},"potentialAction":[{"@type":"SearchAction","target":{"@type":"EntryPoint","urlTemplate":"https:\/\/news.save.ch\/de\/?s={search_term_string}"},"query-input":{"@type":"PropertyValueSpecification","valueRequired":true,"valueName":"search_term_string"}}],"inLanguage":"en-US"},{"@type":"Organization","@id":"https:\/\/news.save.ch\/de\/#organization","name":"Security Forum","url":"https:\/\/news.save.ch\/de\/","logo":{"@type":"ImageObject","inLanguage":"en-US","@id":"https:\/\/news.save.ch\/de\/#\/schema\/logo\/image\/","url":"https:\/\/news.save.ch\/wp-content\/uploads\/2022\/06\/Logo_SF_2012.png","contentUrl":"https:\/\/news.save.ch\/wp-content\/uploads\/2022\/06\/Logo_SF_2012.png","width":1100,"height":91,"caption":"Sicherheitsforum"},"image":{"@id":"https:\/\/news.save.ch\/de\/#\/schema\/logo\/image\/"}},{"@type":"Person","@id":"https:\/\/news.save.ch\/de\/#\/schema\/person\/d49e199490bad7c70d64b9ab51142f2b","name":"admin","image":{"@type":"ImageObject","inLanguage":"en-US","@id":"https:\/\/secure.gravatar.com\/avatar\/ae2f4d718e6c49043e314ce431e7e645d646302a24a5ef5a8bc8e3f5a032e319?s=96&d=mm&r=g","url":"https:\/\/secure.gravatar.com\/avatar\/ae2f4d718e6c49043e314ce431e7e645d646302a24a5ef5a8bc8e3f5a032e319?s=96&d=mm&r=g","contentUrl":"https:\/\/secure.gravatar.com\/avatar\/ae2f4d718e6c49043e314ce431e7e645d646302a24a5ef5a8bc8e3f5a032e319?s=96&d=mm&r=g","caption":"admin"},"sameAs":["https:\/\/develop.organisator.galledia.ch"],"url":"https:\/\/news.save.ch\/en\/author\/admin\/"}]}},"_links":{"self":[{"href":"https:\/\/news.save.ch\/en\/wp-json\/wp\/v2\/posts\/1095","targetHints":{"allow":["GET"]}}],"collection":[{"href":"https:\/\/news.save.ch\/en\/wp-json\/wp\/v2\/posts"}],"about":[{"href":"https:\/\/news.save.ch\/en\/wp-json\/wp\/v2\/types\/post"}],"author":[{"embeddable":true,"href":"https:\/\/news.save.ch\/en\/wp-json\/wp\/v2\/users\/1"}],"replies":[{"embeddable":true,"href":"https:\/\/news.save.ch\/en\/wp-json\/wp\/v2\/comments?post=1095"}],"version-history":[{"count":1,"href":"https:\/\/news.save.ch\/en\/wp-json\/wp\/v2\/posts\/1095\/revisions"}],"predecessor-version":[{"id":17664,"href":"https:\/\/news.save.ch\/en\/wp-json\/wp\/v2\/posts\/1095\/revisions\/17664"}],"wp:featuredmedia":[{"embeddable":true,"href":"https:\/\/news.save.ch\/en\/wp-json\/wp\/v2\/media\/1096"}],"wp:attachment":[{"href":"https:\/\/news.save.ch\/en\/wp-json\/wp\/v2\/media?parent=1095"}],"wp:term":[{"taxonomy":"category","embeddable":true,"href":"https:\/\/news.save.ch\/en\/wp-json\/wp\/v2\/categories?post=1095"},{"taxonomy":"post_tag","embeddable":true,"href":"https:\/\/news.save.ch\/en\/wp-json\/wp\/v2\/tags?post=1095"}],"curies":[{"name":"wp","href":"https:\/\/api.w.org\/{rel}","templated":true}]}}