{"id":10965,"date":"2020-12-15T14:45:59","date_gmt":"2020-12-15T13:45:59","guid":{"rendered":"https:\/\/news.save.ch\/?p=10965"},"modified":"2023-07-23T01:26:50","modified_gmt":"2023-07-22T23:26:50","slug":"sicherheits-kongress-in-der-swissbau-securite-lausanne-abgesagt","status":null,"type":"post","link":"https:\/\/news.save.ch\/en\/sicherheits-kongress-in-der-swissbau-securite-lausanne-abgesagt\/","title":{"rendered":"Safety Congress again at Swissbau 2022"},"content":{"rendered":"<p><img loading=\"lazy\" decoding=\"async\" class=\"alignnone wp-image-10968 size-full\" src=\"https:\/\/news.save.ch\/wp-content\/uploads\/2020\/12\/Swissbau_Securite_teaser.jpg\" alt=\"Security Congress\" width=\"825\" height=\"630\" srcset=\"https:\/\/news.save.ch\/wp-content\/uploads\/2020\/12\/Swissbau_Securite_teaser.jpg 825w, https:\/\/news.save.ch\/wp-content\/uploads\/2020\/12\/Swissbau_Securite_teaser-375x286.jpg 375w\" sizes=\"auto, (max-width: 825px) 100vw, 825px\" \/><\/p>\n<p>The signs are green for the next Safety Congress, which will again take place at Swissbau 2022. Swiss companies and installers of security systems SES and representatives of the trade fair organization met for this purpose at a joint workshop this summer. The integrated security congress is aimed primarily at security professionals, but also at architects, planners, operators, owners and investors.<\/p>\n<h2>Audience expected from French-speaking Switzerland<\/h2>\n<p>In order to increasingly invite security professionals from French-speaking Switzerland to Basel, selected modules of the congress will be simultaneously translated into French. This is also in view of the fact that S\u00e9curit\u00e9 Lausanne has now been cancelled. After the French edition already had to be postponed from late fall 2020 to June 2021, a \"complementary format\" is being examined. This is to be evaluated after Swissbau 2022 in French-speaking Switzerland.<\/p>\n<p>However, the conclusion is encouraging, according to the Swissbau press release. The exhibitors are 100 percent behind the integration of safety into Swissbau and are ready for the trade fair duo. The topic of safety is also to be accompanied during Swissbau by means of various online campaigns.<\/p>\n<p>The next Swissbau will be held in Basel from Tuesday, January 18 to Friday, January 21, 2022.<\/p>\n<p>Source:\u00a0<a href=\"https:\/\/www.swissbau.ch\/\" target=\"_blank\" rel=\"noopener\">www.swissbau.ch<\/a><\/p>\n<p>&nbsp;<\/p>\n<p>&nbsp;<\/p>\n<p>&nbsp;<\/p>","protected":false},"excerpt":{"rendered":"<p>Die Zeichen stehen auf Gr\u00fcn f\u00fcr den n\u00e4chsten\u00a0Sicherheits-Kongress, der erneut an der Swissbau 2022 stattfinden wird.\u00a0Schweizer Firmen und\u00a0Errichter von Sicherheitsanlagen SES sowie Vertreter der Messeorganisation haben sich dazu diesen Sommer an einem gemeinsamen Workshop getroffen.\u00a0Der integrierte Sicherheits-Kongress richtet sich vor allem an Sicherheitsfachleute, aber auch an Architekten, Planer, Betreiber, Eigent\u00fcmer und an Investoren. Publikum aus [&hellip;]<\/p>\n","protected":false},"author":9,"featured_media":10968,"comment_status":"closed","ping_status":"closed","sticky":false,"template":"","format":"standard","meta":{"_acf_changed":false,"pgc_sgb_lightbox_settings":"","footnotes":""},"categories":[1],"tags":[5967,1112,450,310,1110,5965,5966,1111,1340],"class_list":["post-10965","post","type-post","status-publish","format-standard","has-post-thumbnail","hentry","category-allgemein","tag-online-kampagnen","tag-securite-lausanne","tag-ses","tag-sicherheit","tag-sicherheits-kongress","tag-sicherheitsfachleute","tag-simultane-uebersetzung","tag-swissbau","tag-swissbau-2022"],"acf":[],"hkrextid":null,"publication":null,"issue":null,"workflow":null,"startPage":null,"spitzmarke":null,"_posts_by_tag_page_fields":{"widget_title":"","widget_tags":""},"_at_widget":"1","_yoast_wpseo_primary_category":"","_yoast_wpseo_focuskw_text_input":null,"_yoast_wpseo_opengraph-image":null,"_yoast_wpseo_opengraph-description":null,"_yoast_wpseo_opengraph-title":null,"enclosure":null,"_yoast_wpseo_twitter-title":null,"_yoast_wpseo_twitter-description":null,"_yoast_wpseo_twitter-image":null,"_wp_old_slug":null,"_yoast_wpseo_title":null,"_yoast_wpseo_canonical":null,"yoast_head":"<!-- This site is optimized with the Yoast SEO plugin v27.5 - https:\/\/yoast.com\/product\/yoast-seo-wordpress\/ -->\n<title>Sicherheits-Kongress erneut an der Swissbau 2022 - Save<\/title>\n<meta name=\"description\" content=\"Der n\u00e4chste Sicherheits-Kongress soll w\u00e4hrend vier Tagen parallel zur Swissbau 2022 stattfinden. Nach der Swissbau soll auch das Format einer S\u00e9curit\u00e9 Lausanne gepr\u00fcft werden.\" \/>\n<meta name=\"robots\" content=\"index, follow, max-snippet:-1, max-image-preview:large, max-video-preview:-1\" \/>\n<link rel=\"canonical\" href=\"https:\/\/news.save.ch\/en\/sicherheits-kongress-in-der-swissbau-securite-lausanne-abgesagt\/\" \/>\n<meta property=\"og:locale\" content=\"en_US\" \/>\n<meta property=\"og:type\" content=\"article\" \/>\n<meta property=\"og:title\" content=\"Sicherheits-Kongress erneut an der Swissbau 2022 - Save\" \/>\n<meta property=\"og:description\" content=\"Der n\u00e4chste Sicherheits-Kongress soll w\u00e4hrend vier Tagen parallel zur Swissbau 2022 stattfinden. Nach der Swissbau soll auch das Format einer S\u00e9curit\u00e9 Lausanne gepr\u00fcft werden.\" \/>\n<meta property=\"og:url\" content=\"https:\/\/news.save.ch\/en\/sicherheits-kongress-in-der-swissbau-securite-lausanne-abgesagt\/\" \/>\n<meta property=\"og:site_name\" content=\"Save\" \/>\n<meta property=\"article:published_time\" content=\"2020-12-15T13:45:59+00:00\" \/>\n<meta property=\"article:modified_time\" content=\"2023-07-22T23:26:50+00:00\" \/>\n<meta property=\"og:image\" content=\"https:\/\/news.save.ch\/wp-content\/uploads\/2020\/12\/Swissbau_Securite_teaser.jpg\" \/>\n\t<meta property=\"og:image:width\" content=\"825\" \/>\n\t<meta property=\"og:image:height\" content=\"630\" \/>\n\t<meta property=\"og:image:type\" content=\"image\/jpeg\" \/>\n<meta name=\"author\" content=\"Simon Gr\u00f6flin\" \/>\n<meta name=\"twitter:card\" content=\"summary_large_image\" \/>\n<meta name=\"twitter:label1\" content=\"Written by\" \/>\n\t<meta name=\"twitter:data1\" content=\"Simon Gr\u00f6flin\" \/>\n\t<meta name=\"twitter:label2\" content=\"Est. reading time\" \/>\n\t<meta name=\"twitter:data2\" content=\"2 minutes\" \/>\n<script type=\"application\/ld+json\" class=\"yoast-schema-graph\">{\"@context\":\"https:\\\/\\\/schema.org\",\"@graph\":[{\"@type\":\"Article\",\"@id\":\"https:\\\/\\\/news.save.ch\\\/sicherheits-kongress-in-der-swissbau-securite-lausanne-abgesagt\\\/#article\",\"isPartOf\":{\"@id\":\"https:\\\/\\\/news.save.ch\\\/sicherheits-kongress-in-der-swissbau-securite-lausanne-abgesagt\\\/\"},\"author\":{\"name\":\"Simon Gr\u00f6flin\",\"@id\":\"https:\\\/\\\/news.save.ch\\\/de\\\/#\\\/schema\\\/person\\\/ad4ef21102fd6125312409ac57d5296d\"},\"headline\":\"Sicherheits-Kongress erneut an der Swissbau 2022\",\"datePublished\":\"2020-12-15T13:45:59+00:00\",\"dateModified\":\"2023-07-22T23:26:50+00:00\",\"mainEntityOfPage\":{\"@id\":\"https:\\\/\\\/news.save.ch\\\/sicherheits-kongress-in-der-swissbau-securite-lausanne-abgesagt\\\/\"},\"wordCount\":206,\"publisher\":{\"@id\":\"https:\\\/\\\/news.save.ch\\\/de\\\/#organization\"},\"image\":{\"@id\":\"https:\\\/\\\/news.save.ch\\\/sicherheits-kongress-in-der-swissbau-securite-lausanne-abgesagt\\\/#primaryimage\"},\"thumbnailUrl\":\"https:\\\/\\\/news.save.ch\\\/wp-content\\\/uploads\\\/2020\\\/12\\\/Swissbau_Securite_teaser.jpg\",\"keywords\":[\"Online-Kampagnen\",\"S\u00e9curit\u00e9 Lausanne\",\"SES\",\"Sicherheit\",\"Sicherheits-Kongress\",\"Sicherheitsfachleute\",\"simultane \u00dcbersetzung\",\"Swissbau\",\"Swissbau 2022\"],\"articleSection\":[\"ALLGEMEIN\"],\"inLanguage\":\"en-US\"},{\"@type\":\"WebPage\",\"@id\":\"https:\\\/\\\/news.save.ch\\\/sicherheits-kongress-in-der-swissbau-securite-lausanne-abgesagt\\\/\",\"url\":\"https:\\\/\\\/news.save.ch\\\/sicherheits-kongress-in-der-swissbau-securite-lausanne-abgesagt\\\/\",\"name\":\"Sicherheits-Kongress erneut an der Swissbau 2022 - Save\",\"isPartOf\":{\"@id\":\"https:\\\/\\\/news.save.ch\\\/de\\\/#website\"},\"primaryImageOfPage\":{\"@id\":\"https:\\\/\\\/news.save.ch\\\/sicherheits-kongress-in-der-swissbau-securite-lausanne-abgesagt\\\/#primaryimage\"},\"image\":{\"@id\":\"https:\\\/\\\/news.save.ch\\\/sicherheits-kongress-in-der-swissbau-securite-lausanne-abgesagt\\\/#primaryimage\"},\"thumbnailUrl\":\"https:\\\/\\\/news.save.ch\\\/wp-content\\\/uploads\\\/2020\\\/12\\\/Swissbau_Securite_teaser.jpg\",\"datePublished\":\"2020-12-15T13:45:59+00:00\",\"dateModified\":\"2023-07-22T23:26:50+00:00\",\"description\":\"Der n\u00e4chste Sicherheits-Kongress soll w\u00e4hrend vier Tagen parallel zur Swissbau 2022 stattfinden. Nach der Swissbau soll auch das Format einer S\u00e9curit\u00e9 Lausanne gepr\u00fcft werden.\",\"breadcrumb\":{\"@id\":\"https:\\\/\\\/news.save.ch\\\/sicherheits-kongress-in-der-swissbau-securite-lausanne-abgesagt\\\/#breadcrumb\"},\"inLanguage\":\"en-US\",\"potentialAction\":[{\"@type\":\"ReadAction\",\"target\":[\"https:\\\/\\\/news.save.ch\\\/sicherheits-kongress-in-der-swissbau-securite-lausanne-abgesagt\\\/\"]}]},{\"@type\":\"ImageObject\",\"inLanguage\":\"en-US\",\"@id\":\"https:\\\/\\\/news.save.ch\\\/sicherheits-kongress-in-der-swissbau-securite-lausanne-abgesagt\\\/#primaryimage\",\"url\":\"https:\\\/\\\/news.save.ch\\\/wp-content\\\/uploads\\\/2020\\\/12\\\/Swissbau_Securite_teaser.jpg\",\"contentUrl\":\"https:\\\/\\\/news.save.ch\\\/wp-content\\\/uploads\\\/2020\\\/12\\\/Swissbau_Securite_teaser.jpg\",\"width\":825,\"height\":630},{\"@type\":\"BreadcrumbList\",\"@id\":\"https:\\\/\\\/news.save.ch\\\/sicherheits-kongress-in-der-swissbau-securite-lausanne-abgesagt\\\/#breadcrumb\",\"itemListElement\":[{\"@type\":\"ListItem\",\"position\":1,\"name\":\"Home\",\"item\":\"https:\\\/\\\/news.save.ch\\\/de\\\/\"},{\"@type\":\"ListItem\",\"position\":2,\"name\":\"Sicherheits-Kongress erneut an der Swissbau 2022\"}]},{\"@type\":\"WebSite\",\"@id\":\"https:\\\/\\\/news.save.ch\\\/de\\\/#website\",\"url\":\"https:\\\/\\\/news.save.ch\\\/de\\\/\",\"name\":\"Save\",\"description\":\"Schweizer Fachzeitschrift f\u00fcr Sicherheit\",\"publisher\":{\"@id\":\"https:\\\/\\\/news.save.ch\\\/de\\\/#organization\"},\"potentialAction\":[{\"@type\":\"SearchAction\",\"target\":{\"@type\":\"EntryPoint\",\"urlTemplate\":\"https:\\\/\\\/news.save.ch\\\/de\\\/?s={search_term_string}\"},\"query-input\":{\"@type\":\"PropertyValueSpecification\",\"valueRequired\":true,\"valueName\":\"search_term_string\"}}],\"inLanguage\":\"en-US\"},{\"@type\":\"Organization\",\"@id\":\"https:\\\/\\\/news.save.ch\\\/de\\\/#organization\",\"name\":\"Sicherheitsforum\",\"url\":\"https:\\\/\\\/news.save.ch\\\/de\\\/\",\"logo\":{\"@type\":\"ImageObject\",\"inLanguage\":\"en-US\",\"@id\":\"https:\\\/\\\/news.save.ch\\\/de\\\/#\\\/schema\\\/logo\\\/image\\\/\",\"url\":\"https:\\\/\\\/news.save.ch\\\/wp-content\\\/uploads\\\/2022\\\/06\\\/Logo_SF_2012.png\",\"contentUrl\":\"https:\\\/\\\/news.save.ch\\\/wp-content\\\/uploads\\\/2022\\\/06\\\/Logo_SF_2012.png\",\"width\":1100,\"height\":91,\"caption\":\"Sicherheitsforum\"},\"image\":{\"@id\":\"https:\\\/\\\/news.save.ch\\\/de\\\/#\\\/schema\\\/logo\\\/image\\\/\"}},{\"@type\":\"Person\",\"@id\":\"https:\\\/\\\/news.save.ch\\\/de\\\/#\\\/schema\\\/person\\\/ad4ef21102fd6125312409ac57d5296d\",\"name\":\"Simon Gr\u00f6flin\",\"image\":{\"@type\":\"ImageObject\",\"inLanguage\":\"en-US\",\"@id\":\"https:\\\/\\\/secure.gravatar.com\\\/avatar\\\/6ddceb80eb734354635539e0ea5140bb7c41e42de7c45c9a2ab9921b5d5c9a83?s=96&d=mm&r=g\",\"url\":\"https:\\\/\\\/secure.gravatar.com\\\/avatar\\\/6ddceb80eb734354635539e0ea5140bb7c41e42de7c45c9a2ab9921b5d5c9a83?s=96&d=mm&r=g\",\"contentUrl\":\"https:\\\/\\\/secure.gravatar.com\\\/avatar\\\/6ddceb80eb734354635539e0ea5140bb7c41e42de7c45c9a2ab9921b5d5c9a83?s=96&d=mm&r=g\",\"caption\":\"Simon Gr\u00f6flin\"},\"url\":\"https:\\\/\\\/news.save.ch\\\/en\\\/author\\\/simon-groeflin\\\/\"}]}<\/script>\n<!-- \/ Yoast SEO plugin. -->","yoast_head_json":{"title":"Safety Congress again at Swissbau 2022 - Save","description":"The next security congress is to take place during four days parallel to Swissbau 2022. After Swissbau, the format of a S\u00e9curit\u00e9 Lausanne is also to be examined.","robots":{"index":"index","follow":"follow","max-snippet":"max-snippet:-1","max-image-preview":"max-image-preview:large","max-video-preview":"max-video-preview:-1"},"canonical":"https:\/\/news.save.ch\/en\/sicherheits-kongress-in-der-swissbau-securite-lausanne-abgesagt\/","og_locale":"en_US","og_type":"article","og_title":"Sicherheits-Kongress erneut an der Swissbau 2022 - Save","og_description":"Der n\u00e4chste Sicherheits-Kongress soll w\u00e4hrend vier Tagen parallel zur Swissbau 2022 stattfinden. Nach der Swissbau soll auch das Format einer S\u00e9curit\u00e9 Lausanne gepr\u00fcft werden.","og_url":"https:\/\/news.save.ch\/en\/sicherheits-kongress-in-der-swissbau-securite-lausanne-abgesagt\/","og_site_name":"Save","article_published_time":"2020-12-15T13:45:59+00:00","article_modified_time":"2023-07-22T23:26:50+00:00","og_image":[{"width":825,"height":630,"url":"https:\/\/news.save.ch\/wp-content\/uploads\/2020\/12\/Swissbau_Securite_teaser.jpg","type":"image\/jpeg"}],"author":"Simon Gr\u00f6flin","twitter_card":"summary_large_image","twitter_misc":{"Written by":"Simon Gr\u00f6flin","Est. reading time":"2 minutes"},"schema":{"@context":"https:\/\/schema.org","@graph":[{"@type":"Article","@id":"https:\/\/news.save.ch\/sicherheits-kongress-in-der-swissbau-securite-lausanne-abgesagt\/#article","isPartOf":{"@id":"https:\/\/news.save.ch\/sicherheits-kongress-in-der-swissbau-securite-lausanne-abgesagt\/"},"author":{"name":"Simon Gr\u00f6flin","@id":"https:\/\/news.save.ch\/de\/#\/schema\/person\/ad4ef21102fd6125312409ac57d5296d"},"headline":"Sicherheits-Kongress erneut an der Swissbau 2022","datePublished":"2020-12-15T13:45:59+00:00","dateModified":"2023-07-22T23:26:50+00:00","mainEntityOfPage":{"@id":"https:\/\/news.save.ch\/sicherheits-kongress-in-der-swissbau-securite-lausanne-abgesagt\/"},"wordCount":206,"publisher":{"@id":"https:\/\/news.save.ch\/de\/#organization"},"image":{"@id":"https:\/\/news.save.ch\/sicherheits-kongress-in-der-swissbau-securite-lausanne-abgesagt\/#primaryimage"},"thumbnailUrl":"https:\/\/news.save.ch\/wp-content\/uploads\/2020\/12\/Swissbau_Securite_teaser.jpg","keywords":["Online-Kampagnen","S\u00e9curit\u00e9 Lausanne","SES","Sicherheit","Sicherheits-Kongress","Sicherheitsfachleute","simultane \u00dcbersetzung","Swissbau","Swissbau 2022"],"articleSection":["ALLGEMEIN"],"inLanguage":"en-US"},{"@type":"WebPage","@id":"https:\/\/news.save.ch\/sicherheits-kongress-in-der-swissbau-securite-lausanne-abgesagt\/","url":"https:\/\/news.save.ch\/sicherheits-kongress-in-der-swissbau-securite-lausanne-abgesagt\/","name":"Safety Congress again at Swissbau 2022 - Save","isPartOf":{"@id":"https:\/\/news.save.ch\/de\/#website"},"primaryImageOfPage":{"@id":"https:\/\/news.save.ch\/sicherheits-kongress-in-der-swissbau-securite-lausanne-abgesagt\/#primaryimage"},"image":{"@id":"https:\/\/news.save.ch\/sicherheits-kongress-in-der-swissbau-securite-lausanne-abgesagt\/#primaryimage"},"thumbnailUrl":"https:\/\/news.save.ch\/wp-content\/uploads\/2020\/12\/Swissbau_Securite_teaser.jpg","datePublished":"2020-12-15T13:45:59+00:00","dateModified":"2023-07-22T23:26:50+00:00","description":"The next security congress is to take place during four days parallel to Swissbau 2022. After Swissbau, the format of a S\u00e9curit\u00e9 Lausanne is also to be examined.","breadcrumb":{"@id":"https:\/\/news.save.ch\/sicherheits-kongress-in-der-swissbau-securite-lausanne-abgesagt\/#breadcrumb"},"inLanguage":"en-US","potentialAction":[{"@type":"ReadAction","target":["https:\/\/news.save.ch\/sicherheits-kongress-in-der-swissbau-securite-lausanne-abgesagt\/"]}]},{"@type":"ImageObject","inLanguage":"en-US","@id":"https:\/\/news.save.ch\/sicherheits-kongress-in-der-swissbau-securite-lausanne-abgesagt\/#primaryimage","url":"https:\/\/news.save.ch\/wp-content\/uploads\/2020\/12\/Swissbau_Securite_teaser.jpg","contentUrl":"https:\/\/news.save.ch\/wp-content\/uploads\/2020\/12\/Swissbau_Securite_teaser.jpg","width":825,"height":630},{"@type":"BreadcrumbList","@id":"https:\/\/news.save.ch\/sicherheits-kongress-in-der-swissbau-securite-lausanne-abgesagt\/#breadcrumb","itemListElement":[{"@type":"ListItem","position":1,"name":"Home","item":"https:\/\/news.save.ch\/de\/"},{"@type":"ListItem","position":2,"name":"Sicherheits-Kongress erneut an der Swissbau 2022"}]},{"@type":"WebSite","@id":"https:\/\/news.save.ch\/de\/#website","url":"https:\/\/news.save.ch\/de\/","name":"Save","description":"Swiss trade journal for safety","publisher":{"@id":"https:\/\/news.save.ch\/de\/#organization"},"potentialAction":[{"@type":"SearchAction","target":{"@type":"EntryPoint","urlTemplate":"https:\/\/news.save.ch\/de\/?s={search_term_string}"},"query-input":{"@type":"PropertyValueSpecification","valueRequired":true,"valueName":"search_term_string"}}],"inLanguage":"en-US"},{"@type":"Organization","@id":"https:\/\/news.save.ch\/de\/#organization","name":"Security Forum","url":"https:\/\/news.save.ch\/de\/","logo":{"@type":"ImageObject","inLanguage":"en-US","@id":"https:\/\/news.save.ch\/de\/#\/schema\/logo\/image\/","url":"https:\/\/news.save.ch\/wp-content\/uploads\/2022\/06\/Logo_SF_2012.png","contentUrl":"https:\/\/news.save.ch\/wp-content\/uploads\/2022\/06\/Logo_SF_2012.png","width":1100,"height":91,"caption":"Sicherheitsforum"},"image":{"@id":"https:\/\/news.save.ch\/de\/#\/schema\/logo\/image\/"}},{"@type":"Person","@id":"https:\/\/news.save.ch\/de\/#\/schema\/person\/ad4ef21102fd6125312409ac57d5296d","name":"Simon Gr\u00f6flin","image":{"@type":"ImageObject","inLanguage":"en-US","@id":"https:\/\/secure.gravatar.com\/avatar\/6ddceb80eb734354635539e0ea5140bb7c41e42de7c45c9a2ab9921b5d5c9a83?s=96&d=mm&r=g","url":"https:\/\/secure.gravatar.com\/avatar\/6ddceb80eb734354635539e0ea5140bb7c41e42de7c45c9a2ab9921b5d5c9a83?s=96&d=mm&r=g","contentUrl":"https:\/\/secure.gravatar.com\/avatar\/6ddceb80eb734354635539e0ea5140bb7c41e42de7c45c9a2ab9921b5d5c9a83?s=96&d=mm&r=g","caption":"Simon Gr\u00f6flin"},"url":"https:\/\/news.save.ch\/en\/author\/simon-groeflin\/"}]}},"_links":{"self":[{"href":"https:\/\/news.save.ch\/en\/wp-json\/wp\/v2\/posts\/10965","targetHints":{"allow":["GET"]}}],"collection":[{"href":"https:\/\/news.save.ch\/en\/wp-json\/wp\/v2\/posts"}],"about":[{"href":"https:\/\/news.save.ch\/en\/wp-json\/wp\/v2\/types\/post"}],"author":[{"embeddable":true,"href":"https:\/\/news.save.ch\/en\/wp-json\/wp\/v2\/users\/9"}],"replies":[{"embeddable":true,"href":"https:\/\/news.save.ch\/en\/wp-json\/wp\/v2\/comments?post=10965"}],"version-history":[{"count":2,"href":"https:\/\/news.save.ch\/en\/wp-json\/wp\/v2\/posts\/10965\/revisions"}],"predecessor-version":[{"id":21314,"href":"https:\/\/news.save.ch\/en\/wp-json\/wp\/v2\/posts\/10965\/revisions\/21314"}],"wp:featuredmedia":[{"embeddable":true,"href":"https:\/\/news.save.ch\/en\/wp-json\/wp\/v2\/media\/10968"}],"wp:attachment":[{"href":"https:\/\/news.save.ch\/en\/wp-json\/wp\/v2\/media?parent=10965"}],"wp:term":[{"taxonomy":"category","embeddable":true,"href":"https:\/\/news.save.ch\/en\/wp-json\/wp\/v2\/categories?post=10965"},{"taxonomy":"post_tag","embeddable":true,"href":"https:\/\/news.save.ch\/en\/wp-json\/wp\/v2\/tags?post=10965"}],"curies":[{"name":"wp","href":"https:\/\/api.w.org\/{rel}","templated":true}]}}