{"id":111,"date":"2015-04-15T14:46:53","date_gmt":"2015-04-15T12:46:53","guid":{"rendered":"https:\/\/dev.sicherheitsforum.ch\/?p=111"},"modified":"2015-04-15T14:46:53","modified_gmt":"2015-04-15T12:46:53","slug":"handelsregister-erhaelt-zentrale-datenbank","status":null,"type":"post","link":"https:\/\/news.save.ch\/en\/handelsregister-erhaelt-zentrale-datenbank\/","title":{"rendered":"Commercial register receives central database"},"content":{"rendered":"<figure id=\"attachment_112\" aria-describedby=\"caption-attachment-112\" style=\"width: 648px\" class=\"wp-caption alignnone\"><img loading=\"lazy\" decoding=\"async\" class=\"size-full wp-image-112\" src=\"https:\/\/sicherheitsforum.ch\/wp-content\/uploads\/2016\/12\/552e2dc3ccf81_adressbuchbetrueger-seco-warnung-handelsregister_sicherheitsforum.jpg\" alt=\"Should work with a central database in the future - the Swiss Commercial Register Office.\" width=\"648\" height=\"388\" srcset=\"https:\/\/news.save.ch\/wp-content\/uploads\/2016\/12\/552e2dc3ccf81_adressbuchbetrueger-seco-warnung-handelsregister_sicherheitsforum.jpg 648w, https:\/\/news.save.ch\/wp-content\/uploads\/2016\/12\/552e2dc3ccf81_adressbuchbetrueger-seco-warnung-handelsregister_sicherheitsforum-375x225.jpg 375w\" sizes=\"auto, (max-width: 648px) 100vw, 648px\" \/><figcaption id=\"caption-attachment-112\" class=\"wp-caption-text\">Should work with a central database in the future - the Swiss Commercial Register Office.<\/figcaption><\/figure>\n<p>The Federal Council wants to modernize the commercial register so that it can continue to fulfill its important function in the service of security and efficiency of legal transactions. This has been the <a href=\"https:\/\/www.ejpd.admin.ch\" target=\"_blank\" data-cke-saved-href=\"https:\/\/www.ejpd.admin.ch\" rel=\"noopener\">Federal Department of Justice and Police<\/a> (FDJP) recently communicated.<\/p>\n<p>Since 1937, the provisions on the commercial register in the Code of Obligations have not been comprehensively revised. Five years ago, the Federal Commission of Experts on the Commercial Register drew up a \"vision\" and came to the conclusion that modernization was necessary.<\/p>\n<p><strong>AHV no. as identifier <\/strong><\/p>\n<p>The AHV insurance number will now also be systematically used to identify natural persons in the commercial register, as is already planned for other registers under private law. This permanent personal identifier improves the register management, in particular thanks to the quality and timeliness of the personal data, writes the FDJP.<\/p>\n<p>Until now, personal data has been recorded decentrally in the respective cantonal commercial register databases. For this reason, it is not possible today to determine on a nationwide basis which natural person is entered in the commercial register in which function or with which signing authority at various legal entities. The creation of a central database is intended to remedy this situation.<\/p>\n<p><strong>Facilitation for societies<\/strong><\/p>\n<p>The Federal Council's bill also provides for simplifications for companies. According to the FDJP, the \"Stampa declaration\" as a separate document is to be abolished. This declaration serves, in particular, when a corporation is entered in the commercial register as confirmation that there are no contributions in kind, acquisitions in kind, offsetting items or special benefits other than those specified in the documents. The assignment of shares in a limited liability company between shareholders will also be partially exempt from formal requirements, according to the statement.<\/p>\n<p>According to the FDJP, the comprehensive revision of the commercial register law strengthens legality, legal equality and clarity. Important contents of the current Commercial Register Ordinance of October 17, 2007 would be anchored in the Code of Obligations.<\/p>\n<p>The Federal Council has just adopted a dispatch on the amendment of the regulations on the commercial register.<\/p>","protected":false},"excerpt":{"rendered":"<p>Der Bundesrat will das Handelsregister modernisieren, damit es weiterhin seine wichtige Funktion im Dienst der Sicherheit und der Effizienz des Rechtsverkehrs erf\u00fcllen kann. Dies hat das Eidgen\u00f6ssische Justiz- und Polizeidepartement (EJPD) k\u00fcrzlich mitgeteilt. Seit dem Jahr 1937 sind die Vorschriften \u00fcber das Handelsregister im Obligationenrecht nicht mehr umfassend revidiert worden. Die Eidgen\u00f6ssische Expertenkommission f\u00fcr das [&hellip;]<\/p>\n","protected":false},"author":1,"featured_media":112,"comment_status":"open","ping_status":"open","sticky":false,"template":"","format":"standard","meta":{"_acf_changed":false,"pgc_sgb_lightbox_settings":"","footnotes":""},"categories":[1],"tags":[93,69,94],"class_list":["post-111","post","type-post","status-publish","format-standard","has-post-thumbnail","hentry","category-allgemein","tag-handelsregister","tag-justiz-polizei","tag-zentrale-datenbank"],"acf":[],"hkrextid":null,"publication":null,"issue":null,"workflow":null,"startPage":null,"spitzmarke":null,"_posts_by_tag_page_fields":{"widget_title":"","widget_tags":""},"_at_widget":"1","_yoast_wpseo_primary_category":"1","_yoast_wpseo_focuskw_text_input":"Handelsregister","_yoast_wpseo_opengraph-image":"https:\/\/news.save.ch\/wp-content\/uploads\/2016\/12\/552e2dc3ccf81_adressbuchbetrueger-seco-warnung-handelsregister_sicherheitsforum.jpg","_yoast_wpseo_opengraph-description":"Das schweizerische Handelsregister wird aufgefrischt.","_yoast_wpseo_opengraph-title":"Handelsregister","enclosure":null,"_yoast_wpseo_twitter-title":null,"_yoast_wpseo_twitter-description":null,"_yoast_wpseo_twitter-image":null,"_wp_old_slug":null,"_yoast_wpseo_title":null,"_yoast_wpseo_canonical":null,"yoast_head":"<!-- This site is optimized with the Yoast SEO plugin v27.4 - https:\/\/yoast.com\/product\/yoast-seo-wordpress\/ -->\n<title>Handelsregister erh\u00e4lt zentrale Datenbank - Save<\/title>\n<meta name=\"description\" content=\"Das schweizerische Handelsregister wird aufgefrischt.\" \/>\n<meta name=\"robots\" content=\"index, follow, max-snippet:-1, max-image-preview:large, max-video-preview:-1\" \/>\n<link rel=\"canonical\" href=\"https:\/\/news.save.ch\/en\/handelsregister-erhaelt-zentrale-datenbank\/\" \/>\n<meta property=\"og:locale\" content=\"en_US\" \/>\n<meta property=\"og:type\" content=\"article\" \/>\n<meta property=\"og:title\" content=\"Handelsregister\" \/>\n<meta property=\"og:description\" content=\"Das schweizerische Handelsregister wird aufgefrischt.\" \/>\n<meta property=\"og:url\" content=\"https:\/\/news.save.ch\/en\/handelsregister-erhaelt-zentrale-datenbank\/\" \/>\n<meta property=\"og:site_name\" content=\"Save\" \/>\n<meta property=\"article:published_time\" content=\"2015-04-15T12:46:53+00:00\" \/>\n<meta property=\"og:image\" content=\"https:\/\/news.save.ch\/wp-content\/uploads\/2016\/12\/552e2dc3ccf81_adressbuchbetrueger-seco-warnung-handelsregister_sicherheitsforum.jpg\" \/>\n<meta name=\"author\" content=\"admin\" \/>\n<meta name=\"twitter:card\" content=\"summary_large_image\" \/>\n<meta name=\"twitter:label1\" content=\"Written by\" \/>\n\t<meta name=\"twitter:data1\" content=\"admin\" \/>\n\t<meta name=\"twitter:label2\" content=\"Est. reading time\" \/>\n\t<meta name=\"twitter:data2\" content=\"2 minutes\" \/>\n<script type=\"application\/ld+json\" class=\"yoast-schema-graph\">{\"@context\":\"https:\\\/\\\/schema.org\",\"@graph\":[{\"@type\":\"Article\",\"@id\":\"https:\\\/\\\/news.save.ch\\\/handelsregister-erhaelt-zentrale-datenbank\\\/#article\",\"isPartOf\":{\"@id\":\"https:\\\/\\\/news.save.ch\\\/handelsregister-erhaelt-zentrale-datenbank\\\/\"},\"author\":{\"name\":\"admin\",\"@id\":\"https:\\\/\\\/news.save.ch\\\/de\\\/#\\\/schema\\\/person\\\/d49e199490bad7c70d64b9ab51142f2b\"},\"headline\":\"Handelsregister erh\u00e4lt zentrale Datenbank\",\"datePublished\":\"2015-04-15T12:46:53+00:00\",\"mainEntityOfPage\":{\"@id\":\"https:\\\/\\\/news.save.ch\\\/handelsregister-erhaelt-zentrale-datenbank\\\/\"},\"wordCount\":323,\"commentCount\":0,\"publisher\":{\"@id\":\"https:\\\/\\\/news.save.ch\\\/de\\\/#organization\"},\"image\":{\"@id\":\"https:\\\/\\\/news.save.ch\\\/handelsregister-erhaelt-zentrale-datenbank\\\/#primaryimage\"},\"thumbnailUrl\":\"https:\\\/\\\/news.save.ch\\\/wp-content\\\/uploads\\\/2016\\\/12\\\/552e2dc3ccf81_adressbuchbetrueger-seco-warnung-handelsregister_sicherheitsforum.jpg\",\"keywords\":[\"Handelsregister\",\"Justiz &amp; Polizei\",\"zentrale Datenbank\"],\"articleSection\":[\"ALLGEMEIN\"],\"inLanguage\":\"en-US\"},{\"@type\":\"WebPage\",\"@id\":\"https:\\\/\\\/news.save.ch\\\/handelsregister-erhaelt-zentrale-datenbank\\\/\",\"url\":\"https:\\\/\\\/news.save.ch\\\/handelsregister-erhaelt-zentrale-datenbank\\\/\",\"name\":\"Handelsregister erh\u00e4lt zentrale Datenbank - Save\",\"isPartOf\":{\"@id\":\"https:\\\/\\\/news.save.ch\\\/de\\\/#website\"},\"primaryImageOfPage\":{\"@id\":\"https:\\\/\\\/news.save.ch\\\/handelsregister-erhaelt-zentrale-datenbank\\\/#primaryimage\"},\"image\":{\"@id\":\"https:\\\/\\\/news.save.ch\\\/handelsregister-erhaelt-zentrale-datenbank\\\/#primaryimage\"},\"thumbnailUrl\":\"https:\\\/\\\/news.save.ch\\\/wp-content\\\/uploads\\\/2016\\\/12\\\/552e2dc3ccf81_adressbuchbetrueger-seco-warnung-handelsregister_sicherheitsforum.jpg\",\"datePublished\":\"2015-04-15T12:46:53+00:00\",\"description\":\"Das schweizerische Handelsregister wird aufgefrischt.\",\"breadcrumb\":{\"@id\":\"https:\\\/\\\/news.save.ch\\\/handelsregister-erhaelt-zentrale-datenbank\\\/#breadcrumb\"},\"inLanguage\":\"en-US\",\"potentialAction\":[{\"@type\":\"ReadAction\",\"target\":[\"https:\\\/\\\/news.save.ch\\\/handelsregister-erhaelt-zentrale-datenbank\\\/\"]}]},{\"@type\":\"ImageObject\",\"inLanguage\":\"en-US\",\"@id\":\"https:\\\/\\\/news.save.ch\\\/handelsregister-erhaelt-zentrale-datenbank\\\/#primaryimage\",\"url\":\"https:\\\/\\\/news.save.ch\\\/wp-content\\\/uploads\\\/2016\\\/12\\\/552e2dc3ccf81_adressbuchbetrueger-seco-warnung-handelsregister_sicherheitsforum.jpg\",\"contentUrl\":\"https:\\\/\\\/news.save.ch\\\/wp-content\\\/uploads\\\/2016\\\/12\\\/552e2dc3ccf81_adressbuchbetrueger-seco-warnung-handelsregister_sicherheitsforum.jpg\",\"width\":648,\"height\":388,\"caption\":\"Soll in Zukunft mit einer zentralen Datenbank arbeiten - das schweizerische Handelsregisteramt.\"},{\"@type\":\"BreadcrumbList\",\"@id\":\"https:\\\/\\\/news.save.ch\\\/handelsregister-erhaelt-zentrale-datenbank\\\/#breadcrumb\",\"itemListElement\":[{\"@type\":\"ListItem\",\"position\":1,\"name\":\"Home\",\"item\":\"https:\\\/\\\/news.save.ch\\\/de\\\/\"},{\"@type\":\"ListItem\",\"position\":2,\"name\":\"Handelsregister erh\u00e4lt zentrale Datenbank\"}]},{\"@type\":\"WebSite\",\"@id\":\"https:\\\/\\\/news.save.ch\\\/de\\\/#website\",\"url\":\"https:\\\/\\\/news.save.ch\\\/de\\\/\",\"name\":\"Save\",\"description\":\"Schweizer Fachzeitschrift f\u00fcr Sicherheit\",\"publisher\":{\"@id\":\"https:\\\/\\\/news.save.ch\\\/de\\\/#organization\"},\"potentialAction\":[{\"@type\":\"SearchAction\",\"target\":{\"@type\":\"EntryPoint\",\"urlTemplate\":\"https:\\\/\\\/news.save.ch\\\/de\\\/?s={search_term_string}\"},\"query-input\":{\"@type\":\"PropertyValueSpecification\",\"valueRequired\":true,\"valueName\":\"search_term_string\"}}],\"inLanguage\":\"en-US\"},{\"@type\":\"Organization\",\"@id\":\"https:\\\/\\\/news.save.ch\\\/de\\\/#organization\",\"name\":\"Sicherheitsforum\",\"url\":\"https:\\\/\\\/news.save.ch\\\/de\\\/\",\"logo\":{\"@type\":\"ImageObject\",\"inLanguage\":\"en-US\",\"@id\":\"https:\\\/\\\/news.save.ch\\\/de\\\/#\\\/schema\\\/logo\\\/image\\\/\",\"url\":\"https:\\\/\\\/news.save.ch\\\/wp-content\\\/uploads\\\/2022\\\/06\\\/Logo_SF_2012.png\",\"contentUrl\":\"https:\\\/\\\/news.save.ch\\\/wp-content\\\/uploads\\\/2022\\\/06\\\/Logo_SF_2012.png\",\"width\":1100,\"height\":91,\"caption\":\"Sicherheitsforum\"},\"image\":{\"@id\":\"https:\\\/\\\/news.save.ch\\\/de\\\/#\\\/schema\\\/logo\\\/image\\\/\"}},{\"@type\":\"Person\",\"@id\":\"https:\\\/\\\/news.save.ch\\\/de\\\/#\\\/schema\\\/person\\\/d49e199490bad7c70d64b9ab51142f2b\",\"name\":\"admin\",\"image\":{\"@type\":\"ImageObject\",\"inLanguage\":\"en-US\",\"@id\":\"https:\\\/\\\/secure.gravatar.com\\\/avatar\\\/ae2f4d718e6c49043e314ce431e7e645d646302a24a5ef5a8bc8e3f5a032e319?s=96&d=mm&r=g\",\"url\":\"https:\\\/\\\/secure.gravatar.com\\\/avatar\\\/ae2f4d718e6c49043e314ce431e7e645d646302a24a5ef5a8bc8e3f5a032e319?s=96&d=mm&r=g\",\"contentUrl\":\"https:\\\/\\\/secure.gravatar.com\\\/avatar\\\/ae2f4d718e6c49043e314ce431e7e645d646302a24a5ef5a8bc8e3f5a032e319?s=96&d=mm&r=g\",\"caption\":\"admin\"},\"sameAs\":[\"https:\\\/\\\/develop.organisator.galledia.ch\"],\"url\":\"https:\\\/\\\/news.save.ch\\\/en\\\/author\\\/admin\\\/\"}]}<\/script>\n<!-- \/ Yoast SEO plugin. -->","yoast_head_json":{"title":"Commercial register receives central database - Save","description":"The Swiss Commercial Register is refreshed.","robots":{"index":"index","follow":"follow","max-snippet":"max-snippet:-1","max-image-preview":"max-image-preview:large","max-video-preview":"max-video-preview:-1"},"canonical":"https:\/\/news.save.ch\/en\/handelsregister-erhaelt-zentrale-datenbank\/","og_locale":"en_US","og_type":"article","og_title":"Handelsregister","og_description":"Das schweizerische Handelsregister wird aufgefrischt.","og_url":"https:\/\/news.save.ch\/en\/handelsregister-erhaelt-zentrale-datenbank\/","og_site_name":"Save","article_published_time":"2015-04-15T12:46:53+00:00","og_image":[{"url":"https:\/\/news.save.ch\/wp-content\/uploads\/2016\/12\/552e2dc3ccf81_adressbuchbetrueger-seco-warnung-handelsregister_sicherheitsforum.jpg","type":"","width":"","height":""}],"author":"admin","twitter_card":"summary_large_image","twitter_misc":{"Written by":"admin","Est. reading time":"2 minutes"},"schema":{"@context":"https:\/\/schema.org","@graph":[{"@type":"Article","@id":"https:\/\/news.save.ch\/handelsregister-erhaelt-zentrale-datenbank\/#article","isPartOf":{"@id":"https:\/\/news.save.ch\/handelsregister-erhaelt-zentrale-datenbank\/"},"author":{"name":"admin","@id":"https:\/\/news.save.ch\/de\/#\/schema\/person\/d49e199490bad7c70d64b9ab51142f2b"},"headline":"Handelsregister erh\u00e4lt zentrale Datenbank","datePublished":"2015-04-15T12:46:53+00:00","mainEntityOfPage":{"@id":"https:\/\/news.save.ch\/handelsregister-erhaelt-zentrale-datenbank\/"},"wordCount":323,"commentCount":0,"publisher":{"@id":"https:\/\/news.save.ch\/de\/#organization"},"image":{"@id":"https:\/\/news.save.ch\/handelsregister-erhaelt-zentrale-datenbank\/#primaryimage"},"thumbnailUrl":"https:\/\/news.save.ch\/wp-content\/uploads\/2016\/12\/552e2dc3ccf81_adressbuchbetrueger-seco-warnung-handelsregister_sicherheitsforum.jpg","keywords":["Handelsregister","Justiz &amp; Polizei","zentrale Datenbank"],"articleSection":["ALLGEMEIN"],"inLanguage":"en-US"},{"@type":"WebPage","@id":"https:\/\/news.save.ch\/handelsregister-erhaelt-zentrale-datenbank\/","url":"https:\/\/news.save.ch\/handelsregister-erhaelt-zentrale-datenbank\/","name":"Commercial register receives central database - Save","isPartOf":{"@id":"https:\/\/news.save.ch\/de\/#website"},"primaryImageOfPage":{"@id":"https:\/\/news.save.ch\/handelsregister-erhaelt-zentrale-datenbank\/#primaryimage"},"image":{"@id":"https:\/\/news.save.ch\/handelsregister-erhaelt-zentrale-datenbank\/#primaryimage"},"thumbnailUrl":"https:\/\/news.save.ch\/wp-content\/uploads\/2016\/12\/552e2dc3ccf81_adressbuchbetrueger-seco-warnung-handelsregister_sicherheitsforum.jpg","datePublished":"2015-04-15T12:46:53+00:00","description":"The Swiss Commercial Register is refreshed.","breadcrumb":{"@id":"https:\/\/news.save.ch\/handelsregister-erhaelt-zentrale-datenbank\/#breadcrumb"},"inLanguage":"en-US","potentialAction":[{"@type":"ReadAction","target":["https:\/\/news.save.ch\/handelsregister-erhaelt-zentrale-datenbank\/"]}]},{"@type":"ImageObject","inLanguage":"en-US","@id":"https:\/\/news.save.ch\/handelsregister-erhaelt-zentrale-datenbank\/#primaryimage","url":"https:\/\/news.save.ch\/wp-content\/uploads\/2016\/12\/552e2dc3ccf81_adressbuchbetrueger-seco-warnung-handelsregister_sicherheitsforum.jpg","contentUrl":"https:\/\/news.save.ch\/wp-content\/uploads\/2016\/12\/552e2dc3ccf81_adressbuchbetrueger-seco-warnung-handelsregister_sicherheitsforum.jpg","width":648,"height":388,"caption":"Soll in Zukunft mit einer zentralen Datenbank arbeiten - das schweizerische Handelsregisteramt."},{"@type":"BreadcrumbList","@id":"https:\/\/news.save.ch\/handelsregister-erhaelt-zentrale-datenbank\/#breadcrumb","itemListElement":[{"@type":"ListItem","position":1,"name":"Home","item":"https:\/\/news.save.ch\/de\/"},{"@type":"ListItem","position":2,"name":"Handelsregister erh\u00e4lt zentrale Datenbank"}]},{"@type":"WebSite","@id":"https:\/\/news.save.ch\/de\/#website","url":"https:\/\/news.save.ch\/de\/","name":"Save","description":"Swiss trade journal for safety","publisher":{"@id":"https:\/\/news.save.ch\/de\/#organization"},"potentialAction":[{"@type":"SearchAction","target":{"@type":"EntryPoint","urlTemplate":"https:\/\/news.save.ch\/de\/?s={search_term_string}"},"query-input":{"@type":"PropertyValueSpecification","valueRequired":true,"valueName":"search_term_string"}}],"inLanguage":"en-US"},{"@type":"Organization","@id":"https:\/\/news.save.ch\/de\/#organization","name":"Security Forum","url":"https:\/\/news.save.ch\/de\/","logo":{"@type":"ImageObject","inLanguage":"en-US","@id":"https:\/\/news.save.ch\/de\/#\/schema\/logo\/image\/","url":"https:\/\/news.save.ch\/wp-content\/uploads\/2022\/06\/Logo_SF_2012.png","contentUrl":"https:\/\/news.save.ch\/wp-content\/uploads\/2022\/06\/Logo_SF_2012.png","width":1100,"height":91,"caption":"Sicherheitsforum"},"image":{"@id":"https:\/\/news.save.ch\/de\/#\/schema\/logo\/image\/"}},{"@type":"Person","@id":"https:\/\/news.save.ch\/de\/#\/schema\/person\/d49e199490bad7c70d64b9ab51142f2b","name":"admin","image":{"@type":"ImageObject","inLanguage":"en-US","@id":"https:\/\/secure.gravatar.com\/avatar\/ae2f4d718e6c49043e314ce431e7e645d646302a24a5ef5a8bc8e3f5a032e319?s=96&d=mm&r=g","url":"https:\/\/secure.gravatar.com\/avatar\/ae2f4d718e6c49043e314ce431e7e645d646302a24a5ef5a8bc8e3f5a032e319?s=96&d=mm&r=g","contentUrl":"https:\/\/secure.gravatar.com\/avatar\/ae2f4d718e6c49043e314ce431e7e645d646302a24a5ef5a8bc8e3f5a032e319?s=96&d=mm&r=g","caption":"admin"},"sameAs":["https:\/\/develop.organisator.galledia.ch"],"url":"https:\/\/news.save.ch\/en\/author\/admin\/"}]}},"_links":{"self":[{"href":"https:\/\/news.save.ch\/en\/wp-json\/wp\/v2\/posts\/111","targetHints":{"allow":["GET"]}}],"collection":[{"href":"https:\/\/news.save.ch\/en\/wp-json\/wp\/v2\/posts"}],"about":[{"href":"https:\/\/news.save.ch\/en\/wp-json\/wp\/v2\/types\/post"}],"author":[{"embeddable":true,"href":"https:\/\/news.save.ch\/en\/wp-json\/wp\/v2\/users\/1"}],"replies":[{"embeddable":true,"href":"https:\/\/news.save.ch\/en\/wp-json\/wp\/v2\/comments?post=111"}],"version-history":[{"count":0,"href":"https:\/\/news.save.ch\/en\/wp-json\/wp\/v2\/posts\/111\/revisions"}],"wp:featuredmedia":[{"embeddable":true,"href":"https:\/\/news.save.ch\/en\/wp-json\/wp\/v2\/media\/112"}],"wp:attachment":[{"href":"https:\/\/news.save.ch\/en\/wp-json\/wp\/v2\/media?parent=111"}],"wp:term":[{"taxonomy":"category","embeddable":true,"href":"https:\/\/news.save.ch\/en\/wp-json\/wp\/v2\/categories?post=111"},{"taxonomy":"post_tag","embeddable":true,"href":"https:\/\/news.save.ch\/en\/wp-json\/wp\/v2\/tags?post=111"}],"curies":[{"name":"wp","href":"https:\/\/api.w.org\/{rel}","templated":true}]}}