{"id":11427,"date":"2021-02-03T05:18:02","date_gmt":"2021-02-03T04:18:02","guid":{"rendered":"https:\/\/news.save.ch\/?p=11427"},"modified":"2023-08-05T06:16:13","modified_gmt":"2023-08-05T04:16:13","slug":"heute-werden-5000-sirenen-getestet","status":null,"type":"post","link":"https:\/\/news.save.ch\/en\/heute-werden-5000-sirenen-getestet\/","title":{"rendered":"Today 5000 sirens are tested"},"content":{"rendered":"<figure id=\"attachment_6069\" aria-describedby=\"caption-attachment-6069\" style=\"width: 1400px\" class=\"wp-caption alignnone\"><img loading=\"lazy\" decoding=\"async\" class=\"wp-image-6069 size-full\" src=\"https:\/\/news.save.ch\/wp-content\/uploads\/2018\/02\/Fotolia_171836430_M-scaled.jpg\" alt=\"Alertswiss\" width=\"1400\" height=\"931\" srcset=\"https:\/\/news.save.ch\/wp-content\/uploads\/2018\/02\/Fotolia_171836430_M-scaled.jpg 1400w, https:\/\/news.save.ch\/wp-content\/uploads\/2018\/02\/Fotolia_171836430_M-375x249.jpg 375w\" sizes=\"auto, (max-width: 1400px) 100vw, 1400px\" \/><figcaption id=\"caption-attachment-6069\" class=\"wp-caption-text\">Tony Baggett, Fotolia<\/figcaption><\/figure>\n<p>Today, Wednesday, 5000 alarm systems will be tested throughout Switzerland. As in the last two years, the \"<a href=\"https:\/\/www.alert.swiss\/\" target=\"_blank\" rel=\"noopener\">Alertswiss<\/a>\" channels have been tested. According to the FOCP, the number of mobile siren users has recently risen to 680,000. There are around 5000 sirens for the general alarm throughout Switzerland. According to the Federal Office for Civil Protection (FOCP), 2200 additional mobile sirens reach the entire population in Switzerland.<\/p>\n<p>Triggered, according to the communication about the sirens at 13:30 is the sign \"General alarm\", a regular ascending and descending wail of one minute duration. If necessary, the siren test can continue until 14:00. In parallel, each canton disseminates an information message via \"Alertswiss\". In the near zones below dams, the water alarm is tested from 14:15 until 15:00 at the latest. The signal consists of twelve low continuous tones of 20 seconds each at intervals of ten seconds.<\/p>\n<p>The use of mobile sirens on pre-planned routes will not be tested this year. This is intended to relieve the burden on civil protection personnel, who are heavily involved in pandemic response.<\/p>\n<h2>More Alertswiss users<\/h2>\n<p>The number of users of Alertswiss has also increased steadily in recent times, writes the FOCP. While the Alertswiss app had 490,000 active users in February 2020, the number rose by 40 percent to 680,000 during the pandemic.<\/p>\n<p>During the Covid-19 pandemic, Alertswiss proves to be of good service with differentiated information, such as the publication of rules of conduct or of valid pandemic measures in the cantons. Parallel to the first triggering of the general siren alarm, an information message is triggered on cell phones on February 3, 2021.<\/p>\n<p><em>Source: Federal Office for Civil Protection FOCP<\/em><\/p>","protected":false},"excerpt":{"rendered":"<p>Heute Mittwoch werden in der gesamten Schweiz 5000 Alarmanlagen getestet. Wie in den beiden letzten Jahren werden auch die \u00abAlertswiss\u00bb-Kan\u00e4le getestet. Die Zahl der mobilen Sirenen-Nutzerinnen und \u2013Nutzer ist laut dem BABS zuletzt auf 680&#8217;000 gestiegen. Rund 5000 Sirenen f\u00fcr den Allgemeinen Alarm gibt es in der ganzen Schweiz. Mit 2200 weiteren mobilen Sirenen wird [&hellip;]<\/p>\n","protected":false},"author":9,"featured_media":6417,"comment_status":"closed","ping_status":"closed","sticky":false,"template":"","format":"standard","meta":{"_acf_changed":false,"pgc_sgb_lightbox_settings":"","footnotes":""},"categories":[1],"tags":[663,666,73,168,5800,5799,665],"class_list":["post-11427","post","type-post","status-publish","format-standard","has-post-thumbnail","hentry","category-allgemein","tag-alertswiss","tag-allgemeiner-alarm","tag-babs","tag-bundesrat","tag-mobile-sirenen","tag-sirenentests","tag-wasseralarm"],"acf":[],"hkrextid":null,"publication":null,"issue":null,"workflow":null,"startPage":null,"spitzmarke":null,"_posts_by_tag_page_fields":{"widget_title":"","widget_tags":""},"_at_widget":"1","_yoast_wpseo_primary_category":"","_yoast_wpseo_focuskw_text_input":null,"_yoast_wpseo_opengraph-image":null,"_yoast_wpseo_opengraph-description":null,"_yoast_wpseo_opengraph-title":null,"enclosure":null,"_yoast_wpseo_twitter-title":null,"_yoast_wpseo_twitter-description":null,"_yoast_wpseo_twitter-image":null,"_wp_old_slug":null,"_yoast_wpseo_title":null,"_yoast_wpseo_canonical":null,"yoast_head":"<!-- This site is optimized with the Yoast SEO plugin v27.4 - https:\/\/yoast.com\/product\/yoast-seo-wordpress\/ -->\n<title>Heute werden 5000 Sirenen getestet - Save<\/title>\n<meta name=\"description\" content=\"Um zuverl\u00e4ssige Alarmierung der Bev\u00f6lkerung sicherzustellen, werden Sirenen j\u00e4hrlich \u00fcberpr\u00fcft. Am Mittwoch, dem 3. Februar, finden daher einmal mehr ganzt\u00e4gig in der Schweiz Sirenentests statt. Es werden dabei auch die Alertswiss-Kan\u00e4le getestet.\" \/>\n<meta name=\"robots\" content=\"index, follow, max-snippet:-1, max-image-preview:large, max-video-preview:-1\" \/>\n<link rel=\"canonical\" href=\"https:\/\/news.save.ch\/en\/heute-werden-5000-sirenen-getestet\/\" \/>\n<meta property=\"og:locale\" content=\"en_US\" \/>\n<meta property=\"og:type\" content=\"article\" \/>\n<meta property=\"og:title\" content=\"Heute werden 5000 Sirenen getestet - Save\" \/>\n<meta property=\"og:description\" content=\"Um zuverl\u00e4ssige Alarmierung der Bev\u00f6lkerung sicherzustellen, werden Sirenen j\u00e4hrlich \u00fcberpr\u00fcft. Am Mittwoch, dem 3. Februar, finden daher einmal mehr ganzt\u00e4gig in der Schweiz Sirenentests statt. Es werden dabei auch die Alertswiss-Kan\u00e4le getestet.\" \/>\n<meta property=\"og:url\" content=\"https:\/\/news.save.ch\/en\/heute-werden-5000-sirenen-getestet\/\" \/>\n<meta property=\"og:site_name\" content=\"Save\" \/>\n<meta property=\"article:published_time\" content=\"2021-02-03T04:18:02+00:00\" \/>\n<meta property=\"article:modified_time\" content=\"2023-08-05T04:16:13+00:00\" \/>\n<meta property=\"og:image\" content=\"https:\/\/news.save.ch\/wp-content\/uploads\/2018\/05\/Fotolia_73966668_M-scaled.jpg\" \/>\n\t<meta property=\"og:image:width\" content=\"1400\" \/>\n\t<meta property=\"og:image:height\" content=\"933\" \/>\n\t<meta property=\"og:image:type\" content=\"image\/jpeg\" \/>\n<meta name=\"author\" content=\"Simon Gr\u00f6flin\" \/>\n<meta name=\"twitter:card\" content=\"summary_large_image\" \/>\n<meta name=\"twitter:label1\" content=\"Written by\" \/>\n\t<meta name=\"twitter:data1\" content=\"Simon Gr\u00f6flin\" \/>\n\t<meta name=\"twitter:label2\" content=\"Est. reading time\" \/>\n\t<meta name=\"twitter:data2\" content=\"2 minutes\" \/>\n<script type=\"application\/ld+json\" class=\"yoast-schema-graph\">{\"@context\":\"https:\\\/\\\/schema.org\",\"@graph\":[{\"@type\":\"Article\",\"@id\":\"https:\\\/\\\/news.save.ch\\\/heute-werden-5000-sirenen-getestet\\\/#article\",\"isPartOf\":{\"@id\":\"https:\\\/\\\/news.save.ch\\\/heute-werden-5000-sirenen-getestet\\\/\"},\"author\":{\"name\":\"Simon Gr\u00f6flin\",\"@id\":\"https:\\\/\\\/news.save.ch\\\/de\\\/#\\\/schema\\\/person\\\/ad4ef21102fd6125312409ac57d5296d\"},\"headline\":\"Heute werden 5000 Sirenen getestet\",\"datePublished\":\"2021-02-03T04:18:02+00:00\",\"dateModified\":\"2023-08-05T04:16:13+00:00\",\"mainEntityOfPage\":{\"@id\":\"https:\\\/\\\/news.save.ch\\\/heute-werden-5000-sirenen-getestet\\\/\"},\"wordCount\":289,\"publisher\":{\"@id\":\"https:\\\/\\\/news.save.ch\\\/de\\\/#organization\"},\"image\":{\"@id\":\"https:\\\/\\\/news.save.ch\\\/heute-werden-5000-sirenen-getestet\\\/#primaryimage\"},\"thumbnailUrl\":\"https:\\\/\\\/news.save.ch\\\/wp-content\\\/uploads\\\/2018\\\/05\\\/Fotolia_73966668_M-scaled.jpg\",\"keywords\":[\"Alertswiss\",\"allgemeiner Alarm\",\"BABS\",\"Bundesrat\",\"mobile Sirenen\",\"Sirenentests\",\"Wasseralarm\"],\"articleSection\":[\"ALLGEMEIN\"],\"inLanguage\":\"en-US\"},{\"@type\":\"WebPage\",\"@id\":\"https:\\\/\\\/news.save.ch\\\/heute-werden-5000-sirenen-getestet\\\/\",\"url\":\"https:\\\/\\\/news.save.ch\\\/heute-werden-5000-sirenen-getestet\\\/\",\"name\":\"Heute werden 5000 Sirenen getestet - Save\",\"isPartOf\":{\"@id\":\"https:\\\/\\\/news.save.ch\\\/de\\\/#website\"},\"primaryImageOfPage\":{\"@id\":\"https:\\\/\\\/news.save.ch\\\/heute-werden-5000-sirenen-getestet\\\/#primaryimage\"},\"image\":{\"@id\":\"https:\\\/\\\/news.save.ch\\\/heute-werden-5000-sirenen-getestet\\\/#primaryimage\"},\"thumbnailUrl\":\"https:\\\/\\\/news.save.ch\\\/wp-content\\\/uploads\\\/2018\\\/05\\\/Fotolia_73966668_M-scaled.jpg\",\"datePublished\":\"2021-02-03T04:18:02+00:00\",\"dateModified\":\"2023-08-05T04:16:13+00:00\",\"description\":\"Um zuverl\u00e4ssige Alarmierung der Bev\u00f6lkerung sicherzustellen, werden Sirenen j\u00e4hrlich \u00fcberpr\u00fcft. Am Mittwoch, dem 3. Februar, finden daher einmal mehr ganzt\u00e4gig in der Schweiz Sirenentests statt. Es werden dabei auch die Alertswiss-Kan\u00e4le getestet.\",\"breadcrumb\":{\"@id\":\"https:\\\/\\\/news.save.ch\\\/heute-werden-5000-sirenen-getestet\\\/#breadcrumb\"},\"inLanguage\":\"en-US\",\"potentialAction\":[{\"@type\":\"ReadAction\",\"target\":[\"https:\\\/\\\/news.save.ch\\\/heute-werden-5000-sirenen-getestet\\\/\"]}]},{\"@type\":\"ImageObject\",\"inLanguage\":\"en-US\",\"@id\":\"https:\\\/\\\/news.save.ch\\\/heute-werden-5000-sirenen-getestet\\\/#primaryimage\",\"url\":\"https:\\\/\\\/news.save.ch\\\/wp-content\\\/uploads\\\/2018\\\/05\\\/Fotolia_73966668_M-scaled.jpg\",\"contentUrl\":\"https:\\\/\\\/news.save.ch\\\/wp-content\\\/uploads\\\/2018\\\/05\\\/Fotolia_73966668_M-scaled.jpg\",\"width\":1400,\"height\":933,\"caption\":\"Fotolia, WoGi\"},{\"@type\":\"BreadcrumbList\",\"@id\":\"https:\\\/\\\/news.save.ch\\\/heute-werden-5000-sirenen-getestet\\\/#breadcrumb\",\"itemListElement\":[{\"@type\":\"ListItem\",\"position\":1,\"name\":\"Home\",\"item\":\"https:\\\/\\\/news.save.ch\\\/de\\\/\"},{\"@type\":\"ListItem\",\"position\":2,\"name\":\"Heute werden 5000 Sirenen getestet\"}]},{\"@type\":\"WebSite\",\"@id\":\"https:\\\/\\\/news.save.ch\\\/de\\\/#website\",\"url\":\"https:\\\/\\\/news.save.ch\\\/de\\\/\",\"name\":\"Save\",\"description\":\"Schweizer Fachzeitschrift f\u00fcr Sicherheit\",\"publisher\":{\"@id\":\"https:\\\/\\\/news.save.ch\\\/de\\\/#organization\"},\"potentialAction\":[{\"@type\":\"SearchAction\",\"target\":{\"@type\":\"EntryPoint\",\"urlTemplate\":\"https:\\\/\\\/news.save.ch\\\/de\\\/?s={search_term_string}\"},\"query-input\":{\"@type\":\"PropertyValueSpecification\",\"valueRequired\":true,\"valueName\":\"search_term_string\"}}],\"inLanguage\":\"en-US\"},{\"@type\":\"Organization\",\"@id\":\"https:\\\/\\\/news.save.ch\\\/de\\\/#organization\",\"name\":\"Sicherheitsforum\",\"url\":\"https:\\\/\\\/news.save.ch\\\/de\\\/\",\"logo\":{\"@type\":\"ImageObject\",\"inLanguage\":\"en-US\",\"@id\":\"https:\\\/\\\/news.save.ch\\\/de\\\/#\\\/schema\\\/logo\\\/image\\\/\",\"url\":\"https:\\\/\\\/news.save.ch\\\/wp-content\\\/uploads\\\/2022\\\/06\\\/Logo_SF_2012.png\",\"contentUrl\":\"https:\\\/\\\/news.save.ch\\\/wp-content\\\/uploads\\\/2022\\\/06\\\/Logo_SF_2012.png\",\"width\":1100,\"height\":91,\"caption\":\"Sicherheitsforum\"},\"image\":{\"@id\":\"https:\\\/\\\/news.save.ch\\\/de\\\/#\\\/schema\\\/logo\\\/image\\\/\"}},{\"@type\":\"Person\",\"@id\":\"https:\\\/\\\/news.save.ch\\\/de\\\/#\\\/schema\\\/person\\\/ad4ef21102fd6125312409ac57d5296d\",\"name\":\"Simon Gr\u00f6flin\",\"image\":{\"@type\":\"ImageObject\",\"inLanguage\":\"en-US\",\"@id\":\"https:\\\/\\\/secure.gravatar.com\\\/avatar\\\/6ddceb80eb734354635539e0ea5140bb7c41e42de7c45c9a2ab9921b5d5c9a83?s=96&d=mm&r=g\",\"url\":\"https:\\\/\\\/secure.gravatar.com\\\/avatar\\\/6ddceb80eb734354635539e0ea5140bb7c41e42de7c45c9a2ab9921b5d5c9a83?s=96&d=mm&r=g\",\"contentUrl\":\"https:\\\/\\\/secure.gravatar.com\\\/avatar\\\/6ddceb80eb734354635539e0ea5140bb7c41e42de7c45c9a2ab9921b5d5c9a83?s=96&d=mm&r=g\",\"caption\":\"Simon Gr\u00f6flin\"},\"url\":\"https:\\\/\\\/news.save.ch\\\/en\\\/author\\\/simon-groeflin\\\/\"}]}<\/script>\n<!-- \/ Yoast SEO plugin. -->","yoast_head_json":{"title":"Today 5000 sirens are tested - Save","description":"To ensure reliable alerting of the population, sirens are tested annually. On Wednesday, February 3, siren tests will once again take place throughout Switzerland. The Alertswiss channels will also be tested.","robots":{"index":"index","follow":"follow","max-snippet":"max-snippet:-1","max-image-preview":"max-image-preview:large","max-video-preview":"max-video-preview:-1"},"canonical":"https:\/\/news.save.ch\/en\/heute-werden-5000-sirenen-getestet\/","og_locale":"en_US","og_type":"article","og_title":"Heute werden 5000 Sirenen getestet - Save","og_description":"Um zuverl\u00e4ssige Alarmierung der Bev\u00f6lkerung sicherzustellen, werden Sirenen j\u00e4hrlich \u00fcberpr\u00fcft. Am Mittwoch, dem 3. Februar, finden daher einmal mehr ganzt\u00e4gig in der Schweiz Sirenentests statt. Es werden dabei auch die Alertswiss-Kan\u00e4le getestet.","og_url":"https:\/\/news.save.ch\/en\/heute-werden-5000-sirenen-getestet\/","og_site_name":"Save","article_published_time":"2021-02-03T04:18:02+00:00","article_modified_time":"2023-08-05T04:16:13+00:00","og_image":[{"width":1400,"height":933,"url":"https:\/\/news.save.ch\/wp-content\/uploads\/2018\/05\/Fotolia_73966668_M-scaled.jpg","type":"image\/jpeg"}],"author":"Simon Gr\u00f6flin","twitter_card":"summary_large_image","twitter_misc":{"Written by":"Simon Gr\u00f6flin","Est. reading time":"2 minutes"},"schema":{"@context":"https:\/\/schema.org","@graph":[{"@type":"Article","@id":"https:\/\/news.save.ch\/heute-werden-5000-sirenen-getestet\/#article","isPartOf":{"@id":"https:\/\/news.save.ch\/heute-werden-5000-sirenen-getestet\/"},"author":{"name":"Simon Gr\u00f6flin","@id":"https:\/\/news.save.ch\/de\/#\/schema\/person\/ad4ef21102fd6125312409ac57d5296d"},"headline":"Heute werden 5000 Sirenen getestet","datePublished":"2021-02-03T04:18:02+00:00","dateModified":"2023-08-05T04:16:13+00:00","mainEntityOfPage":{"@id":"https:\/\/news.save.ch\/heute-werden-5000-sirenen-getestet\/"},"wordCount":289,"publisher":{"@id":"https:\/\/news.save.ch\/de\/#organization"},"image":{"@id":"https:\/\/news.save.ch\/heute-werden-5000-sirenen-getestet\/#primaryimage"},"thumbnailUrl":"https:\/\/news.save.ch\/wp-content\/uploads\/2018\/05\/Fotolia_73966668_M-scaled.jpg","keywords":["Alertswiss","allgemeiner Alarm","BABS","Bundesrat","mobile Sirenen","Sirenentests","Wasseralarm"],"articleSection":["ALLGEMEIN"],"inLanguage":"en-US"},{"@type":"WebPage","@id":"https:\/\/news.save.ch\/heute-werden-5000-sirenen-getestet\/","url":"https:\/\/news.save.ch\/heute-werden-5000-sirenen-getestet\/","name":"Today 5000 sirens are tested - Save","isPartOf":{"@id":"https:\/\/news.save.ch\/de\/#website"},"primaryImageOfPage":{"@id":"https:\/\/news.save.ch\/heute-werden-5000-sirenen-getestet\/#primaryimage"},"image":{"@id":"https:\/\/news.save.ch\/heute-werden-5000-sirenen-getestet\/#primaryimage"},"thumbnailUrl":"https:\/\/news.save.ch\/wp-content\/uploads\/2018\/05\/Fotolia_73966668_M-scaled.jpg","datePublished":"2021-02-03T04:18:02+00:00","dateModified":"2023-08-05T04:16:13+00:00","description":"To ensure reliable alerting of the population, sirens are tested annually. On Wednesday, February 3, siren tests will once again take place throughout Switzerland. The Alertswiss channels will also be tested.","breadcrumb":{"@id":"https:\/\/news.save.ch\/heute-werden-5000-sirenen-getestet\/#breadcrumb"},"inLanguage":"en-US","potentialAction":[{"@type":"ReadAction","target":["https:\/\/news.save.ch\/heute-werden-5000-sirenen-getestet\/"]}]},{"@type":"ImageObject","inLanguage":"en-US","@id":"https:\/\/news.save.ch\/heute-werden-5000-sirenen-getestet\/#primaryimage","url":"https:\/\/news.save.ch\/wp-content\/uploads\/2018\/05\/Fotolia_73966668_M-scaled.jpg","contentUrl":"https:\/\/news.save.ch\/wp-content\/uploads\/2018\/05\/Fotolia_73966668_M-scaled.jpg","width":1400,"height":933,"caption":"Fotolia, WoGi"},{"@type":"BreadcrumbList","@id":"https:\/\/news.save.ch\/heute-werden-5000-sirenen-getestet\/#breadcrumb","itemListElement":[{"@type":"ListItem","position":1,"name":"Home","item":"https:\/\/news.save.ch\/de\/"},{"@type":"ListItem","position":2,"name":"Heute werden 5000 Sirenen getestet"}]},{"@type":"WebSite","@id":"https:\/\/news.save.ch\/de\/#website","url":"https:\/\/news.save.ch\/de\/","name":"Save","description":"Swiss trade journal for safety","publisher":{"@id":"https:\/\/news.save.ch\/de\/#organization"},"potentialAction":[{"@type":"SearchAction","target":{"@type":"EntryPoint","urlTemplate":"https:\/\/news.save.ch\/de\/?s={search_term_string}"},"query-input":{"@type":"PropertyValueSpecification","valueRequired":true,"valueName":"search_term_string"}}],"inLanguage":"en-US"},{"@type":"Organization","@id":"https:\/\/news.save.ch\/de\/#organization","name":"Security Forum","url":"https:\/\/news.save.ch\/de\/","logo":{"@type":"ImageObject","inLanguage":"en-US","@id":"https:\/\/news.save.ch\/de\/#\/schema\/logo\/image\/","url":"https:\/\/news.save.ch\/wp-content\/uploads\/2022\/06\/Logo_SF_2012.png","contentUrl":"https:\/\/news.save.ch\/wp-content\/uploads\/2022\/06\/Logo_SF_2012.png","width":1100,"height":91,"caption":"Sicherheitsforum"},"image":{"@id":"https:\/\/news.save.ch\/de\/#\/schema\/logo\/image\/"}},{"@type":"Person","@id":"https:\/\/news.save.ch\/de\/#\/schema\/person\/ad4ef21102fd6125312409ac57d5296d","name":"Simon Gr\u00f6flin","image":{"@type":"ImageObject","inLanguage":"en-US","@id":"https:\/\/secure.gravatar.com\/avatar\/6ddceb80eb734354635539e0ea5140bb7c41e42de7c45c9a2ab9921b5d5c9a83?s=96&d=mm&r=g","url":"https:\/\/secure.gravatar.com\/avatar\/6ddceb80eb734354635539e0ea5140bb7c41e42de7c45c9a2ab9921b5d5c9a83?s=96&d=mm&r=g","contentUrl":"https:\/\/secure.gravatar.com\/avatar\/6ddceb80eb734354635539e0ea5140bb7c41e42de7c45c9a2ab9921b5d5c9a83?s=96&d=mm&r=g","caption":"Simon Gr\u00f6flin"},"url":"https:\/\/news.save.ch\/en\/author\/simon-groeflin\/"}]}},"_links":{"self":[{"href":"https:\/\/news.save.ch\/en\/wp-json\/wp\/v2\/posts\/11427","targetHints":{"allow":["GET"]}}],"collection":[{"href":"https:\/\/news.save.ch\/en\/wp-json\/wp\/v2\/posts"}],"about":[{"href":"https:\/\/news.save.ch\/en\/wp-json\/wp\/v2\/types\/post"}],"author":[{"embeddable":true,"href":"https:\/\/news.save.ch\/en\/wp-json\/wp\/v2\/users\/9"}],"replies":[{"embeddable":true,"href":"https:\/\/news.save.ch\/en\/wp-json\/wp\/v2\/comments?post=11427"}],"version-history":[{"count":3,"href":"https:\/\/news.save.ch\/en\/wp-json\/wp\/v2\/posts\/11427\/revisions"}],"predecessor-version":[{"id":21539,"href":"https:\/\/news.save.ch\/en\/wp-json\/wp\/v2\/posts\/11427\/revisions\/21539"}],"wp:featuredmedia":[{"embeddable":true,"href":"https:\/\/news.save.ch\/en\/wp-json\/wp\/v2\/media\/6417"}],"wp:attachment":[{"href":"https:\/\/news.save.ch\/en\/wp-json\/wp\/v2\/media?parent=11427"}],"wp:term":[{"taxonomy":"category","embeddable":true,"href":"https:\/\/news.save.ch\/en\/wp-json\/wp\/v2\/categories?post=11427"},{"taxonomy":"post_tag","embeddable":true,"href":"https:\/\/news.save.ch\/en\/wp-json\/wp\/v2\/tags?post=11427"}],"curies":[{"name":"wp","href":"https:\/\/api.w.org\/{rel}","templated":true}]}}