{"id":11475,"date":"2021-02-05T09:13:51","date_gmt":"2021-02-05T08:13:51","guid":{"rendered":"https:\/\/news.save.ch\/?p=11475"},"modified":"2023-08-09T02:43:15","modified_gmt":"2023-08-09T00:43:15","slug":"dach-sicherheitstreffen-in-oesterreich-2","status":null,"type":"post","link":"https:\/\/news.save.ch\/en\/dach-sicherheitstreffen-in-oesterreich-2\/","title":{"rendered":"DACH Security Meeting in Austria"},"content":{"rendered":"<figure id=\"attachment_1709\" aria-describedby=\"caption-attachment-1709\" style=\"width: 1400px\" class=\"wp-caption alignnone\"><img loading=\"lazy\" decoding=\"async\" class=\"wp-image-1709 size-full\" src=\"https:\/\/news.save.ch\/wp-content\/uploads\/2016\/12\/DACH-Sicherheitstreffen-in-Oesterreich-sicherheitsforum-scaled.jpg\" alt=\"safety\" width=\"1400\" height=\"910\" srcset=\"https:\/\/news.save.ch\/wp-content\/uploads\/2016\/12\/DACH-Sicherheitstreffen-in-Oesterreich-sicherheitsforum-scaled.jpg 1400w, https:\/\/news.save.ch\/wp-content\/uploads\/2016\/12\/DACH-Sicherheitstreffen-in-Oesterreich-sicherheitsforum-375x244.jpg 375w\" sizes=\"auto, (max-width: 1400px) 100vw, 1400px\" \/><figcaption id=\"caption-attachment-1709\" class=\"wp-caption-text\">One of the diverse topics at the event: security and crisis management.<\/figcaption><\/figure>\n<p>The DACH Security Forum, which is the\u00a0<a title=\"to the registration\" href=\"https:\/\/www.simedia.de\/\" target=\"_blank\" rel=\"noopener\" data-cke-saved-href=\"https:\/\/www.simedia.de\">Simedia\u00a0<\/a>on April 27 and 28, is intended as an exclusive platform for exchanging and comparing information on the latest developments and individual solutions in individual companies across countries. The broad spectrum of topics invites interesting discussions and a diverse exchange of knowledge. This year's topics include:<\/p>\n<ul>\n<li>Fake News as a Challenge for Corporate Security<\/li>\n<li>Radicalization in the Digital Age: Risks, Trajectories, and Strategies for Prevention<\/li>\n<li>Practical example ECB: Innovative and pioneering digital overall concept for safety technology<\/li>\n<li>The Impact of Foreign Espionage Activities on Austria's Economy<\/li>\n<li>Crisis Management and BCM under Covid-19 at Austrian Federal Railways<\/li>\n<li>Successful fight for survival after a serious cyber attack<\/li>\n<li>Conviction of anonymous perpetrators on the linguistic dissecting table<br \/>\nBetween VUCA-World and Information Age - Is the Security Industry Prepared for the Future?<\/li>\n<\/ul>","protected":false},"excerpt":{"rendered":"<p>Das DACH-Sicherheitsforum,\u00a0das die\u00a0Simedia\u00a0am 27. und 28. April veranstaltet,\u00a0versteht sich als exklusive Plattform, um sich \u00fcber neuste Entwicklungen sowie\u00a0\u00fcber individuelle L\u00f6sungen in den einzelnen Unternehmen l\u00e4nder\u00fcbergreifend auszutauschen und zu vergleichen.\u00a0Das breite Themenspektrum l\u00e4dt zu einer interessanten Diskussion und vielf\u00e4ltigem Wissensaustausch ein. Zu den Themen in diesem Jahr z\u00e4hlen unter anderem: Fake News als Herausforderung f\u00fcr die [&hellip;]<\/p>\n","protected":false},"author":9,"featured_media":1709,"comment_status":"closed","ping_status":"closed","sticky":false,"template":"","format":"standard","meta":{"_acf_changed":false,"pgc_sgb_lightbox_settings":"","footnotes":""},"categories":[1,67],"tags":[5784,1247,5786,5785,3595],"class_list":["post-11475","post","type-post","status-publish","format-standard","has-post-thumbnail","hentry","category-allgemein","category-brandschutz","tag-dach-sicherheitsforum","tag-krisenbewaeltigung","tag-radikalisierung","tag-simedia","tag-unternehmenssicherheit"],"acf":[],"hkrextid":null,"publication":null,"issue":null,"workflow":null,"startPage":null,"spitzmarke":null,"_posts_by_tag_page_fields":{"widget_title":"","widget_tags":""},"_at_widget":"1","_yoast_wpseo_primary_category":"1","_yoast_wpseo_focuskw_text_input":null,"_yoast_wpseo_opengraph-image":null,"_yoast_wpseo_opengraph-description":null,"_yoast_wpseo_opengraph-title":null,"enclosure":null,"_yoast_wpseo_twitter-title":null,"_yoast_wpseo_twitter-description":null,"_yoast_wpseo_twitter-image":null,"_wp_old_slug":null,"_yoast_wpseo_title":null,"_yoast_wpseo_canonical":null,"yoast_head":"<!-- This site is optimized with the Yoast SEO plugin v27.5 - https:\/\/yoast.com\/product\/yoast-seo-wordpress\/ -->\n<title>DACH-Sicherheitstreffen in \u00d6sterreich - Save<\/title>\n<meta name=\"description\" content=\"Im bekannten Stanglwirt in Tirol tauschen sich Sicherheitsexperten und Wissenschaftler einmal mehr l\u00e4nder\u00fcbergreifend \u00fcber aktuelle Entwicklungen in der Unternehmenssicherheit aus.\" \/>\n<meta name=\"robots\" content=\"index, follow, max-snippet:-1, max-image-preview:large, max-video-preview:-1\" \/>\n<link rel=\"canonical\" href=\"https:\/\/news.save.ch\/en\/dach-sicherheitstreffen-in-oesterreich-2\/\" \/>\n<meta property=\"og:locale\" content=\"en_US\" \/>\n<meta property=\"og:type\" content=\"article\" \/>\n<meta property=\"og:title\" content=\"DACH-Sicherheitstreffen in \u00d6sterreich - Save\" \/>\n<meta property=\"og:description\" content=\"Im bekannten Stanglwirt in Tirol tauschen sich Sicherheitsexperten und Wissenschaftler einmal mehr l\u00e4nder\u00fcbergreifend \u00fcber aktuelle Entwicklungen in der Unternehmenssicherheit aus.\" \/>\n<meta property=\"og:url\" content=\"https:\/\/news.save.ch\/en\/dach-sicherheitstreffen-in-oesterreich-2\/\" \/>\n<meta property=\"og:site_name\" content=\"Save\" \/>\n<meta property=\"article:published_time\" content=\"2021-02-05T08:13:51+00:00\" \/>\n<meta property=\"article:modified_time\" content=\"2023-08-09T00:43:15+00:00\" \/>\n<meta property=\"og:image\" content=\"https:\/\/news.save.ch\/wp-content\/uploads\/2016\/12\/DACH-Sicherheitstreffen-in-Oesterreich-sicherheitsforum-scaled.jpg\" \/>\n\t<meta property=\"og:image:width\" content=\"1400\" \/>\n\t<meta property=\"og:image:height\" content=\"910\" \/>\n\t<meta property=\"og:image:type\" content=\"image\/jpeg\" \/>\n<meta name=\"author\" content=\"Simon Gr\u00f6flin\" \/>\n<meta name=\"twitter:card\" content=\"summary_large_image\" \/>\n<meta name=\"twitter:label1\" content=\"Written by\" \/>\n\t<meta name=\"twitter:data1\" content=\"Simon Gr\u00f6flin\" \/>\n\t<meta name=\"twitter:label2\" content=\"Est. reading time\" \/>\n\t<meta name=\"twitter:data2\" content=\"1 minute\" \/>\n<script type=\"application\/ld+json\" class=\"yoast-schema-graph\">{\"@context\":\"https:\\\/\\\/schema.org\",\"@graph\":[{\"@type\":\"Article\",\"@id\":\"https:\\\/\\\/news.save.ch\\\/dach-sicherheitstreffen-in-oesterreich-2\\\/#article\",\"isPartOf\":{\"@id\":\"https:\\\/\\\/news.save.ch\\\/dach-sicherheitstreffen-in-oesterreich-2\\\/\"},\"author\":{\"name\":\"Simon Gr\u00f6flin\",\"@id\":\"https:\\\/\\\/news.save.ch\\\/de\\\/#\\\/schema\\\/person\\\/ad4ef21102fd6125312409ac57d5296d\"},\"headline\":\"DACH-Sicherheitstreffen in \u00d6sterreich\",\"datePublished\":\"2021-02-05T08:13:51+00:00\",\"dateModified\":\"2023-08-09T00:43:15+00:00\",\"mainEntityOfPage\":{\"@id\":\"https:\\\/\\\/news.save.ch\\\/dach-sicherheitstreffen-in-oesterreich-2\\\/\"},\"wordCount\":157,\"publisher\":{\"@id\":\"https:\\\/\\\/news.save.ch\\\/de\\\/#organization\"},\"image\":{\"@id\":\"https:\\\/\\\/news.save.ch\\\/dach-sicherheitstreffen-in-oesterreich-2\\\/#primaryimage\"},\"thumbnailUrl\":\"https:\\\/\\\/news.save.ch\\\/wp-content\\\/uploads\\\/2016\\\/12\\\/DACH-Sicherheitstreffen-in-Oesterreich-sicherheitsforum-scaled.jpg\",\"keywords\":[\"DACH-Sicherheitsforum\",\"Krisenbew\u00e4ltigung\",\"Radikalisierung\",\"Simedia\",\"Unternehmenssicherheit\"],\"articleSection\":[\"ALLGEMEIN\",\"BRANDSCHUTZ\"],\"inLanguage\":\"en-US\"},{\"@type\":\"WebPage\",\"@id\":\"https:\\\/\\\/news.save.ch\\\/dach-sicherheitstreffen-in-oesterreich-2\\\/\",\"url\":\"https:\\\/\\\/news.save.ch\\\/dach-sicherheitstreffen-in-oesterreich-2\\\/\",\"name\":\"DACH-Sicherheitstreffen in \u00d6sterreich - Save\",\"isPartOf\":{\"@id\":\"https:\\\/\\\/news.save.ch\\\/de\\\/#website\"},\"primaryImageOfPage\":{\"@id\":\"https:\\\/\\\/news.save.ch\\\/dach-sicherheitstreffen-in-oesterreich-2\\\/#primaryimage\"},\"image\":{\"@id\":\"https:\\\/\\\/news.save.ch\\\/dach-sicherheitstreffen-in-oesterreich-2\\\/#primaryimage\"},\"thumbnailUrl\":\"https:\\\/\\\/news.save.ch\\\/wp-content\\\/uploads\\\/2016\\\/12\\\/DACH-Sicherheitstreffen-in-Oesterreich-sicherheitsforum-scaled.jpg\",\"datePublished\":\"2021-02-05T08:13:51+00:00\",\"dateModified\":\"2023-08-09T00:43:15+00:00\",\"description\":\"Im bekannten Stanglwirt in Tirol tauschen sich Sicherheitsexperten und Wissenschaftler einmal mehr l\u00e4nder\u00fcbergreifend \u00fcber aktuelle Entwicklungen in der Unternehmenssicherheit aus.\",\"breadcrumb\":{\"@id\":\"https:\\\/\\\/news.save.ch\\\/dach-sicherheitstreffen-in-oesterreich-2\\\/#breadcrumb\"},\"inLanguage\":\"en-US\",\"potentialAction\":[{\"@type\":\"ReadAction\",\"target\":[\"https:\\\/\\\/news.save.ch\\\/dach-sicherheitstreffen-in-oesterreich-2\\\/\"]}]},{\"@type\":\"ImageObject\",\"inLanguage\":\"en-US\",\"@id\":\"https:\\\/\\\/news.save.ch\\\/dach-sicherheitstreffen-in-oesterreich-2\\\/#primaryimage\",\"url\":\"https:\\\/\\\/news.save.ch\\\/wp-content\\\/uploads\\\/2016\\\/12\\\/DACH-Sicherheitstreffen-in-Oesterreich-sicherheitsforum-scaled.jpg\",\"contentUrl\":\"https:\\\/\\\/news.save.ch\\\/wp-content\\\/uploads\\\/2016\\\/12\\\/DACH-Sicherheitstreffen-in-Oesterreich-sicherheitsforum-scaled.jpg\",\"width\":1400,\"height\":910,\"caption\":\"Eines der diversen Themen an dem Anlass: Sicherheits- und Krisenmanagement.\"},{\"@type\":\"BreadcrumbList\",\"@id\":\"https:\\\/\\\/news.save.ch\\\/dach-sicherheitstreffen-in-oesterreich-2\\\/#breadcrumb\",\"itemListElement\":[{\"@type\":\"ListItem\",\"position\":1,\"name\":\"Home\",\"item\":\"https:\\\/\\\/news.save.ch\\\/de\\\/\"},{\"@type\":\"ListItem\",\"position\":2,\"name\":\"DACH-Sicherheitstreffen in \u00d6sterreich\"}]},{\"@type\":\"WebSite\",\"@id\":\"https:\\\/\\\/news.save.ch\\\/de\\\/#website\",\"url\":\"https:\\\/\\\/news.save.ch\\\/de\\\/\",\"name\":\"Save\",\"description\":\"Schweizer Fachzeitschrift f\u00fcr Sicherheit\",\"publisher\":{\"@id\":\"https:\\\/\\\/news.save.ch\\\/de\\\/#organization\"},\"potentialAction\":[{\"@type\":\"SearchAction\",\"target\":{\"@type\":\"EntryPoint\",\"urlTemplate\":\"https:\\\/\\\/news.save.ch\\\/de\\\/?s={search_term_string}\"},\"query-input\":{\"@type\":\"PropertyValueSpecification\",\"valueRequired\":true,\"valueName\":\"search_term_string\"}}],\"inLanguage\":\"en-US\"},{\"@type\":\"Organization\",\"@id\":\"https:\\\/\\\/news.save.ch\\\/de\\\/#organization\",\"name\":\"Sicherheitsforum\",\"url\":\"https:\\\/\\\/news.save.ch\\\/de\\\/\",\"logo\":{\"@type\":\"ImageObject\",\"inLanguage\":\"en-US\",\"@id\":\"https:\\\/\\\/news.save.ch\\\/de\\\/#\\\/schema\\\/logo\\\/image\\\/\",\"url\":\"https:\\\/\\\/news.save.ch\\\/wp-content\\\/uploads\\\/2022\\\/06\\\/Logo_SF_2012.png\",\"contentUrl\":\"https:\\\/\\\/news.save.ch\\\/wp-content\\\/uploads\\\/2022\\\/06\\\/Logo_SF_2012.png\",\"width\":1100,\"height\":91,\"caption\":\"Sicherheitsforum\"},\"image\":{\"@id\":\"https:\\\/\\\/news.save.ch\\\/de\\\/#\\\/schema\\\/logo\\\/image\\\/\"}},{\"@type\":\"Person\",\"@id\":\"https:\\\/\\\/news.save.ch\\\/de\\\/#\\\/schema\\\/person\\\/ad4ef21102fd6125312409ac57d5296d\",\"name\":\"Simon Gr\u00f6flin\",\"image\":{\"@type\":\"ImageObject\",\"inLanguage\":\"en-US\",\"@id\":\"https:\\\/\\\/secure.gravatar.com\\\/avatar\\\/6ddceb80eb734354635539e0ea5140bb7c41e42de7c45c9a2ab9921b5d5c9a83?s=96&d=mm&r=g\",\"url\":\"https:\\\/\\\/secure.gravatar.com\\\/avatar\\\/6ddceb80eb734354635539e0ea5140bb7c41e42de7c45c9a2ab9921b5d5c9a83?s=96&d=mm&r=g\",\"contentUrl\":\"https:\\\/\\\/secure.gravatar.com\\\/avatar\\\/6ddceb80eb734354635539e0ea5140bb7c41e42de7c45c9a2ab9921b5d5c9a83?s=96&d=mm&r=g\",\"caption\":\"Simon Gr\u00f6flin\"},\"url\":\"https:\\\/\\\/news.save.ch\\\/en\\\/author\\\/simon-groeflin\\\/\"}]}<\/script>\n<!-- \/ Yoast SEO plugin. -->","yoast_head_json":{"title":"DACH Security Meeting in Austria - Save","description":"At the well-known Stanglwirt in Tyrol, security experts and scientists will once again exchange information on current developments in corporate security across national borders.","robots":{"index":"index","follow":"follow","max-snippet":"max-snippet:-1","max-image-preview":"max-image-preview:large","max-video-preview":"max-video-preview:-1"},"canonical":"https:\/\/news.save.ch\/en\/dach-sicherheitstreffen-in-oesterreich-2\/","og_locale":"en_US","og_type":"article","og_title":"DACH-Sicherheitstreffen in \u00d6sterreich - Save","og_description":"Im bekannten Stanglwirt in Tirol tauschen sich Sicherheitsexperten und Wissenschaftler einmal mehr l\u00e4nder\u00fcbergreifend \u00fcber aktuelle Entwicklungen in der Unternehmenssicherheit aus.","og_url":"https:\/\/news.save.ch\/en\/dach-sicherheitstreffen-in-oesterreich-2\/","og_site_name":"Save","article_published_time":"2021-02-05T08:13:51+00:00","article_modified_time":"2023-08-09T00:43:15+00:00","og_image":[{"width":1400,"height":910,"url":"https:\/\/news.save.ch\/wp-content\/uploads\/2016\/12\/DACH-Sicherheitstreffen-in-Oesterreich-sicherheitsforum-scaled.jpg","type":"image\/jpeg"}],"author":"Simon Gr\u00f6flin","twitter_card":"summary_large_image","twitter_misc":{"Written by":"Simon Gr\u00f6flin","Est. reading time":"1 minute"},"schema":{"@context":"https:\/\/schema.org","@graph":[{"@type":"Article","@id":"https:\/\/news.save.ch\/dach-sicherheitstreffen-in-oesterreich-2\/#article","isPartOf":{"@id":"https:\/\/news.save.ch\/dach-sicherheitstreffen-in-oesterreich-2\/"},"author":{"name":"Simon Gr\u00f6flin","@id":"https:\/\/news.save.ch\/de\/#\/schema\/person\/ad4ef21102fd6125312409ac57d5296d"},"headline":"DACH-Sicherheitstreffen in \u00d6sterreich","datePublished":"2021-02-05T08:13:51+00:00","dateModified":"2023-08-09T00:43:15+00:00","mainEntityOfPage":{"@id":"https:\/\/news.save.ch\/dach-sicherheitstreffen-in-oesterreich-2\/"},"wordCount":157,"publisher":{"@id":"https:\/\/news.save.ch\/de\/#organization"},"image":{"@id":"https:\/\/news.save.ch\/dach-sicherheitstreffen-in-oesterreich-2\/#primaryimage"},"thumbnailUrl":"https:\/\/news.save.ch\/wp-content\/uploads\/2016\/12\/DACH-Sicherheitstreffen-in-Oesterreich-sicherheitsforum-scaled.jpg","keywords":["DACH-Sicherheitsforum","Krisenbew\u00e4ltigung","Radikalisierung","Simedia","Unternehmenssicherheit"],"articleSection":["ALLGEMEIN","BRANDSCHUTZ"],"inLanguage":"en-US"},{"@type":"WebPage","@id":"https:\/\/news.save.ch\/dach-sicherheitstreffen-in-oesterreich-2\/","url":"https:\/\/news.save.ch\/dach-sicherheitstreffen-in-oesterreich-2\/","name":"DACH Security Meeting in Austria - Save","isPartOf":{"@id":"https:\/\/news.save.ch\/de\/#website"},"primaryImageOfPage":{"@id":"https:\/\/news.save.ch\/dach-sicherheitstreffen-in-oesterreich-2\/#primaryimage"},"image":{"@id":"https:\/\/news.save.ch\/dach-sicherheitstreffen-in-oesterreich-2\/#primaryimage"},"thumbnailUrl":"https:\/\/news.save.ch\/wp-content\/uploads\/2016\/12\/DACH-Sicherheitstreffen-in-Oesterreich-sicherheitsforum-scaled.jpg","datePublished":"2021-02-05T08:13:51+00:00","dateModified":"2023-08-09T00:43:15+00:00","description":"At the well-known Stanglwirt in Tyrol, security experts and scientists will once again exchange information on current developments in corporate security across national borders.","breadcrumb":{"@id":"https:\/\/news.save.ch\/dach-sicherheitstreffen-in-oesterreich-2\/#breadcrumb"},"inLanguage":"en-US","potentialAction":[{"@type":"ReadAction","target":["https:\/\/news.save.ch\/dach-sicherheitstreffen-in-oesterreich-2\/"]}]},{"@type":"ImageObject","inLanguage":"en-US","@id":"https:\/\/news.save.ch\/dach-sicherheitstreffen-in-oesterreich-2\/#primaryimage","url":"https:\/\/news.save.ch\/wp-content\/uploads\/2016\/12\/DACH-Sicherheitstreffen-in-Oesterreich-sicherheitsforum-scaled.jpg","contentUrl":"https:\/\/news.save.ch\/wp-content\/uploads\/2016\/12\/DACH-Sicherheitstreffen-in-Oesterreich-sicherheitsforum-scaled.jpg","width":1400,"height":910,"caption":"Eines der diversen Themen an dem Anlass: Sicherheits- und Krisenmanagement."},{"@type":"BreadcrumbList","@id":"https:\/\/news.save.ch\/dach-sicherheitstreffen-in-oesterreich-2\/#breadcrumb","itemListElement":[{"@type":"ListItem","position":1,"name":"Home","item":"https:\/\/news.save.ch\/de\/"},{"@type":"ListItem","position":2,"name":"DACH-Sicherheitstreffen in \u00d6sterreich"}]},{"@type":"WebSite","@id":"https:\/\/news.save.ch\/de\/#website","url":"https:\/\/news.save.ch\/de\/","name":"Save","description":"Swiss trade journal for safety","publisher":{"@id":"https:\/\/news.save.ch\/de\/#organization"},"potentialAction":[{"@type":"SearchAction","target":{"@type":"EntryPoint","urlTemplate":"https:\/\/news.save.ch\/de\/?s={search_term_string}"},"query-input":{"@type":"PropertyValueSpecification","valueRequired":true,"valueName":"search_term_string"}}],"inLanguage":"en-US"},{"@type":"Organization","@id":"https:\/\/news.save.ch\/de\/#organization","name":"Security Forum","url":"https:\/\/news.save.ch\/de\/","logo":{"@type":"ImageObject","inLanguage":"en-US","@id":"https:\/\/news.save.ch\/de\/#\/schema\/logo\/image\/","url":"https:\/\/news.save.ch\/wp-content\/uploads\/2022\/06\/Logo_SF_2012.png","contentUrl":"https:\/\/news.save.ch\/wp-content\/uploads\/2022\/06\/Logo_SF_2012.png","width":1100,"height":91,"caption":"Sicherheitsforum"},"image":{"@id":"https:\/\/news.save.ch\/de\/#\/schema\/logo\/image\/"}},{"@type":"Person","@id":"https:\/\/news.save.ch\/de\/#\/schema\/person\/ad4ef21102fd6125312409ac57d5296d","name":"Simon Gr\u00f6flin","image":{"@type":"ImageObject","inLanguage":"en-US","@id":"https:\/\/secure.gravatar.com\/avatar\/6ddceb80eb734354635539e0ea5140bb7c41e42de7c45c9a2ab9921b5d5c9a83?s=96&d=mm&r=g","url":"https:\/\/secure.gravatar.com\/avatar\/6ddceb80eb734354635539e0ea5140bb7c41e42de7c45c9a2ab9921b5d5c9a83?s=96&d=mm&r=g","contentUrl":"https:\/\/secure.gravatar.com\/avatar\/6ddceb80eb734354635539e0ea5140bb7c41e42de7c45c9a2ab9921b5d5c9a83?s=96&d=mm&r=g","caption":"Simon Gr\u00f6flin"},"url":"https:\/\/news.save.ch\/en\/author\/simon-groeflin\/"}]}},"_links":{"self":[{"href":"https:\/\/news.save.ch\/en\/wp-json\/wp\/v2\/posts\/11475","targetHints":{"allow":["GET"]}}],"collection":[{"href":"https:\/\/news.save.ch\/en\/wp-json\/wp\/v2\/posts"}],"about":[{"href":"https:\/\/news.save.ch\/en\/wp-json\/wp\/v2\/types\/post"}],"author":[{"embeddable":true,"href":"https:\/\/news.save.ch\/en\/wp-json\/wp\/v2\/users\/9"}],"replies":[{"embeddable":true,"href":"https:\/\/news.save.ch\/en\/wp-json\/wp\/v2\/comments?post=11475"}],"version-history":[{"count":3,"href":"https:\/\/news.save.ch\/en\/wp-json\/wp\/v2\/posts\/11475\/revisions"}],"predecessor-version":[{"id":21650,"href":"https:\/\/news.save.ch\/en\/wp-json\/wp\/v2\/posts\/11475\/revisions\/21650"}],"wp:featuredmedia":[{"embeddable":true,"href":"https:\/\/news.save.ch\/en\/wp-json\/wp\/v2\/media\/1709"}],"wp:attachment":[{"href":"https:\/\/news.save.ch\/en\/wp-json\/wp\/v2\/media?parent=11475"}],"wp:term":[{"taxonomy":"category","embeddable":true,"href":"https:\/\/news.save.ch\/en\/wp-json\/wp\/v2\/categories?post=11475"},{"taxonomy":"post_tag","embeddable":true,"href":"https:\/\/news.save.ch\/en\/wp-json\/wp\/v2\/tags?post=11475"}],"curies":[{"name":"wp","href":"https:\/\/api.w.org\/{rel}","templated":true}]}}