{"id":11700,"date":"2021-03-16T07:45:57","date_gmt":"2021-03-16T06:45:57","guid":{"rendered":"https:\/\/news.save.ch\/?p=11700"},"modified":"2023-07-21T04:49:40","modified_gmt":"2023-07-21T02:49:40","slug":"vbs-verstaerkt-informationssicherheit","status":null,"type":"post","link":"https:\/\/news.save.ch\/en\/vbs-verstaerkt-informationssicherheit\/","title":{"rendered":"VBS strengthens information security"},"content":{"rendered":"<p>Since 2018, the DDPS has been managing its information security risks with a so-called information management system (ISMS). This is based on the international standard ISO\/IEC 27001, which specifies requirements for the implementation of appropriate security mechanisms to ensure that cybersecurity risks are systematically identified and managed.<\/p>\n<p>An audit by the internal auditors of the DDPS revealed that this ISMS was not yet having the expected effect at the level of the department, according to a statement by the federal government. The head of the DDPS, Viola Amherd, has consequently <a href=\"https:\/\/www.vbs.admin.ch\/de\/dokumente\/pruefberichte\/2020.detail.document.html\/vbs-internet\/de\/documents\/inspektionsberichte\/2020\/Umsetzung-Pruefbericht-I-2020-07-d.pdf.html\" target=\"_blank\" rel=\"noopener\">various measures<\/a> ordered. On the one hand, an ongoing site assessment is to be carried out by the end of 2021 in order to determine by when ISO certification of the entire department would be possible.<\/p>\n<p>On the other hand, a standardized ISMS application is to allow optimized risk management in the future in order to be able to manage administrative units of the DDPS as well as the General Secretariat \"more systematically, simply and efficiently\".<\/p>\n<p><a href=\"https:\/\/www.vbs.admin.ch\/content\/vbs-internet\/de\/dokumente-und-publikationen-des-vbs\/pruefberichte-des-vbs\/2020.download\/vbs-internet\/de\/documents\/inspektionsberichte\/2020\/Pruefbericht-I-2020-07-d.pdf\" target=\"_blank\" rel=\"noopener\">To the audit report \"ISMS.VBS Audit\" dated January 18, 2021 (PDF).<\/a><\/p>\n<p><em>Source: VBS<\/em><\/p>","protected":false},"excerpt":{"rendered":"<p>Seit 2018 bewirtschaftet das VBS ihre Risiken bei der Informationssicherheit mit einem sogenannten Informations-Managementsystem (ISMS). Als Basis daf\u00fcr gilt der internationale Standard ISO\/IEC 27001.\u00a0Die Norm spezifiziert Anforderungen an die Implementierung geeigneter Sicherheitsmechanismen, um sicherzustellen, dass die Risiken bez\u00fcglich der Cybersicherheit systematisch identifiziert und wirtschaftlich sind. Eine Pr\u00fcfung der internen Revision VBS habe ergeben, dass dieses [&hellip;]<\/p>\n","protected":false},"author":9,"featured_media":11703,"comment_status":"closed","ping_status":"closed","sticky":false,"template":"","format":"standard","meta":{"_acf_changed":false,"pgc_sgb_lightbox_settings":"","footnotes":""},"categories":[1],"tags":[670,1180,5673,5674,922],"class_list":["post-11700","post","type-post","status-publish","format-standard","has-post-thumbnail","hentry","category-allgemein","tag-cybersicherheit","tag-informationssicherheit","tag-isms","tag-iso-iec-27001","tag-vbs"],"acf":[],"hkrextid":null,"publication":null,"issue":null,"workflow":null,"startPage":null,"spitzmarke":null,"_posts_by_tag_page_fields":{"widget_title":"","widget_tags":""},"_at_widget":"1","_yoast_wpseo_primary_category":"","_yoast_wpseo_focuskw_text_input":null,"_yoast_wpseo_opengraph-image":null,"_yoast_wpseo_opengraph-description":null,"_yoast_wpseo_opengraph-title":null,"enclosure":null,"_yoast_wpseo_twitter-title":null,"_yoast_wpseo_twitter-description":null,"_yoast_wpseo_twitter-image":null,"_wp_old_slug":null,"_yoast_wpseo_title":null,"_yoast_wpseo_canonical":null,"yoast_head":"<!-- This site is optimized with the Yoast SEO plugin v27.4 - https:\/\/yoast.com\/product\/yoast-seo-wordpress\/ -->\n<title>VBS verst\u00e4rkt Informationssicherheit - Save<\/title>\n<meta name=\"description\" content=\"Das VBS bewertet die Risiken der Informationssysteme neu. Diese sollen in Zukunft besser \u00fcberwacht werden. Die Massnahmen gehen auf einen Pr\u00fcfbericht der internen Revision des VBS zur\u00fcck.\" \/>\n<meta name=\"robots\" content=\"index, follow, max-snippet:-1, max-image-preview:large, max-video-preview:-1\" \/>\n<link rel=\"canonical\" href=\"https:\/\/news.save.ch\/en\/vbs-verstaerkt-informationssicherheit\/\" \/>\n<meta property=\"og:locale\" content=\"en_US\" \/>\n<meta property=\"og:type\" content=\"article\" \/>\n<meta property=\"og:title\" content=\"VBS verst\u00e4rkt Informationssicherheit - Save\" \/>\n<meta property=\"og:description\" content=\"Das VBS bewertet die Risiken der Informationssysteme neu. Diese sollen in Zukunft besser \u00fcberwacht werden. Die Massnahmen gehen auf einen Pr\u00fcfbericht der internen Revision des VBS zur\u00fcck.\" \/>\n<meta property=\"og:url\" content=\"https:\/\/news.save.ch\/en\/vbs-verstaerkt-informationssicherheit\/\" \/>\n<meta property=\"og:site_name\" content=\"Save\" \/>\n<meta property=\"article:published_time\" content=\"2021-03-16T06:45:57+00:00\" \/>\n<meta property=\"article:modified_time\" content=\"2023-07-21T02:49:40+00:00\" \/>\n<meta property=\"og:image\" content=\"https:\/\/news.save.ch\/wp-content\/uploads\/2021\/03\/Daten_Depositphotos_6832578_s-2019.jpg\" \/>\n\t<meta property=\"og:image:width\" content=\"1000\" \/>\n\t<meta property=\"og:image:height\" content=\"750\" \/>\n\t<meta property=\"og:image:type\" content=\"image\/jpeg\" \/>\n<meta name=\"author\" content=\"Simon Gr\u00f6flin\" \/>\n<meta name=\"twitter:card\" content=\"summary_large_image\" \/>\n<meta name=\"twitter:label1\" content=\"Written by\" \/>\n\t<meta name=\"twitter:data1\" content=\"Simon Gr\u00f6flin\" \/>\n\t<meta name=\"twitter:label2\" content=\"Est. reading time\" \/>\n\t<meta name=\"twitter:data2\" content=\"1 minute\" \/>\n<script type=\"application\/ld+json\" class=\"yoast-schema-graph\">{\"@context\":\"https:\\\/\\\/schema.org\",\"@graph\":[{\"@type\":\"Article\",\"@id\":\"https:\\\/\\\/news.save.ch\\\/vbs-verstaerkt-informationssicherheit\\\/#article\",\"isPartOf\":{\"@id\":\"https:\\\/\\\/news.save.ch\\\/vbs-verstaerkt-informationssicherheit\\\/\"},\"author\":{\"name\":\"Simon Gr\u00f6flin\",\"@id\":\"https:\\\/\\\/news.save.ch\\\/de\\\/#\\\/schema\\\/person\\\/ad4ef21102fd6125312409ac57d5296d\"},\"headline\":\"VBS verst\u00e4rkt Informationssicherheit\",\"datePublished\":\"2021-03-16T06:45:57+00:00\",\"dateModified\":\"2023-07-21T02:49:40+00:00\",\"mainEntityOfPage\":{\"@id\":\"https:\\\/\\\/news.save.ch\\\/vbs-verstaerkt-informationssicherheit\\\/\"},\"wordCount\":159,\"publisher\":{\"@id\":\"https:\\\/\\\/news.save.ch\\\/de\\\/#organization\"},\"image\":{\"@id\":\"https:\\\/\\\/news.save.ch\\\/vbs-verstaerkt-informationssicherheit\\\/#primaryimage\"},\"thumbnailUrl\":\"https:\\\/\\\/news.save.ch\\\/wp-content\\\/uploads\\\/2021\\\/03\\\/Daten_Depositphotos_6832578_s-2019.jpg\",\"keywords\":[\"Cybersicherheit\",\"Informationssicherheit\",\"ISMS\",\"ISO\\\/IEC 27001\",\"VBS\"],\"articleSection\":[\"ALLGEMEIN\"],\"inLanguage\":\"en-US\"},{\"@type\":\"WebPage\",\"@id\":\"https:\\\/\\\/news.save.ch\\\/vbs-verstaerkt-informationssicherheit\\\/\",\"url\":\"https:\\\/\\\/news.save.ch\\\/vbs-verstaerkt-informationssicherheit\\\/\",\"name\":\"VBS verst\u00e4rkt Informationssicherheit - Save\",\"isPartOf\":{\"@id\":\"https:\\\/\\\/news.save.ch\\\/de\\\/#website\"},\"primaryImageOfPage\":{\"@id\":\"https:\\\/\\\/news.save.ch\\\/vbs-verstaerkt-informationssicherheit\\\/#primaryimage\"},\"image\":{\"@id\":\"https:\\\/\\\/news.save.ch\\\/vbs-verstaerkt-informationssicherheit\\\/#primaryimage\"},\"thumbnailUrl\":\"https:\\\/\\\/news.save.ch\\\/wp-content\\\/uploads\\\/2021\\\/03\\\/Daten_Depositphotos_6832578_s-2019.jpg\",\"datePublished\":\"2021-03-16T06:45:57+00:00\",\"dateModified\":\"2023-07-21T02:49:40+00:00\",\"description\":\"Das VBS bewertet die Risiken der Informationssysteme neu. Diese sollen in Zukunft besser \u00fcberwacht werden. Die Massnahmen gehen auf einen Pr\u00fcfbericht der internen Revision des VBS zur\u00fcck.\",\"breadcrumb\":{\"@id\":\"https:\\\/\\\/news.save.ch\\\/vbs-verstaerkt-informationssicherheit\\\/#breadcrumb\"},\"inLanguage\":\"en-US\",\"potentialAction\":[{\"@type\":\"ReadAction\",\"target\":[\"https:\\\/\\\/news.save.ch\\\/vbs-verstaerkt-informationssicherheit\\\/\"]}]},{\"@type\":\"ImageObject\",\"inLanguage\":\"en-US\",\"@id\":\"https:\\\/\\\/news.save.ch\\\/vbs-verstaerkt-informationssicherheit\\\/#primaryimage\",\"url\":\"https:\\\/\\\/news.save.ch\\\/wp-content\\\/uploads\\\/2021\\\/03\\\/Daten_Depositphotos_6832578_s-2019.jpg\",\"contentUrl\":\"https:\\\/\\\/news.save.ch\\\/wp-content\\\/uploads\\\/2021\\\/03\\\/Daten_Depositphotos_6832578_s-2019.jpg\",\"width\":1000,\"height\":750,\"caption\":\"\u00a9Depositphotos,FlashDevelop\"},{\"@type\":\"BreadcrumbList\",\"@id\":\"https:\\\/\\\/news.save.ch\\\/vbs-verstaerkt-informationssicherheit\\\/#breadcrumb\",\"itemListElement\":[{\"@type\":\"ListItem\",\"position\":1,\"name\":\"Home\",\"item\":\"https:\\\/\\\/news.save.ch\\\/de\\\/\"},{\"@type\":\"ListItem\",\"position\":2,\"name\":\"VBS verst\u00e4rkt Informationssicherheit\"}]},{\"@type\":\"WebSite\",\"@id\":\"https:\\\/\\\/news.save.ch\\\/de\\\/#website\",\"url\":\"https:\\\/\\\/news.save.ch\\\/de\\\/\",\"name\":\"Save\",\"description\":\"Schweizer Fachzeitschrift f\u00fcr Sicherheit\",\"publisher\":{\"@id\":\"https:\\\/\\\/news.save.ch\\\/de\\\/#organization\"},\"potentialAction\":[{\"@type\":\"SearchAction\",\"target\":{\"@type\":\"EntryPoint\",\"urlTemplate\":\"https:\\\/\\\/news.save.ch\\\/de\\\/?s={search_term_string}\"},\"query-input\":{\"@type\":\"PropertyValueSpecification\",\"valueRequired\":true,\"valueName\":\"search_term_string\"}}],\"inLanguage\":\"en-US\"},{\"@type\":\"Organization\",\"@id\":\"https:\\\/\\\/news.save.ch\\\/de\\\/#organization\",\"name\":\"Sicherheitsforum\",\"url\":\"https:\\\/\\\/news.save.ch\\\/de\\\/\",\"logo\":{\"@type\":\"ImageObject\",\"inLanguage\":\"en-US\",\"@id\":\"https:\\\/\\\/news.save.ch\\\/de\\\/#\\\/schema\\\/logo\\\/image\\\/\",\"url\":\"https:\\\/\\\/news.save.ch\\\/wp-content\\\/uploads\\\/2022\\\/06\\\/Logo_SF_2012.png\",\"contentUrl\":\"https:\\\/\\\/news.save.ch\\\/wp-content\\\/uploads\\\/2022\\\/06\\\/Logo_SF_2012.png\",\"width\":1100,\"height\":91,\"caption\":\"Sicherheitsforum\"},\"image\":{\"@id\":\"https:\\\/\\\/news.save.ch\\\/de\\\/#\\\/schema\\\/logo\\\/image\\\/\"}},{\"@type\":\"Person\",\"@id\":\"https:\\\/\\\/news.save.ch\\\/de\\\/#\\\/schema\\\/person\\\/ad4ef21102fd6125312409ac57d5296d\",\"name\":\"Simon Gr\u00f6flin\",\"image\":{\"@type\":\"ImageObject\",\"inLanguage\":\"en-US\",\"@id\":\"https:\\\/\\\/secure.gravatar.com\\\/avatar\\\/6ddceb80eb734354635539e0ea5140bb7c41e42de7c45c9a2ab9921b5d5c9a83?s=96&d=mm&r=g\",\"url\":\"https:\\\/\\\/secure.gravatar.com\\\/avatar\\\/6ddceb80eb734354635539e0ea5140bb7c41e42de7c45c9a2ab9921b5d5c9a83?s=96&d=mm&r=g\",\"contentUrl\":\"https:\\\/\\\/secure.gravatar.com\\\/avatar\\\/6ddceb80eb734354635539e0ea5140bb7c41e42de7c45c9a2ab9921b5d5c9a83?s=96&d=mm&r=g\",\"caption\":\"Simon Gr\u00f6flin\"},\"url\":\"https:\\\/\\\/news.save.ch\\\/en\\\/author\\\/simon-groeflin\\\/\"}]}<\/script>\n<!-- \/ Yoast SEO plugin. -->","yoast_head_json":{"title":"VBS strengthens information security - Save","description":"The DDPS is reassessing the risks of the information systems. These are to be better monitored in the future. The measures are based on an audit report by the internal audit department of the DDPS.","robots":{"index":"index","follow":"follow","max-snippet":"max-snippet:-1","max-image-preview":"max-image-preview:large","max-video-preview":"max-video-preview:-1"},"canonical":"https:\/\/news.save.ch\/en\/vbs-verstaerkt-informationssicherheit\/","og_locale":"en_US","og_type":"article","og_title":"VBS verst\u00e4rkt Informationssicherheit - Save","og_description":"Das VBS bewertet die Risiken der Informationssysteme neu. Diese sollen in Zukunft besser \u00fcberwacht werden. Die Massnahmen gehen auf einen Pr\u00fcfbericht der internen Revision des VBS zur\u00fcck.","og_url":"https:\/\/news.save.ch\/en\/vbs-verstaerkt-informationssicherheit\/","og_site_name":"Save","article_published_time":"2021-03-16T06:45:57+00:00","article_modified_time":"2023-07-21T02:49:40+00:00","og_image":[{"width":1000,"height":750,"url":"https:\/\/news.save.ch\/wp-content\/uploads\/2021\/03\/Daten_Depositphotos_6832578_s-2019.jpg","type":"image\/jpeg"}],"author":"Simon Gr\u00f6flin","twitter_card":"summary_large_image","twitter_misc":{"Written by":"Simon Gr\u00f6flin","Est. reading time":"1 minute"},"schema":{"@context":"https:\/\/schema.org","@graph":[{"@type":"Article","@id":"https:\/\/news.save.ch\/vbs-verstaerkt-informationssicherheit\/#article","isPartOf":{"@id":"https:\/\/news.save.ch\/vbs-verstaerkt-informationssicherheit\/"},"author":{"name":"Simon Gr\u00f6flin","@id":"https:\/\/news.save.ch\/de\/#\/schema\/person\/ad4ef21102fd6125312409ac57d5296d"},"headline":"VBS verst\u00e4rkt Informationssicherheit","datePublished":"2021-03-16T06:45:57+00:00","dateModified":"2023-07-21T02:49:40+00:00","mainEntityOfPage":{"@id":"https:\/\/news.save.ch\/vbs-verstaerkt-informationssicherheit\/"},"wordCount":159,"publisher":{"@id":"https:\/\/news.save.ch\/de\/#organization"},"image":{"@id":"https:\/\/news.save.ch\/vbs-verstaerkt-informationssicherheit\/#primaryimage"},"thumbnailUrl":"https:\/\/news.save.ch\/wp-content\/uploads\/2021\/03\/Daten_Depositphotos_6832578_s-2019.jpg","keywords":["Cybersicherheit","Informationssicherheit","ISMS","ISO\/IEC 27001","VBS"],"articleSection":["ALLGEMEIN"],"inLanguage":"en-US"},{"@type":"WebPage","@id":"https:\/\/news.save.ch\/vbs-verstaerkt-informationssicherheit\/","url":"https:\/\/news.save.ch\/vbs-verstaerkt-informationssicherheit\/","name":"VBS strengthens information security - Save","isPartOf":{"@id":"https:\/\/news.save.ch\/de\/#website"},"primaryImageOfPage":{"@id":"https:\/\/news.save.ch\/vbs-verstaerkt-informationssicherheit\/#primaryimage"},"image":{"@id":"https:\/\/news.save.ch\/vbs-verstaerkt-informationssicherheit\/#primaryimage"},"thumbnailUrl":"https:\/\/news.save.ch\/wp-content\/uploads\/2021\/03\/Daten_Depositphotos_6832578_s-2019.jpg","datePublished":"2021-03-16T06:45:57+00:00","dateModified":"2023-07-21T02:49:40+00:00","description":"The DDPS is reassessing the risks of the information systems. These are to be better monitored in the future. The measures are based on an audit report by the internal audit department of the DDPS.","breadcrumb":{"@id":"https:\/\/news.save.ch\/vbs-verstaerkt-informationssicherheit\/#breadcrumb"},"inLanguage":"en-US","potentialAction":[{"@type":"ReadAction","target":["https:\/\/news.save.ch\/vbs-verstaerkt-informationssicherheit\/"]}]},{"@type":"ImageObject","inLanguage":"en-US","@id":"https:\/\/news.save.ch\/vbs-verstaerkt-informationssicherheit\/#primaryimage","url":"https:\/\/news.save.ch\/wp-content\/uploads\/2021\/03\/Daten_Depositphotos_6832578_s-2019.jpg","contentUrl":"https:\/\/news.save.ch\/wp-content\/uploads\/2021\/03\/Daten_Depositphotos_6832578_s-2019.jpg","width":1000,"height":750,"caption":"\u00a9Depositphotos,FlashDevelop"},{"@type":"BreadcrumbList","@id":"https:\/\/news.save.ch\/vbs-verstaerkt-informationssicherheit\/#breadcrumb","itemListElement":[{"@type":"ListItem","position":1,"name":"Home","item":"https:\/\/news.save.ch\/de\/"},{"@type":"ListItem","position":2,"name":"VBS verst\u00e4rkt Informationssicherheit"}]},{"@type":"WebSite","@id":"https:\/\/news.save.ch\/de\/#website","url":"https:\/\/news.save.ch\/de\/","name":"Save","description":"Swiss trade journal for safety","publisher":{"@id":"https:\/\/news.save.ch\/de\/#organization"},"potentialAction":[{"@type":"SearchAction","target":{"@type":"EntryPoint","urlTemplate":"https:\/\/news.save.ch\/de\/?s={search_term_string}"},"query-input":{"@type":"PropertyValueSpecification","valueRequired":true,"valueName":"search_term_string"}}],"inLanguage":"en-US"},{"@type":"Organization","@id":"https:\/\/news.save.ch\/de\/#organization","name":"Security Forum","url":"https:\/\/news.save.ch\/de\/","logo":{"@type":"ImageObject","inLanguage":"en-US","@id":"https:\/\/news.save.ch\/de\/#\/schema\/logo\/image\/","url":"https:\/\/news.save.ch\/wp-content\/uploads\/2022\/06\/Logo_SF_2012.png","contentUrl":"https:\/\/news.save.ch\/wp-content\/uploads\/2022\/06\/Logo_SF_2012.png","width":1100,"height":91,"caption":"Sicherheitsforum"},"image":{"@id":"https:\/\/news.save.ch\/de\/#\/schema\/logo\/image\/"}},{"@type":"Person","@id":"https:\/\/news.save.ch\/de\/#\/schema\/person\/ad4ef21102fd6125312409ac57d5296d","name":"Simon Gr\u00f6flin","image":{"@type":"ImageObject","inLanguage":"en-US","@id":"https:\/\/secure.gravatar.com\/avatar\/6ddceb80eb734354635539e0ea5140bb7c41e42de7c45c9a2ab9921b5d5c9a83?s=96&d=mm&r=g","url":"https:\/\/secure.gravatar.com\/avatar\/6ddceb80eb734354635539e0ea5140bb7c41e42de7c45c9a2ab9921b5d5c9a83?s=96&d=mm&r=g","contentUrl":"https:\/\/secure.gravatar.com\/avatar\/6ddceb80eb734354635539e0ea5140bb7c41e42de7c45c9a2ab9921b5d5c9a83?s=96&d=mm&r=g","caption":"Simon Gr\u00f6flin"},"url":"https:\/\/news.save.ch\/en\/author\/simon-groeflin\/"}]}},"_links":{"self":[{"href":"https:\/\/news.save.ch\/en\/wp-json\/wp\/v2\/posts\/11700","targetHints":{"allow":["GET"]}}],"collection":[{"href":"https:\/\/news.save.ch\/en\/wp-json\/wp\/v2\/posts"}],"about":[{"href":"https:\/\/news.save.ch\/en\/wp-json\/wp\/v2\/types\/post"}],"author":[{"embeddable":true,"href":"https:\/\/news.save.ch\/en\/wp-json\/wp\/v2\/users\/9"}],"replies":[{"embeddable":true,"href":"https:\/\/news.save.ch\/en\/wp-json\/wp\/v2\/comments?post=11700"}],"version-history":[{"count":2,"href":"https:\/\/news.save.ch\/en\/wp-json\/wp\/v2\/posts\/11700\/revisions"}],"predecessor-version":[{"id":21157,"href":"https:\/\/news.save.ch\/en\/wp-json\/wp\/v2\/posts\/11700\/revisions\/21157"}],"wp:featuredmedia":[{"embeddable":true,"href":"https:\/\/news.save.ch\/en\/wp-json\/wp\/v2\/media\/11703"}],"wp:attachment":[{"href":"https:\/\/news.save.ch\/en\/wp-json\/wp\/v2\/media?parent=11700"}],"wp:term":[{"taxonomy":"category","embeddable":true,"href":"https:\/\/news.save.ch\/en\/wp-json\/wp\/v2\/categories?post=11700"},{"taxonomy":"post_tag","embeddable":true,"href":"https:\/\/news.save.ch\/en\/wp-json\/wp\/v2\/tags?post=11700"}],"curies":[{"name":"wp","href":"https:\/\/api.w.org\/{rel}","templated":true}]}}