{"id":119,"date":"2015-03-16T14:56:44","date_gmt":"2015-03-16T13:56:44","guid":{"rendered":"http:\/\/dev.safety-plus.ch\/?p=119"},"modified":"2015-03-16T14:56:44","modified_gmt":"2015-03-16T13:56:44","slug":"erster-runder-tisch-zu-asbest","status":null,"type":"post","link":"https:\/\/news.save.ch\/en\/erster-runder-tisch-zu-asbest\/","title":{"rendered":"First round table on asbestos"},"content":{"rendered":"<figure id=\"attachment_120\" aria-describedby=\"caption-attachment-120\" style=\"width: 680px\" class=\"wp-caption alignnone\"><img loading=\"lazy\" decoding=\"async\" class=\"wp-image-120 size-medium\" src=\"http:\/\/develop.safety-plus.ch\/wp-content\/uploads\/2016\/12\/55099adeb231d_Depositphotos_10023973_original_safety-plus.jpeg\" alt=\"Working with asbestos can lead to illness years later.\" width=\"680\" height=\"455\" \/><figcaption id=\"caption-attachment-120\" class=\"wp-caption-text\">Working with asbestos can lead to illness years later.<\/figcaption><\/figure>\n<p>Federal Councillor Alain Berset set up the round table because there are people in Switzerland who have been affected by asbestos and who could face financial difficulties as a result of the disease.<\/p>\n<p>Under the leadership of former Federal Councilor Moritz Leuenberger, representatives of asbestos victims, the employers' association, the trade union federation, Suva and companies that have processed asbestos met in Bern on March 12 for an initial discussion. In principle, they are prepared to participate actively in the search for an amicable solution and to discuss possible solutions in an open-ended manner.<\/p>\n<p>Currently, around 120 people per year fall ill because they came into contact with asbestos years or decades ago. Around 20 to 30 of them are not entitled to the benefits of the compulsory accident insurance, but to those of the compulsory health insurance, the disability insurance and possibly the occupational pension scheme. This means that they are usually worse off financially. As a rule, they are also unable to assert any claims under liability law because of the limitation periods currently in force.<\/p>\n<p>One of the first steps is to clarify how many of these people actually require action. The round table has recorded the open questions; however, they still need to be examined and discussed in greater depth. Subsequently, the discussion can begin on what the criteria for possible support might look like.<\/p>","protected":false},"excerpt":{"rendered":"<p>Bundesrat Alain Berset hat den Runden Tisch eingesetzt, weil es in der Schweiz asbestgesch\u00e4digte Personen gibt, die durch die Erkrankung in finanzielle Schwierigkeiten geraten k\u00f6nnten. Unter der Leitung von Alt Bundesrat Moritz Leuenberger haben sich am 12. M\u00e4rz \u00a0in Bern Vertreter der Asbestgesch\u00e4digten, des Arbeitgeberverbandes, des Gewerkschaftsbundes, der Suva und von Unternehmen, die Asbest verarbeitet [&hellip;]<\/p>\n","protected":false},"author":1,"featured_media":15974,"comment_status":"open","ping_status":"open","sticky":false,"template":"","format":"standard","meta":{"_acf_changed":false,"pgc_sgb_lightbox_settings":"","footnotes":""},"categories":[1],"tags":[127,128],"class_list":["post-119","post","type-post","status-publish","format-standard","has-post-thumbnail","hentry","category-allgemein","tag-gefaehrliche-stoffe","tag-gifte"],"acf":[],"hkrextid":null,"publication":null,"issue":null,"workflow":null,"startPage":null,"spitzmarke":null,"_posts_by_tag_page_fields":{"widget_title":"","widget_tags":""},"_at_widget":"1","_yoast_wpseo_primary_category":"1","_yoast_wpseo_focuskw_text_input":"Runder Tisch zu Asbest","_yoast_wpseo_opengraph-image":null,"_yoast_wpseo_opengraph-description":null,"_yoast_wpseo_opengraph-title":null,"enclosure":null,"_yoast_wpseo_twitter-title":null,"_yoast_wpseo_twitter-description":null,"_yoast_wpseo_twitter-image":null,"_wp_old_slug":null,"_yoast_wpseo_title":null,"_yoast_wpseo_canonical":null,"yoast_head":"<!-- This site is optimized with the Yoast SEO plugin v27.5 - https:\/\/yoast.com\/product\/yoast-seo-wordpress\/ -->\n<title>Erster Runder Tisch zu Asbest - Save<\/title>\n<meta name=\"description\" content=\"Vertreter Asbestgesch\u00e4digte, Arbeitgeberverband, Gewerkschaftsbund, verschiedener Unternehmen und Suva f\u00fchrten eine Aussprache \u00fcber Ziele und das Vorgehen.\" \/>\n<meta name=\"robots\" content=\"index, follow, max-snippet:-1, max-image-preview:large, max-video-preview:-1\" \/>\n<link rel=\"canonical\" href=\"https:\/\/news.save.ch\/en\/erster-runder-tisch-zu-asbest\/\" \/>\n<meta property=\"og:locale\" content=\"en_US\" \/>\n<meta property=\"og:type\" content=\"article\" \/>\n<meta property=\"og:title\" content=\"Erster Runder Tisch zu Asbest - Save\" \/>\n<meta property=\"og:description\" content=\"Vertreter Asbestgesch\u00e4digte, Arbeitgeberverband, Gewerkschaftsbund, verschiedener Unternehmen und Suva f\u00fchrten eine Aussprache \u00fcber Ziele und das Vorgehen.\" \/>\n<meta property=\"og:url\" content=\"https:\/\/news.save.ch\/en\/erster-runder-tisch-zu-asbest\/\" \/>\n<meta property=\"og:site_name\" content=\"Save\" \/>\n<meta property=\"article:published_time\" content=\"2015-03-16T13:56:44+00:00\" \/>\n<meta property=\"og:image\" content=\"https:\/\/news.save.ch\/wp-content\/uploads\/2016\/12\/55099adeb231d_Depositphotos_10023973_original_safety-plus-scaled-1.jpeg\" \/>\n\t<meta property=\"og:image:width\" content=\"1200\" \/>\n\t<meta property=\"og:image:height\" content=\"803\" \/>\n\t<meta property=\"og:image:type\" content=\"image\/jpeg\" \/>\n<meta name=\"author\" content=\"admin\" \/>\n<meta name=\"twitter:card\" content=\"summary_large_image\" \/>\n<meta name=\"twitter:label1\" content=\"Written by\" \/>\n\t<meta name=\"twitter:data1\" content=\"admin\" \/>\n\t<meta name=\"twitter:label2\" content=\"Est. reading time\" \/>\n\t<meta name=\"twitter:data2\" content=\"1 minute\" \/>\n<script type=\"application\/ld+json\" class=\"yoast-schema-graph\">{\"@context\":\"https:\\\/\\\/schema.org\",\"@graph\":[{\"@type\":\"Article\",\"@id\":\"https:\\\/\\\/news.save.ch\\\/erster-runder-tisch-zu-asbest\\\/#article\",\"isPartOf\":{\"@id\":\"https:\\\/\\\/news.save.ch\\\/erster-runder-tisch-zu-asbest\\\/\"},\"author\":{\"name\":\"admin\",\"@id\":\"https:\\\/\\\/news.save.ch\\\/de\\\/#\\\/schema\\\/person\\\/d49e199490bad7c70d64b9ab51142f2b\"},\"headline\":\"Erster Runder Tisch zu Asbest\",\"datePublished\":\"2015-03-16T13:56:44+00:00\",\"mainEntityOfPage\":{\"@id\":\"https:\\\/\\\/news.save.ch\\\/erster-runder-tisch-zu-asbest\\\/\"},\"wordCount\":246,\"commentCount\":0,\"publisher\":{\"@id\":\"https:\\\/\\\/news.save.ch\\\/de\\\/#organization\"},\"image\":{\"@id\":\"https:\\\/\\\/news.save.ch\\\/erster-runder-tisch-zu-asbest\\\/#primaryimage\"},\"thumbnailUrl\":\"https:\\\/\\\/news.save.ch\\\/wp-content\\\/uploads\\\/2016\\\/12\\\/55099adeb231d_Depositphotos_10023973_original_safety-plus-scaled-1.jpeg\",\"keywords\":[\"Gef\u00e4hrliche Stoffe\",\"Gifte\"],\"articleSection\":[\"ALLGEMEIN\"],\"inLanguage\":\"en-US\"},{\"@type\":\"WebPage\",\"@id\":\"https:\\\/\\\/news.save.ch\\\/erster-runder-tisch-zu-asbest\\\/\",\"url\":\"https:\\\/\\\/news.save.ch\\\/erster-runder-tisch-zu-asbest\\\/\",\"name\":\"Erster Runder Tisch zu Asbest - Save\",\"isPartOf\":{\"@id\":\"https:\\\/\\\/news.save.ch\\\/de\\\/#website\"},\"primaryImageOfPage\":{\"@id\":\"https:\\\/\\\/news.save.ch\\\/erster-runder-tisch-zu-asbest\\\/#primaryimage\"},\"image\":{\"@id\":\"https:\\\/\\\/news.save.ch\\\/erster-runder-tisch-zu-asbest\\\/#primaryimage\"},\"thumbnailUrl\":\"https:\\\/\\\/news.save.ch\\\/wp-content\\\/uploads\\\/2016\\\/12\\\/55099adeb231d_Depositphotos_10023973_original_safety-plus-scaled-1.jpeg\",\"datePublished\":\"2015-03-16T13:56:44+00:00\",\"description\":\"Vertreter Asbestgesch\u00e4digte, Arbeitgeberverband, Gewerkschaftsbund, verschiedener Unternehmen und Suva f\u00fchrten eine Aussprache \u00fcber Ziele und das Vorgehen.\",\"breadcrumb\":{\"@id\":\"https:\\\/\\\/news.save.ch\\\/erster-runder-tisch-zu-asbest\\\/#breadcrumb\"},\"inLanguage\":\"en-US\",\"potentialAction\":[{\"@type\":\"ReadAction\",\"target\":[\"https:\\\/\\\/news.save.ch\\\/erster-runder-tisch-zu-asbest\\\/\"]}]},{\"@type\":\"ImageObject\",\"inLanguage\":\"en-US\",\"@id\":\"https:\\\/\\\/news.save.ch\\\/erster-runder-tisch-zu-asbest\\\/#primaryimage\",\"url\":\"https:\\\/\\\/news.save.ch\\\/wp-content\\\/uploads\\\/2016\\\/12\\\/55099adeb231d_Depositphotos_10023973_original_safety-plus-scaled-1.jpeg\",\"contentUrl\":\"https:\\\/\\\/news.save.ch\\\/wp-content\\\/uploads\\\/2016\\\/12\\\/55099adeb231d_Depositphotos_10023973_original_safety-plus-scaled-1.jpeg\",\"width\":1200,\"height\":803,\"caption\":\"Arbeiten mit Asbest kann Jahre sp\u00e4ter zu Erkrankungen f\u00fchren.\"},{\"@type\":\"BreadcrumbList\",\"@id\":\"https:\\\/\\\/news.save.ch\\\/erster-runder-tisch-zu-asbest\\\/#breadcrumb\",\"itemListElement\":[{\"@type\":\"ListItem\",\"position\":1,\"name\":\"Home\",\"item\":\"https:\\\/\\\/news.save.ch\\\/de\\\/\"},{\"@type\":\"ListItem\",\"position\":2,\"name\":\"Erster Runder Tisch zu Asbest\"}]},{\"@type\":\"WebSite\",\"@id\":\"https:\\\/\\\/news.save.ch\\\/de\\\/#website\",\"url\":\"https:\\\/\\\/news.save.ch\\\/de\\\/\",\"name\":\"Save\",\"description\":\"Schweizer Fachzeitschrift f\u00fcr Sicherheit\",\"publisher\":{\"@id\":\"https:\\\/\\\/news.save.ch\\\/de\\\/#organization\"},\"potentialAction\":[{\"@type\":\"SearchAction\",\"target\":{\"@type\":\"EntryPoint\",\"urlTemplate\":\"https:\\\/\\\/news.save.ch\\\/de\\\/?s={search_term_string}\"},\"query-input\":{\"@type\":\"PropertyValueSpecification\",\"valueRequired\":true,\"valueName\":\"search_term_string\"}}],\"inLanguage\":\"en-US\"},{\"@type\":\"Organization\",\"@id\":\"https:\\\/\\\/news.save.ch\\\/de\\\/#organization\",\"name\":\"Sicherheitsforum\",\"url\":\"https:\\\/\\\/news.save.ch\\\/de\\\/\",\"logo\":{\"@type\":\"ImageObject\",\"inLanguage\":\"en-US\",\"@id\":\"https:\\\/\\\/news.save.ch\\\/de\\\/#\\\/schema\\\/logo\\\/image\\\/\",\"url\":\"https:\\\/\\\/news.save.ch\\\/wp-content\\\/uploads\\\/2022\\\/06\\\/Logo_SF_2012.png\",\"contentUrl\":\"https:\\\/\\\/news.save.ch\\\/wp-content\\\/uploads\\\/2022\\\/06\\\/Logo_SF_2012.png\",\"width\":1100,\"height\":91,\"caption\":\"Sicherheitsforum\"},\"image\":{\"@id\":\"https:\\\/\\\/news.save.ch\\\/de\\\/#\\\/schema\\\/logo\\\/image\\\/\"}},{\"@type\":\"Person\",\"@id\":\"https:\\\/\\\/news.save.ch\\\/de\\\/#\\\/schema\\\/person\\\/d49e199490bad7c70d64b9ab51142f2b\",\"name\":\"admin\",\"image\":{\"@type\":\"ImageObject\",\"inLanguage\":\"en-US\",\"@id\":\"https:\\\/\\\/secure.gravatar.com\\\/avatar\\\/ae2f4d718e6c49043e314ce431e7e645d646302a24a5ef5a8bc8e3f5a032e319?s=96&d=mm&r=g\",\"url\":\"https:\\\/\\\/secure.gravatar.com\\\/avatar\\\/ae2f4d718e6c49043e314ce431e7e645d646302a24a5ef5a8bc8e3f5a032e319?s=96&d=mm&r=g\",\"contentUrl\":\"https:\\\/\\\/secure.gravatar.com\\\/avatar\\\/ae2f4d718e6c49043e314ce431e7e645d646302a24a5ef5a8bc8e3f5a032e319?s=96&d=mm&r=g\",\"caption\":\"admin\"},\"sameAs\":[\"https:\\\/\\\/develop.organisator.galledia.ch\"],\"url\":\"https:\\\/\\\/news.save.ch\\\/en\\\/author\\\/admin\\\/\"}]}<\/script>\n<!-- \/ Yoast SEO plugin. -->","yoast_head_json":{"title":"First round table on asbestos - Save","description":"Representatives of asbestos victims, employers' association, trade union federation, various companies and Suva held a discussion about goals and the procedure.","robots":{"index":"index","follow":"follow","max-snippet":"max-snippet:-1","max-image-preview":"max-image-preview:large","max-video-preview":"max-video-preview:-1"},"canonical":"https:\/\/news.save.ch\/en\/erster-runder-tisch-zu-asbest\/","og_locale":"en_US","og_type":"article","og_title":"Erster Runder Tisch zu Asbest - Save","og_description":"Vertreter Asbestgesch\u00e4digte, Arbeitgeberverband, Gewerkschaftsbund, verschiedener Unternehmen und Suva f\u00fchrten eine Aussprache \u00fcber Ziele und das Vorgehen.","og_url":"https:\/\/news.save.ch\/en\/erster-runder-tisch-zu-asbest\/","og_site_name":"Save","article_published_time":"2015-03-16T13:56:44+00:00","og_image":[{"width":1200,"height":803,"url":"https:\/\/news.save.ch\/wp-content\/uploads\/2016\/12\/55099adeb231d_Depositphotos_10023973_original_safety-plus-scaled-1.jpeg","type":"image\/jpeg"}],"author":"admin","twitter_card":"summary_large_image","twitter_misc":{"Written by":"admin","Est. reading time":"1 minute"},"schema":{"@context":"https:\/\/schema.org","@graph":[{"@type":"Article","@id":"https:\/\/news.save.ch\/erster-runder-tisch-zu-asbest\/#article","isPartOf":{"@id":"https:\/\/news.save.ch\/erster-runder-tisch-zu-asbest\/"},"author":{"name":"admin","@id":"https:\/\/news.save.ch\/de\/#\/schema\/person\/d49e199490bad7c70d64b9ab51142f2b"},"headline":"Erster Runder Tisch zu Asbest","datePublished":"2015-03-16T13:56:44+00:00","mainEntityOfPage":{"@id":"https:\/\/news.save.ch\/erster-runder-tisch-zu-asbest\/"},"wordCount":246,"commentCount":0,"publisher":{"@id":"https:\/\/news.save.ch\/de\/#organization"},"image":{"@id":"https:\/\/news.save.ch\/erster-runder-tisch-zu-asbest\/#primaryimage"},"thumbnailUrl":"https:\/\/news.save.ch\/wp-content\/uploads\/2016\/12\/55099adeb231d_Depositphotos_10023973_original_safety-plus-scaled-1.jpeg","keywords":["Gef\u00e4hrliche Stoffe","Gifte"],"articleSection":["ALLGEMEIN"],"inLanguage":"en-US"},{"@type":"WebPage","@id":"https:\/\/news.save.ch\/erster-runder-tisch-zu-asbest\/","url":"https:\/\/news.save.ch\/erster-runder-tisch-zu-asbest\/","name":"First round table on asbestos - Save","isPartOf":{"@id":"https:\/\/news.save.ch\/de\/#website"},"primaryImageOfPage":{"@id":"https:\/\/news.save.ch\/erster-runder-tisch-zu-asbest\/#primaryimage"},"image":{"@id":"https:\/\/news.save.ch\/erster-runder-tisch-zu-asbest\/#primaryimage"},"thumbnailUrl":"https:\/\/news.save.ch\/wp-content\/uploads\/2016\/12\/55099adeb231d_Depositphotos_10023973_original_safety-plus-scaled-1.jpeg","datePublished":"2015-03-16T13:56:44+00:00","description":"Representatives of asbestos victims, employers' association, trade union federation, various companies and Suva held a discussion about goals and the procedure.","breadcrumb":{"@id":"https:\/\/news.save.ch\/erster-runder-tisch-zu-asbest\/#breadcrumb"},"inLanguage":"en-US","potentialAction":[{"@type":"ReadAction","target":["https:\/\/news.save.ch\/erster-runder-tisch-zu-asbest\/"]}]},{"@type":"ImageObject","inLanguage":"en-US","@id":"https:\/\/news.save.ch\/erster-runder-tisch-zu-asbest\/#primaryimage","url":"https:\/\/news.save.ch\/wp-content\/uploads\/2016\/12\/55099adeb231d_Depositphotos_10023973_original_safety-plus-scaled-1.jpeg","contentUrl":"https:\/\/news.save.ch\/wp-content\/uploads\/2016\/12\/55099adeb231d_Depositphotos_10023973_original_safety-plus-scaled-1.jpeg","width":1200,"height":803,"caption":"Arbeiten mit Asbest kann Jahre sp\u00e4ter zu Erkrankungen f\u00fchren."},{"@type":"BreadcrumbList","@id":"https:\/\/news.save.ch\/erster-runder-tisch-zu-asbest\/#breadcrumb","itemListElement":[{"@type":"ListItem","position":1,"name":"Home","item":"https:\/\/news.save.ch\/de\/"},{"@type":"ListItem","position":2,"name":"Erster Runder Tisch zu Asbest"}]},{"@type":"WebSite","@id":"https:\/\/news.save.ch\/de\/#website","url":"https:\/\/news.save.ch\/de\/","name":"Save","description":"Swiss trade journal for safety","publisher":{"@id":"https:\/\/news.save.ch\/de\/#organization"},"potentialAction":[{"@type":"SearchAction","target":{"@type":"EntryPoint","urlTemplate":"https:\/\/news.save.ch\/de\/?s={search_term_string}"},"query-input":{"@type":"PropertyValueSpecification","valueRequired":true,"valueName":"search_term_string"}}],"inLanguage":"en-US"},{"@type":"Organization","@id":"https:\/\/news.save.ch\/de\/#organization","name":"Security Forum","url":"https:\/\/news.save.ch\/de\/","logo":{"@type":"ImageObject","inLanguage":"en-US","@id":"https:\/\/news.save.ch\/de\/#\/schema\/logo\/image\/","url":"https:\/\/news.save.ch\/wp-content\/uploads\/2022\/06\/Logo_SF_2012.png","contentUrl":"https:\/\/news.save.ch\/wp-content\/uploads\/2022\/06\/Logo_SF_2012.png","width":1100,"height":91,"caption":"Sicherheitsforum"},"image":{"@id":"https:\/\/news.save.ch\/de\/#\/schema\/logo\/image\/"}},{"@type":"Person","@id":"https:\/\/news.save.ch\/de\/#\/schema\/person\/d49e199490bad7c70d64b9ab51142f2b","name":"admin","image":{"@type":"ImageObject","inLanguage":"en-US","@id":"https:\/\/secure.gravatar.com\/avatar\/ae2f4d718e6c49043e314ce431e7e645d646302a24a5ef5a8bc8e3f5a032e319?s=96&d=mm&r=g","url":"https:\/\/secure.gravatar.com\/avatar\/ae2f4d718e6c49043e314ce431e7e645d646302a24a5ef5a8bc8e3f5a032e319?s=96&d=mm&r=g","contentUrl":"https:\/\/secure.gravatar.com\/avatar\/ae2f4d718e6c49043e314ce431e7e645d646302a24a5ef5a8bc8e3f5a032e319?s=96&d=mm&r=g","caption":"admin"},"sameAs":["https:\/\/develop.organisator.galledia.ch"],"url":"https:\/\/news.save.ch\/en\/author\/admin\/"}]}},"_links":{"self":[{"href":"https:\/\/news.save.ch\/en\/wp-json\/wp\/v2\/posts\/119","targetHints":{"allow":["GET"]}}],"collection":[{"href":"https:\/\/news.save.ch\/en\/wp-json\/wp\/v2\/posts"}],"about":[{"href":"https:\/\/news.save.ch\/en\/wp-json\/wp\/v2\/types\/post"}],"author":[{"embeddable":true,"href":"https:\/\/news.save.ch\/en\/wp-json\/wp\/v2\/users\/1"}],"replies":[{"embeddable":true,"href":"https:\/\/news.save.ch\/en\/wp-json\/wp\/v2\/comments?post=119"}],"version-history":[{"count":0,"href":"https:\/\/news.save.ch\/en\/wp-json\/wp\/v2\/posts\/119\/revisions"}],"wp:featuredmedia":[{"embeddable":true,"href":"https:\/\/news.save.ch\/en\/wp-json\/wp\/v2\/media\/15974"}],"wp:attachment":[{"href":"https:\/\/news.save.ch\/en\/wp-json\/wp\/v2\/media?parent=119"}],"wp:term":[{"taxonomy":"category","embeddable":true,"href":"https:\/\/news.save.ch\/en\/wp-json\/wp\/v2\/categories?post=119"},{"taxonomy":"post_tag","embeddable":true,"href":"https:\/\/news.save.ch\/en\/wp-json\/wp\/v2\/tags?post=119"}],"curies":[{"name":"wp","href":"https:\/\/api.w.org\/{rel}","templated":true}]}}