{"id":11979,"date":"2021-05-14T17:20:18","date_gmt":"2021-05-14T15:20:18","guid":{"rendered":"https:\/\/news.save.ch\/?p=11979"},"modified":"2023-08-15T06:06:15","modified_gmt":"2023-08-15T04:06:15","slug":"sicherheitsbranche-konnte-zulegen","status":null,"type":"post","link":"https:\/\/news.save.ch\/en\/sicherheitsbranche-konnte-zulegen\/","title":{"rendered":"Security industry was able to make gains"},"content":{"rendered":"<figure id=\"attachment_11980\" aria-describedby=\"caption-attachment-11980\" style=\"width: 999px\" class=\"wp-caption alignnone\"><img loading=\"lazy\" decoding=\"async\" class=\"wp-image-11980 size-full\" src=\"https:\/\/news.save.ch\/wp-content\/uploads\/2021\/05\/Depositphotos_51837893_s-2019.jpg\" alt=\"Security Industry\" width=\"999\" height=\"667\" srcset=\"https:\/\/news.save.ch\/wp-content\/uploads\/2021\/05\/Depositphotos_51837893_s-2019.jpg 999w, https:\/\/news.save.ch\/wp-content\/uploads\/2021\/05\/Depositphotos_51837893_s-2019-375x250.jpg 375w\" sizes=\"auto, (max-width: 999px) 100vw, 999px\" \/><figcaption id=\"caption-attachment-11980\" class=\"wp-caption-text\">depositphotos<\/figcaption><\/figure>\n<p>The security industry confirms the three-quarter billion despite the Corona crisis. As a survey conducted by the association SES (Swiss Installers of Security Systems) shows.<br \/>\nindustry statistics for 2020, the upswing is continuing despite Covid-19-related influences. Compared to 2019, the industry was able to increase by a further 13 million. This growth of almost two percent is particularly impressive in the current difficult market environment.<\/p>\n<p><img loading=\"lazy\" decoding=\"async\" class=\"alignnone size-medium wp-image-11985\" src=\"https:\/\/news.save.ch\/wp-content\/uploads\/2021\/05\/SES-Statistik-2020_Total-2.png\" alt=\"\" width=\"680\" height=\"464\" srcset=\"https:\/\/news.save.ch\/wp-content\/uploads\/2021\/05\/SES-Statistik-2020_Total-2.png 3561w, https:\/\/news.save.ch\/wp-content\/uploads\/2021\/05\/SES-Statistik-2020_Total-2-375x256.png 375w\" sizes=\"auto, (max-width: 680px) 100vw, 680px\" \/><\/p>\n<p>Nevertheless, there are again a few downers in 2020. It is noticeable that the Security section (EMA, VS, AC) again closed with negative signs in all areas. Price erosion on the one hand and the centralization and consolidation of bank branches, for example, contributed to the renewed decline. Fortunately, the Fire section (BMA, NLA, TLA, GWA, SAA) was able to follow the upward trend that has been ongoing since 2017 and recorded an overall increase of over four percent.<\/p>\n<p><img loading=\"lazy\" decoding=\"async\" class=\"alignnone size-medium wp-image-11987\" src=\"https:\/\/news.save.ch\/wp-content\/uploads\/2021\/05\/SES-Statistik-2020_Sektion-Fire.png\" alt=\"\" width=\"680\" height=\"465\" srcset=\"https:\/\/news.save.ch\/wp-content\/uploads\/2021\/05\/SES-Statistik-2020_Sektion-Fire.png 3561w, https:\/\/news.save.ch\/wp-content\/uploads\/2021\/05\/SES-Statistik-2020_Sektion-Fire-375x256.png 375w\" sizes=\"auto, (max-width: 680px) 100vw, 680px\" \/><\/p>\n<p><em>Source: SES<\/em><\/p>","protected":false},"excerpt":{"rendered":"<p>Die Sicherheitsindustrie best\u00e4tigt trotz Corona-Krise die Drei-Viertel-Milliarde. Wie eine vom Verband SES (Schweizerische Errichter von Sicherheitsanlagen) erhobene Branchenstatistik f\u00fcr das Jahr 2020 aufzeigt, h\u00e4lt der Aufschwung trotz Covid-19-bedingten Einfl\u00fcssen an. Gegen\u00fcber 2019 konnte die Branche um weitere 13 Millionen zulegen. Diese knapp zwei Prozent Wachstum lassen sich insbesondere in aktuell schwierigem Marktumfeld sehen. Trotzdem gibt [&hellip;]<\/p>\n","protected":false},"author":9,"featured_media":11980,"comment_status":"closed","ping_status":"closed","sticky":false,"template":"","format":"standard","meta":{"_acf_changed":false,"pgc_sgb_lightbox_settings":"","footnotes":""},"categories":[1,67],"tags":[5537,5538,450,517,3434],"class_list":["post-11979","post","type-post","status-publish","format-standard","has-post-thumbnail","hentry","category-allgemein","category-brandschutz","tag-branchenstatistik","tag-preiserosionen","tag-ses","tag-sicherheitsindustrie","tag-wachstum"],"acf":[],"hkrextid":null,"publication":null,"issue":null,"workflow":null,"startPage":null,"spitzmarke":null,"_posts_by_tag_page_fields":{"widget_title":"","widget_tags":""},"_at_widget":"1","_yoast_wpseo_primary_category":"1","_yoast_wpseo_focuskw_text_input":null,"_yoast_wpseo_opengraph-image":null,"_yoast_wpseo_opengraph-description":null,"_yoast_wpseo_opengraph-title":null,"enclosure":null,"_yoast_wpseo_twitter-title":null,"_yoast_wpseo_twitter-description":null,"_yoast_wpseo_twitter-image":null,"_wp_old_slug":null,"_yoast_wpseo_title":null,"_yoast_wpseo_canonical":null,"yoast_head":"<!-- This site is optimized with the Yoast SEO plugin v27.5 - https:\/\/yoast.com\/product\/yoast-seo-wordpress\/ -->\n<title>Sicherheitsbranche konnte zulegen - Save<\/title>\n<meta name=\"description\" content=\"Gegen\u00fcber 2019 konnte die Sicherheitsbranchen gut 13 Millionen Franken zulegen. Trotzdem gab es auch im im 2020 wieder ein paar Wermutstropfen.\" \/>\n<meta name=\"robots\" content=\"index, follow, max-snippet:-1, max-image-preview:large, max-video-preview:-1\" \/>\n<link rel=\"canonical\" href=\"https:\/\/news.save.ch\/en\/sicherheitsbranche-konnte-zulegen\/\" \/>\n<meta property=\"og:locale\" content=\"en_US\" \/>\n<meta property=\"og:type\" content=\"article\" \/>\n<meta property=\"og:title\" content=\"Sicherheitsbranche konnte zulegen - Save\" \/>\n<meta property=\"og:description\" content=\"Gegen\u00fcber 2019 konnte die Sicherheitsbranchen gut 13 Millionen Franken zulegen. Trotzdem gab es auch im im 2020 wieder ein paar Wermutstropfen.\" \/>\n<meta property=\"og:url\" content=\"https:\/\/news.save.ch\/en\/sicherheitsbranche-konnte-zulegen\/\" \/>\n<meta property=\"og:site_name\" content=\"Save\" \/>\n<meta property=\"article:published_time\" content=\"2021-05-14T15:20:18+00:00\" \/>\n<meta property=\"article:modified_time\" content=\"2023-08-15T04:06:15+00:00\" \/>\n<meta property=\"og:image\" content=\"https:\/\/news.save.ch\/wp-content\/uploads\/2021\/05\/Depositphotos_51837893_s-2019.jpg\" \/>\n\t<meta property=\"og:image:width\" content=\"999\" \/>\n\t<meta property=\"og:image:height\" content=\"667\" \/>\n\t<meta property=\"og:image:type\" content=\"image\/jpeg\" \/>\n<meta name=\"author\" content=\"Simon Gr\u00f6flin\" \/>\n<meta name=\"twitter:card\" content=\"summary_large_image\" \/>\n<meta name=\"twitter:label1\" content=\"Written by\" \/>\n\t<meta name=\"twitter:data1\" content=\"Simon Gr\u00f6flin\" \/>\n\t<meta name=\"twitter:label2\" content=\"Est. reading time\" \/>\n\t<meta name=\"twitter:data2\" content=\"2 minutes\" \/>\n<script type=\"application\/ld+json\" class=\"yoast-schema-graph\">{\"@context\":\"https:\\\/\\\/schema.org\",\"@graph\":[{\"@type\":\"Article\",\"@id\":\"https:\\\/\\\/news.save.ch\\\/sicherheitsbranche-konnte-zulegen\\\/#article\",\"isPartOf\":{\"@id\":\"https:\\\/\\\/news.save.ch\\\/sicherheitsbranche-konnte-zulegen\\\/\"},\"author\":{\"name\":\"Simon Gr\u00f6flin\",\"@id\":\"https:\\\/\\\/news.save.ch\\\/de\\\/#\\\/schema\\\/person\\\/ad4ef21102fd6125312409ac57d5296d\"},\"headline\":\"Sicherheitsbranche konnte zulegen\",\"datePublished\":\"2021-05-14T15:20:18+00:00\",\"dateModified\":\"2023-08-15T04:06:15+00:00\",\"mainEntityOfPage\":{\"@id\":\"https:\\\/\\\/news.save.ch\\\/sicherheitsbranche-konnte-zulegen\\\/\"},\"wordCount\":140,\"publisher\":{\"@id\":\"https:\\\/\\\/news.save.ch\\\/de\\\/#organization\"},\"image\":{\"@id\":\"https:\\\/\\\/news.save.ch\\\/sicherheitsbranche-konnte-zulegen\\\/#primaryimage\"},\"thumbnailUrl\":\"https:\\\/\\\/news.save.ch\\\/wp-content\\\/uploads\\\/2021\\\/05\\\/Depositphotos_51837893_s-2019.jpg\",\"keywords\":[\"Branchenstatistik\",\"Preiserosionen\",\"SES\",\"Sicherheitsindustrie\",\"Wachstum\"],\"articleSection\":[\"ALLGEMEIN\",\"BRANDSCHUTZ\"],\"inLanguage\":\"en-US\"},{\"@type\":\"WebPage\",\"@id\":\"https:\\\/\\\/news.save.ch\\\/sicherheitsbranche-konnte-zulegen\\\/\",\"url\":\"https:\\\/\\\/news.save.ch\\\/sicherheitsbranche-konnte-zulegen\\\/\",\"name\":\"Sicherheitsbranche konnte zulegen - Save\",\"isPartOf\":{\"@id\":\"https:\\\/\\\/news.save.ch\\\/de\\\/#website\"},\"primaryImageOfPage\":{\"@id\":\"https:\\\/\\\/news.save.ch\\\/sicherheitsbranche-konnte-zulegen\\\/#primaryimage\"},\"image\":{\"@id\":\"https:\\\/\\\/news.save.ch\\\/sicherheitsbranche-konnte-zulegen\\\/#primaryimage\"},\"thumbnailUrl\":\"https:\\\/\\\/news.save.ch\\\/wp-content\\\/uploads\\\/2021\\\/05\\\/Depositphotos_51837893_s-2019.jpg\",\"datePublished\":\"2021-05-14T15:20:18+00:00\",\"dateModified\":\"2023-08-15T04:06:15+00:00\",\"description\":\"Gegen\u00fcber 2019 konnte die Sicherheitsbranchen gut 13 Millionen Franken zulegen. Trotzdem gab es auch im im 2020 wieder ein paar Wermutstropfen.\",\"breadcrumb\":{\"@id\":\"https:\\\/\\\/news.save.ch\\\/sicherheitsbranche-konnte-zulegen\\\/#breadcrumb\"},\"inLanguage\":\"en-US\",\"potentialAction\":[{\"@type\":\"ReadAction\",\"target\":[\"https:\\\/\\\/news.save.ch\\\/sicherheitsbranche-konnte-zulegen\\\/\"]}]},{\"@type\":\"ImageObject\",\"inLanguage\":\"en-US\",\"@id\":\"https:\\\/\\\/news.save.ch\\\/sicherheitsbranche-konnte-zulegen\\\/#primaryimage\",\"url\":\"https:\\\/\\\/news.save.ch\\\/wp-content\\\/uploads\\\/2021\\\/05\\\/Depositphotos_51837893_s-2019.jpg\",\"contentUrl\":\"https:\\\/\\\/news.save.ch\\\/wp-content\\\/uploads\\\/2021\\\/05\\\/Depositphotos_51837893_s-2019.jpg\",\"width\":999,\"height\":667,\"caption\":\"security guard controlling indoor entrance gate\"},{\"@type\":\"BreadcrumbList\",\"@id\":\"https:\\\/\\\/news.save.ch\\\/sicherheitsbranche-konnte-zulegen\\\/#breadcrumb\",\"itemListElement\":[{\"@type\":\"ListItem\",\"position\":1,\"name\":\"Home\",\"item\":\"https:\\\/\\\/news.save.ch\\\/de\\\/\"},{\"@type\":\"ListItem\",\"position\":2,\"name\":\"Sicherheitsbranche konnte zulegen\"}]},{\"@type\":\"WebSite\",\"@id\":\"https:\\\/\\\/news.save.ch\\\/de\\\/#website\",\"url\":\"https:\\\/\\\/news.save.ch\\\/de\\\/\",\"name\":\"Save\",\"description\":\"Schweizer Fachzeitschrift f\u00fcr Sicherheit\",\"publisher\":{\"@id\":\"https:\\\/\\\/news.save.ch\\\/de\\\/#organization\"},\"potentialAction\":[{\"@type\":\"SearchAction\",\"target\":{\"@type\":\"EntryPoint\",\"urlTemplate\":\"https:\\\/\\\/news.save.ch\\\/de\\\/?s={search_term_string}\"},\"query-input\":{\"@type\":\"PropertyValueSpecification\",\"valueRequired\":true,\"valueName\":\"search_term_string\"}}],\"inLanguage\":\"en-US\"},{\"@type\":\"Organization\",\"@id\":\"https:\\\/\\\/news.save.ch\\\/de\\\/#organization\",\"name\":\"Sicherheitsforum\",\"url\":\"https:\\\/\\\/news.save.ch\\\/de\\\/\",\"logo\":{\"@type\":\"ImageObject\",\"inLanguage\":\"en-US\",\"@id\":\"https:\\\/\\\/news.save.ch\\\/de\\\/#\\\/schema\\\/logo\\\/image\\\/\",\"url\":\"https:\\\/\\\/news.save.ch\\\/wp-content\\\/uploads\\\/2022\\\/06\\\/Logo_SF_2012.png\",\"contentUrl\":\"https:\\\/\\\/news.save.ch\\\/wp-content\\\/uploads\\\/2022\\\/06\\\/Logo_SF_2012.png\",\"width\":1100,\"height\":91,\"caption\":\"Sicherheitsforum\"},\"image\":{\"@id\":\"https:\\\/\\\/news.save.ch\\\/de\\\/#\\\/schema\\\/logo\\\/image\\\/\"}},{\"@type\":\"Person\",\"@id\":\"https:\\\/\\\/news.save.ch\\\/de\\\/#\\\/schema\\\/person\\\/ad4ef21102fd6125312409ac57d5296d\",\"name\":\"Simon Gr\u00f6flin\",\"image\":{\"@type\":\"ImageObject\",\"inLanguage\":\"en-US\",\"@id\":\"https:\\\/\\\/secure.gravatar.com\\\/avatar\\\/6ddceb80eb734354635539e0ea5140bb7c41e42de7c45c9a2ab9921b5d5c9a83?s=96&d=mm&r=g\",\"url\":\"https:\\\/\\\/secure.gravatar.com\\\/avatar\\\/6ddceb80eb734354635539e0ea5140bb7c41e42de7c45c9a2ab9921b5d5c9a83?s=96&d=mm&r=g\",\"contentUrl\":\"https:\\\/\\\/secure.gravatar.com\\\/avatar\\\/6ddceb80eb734354635539e0ea5140bb7c41e42de7c45c9a2ab9921b5d5c9a83?s=96&d=mm&r=g\",\"caption\":\"Simon Gr\u00f6flin\"},\"url\":\"https:\\\/\\\/news.save.ch\\\/en\\\/author\\\/simon-groeflin\\\/\"}]}<\/script>\n<!-- \/ Yoast SEO plugin. -->","yoast_head_json":{"title":"Security industry could increase - Save","description":"Compared to 2019, the security industry was able to increase by a good 13 million Swiss francs. Nevertheless, there were again a few drops of bitterness in 2020.","robots":{"index":"index","follow":"follow","max-snippet":"max-snippet:-1","max-image-preview":"max-image-preview:large","max-video-preview":"max-video-preview:-1"},"canonical":"https:\/\/news.save.ch\/en\/sicherheitsbranche-konnte-zulegen\/","og_locale":"en_US","og_type":"article","og_title":"Sicherheitsbranche konnte zulegen - Save","og_description":"Gegen\u00fcber 2019 konnte die Sicherheitsbranchen gut 13 Millionen Franken zulegen. Trotzdem gab es auch im im 2020 wieder ein paar Wermutstropfen.","og_url":"https:\/\/news.save.ch\/en\/sicherheitsbranche-konnte-zulegen\/","og_site_name":"Save","article_published_time":"2021-05-14T15:20:18+00:00","article_modified_time":"2023-08-15T04:06:15+00:00","og_image":[{"width":999,"height":667,"url":"https:\/\/news.save.ch\/wp-content\/uploads\/2021\/05\/Depositphotos_51837893_s-2019.jpg","type":"image\/jpeg"}],"author":"Simon Gr\u00f6flin","twitter_card":"summary_large_image","twitter_misc":{"Written by":"Simon Gr\u00f6flin","Est. reading time":"2 minutes"},"schema":{"@context":"https:\/\/schema.org","@graph":[{"@type":"Article","@id":"https:\/\/news.save.ch\/sicherheitsbranche-konnte-zulegen\/#article","isPartOf":{"@id":"https:\/\/news.save.ch\/sicherheitsbranche-konnte-zulegen\/"},"author":{"name":"Simon Gr\u00f6flin","@id":"https:\/\/news.save.ch\/de\/#\/schema\/person\/ad4ef21102fd6125312409ac57d5296d"},"headline":"Sicherheitsbranche konnte zulegen","datePublished":"2021-05-14T15:20:18+00:00","dateModified":"2023-08-15T04:06:15+00:00","mainEntityOfPage":{"@id":"https:\/\/news.save.ch\/sicherheitsbranche-konnte-zulegen\/"},"wordCount":140,"publisher":{"@id":"https:\/\/news.save.ch\/de\/#organization"},"image":{"@id":"https:\/\/news.save.ch\/sicherheitsbranche-konnte-zulegen\/#primaryimage"},"thumbnailUrl":"https:\/\/news.save.ch\/wp-content\/uploads\/2021\/05\/Depositphotos_51837893_s-2019.jpg","keywords":["Branchenstatistik","Preiserosionen","SES","Sicherheitsindustrie","Wachstum"],"articleSection":["ALLGEMEIN","BRANDSCHUTZ"],"inLanguage":"en-US"},{"@type":"WebPage","@id":"https:\/\/news.save.ch\/sicherheitsbranche-konnte-zulegen\/","url":"https:\/\/news.save.ch\/sicherheitsbranche-konnte-zulegen\/","name":"Security industry could increase - Save","isPartOf":{"@id":"https:\/\/news.save.ch\/de\/#website"},"primaryImageOfPage":{"@id":"https:\/\/news.save.ch\/sicherheitsbranche-konnte-zulegen\/#primaryimage"},"image":{"@id":"https:\/\/news.save.ch\/sicherheitsbranche-konnte-zulegen\/#primaryimage"},"thumbnailUrl":"https:\/\/news.save.ch\/wp-content\/uploads\/2021\/05\/Depositphotos_51837893_s-2019.jpg","datePublished":"2021-05-14T15:20:18+00:00","dateModified":"2023-08-15T04:06:15+00:00","description":"Compared to 2019, the security industry was able to increase by a good 13 million Swiss francs. Nevertheless, there were again a few drops of bitterness in 2020.","breadcrumb":{"@id":"https:\/\/news.save.ch\/sicherheitsbranche-konnte-zulegen\/#breadcrumb"},"inLanguage":"en-US","potentialAction":[{"@type":"ReadAction","target":["https:\/\/news.save.ch\/sicherheitsbranche-konnte-zulegen\/"]}]},{"@type":"ImageObject","inLanguage":"en-US","@id":"https:\/\/news.save.ch\/sicherheitsbranche-konnte-zulegen\/#primaryimage","url":"https:\/\/news.save.ch\/wp-content\/uploads\/2021\/05\/Depositphotos_51837893_s-2019.jpg","contentUrl":"https:\/\/news.save.ch\/wp-content\/uploads\/2021\/05\/Depositphotos_51837893_s-2019.jpg","width":999,"height":667,"caption":"security guard controlling indoor entrance gate"},{"@type":"BreadcrumbList","@id":"https:\/\/news.save.ch\/sicherheitsbranche-konnte-zulegen\/#breadcrumb","itemListElement":[{"@type":"ListItem","position":1,"name":"Home","item":"https:\/\/news.save.ch\/de\/"},{"@type":"ListItem","position":2,"name":"Sicherheitsbranche konnte zulegen"}]},{"@type":"WebSite","@id":"https:\/\/news.save.ch\/de\/#website","url":"https:\/\/news.save.ch\/de\/","name":"Save","description":"Swiss trade journal for safety","publisher":{"@id":"https:\/\/news.save.ch\/de\/#organization"},"potentialAction":[{"@type":"SearchAction","target":{"@type":"EntryPoint","urlTemplate":"https:\/\/news.save.ch\/de\/?s={search_term_string}"},"query-input":{"@type":"PropertyValueSpecification","valueRequired":true,"valueName":"search_term_string"}}],"inLanguage":"en-US"},{"@type":"Organization","@id":"https:\/\/news.save.ch\/de\/#organization","name":"Security Forum","url":"https:\/\/news.save.ch\/de\/","logo":{"@type":"ImageObject","inLanguage":"en-US","@id":"https:\/\/news.save.ch\/de\/#\/schema\/logo\/image\/","url":"https:\/\/news.save.ch\/wp-content\/uploads\/2022\/06\/Logo_SF_2012.png","contentUrl":"https:\/\/news.save.ch\/wp-content\/uploads\/2022\/06\/Logo_SF_2012.png","width":1100,"height":91,"caption":"Sicherheitsforum"},"image":{"@id":"https:\/\/news.save.ch\/de\/#\/schema\/logo\/image\/"}},{"@type":"Person","@id":"https:\/\/news.save.ch\/de\/#\/schema\/person\/ad4ef21102fd6125312409ac57d5296d","name":"Simon Gr\u00f6flin","image":{"@type":"ImageObject","inLanguage":"en-US","@id":"https:\/\/secure.gravatar.com\/avatar\/6ddceb80eb734354635539e0ea5140bb7c41e42de7c45c9a2ab9921b5d5c9a83?s=96&d=mm&r=g","url":"https:\/\/secure.gravatar.com\/avatar\/6ddceb80eb734354635539e0ea5140bb7c41e42de7c45c9a2ab9921b5d5c9a83?s=96&d=mm&r=g","contentUrl":"https:\/\/secure.gravatar.com\/avatar\/6ddceb80eb734354635539e0ea5140bb7c41e42de7c45c9a2ab9921b5d5c9a83?s=96&d=mm&r=g","caption":"Simon Gr\u00f6flin"},"url":"https:\/\/news.save.ch\/en\/author\/simon-groeflin\/"}]}},"_links":{"self":[{"href":"https:\/\/news.save.ch\/en\/wp-json\/wp\/v2\/posts\/11979","targetHints":{"allow":["GET"]}}],"collection":[{"href":"https:\/\/news.save.ch\/en\/wp-json\/wp\/v2\/posts"}],"about":[{"href":"https:\/\/news.save.ch\/en\/wp-json\/wp\/v2\/types\/post"}],"author":[{"embeddable":true,"href":"https:\/\/news.save.ch\/en\/wp-json\/wp\/v2\/users\/9"}],"replies":[{"embeddable":true,"href":"https:\/\/news.save.ch\/en\/wp-json\/wp\/v2\/comments?post=11979"}],"version-history":[{"count":3,"href":"https:\/\/news.save.ch\/en\/wp-json\/wp\/v2\/posts\/11979\/revisions"}],"predecessor-version":[{"id":21052,"href":"https:\/\/news.save.ch\/en\/wp-json\/wp\/v2\/posts\/11979\/revisions\/21052"}],"wp:featuredmedia":[{"embeddable":true,"href":"https:\/\/news.save.ch\/en\/wp-json\/wp\/v2\/media\/11980"}],"wp:attachment":[{"href":"https:\/\/news.save.ch\/en\/wp-json\/wp\/v2\/media?parent=11979"}],"wp:term":[{"taxonomy":"category","embeddable":true,"href":"https:\/\/news.save.ch\/en\/wp-json\/wp\/v2\/categories?post=11979"},{"taxonomy":"post_tag","embeddable":true,"href":"https:\/\/news.save.ch\/en\/wp-json\/wp\/v2\/tags?post=11979"}],"curies":[{"name":"wp","href":"https:\/\/api.w.org\/{rel}","templated":true}]}}