{"id":11990,"date":"2021-05-18T09:47:05","date_gmt":"2021-05-18T07:47:05","guid":{"rendered":"https:\/\/news.save.ch\/?p=11990"},"modified":"2023-08-09T01:15:19","modified_gmt":"2023-08-08T23:15:19","slug":"adobe-warnt-vor-mehreren-sicherheitsluecken","status":null,"type":"post","link":"https:\/\/news.save.ch\/en\/adobe-warnt-vor-mehreren-sicherheitsluecken\/","title":{"rendered":"Adobe warns of multiple security vulnerabilities"},"content":{"rendered":"<figure id=\"attachment_11939\" aria-describedby=\"caption-attachment-11939\" style=\"width: 1000px\" class=\"wp-caption alignnone\"><img loading=\"lazy\" decoding=\"async\" class=\"wp-image-11939 size-full\" src=\"https:\/\/news.save.ch\/wp-content\/uploads\/2021\/05\/Depositphotos_22243267_s-2019.jpg\" alt=\"Adobe\" width=\"1000\" height=\"667\" srcset=\"https:\/\/news.save.ch\/wp-content\/uploads\/2021\/05\/Depositphotos_22243267_s-2019.jpg 1000w, https:\/\/news.save.ch\/wp-content\/uploads\/2021\/05\/Depositphotos_22243267_s-2019-375x250.jpg 375w\" sizes=\"auto, (max-width: 1000px) 100vw, 1000px\" \/><figcaption id=\"caption-attachment-11939\" class=\"wp-caption-text\">\u00a9depositphotos, bizoon<\/figcaption><\/figure>\n<p>Adobe <a href=\"https:\/\/helpx.adobe.com\/security\/products\/acrobat\/apsb21-29.html\" target=\"_blank\" rel=\"noopener\">warns<\/a> against several critical vulnerabilities in Adobe Acrobat and Reader. The vulnerability <a href=\"https:\/\/cve.mitre.org\/cgi-bin\/cvename.cgi?name=CVE-2021-28550\" target=\"_blank\" rel=\"noopener\">CVE-2021-28550<\/a> allows executing malicious code on the computer and possibly spying on users' information.<\/p>\n<p>All it takes is to send users a manipulated PDF. Adobe recommends users update Adobe Acrobat and Reader to the latest versions. The update 2021.001.20155, which fixes the vulnerability, is already available. <a href=\"https:\/\/get.adobe.com\/de\/reader\/\" target=\"_blank\" rel=\"noopener\">ready for download<\/a>.<\/p>\n<p><em>Source: Adobe Security Bulletin<\/em><\/p>","protected":false},"excerpt":{"rendered":"<p>Adobe warnt vor mehreren kritischen Sicherheitsl\u00fccken bei Adobe Acrobat und Reader. Die Schwachstelle CVE-2021-28550 erlaubt es, Schadcode auf dem Rechner auszuf\u00fchren und gegebenenfalls Informationen der Nutzer zu ersp\u00e4hen. Dazu gen\u00fcgt es, Anwendern ein manipuliertes PDF zuzustellen. Adobe empfiehlt Nutzern, Adobe Acrobat und Reader auf die neusten Versionen aufzudatieren. Das Update 2021.001.20155, welches die Schwachstelle behebt, [&hellip;]<\/p>\n","protected":false},"author":9,"featured_media":11939,"comment_status":"closed","ping_status":"closed","sticky":false,"template":"","format":"standard","meta":{"_acf_changed":false,"pgc_sgb_lightbox_settings":"","footnotes":""},"categories":[1],"tags":[5533,5205,5534,5535,4224],"class_list":["post-11990","post","type-post","status-publish","format-standard","has-post-thumbnail","hentry","category-allgemein","tag-acrobat","tag-adobe","tag-reader","tag-schadcode","tag-sicherheitsluecken"],"acf":[],"hkrextid":null,"publication":null,"issue":null,"workflow":null,"startPage":null,"spitzmarke":null,"_posts_by_tag_page_fields":{"widget_title":"","widget_tags":""},"_at_widget":"1","_yoast_wpseo_primary_category":"","_yoast_wpseo_focuskw_text_input":null,"_yoast_wpseo_opengraph-image":null,"_yoast_wpseo_opengraph-description":null,"_yoast_wpseo_opengraph-title":null,"enclosure":null,"_yoast_wpseo_twitter-title":null,"_yoast_wpseo_twitter-description":null,"_yoast_wpseo_twitter-image":null,"_wp_old_slug":null,"_yoast_wpseo_title":null,"_yoast_wpseo_canonical":null,"yoast_head":"<!-- This site is optimized with the Yoast SEO plugin v27.4 - https:\/\/yoast.com\/product\/yoast-seo-wordpress\/ -->\n<title>Adobe warnt vor mehreren Sicherheitsl\u00fccken - Save<\/title>\n<meta name=\"description\" content=\"Der Adobe Reader wird immer wieder einmal Ziel von Hackerattacken. Diesmal wurden Windows-Anwender Ofer einer Sicherheitsl\u00fccke. Die Schwachstelle ist inzwischen behoben. Adobe r\u00e4t zu einem schnellen Update.\" \/>\n<meta name=\"robots\" content=\"index, follow, max-snippet:-1, max-image-preview:large, max-video-preview:-1\" \/>\n<link rel=\"canonical\" href=\"https:\/\/news.save.ch\/en\/adobe-warnt-vor-mehreren-sicherheitsluecken\/\" \/>\n<meta property=\"og:locale\" content=\"en_US\" \/>\n<meta property=\"og:type\" content=\"article\" \/>\n<meta property=\"og:title\" content=\"Adobe warnt vor mehreren Sicherheitsl\u00fccken - Save\" \/>\n<meta property=\"og:description\" content=\"Der Adobe Reader wird immer wieder einmal Ziel von Hackerattacken. Diesmal wurden Windows-Anwender Ofer einer Sicherheitsl\u00fccke. Die Schwachstelle ist inzwischen behoben. Adobe r\u00e4t zu einem schnellen Update.\" \/>\n<meta property=\"og:url\" content=\"https:\/\/news.save.ch\/en\/adobe-warnt-vor-mehreren-sicherheitsluecken\/\" \/>\n<meta property=\"og:site_name\" content=\"Save\" \/>\n<meta property=\"article:published_time\" content=\"2021-05-18T07:47:05+00:00\" \/>\n<meta property=\"article:modified_time\" content=\"2023-08-08T23:15:19+00:00\" \/>\n<meta property=\"og:image\" content=\"https:\/\/news.save.ch\/wp-content\/uploads\/2021\/05\/Depositphotos_22243267_s-2019.jpg\" \/>\n\t<meta property=\"og:image:width\" content=\"1000\" \/>\n\t<meta property=\"og:image:height\" content=\"667\" \/>\n\t<meta property=\"og:image:type\" content=\"image\/jpeg\" \/>\n<meta name=\"author\" content=\"Simon Gr\u00f6flin\" \/>\n<meta name=\"twitter:card\" content=\"summary_large_image\" \/>\n<meta name=\"twitter:label1\" content=\"Written by\" \/>\n\t<meta name=\"twitter:data1\" content=\"Simon Gr\u00f6flin\" \/>\n\t<meta name=\"twitter:label2\" content=\"Est. reading time\" \/>\n\t<meta name=\"twitter:data2\" content=\"1 minute\" \/>\n<script type=\"application\/ld+json\" class=\"yoast-schema-graph\">{\"@context\":\"https:\\\/\\\/schema.org\",\"@graph\":[{\"@type\":\"Article\",\"@id\":\"https:\\\/\\\/news.save.ch\\\/adobe-warnt-vor-mehreren-sicherheitsluecken\\\/#article\",\"isPartOf\":{\"@id\":\"https:\\\/\\\/news.save.ch\\\/adobe-warnt-vor-mehreren-sicherheitsluecken\\\/\"},\"author\":{\"name\":\"Simon Gr\u00f6flin\",\"@id\":\"https:\\\/\\\/news.save.ch\\\/de\\\/#\\\/schema\\\/person\\\/ad4ef21102fd6125312409ac57d5296d\"},\"headline\":\"Adobe warnt vor mehreren Sicherheitsl\u00fccken\",\"datePublished\":\"2021-05-18T07:47:05+00:00\",\"dateModified\":\"2023-08-08T23:15:19+00:00\",\"mainEntityOfPage\":{\"@id\":\"https:\\\/\\\/news.save.ch\\\/adobe-warnt-vor-mehreren-sicherheitsluecken\\\/\"},\"wordCount\":83,\"publisher\":{\"@id\":\"https:\\\/\\\/news.save.ch\\\/de\\\/#organization\"},\"image\":{\"@id\":\"https:\\\/\\\/news.save.ch\\\/adobe-warnt-vor-mehreren-sicherheitsluecken\\\/#primaryimage\"},\"thumbnailUrl\":\"https:\\\/\\\/news.save.ch\\\/wp-content\\\/uploads\\\/2021\\\/05\\\/Depositphotos_22243267_s-2019.jpg\",\"keywords\":[\"Acrobat\",\"Adobe\",\"Reader\",\"Schadcode\",\"Sicherheitsl\u00fccken\"],\"articleSection\":[\"ALLGEMEIN\"],\"inLanguage\":\"en-US\"},{\"@type\":\"WebPage\",\"@id\":\"https:\\\/\\\/news.save.ch\\\/adobe-warnt-vor-mehreren-sicherheitsluecken\\\/\",\"url\":\"https:\\\/\\\/news.save.ch\\\/adobe-warnt-vor-mehreren-sicherheitsluecken\\\/\",\"name\":\"Adobe warnt vor mehreren Sicherheitsl\u00fccken - Save\",\"isPartOf\":{\"@id\":\"https:\\\/\\\/news.save.ch\\\/de\\\/#website\"},\"primaryImageOfPage\":{\"@id\":\"https:\\\/\\\/news.save.ch\\\/adobe-warnt-vor-mehreren-sicherheitsluecken\\\/#primaryimage\"},\"image\":{\"@id\":\"https:\\\/\\\/news.save.ch\\\/adobe-warnt-vor-mehreren-sicherheitsluecken\\\/#primaryimage\"},\"thumbnailUrl\":\"https:\\\/\\\/news.save.ch\\\/wp-content\\\/uploads\\\/2021\\\/05\\\/Depositphotos_22243267_s-2019.jpg\",\"datePublished\":\"2021-05-18T07:47:05+00:00\",\"dateModified\":\"2023-08-08T23:15:19+00:00\",\"description\":\"Der Adobe Reader wird immer wieder einmal Ziel von Hackerattacken. Diesmal wurden Windows-Anwender Ofer einer Sicherheitsl\u00fccke. Die Schwachstelle ist inzwischen behoben. Adobe r\u00e4t zu einem schnellen Update.\",\"breadcrumb\":{\"@id\":\"https:\\\/\\\/news.save.ch\\\/adobe-warnt-vor-mehreren-sicherheitsluecken\\\/#breadcrumb\"},\"inLanguage\":\"en-US\",\"potentialAction\":[{\"@type\":\"ReadAction\",\"target\":[\"https:\\\/\\\/news.save.ch\\\/adobe-warnt-vor-mehreren-sicherheitsluecken\\\/\"]}]},{\"@type\":\"ImageObject\",\"inLanguage\":\"en-US\",\"@id\":\"https:\\\/\\\/news.save.ch\\\/adobe-warnt-vor-mehreren-sicherheitsluecken\\\/#primaryimage\",\"url\":\"https:\\\/\\\/news.save.ch\\\/wp-content\\\/uploads\\\/2021\\\/05\\\/Depositphotos_22243267_s-2019.jpg\",\"contentUrl\":\"https:\\\/\\\/news.save.ch\\\/wp-content\\\/uploads\\\/2021\\\/05\\\/Depositphotos_22243267_s-2019.jpg\",\"width\":1000,\"height\":667,\"caption\":\"\u00a9depositphotos, bizoon\"},{\"@type\":\"BreadcrumbList\",\"@id\":\"https:\\\/\\\/news.save.ch\\\/adobe-warnt-vor-mehreren-sicherheitsluecken\\\/#breadcrumb\",\"itemListElement\":[{\"@type\":\"ListItem\",\"position\":1,\"name\":\"Home\",\"item\":\"https:\\\/\\\/news.save.ch\\\/de\\\/\"},{\"@type\":\"ListItem\",\"position\":2,\"name\":\"Adobe warnt vor mehreren Sicherheitsl\u00fccken\"}]},{\"@type\":\"WebSite\",\"@id\":\"https:\\\/\\\/news.save.ch\\\/de\\\/#website\",\"url\":\"https:\\\/\\\/news.save.ch\\\/de\\\/\",\"name\":\"Save\",\"description\":\"Schweizer Fachzeitschrift f\u00fcr Sicherheit\",\"publisher\":{\"@id\":\"https:\\\/\\\/news.save.ch\\\/de\\\/#organization\"},\"potentialAction\":[{\"@type\":\"SearchAction\",\"target\":{\"@type\":\"EntryPoint\",\"urlTemplate\":\"https:\\\/\\\/news.save.ch\\\/de\\\/?s={search_term_string}\"},\"query-input\":{\"@type\":\"PropertyValueSpecification\",\"valueRequired\":true,\"valueName\":\"search_term_string\"}}],\"inLanguage\":\"en-US\"},{\"@type\":\"Organization\",\"@id\":\"https:\\\/\\\/news.save.ch\\\/de\\\/#organization\",\"name\":\"Sicherheitsforum\",\"url\":\"https:\\\/\\\/news.save.ch\\\/de\\\/\",\"logo\":{\"@type\":\"ImageObject\",\"inLanguage\":\"en-US\",\"@id\":\"https:\\\/\\\/news.save.ch\\\/de\\\/#\\\/schema\\\/logo\\\/image\\\/\",\"url\":\"https:\\\/\\\/news.save.ch\\\/wp-content\\\/uploads\\\/2022\\\/06\\\/Logo_SF_2012.png\",\"contentUrl\":\"https:\\\/\\\/news.save.ch\\\/wp-content\\\/uploads\\\/2022\\\/06\\\/Logo_SF_2012.png\",\"width\":1100,\"height\":91,\"caption\":\"Sicherheitsforum\"},\"image\":{\"@id\":\"https:\\\/\\\/news.save.ch\\\/de\\\/#\\\/schema\\\/logo\\\/image\\\/\"}},{\"@type\":\"Person\",\"@id\":\"https:\\\/\\\/news.save.ch\\\/de\\\/#\\\/schema\\\/person\\\/ad4ef21102fd6125312409ac57d5296d\",\"name\":\"Simon Gr\u00f6flin\",\"image\":{\"@type\":\"ImageObject\",\"inLanguage\":\"en-US\",\"@id\":\"https:\\\/\\\/secure.gravatar.com\\\/avatar\\\/6ddceb80eb734354635539e0ea5140bb7c41e42de7c45c9a2ab9921b5d5c9a83?s=96&d=mm&r=g\",\"url\":\"https:\\\/\\\/secure.gravatar.com\\\/avatar\\\/6ddceb80eb734354635539e0ea5140bb7c41e42de7c45c9a2ab9921b5d5c9a83?s=96&d=mm&r=g\",\"contentUrl\":\"https:\\\/\\\/secure.gravatar.com\\\/avatar\\\/6ddceb80eb734354635539e0ea5140bb7c41e42de7c45c9a2ab9921b5d5c9a83?s=96&d=mm&r=g\",\"caption\":\"Simon Gr\u00f6flin\"},\"url\":\"https:\\\/\\\/news.save.ch\\\/en\\\/author\\\/simon-groeflin\\\/\"}]}<\/script>\n<!-- \/ Yoast SEO plugin. -->","yoast_head_json":{"title":"Adobe warns of several security vulnerabilities - Save","description":"Adobe Reader is a frequent target of hacker attacks. This time, Windows users fell victim to a security vulnerability. The vulnerability has since been fixed. Adobe advises users to update quickly.","robots":{"index":"index","follow":"follow","max-snippet":"max-snippet:-1","max-image-preview":"max-image-preview:large","max-video-preview":"max-video-preview:-1"},"canonical":"https:\/\/news.save.ch\/en\/adobe-warnt-vor-mehreren-sicherheitsluecken\/","og_locale":"en_US","og_type":"article","og_title":"Adobe warnt vor mehreren Sicherheitsl\u00fccken - Save","og_description":"Der Adobe Reader wird immer wieder einmal Ziel von Hackerattacken. Diesmal wurden Windows-Anwender Ofer einer Sicherheitsl\u00fccke. Die Schwachstelle ist inzwischen behoben. Adobe r\u00e4t zu einem schnellen Update.","og_url":"https:\/\/news.save.ch\/en\/adobe-warnt-vor-mehreren-sicherheitsluecken\/","og_site_name":"Save","article_published_time":"2021-05-18T07:47:05+00:00","article_modified_time":"2023-08-08T23:15:19+00:00","og_image":[{"width":1000,"height":667,"url":"https:\/\/news.save.ch\/wp-content\/uploads\/2021\/05\/Depositphotos_22243267_s-2019.jpg","type":"image\/jpeg"}],"author":"Simon Gr\u00f6flin","twitter_card":"summary_large_image","twitter_misc":{"Written by":"Simon Gr\u00f6flin","Est. reading time":"1 minute"},"schema":{"@context":"https:\/\/schema.org","@graph":[{"@type":"Article","@id":"https:\/\/news.save.ch\/adobe-warnt-vor-mehreren-sicherheitsluecken\/#article","isPartOf":{"@id":"https:\/\/news.save.ch\/adobe-warnt-vor-mehreren-sicherheitsluecken\/"},"author":{"name":"Simon Gr\u00f6flin","@id":"https:\/\/news.save.ch\/de\/#\/schema\/person\/ad4ef21102fd6125312409ac57d5296d"},"headline":"Adobe warnt vor mehreren Sicherheitsl\u00fccken","datePublished":"2021-05-18T07:47:05+00:00","dateModified":"2023-08-08T23:15:19+00:00","mainEntityOfPage":{"@id":"https:\/\/news.save.ch\/adobe-warnt-vor-mehreren-sicherheitsluecken\/"},"wordCount":83,"publisher":{"@id":"https:\/\/news.save.ch\/de\/#organization"},"image":{"@id":"https:\/\/news.save.ch\/adobe-warnt-vor-mehreren-sicherheitsluecken\/#primaryimage"},"thumbnailUrl":"https:\/\/news.save.ch\/wp-content\/uploads\/2021\/05\/Depositphotos_22243267_s-2019.jpg","keywords":["Acrobat","Adobe","Reader","Schadcode","Sicherheitsl\u00fccken"],"articleSection":["ALLGEMEIN"],"inLanguage":"en-US"},{"@type":"WebPage","@id":"https:\/\/news.save.ch\/adobe-warnt-vor-mehreren-sicherheitsluecken\/","url":"https:\/\/news.save.ch\/adobe-warnt-vor-mehreren-sicherheitsluecken\/","name":"Adobe warns of several security vulnerabilities - Save","isPartOf":{"@id":"https:\/\/news.save.ch\/de\/#website"},"primaryImageOfPage":{"@id":"https:\/\/news.save.ch\/adobe-warnt-vor-mehreren-sicherheitsluecken\/#primaryimage"},"image":{"@id":"https:\/\/news.save.ch\/adobe-warnt-vor-mehreren-sicherheitsluecken\/#primaryimage"},"thumbnailUrl":"https:\/\/news.save.ch\/wp-content\/uploads\/2021\/05\/Depositphotos_22243267_s-2019.jpg","datePublished":"2021-05-18T07:47:05+00:00","dateModified":"2023-08-08T23:15:19+00:00","description":"Adobe Reader is a frequent target of hacker attacks. This time, Windows users fell victim to a security vulnerability. The vulnerability has since been fixed. Adobe advises users to update quickly.","breadcrumb":{"@id":"https:\/\/news.save.ch\/adobe-warnt-vor-mehreren-sicherheitsluecken\/#breadcrumb"},"inLanguage":"en-US","potentialAction":[{"@type":"ReadAction","target":["https:\/\/news.save.ch\/adobe-warnt-vor-mehreren-sicherheitsluecken\/"]}]},{"@type":"ImageObject","inLanguage":"en-US","@id":"https:\/\/news.save.ch\/adobe-warnt-vor-mehreren-sicherheitsluecken\/#primaryimage","url":"https:\/\/news.save.ch\/wp-content\/uploads\/2021\/05\/Depositphotos_22243267_s-2019.jpg","contentUrl":"https:\/\/news.save.ch\/wp-content\/uploads\/2021\/05\/Depositphotos_22243267_s-2019.jpg","width":1000,"height":667,"caption":"\u00a9depositphotos, bizoon"},{"@type":"BreadcrumbList","@id":"https:\/\/news.save.ch\/adobe-warnt-vor-mehreren-sicherheitsluecken\/#breadcrumb","itemListElement":[{"@type":"ListItem","position":1,"name":"Home","item":"https:\/\/news.save.ch\/de\/"},{"@type":"ListItem","position":2,"name":"Adobe warnt vor mehreren Sicherheitsl\u00fccken"}]},{"@type":"WebSite","@id":"https:\/\/news.save.ch\/de\/#website","url":"https:\/\/news.save.ch\/de\/","name":"Save","description":"Swiss trade journal for safety","publisher":{"@id":"https:\/\/news.save.ch\/de\/#organization"},"potentialAction":[{"@type":"SearchAction","target":{"@type":"EntryPoint","urlTemplate":"https:\/\/news.save.ch\/de\/?s={search_term_string}"},"query-input":{"@type":"PropertyValueSpecification","valueRequired":true,"valueName":"search_term_string"}}],"inLanguage":"en-US"},{"@type":"Organization","@id":"https:\/\/news.save.ch\/de\/#organization","name":"Security Forum","url":"https:\/\/news.save.ch\/de\/","logo":{"@type":"ImageObject","inLanguage":"en-US","@id":"https:\/\/news.save.ch\/de\/#\/schema\/logo\/image\/","url":"https:\/\/news.save.ch\/wp-content\/uploads\/2022\/06\/Logo_SF_2012.png","contentUrl":"https:\/\/news.save.ch\/wp-content\/uploads\/2022\/06\/Logo_SF_2012.png","width":1100,"height":91,"caption":"Sicherheitsforum"},"image":{"@id":"https:\/\/news.save.ch\/de\/#\/schema\/logo\/image\/"}},{"@type":"Person","@id":"https:\/\/news.save.ch\/de\/#\/schema\/person\/ad4ef21102fd6125312409ac57d5296d","name":"Simon Gr\u00f6flin","image":{"@type":"ImageObject","inLanguage":"en-US","@id":"https:\/\/secure.gravatar.com\/avatar\/6ddceb80eb734354635539e0ea5140bb7c41e42de7c45c9a2ab9921b5d5c9a83?s=96&d=mm&r=g","url":"https:\/\/secure.gravatar.com\/avatar\/6ddceb80eb734354635539e0ea5140bb7c41e42de7c45c9a2ab9921b5d5c9a83?s=96&d=mm&r=g","contentUrl":"https:\/\/secure.gravatar.com\/avatar\/6ddceb80eb734354635539e0ea5140bb7c41e42de7c45c9a2ab9921b5d5c9a83?s=96&d=mm&r=g","caption":"Simon Gr\u00f6flin"},"url":"https:\/\/news.save.ch\/en\/author\/simon-groeflin\/"}]}},"_links":{"self":[{"href":"https:\/\/news.save.ch\/en\/wp-json\/wp\/v2\/posts\/11990","targetHints":{"allow":["GET"]}}],"collection":[{"href":"https:\/\/news.save.ch\/en\/wp-json\/wp\/v2\/posts"}],"about":[{"href":"https:\/\/news.save.ch\/en\/wp-json\/wp\/v2\/types\/post"}],"author":[{"embeddable":true,"href":"https:\/\/news.save.ch\/en\/wp-json\/wp\/v2\/users\/9"}],"replies":[{"embeddable":true,"href":"https:\/\/news.save.ch\/en\/wp-json\/wp\/v2\/comments?post=11990"}],"version-history":[{"count":3,"href":"https:\/\/news.save.ch\/en\/wp-json\/wp\/v2\/posts\/11990\/revisions"}],"predecessor-version":[{"id":21607,"href":"https:\/\/news.save.ch\/en\/wp-json\/wp\/v2\/posts\/11990\/revisions\/21607"}],"wp:featuredmedia":[{"embeddable":true,"href":"https:\/\/news.save.ch\/en\/wp-json\/wp\/v2\/media\/11939"}],"wp:attachment":[{"href":"https:\/\/news.save.ch\/en\/wp-json\/wp\/v2\/media?parent=11990"}],"wp:term":[{"taxonomy":"category","embeddable":true,"href":"https:\/\/news.save.ch\/en\/wp-json\/wp\/v2\/categories?post=11990"},{"taxonomy":"post_tag","embeddable":true,"href":"https:\/\/news.save.ch\/en\/wp-json\/wp\/v2\/tags?post=11990"}],"curies":[{"name":"wp","href":"https:\/\/api.w.org\/{rel}","templated":true}]}}