{"id":12120,"date":"2021-06-08T08:24:49","date_gmt":"2021-06-08T06:24:49","guid":{"rendered":"https:\/\/news.save.ch\/?p=12120"},"modified":"2023-08-16T05:07:04","modified_gmt":"2023-08-16T03:07:04","slug":"social-pass-begrenzung-der-abfragemoeglichkeiten-gefordert","status":null,"type":"post","link":"https:\/\/news.save.ch\/en\/social-pass-begrenzung-der-abfragemoeglichkeiten-gefordert\/","title":{"rendered":"Social Pass: Limitation of query options demanded"},"content":{"rendered":"<figure id=\"attachment_12096\" aria-describedby=\"caption-attachment-12096\" style=\"width: 960px\" class=\"wp-caption alignnone\"><img loading=\"lazy\" decoding=\"async\" class=\"wp-image-12096 size-full\" src=\"https:\/\/news.save.ch\/wp-content\/uploads\/2021\/06\/Datenschutz.png\" alt=\"Social Pass\" width=\"960\" height=\"540\" srcset=\"https:\/\/news.save.ch\/wp-content\/uploads\/2021\/06\/Datenschutz.png 960w, https:\/\/news.save.ch\/wp-content\/uploads\/2021\/06\/Datenschutz-375x211.png 375w\" sizes=\"auto, (max-width: 960px) 100vw, 960px\" \/><figcaption id=\"caption-attachment-12096\" class=\"wp-caption-text\">\u00a9Pixabay<\/figcaption><\/figure>\n<p>The contact tracing app \"Social Pass\" is used by hospitality businesses in Switzerland to record contact data. The application consists of the three system components \"Social Pass\", \"Social Scan\" and a central database. When visiting a restaurant, guests use it to scan the QR code of the restaurant. The contact data is then automatically sent to a central database and stored there.<\/p>\n<p>In addition to identifying organizational and technical deficiencies, the clarification of the facts by the Federal Data Protection Commissioner (Edoeb) now revealed in particular that the operators granted the health authorities in the cantons of Vaud and Valais direct access to the central database and made it available for almost any personal queries. The latter violated the principle of proportionality due to the lack of legal and technical restrictions on the possibilities of querying, according to Edoeb.<\/p>\n<p>In April, the operators resisted an adjustment of the query options by the authorities. The operators have now been set a deadline of 30 days on May 28, 2021 to comment on the Edoeb report and recommendations and to point out any privacy or information protection interests in view of their publication.<\/p>\n<p><em>Source: Edoeb<\/em><\/p>","protected":false},"excerpt":{"rendered":"<p>Die Contact Tracing App \u00abSocial Pass\u00bb wird von Gastrobetrieben in der Schweiz zur Erfassung der Kontaktdaten verwendet. Die Anwendung\u00a0besteht aus den drei Systemkomponenten \u00abSocial Pass\u00bb, \u00abSocial Scan\u00bb und einer zentralen Datenbank. Bei einem Restaurantbesuch scannen G\u00e4ste damit den QR-Code des Gastbetriebs. Die Kontaktdaten werden anschliessend automatisch an eine zentrale Datenbank geschickt und dort gespeichert. Nebst [&hellip;]<\/p>\n","protected":false},"author":9,"featured_media":12096,"comment_status":"closed","ping_status":"closed","sticky":false,"template":"","format":"standard","meta":{"_acf_changed":false,"pgc_sgb_lightbox_settings":"","footnotes":""},"categories":[3313],"tags":[5489,5337,118,1215,5336],"class_list":["post-12120","post","type-post","status-publish","format-standard","has-post-thumbnail","hentry","category-digitalisierung","tag-abfragemoeglichkeiten","tag-contact-tracing","tag-datenschutz","tag-edoeb","tag-social-pass"],"acf":[],"hkrextid":null,"publication":null,"issue":null,"workflow":null,"startPage":null,"spitzmarke":null,"_posts_by_tag_page_fields":{"widget_title":"","widget_tags":""},"_at_widget":"1","_yoast_wpseo_primary_category":"","_yoast_wpseo_focuskw_text_input":null,"_yoast_wpseo_opengraph-image":null,"_yoast_wpseo_opengraph-description":null,"_yoast_wpseo_opengraph-title":null,"enclosure":null,"_yoast_wpseo_twitter-title":null,"_yoast_wpseo_twitter-description":null,"_yoast_wpseo_twitter-image":null,"_wp_old_slug":null,"_yoast_wpseo_title":null,"_yoast_wpseo_canonical":null,"yoast_head":"<!-- This site is optimized with the Yoast SEO plugin v27.5 - https:\/\/yoast.com\/product\/yoast-seo-wordpress\/ -->\n<title>Social Pass: Begrenzung der Abfragem\u00f6glichkeiten gefordert - Save<\/title>\n<meta name=\"description\" content=\"Der Eidgen\u00f6ssische Datenschutzbeauftragte (Edoeb) kritisiert den mangelnden Datenschutz der Contact Tracing App der Gastrobetriebe. Die Abfragem\u00f6glichkeiten kantonaler Gesundheitsbeh\u00f6rden der erfassten Daten sollen auf ein Mindestmass beschr\u00e4nkt werden.\" \/>\n<meta name=\"robots\" content=\"index, follow, max-snippet:-1, max-image-preview:large, max-video-preview:-1\" \/>\n<link rel=\"canonical\" href=\"https:\/\/news.save.ch\/en\/social-pass-begrenzung-der-abfragemoeglichkeiten-gefordert\/\" \/>\n<meta property=\"og:locale\" content=\"en_US\" \/>\n<meta property=\"og:type\" content=\"article\" \/>\n<meta property=\"og:title\" content=\"Social Pass: Begrenzung der Abfragem\u00f6glichkeiten gefordert - Save\" \/>\n<meta property=\"og:description\" content=\"Der Eidgen\u00f6ssische Datenschutzbeauftragte (Edoeb) kritisiert den mangelnden Datenschutz der Contact Tracing App der Gastrobetriebe. Die Abfragem\u00f6glichkeiten kantonaler Gesundheitsbeh\u00f6rden der erfassten Daten sollen auf ein Mindestmass beschr\u00e4nkt werden.\" \/>\n<meta property=\"og:url\" content=\"https:\/\/news.save.ch\/en\/social-pass-begrenzung-der-abfragemoeglichkeiten-gefordert\/\" \/>\n<meta property=\"og:site_name\" content=\"Save\" \/>\n<meta property=\"article:published_time\" content=\"2021-06-08T06:24:49+00:00\" \/>\n<meta property=\"article:modified_time\" content=\"2023-08-16T03:07:04+00:00\" \/>\n<meta property=\"og:image\" content=\"https:\/\/news.save.ch\/wp-content\/uploads\/2021\/06\/Datenschutz.png\" \/>\n\t<meta property=\"og:image:width\" content=\"960\" \/>\n\t<meta property=\"og:image:height\" content=\"540\" \/>\n\t<meta property=\"og:image:type\" content=\"image\/png\" \/>\n<meta name=\"author\" content=\"Simon Gr\u00f6flin\" \/>\n<meta name=\"twitter:card\" content=\"summary_large_image\" \/>\n<meta name=\"twitter:label1\" content=\"Written by\" \/>\n\t<meta name=\"twitter:data1\" content=\"Simon Gr\u00f6flin\" \/>\n\t<meta name=\"twitter:label2\" content=\"Est. reading time\" \/>\n\t<meta name=\"twitter:data2\" content=\"2 minutes\" \/>\n<script type=\"application\/ld+json\" class=\"yoast-schema-graph\">{\"@context\":\"https:\\\/\\\/schema.org\",\"@graph\":[{\"@type\":\"Article\",\"@id\":\"https:\\\/\\\/news.save.ch\\\/social-pass-begrenzung-der-abfragemoeglichkeiten-gefordert\\\/#article\",\"isPartOf\":{\"@id\":\"https:\\\/\\\/news.save.ch\\\/social-pass-begrenzung-der-abfragemoeglichkeiten-gefordert\\\/\"},\"author\":{\"name\":\"Simon Gr\u00f6flin\",\"@id\":\"https:\\\/\\\/news.save.ch\\\/de\\\/#\\\/schema\\\/person\\\/ad4ef21102fd6125312409ac57d5296d\"},\"headline\":\"Social Pass: Begrenzung der Abfragem\u00f6glichkeiten gefordert\",\"datePublished\":\"2021-06-08T06:24:49+00:00\",\"dateModified\":\"2023-08-16T03:07:04+00:00\",\"mainEntityOfPage\":{\"@id\":\"https:\\\/\\\/news.save.ch\\\/social-pass-begrenzung-der-abfragemoeglichkeiten-gefordert\\\/\"},\"wordCount\":195,\"publisher\":{\"@id\":\"https:\\\/\\\/news.save.ch\\\/de\\\/#organization\"},\"image\":{\"@id\":\"https:\\\/\\\/news.save.ch\\\/social-pass-begrenzung-der-abfragemoeglichkeiten-gefordert\\\/#primaryimage\"},\"thumbnailUrl\":\"https:\\\/\\\/news.save.ch\\\/wp-content\\\/uploads\\\/2021\\\/06\\\/Datenschutz.png\",\"keywords\":[\"Abfragem\u00f6glichkeiten\",\"Contact Tracing\",\"Datenschutz\",\"ED\u00d6B\",\"Social Pass\"],\"articleSection\":[\"DIGITALISIERUNG\"],\"inLanguage\":\"en-US\"},{\"@type\":\"WebPage\",\"@id\":\"https:\\\/\\\/news.save.ch\\\/social-pass-begrenzung-der-abfragemoeglichkeiten-gefordert\\\/\",\"url\":\"https:\\\/\\\/news.save.ch\\\/social-pass-begrenzung-der-abfragemoeglichkeiten-gefordert\\\/\",\"name\":\"Social Pass: Begrenzung der Abfragem\u00f6glichkeiten gefordert - Save\",\"isPartOf\":{\"@id\":\"https:\\\/\\\/news.save.ch\\\/de\\\/#website\"},\"primaryImageOfPage\":{\"@id\":\"https:\\\/\\\/news.save.ch\\\/social-pass-begrenzung-der-abfragemoeglichkeiten-gefordert\\\/#primaryimage\"},\"image\":{\"@id\":\"https:\\\/\\\/news.save.ch\\\/social-pass-begrenzung-der-abfragemoeglichkeiten-gefordert\\\/#primaryimage\"},\"thumbnailUrl\":\"https:\\\/\\\/news.save.ch\\\/wp-content\\\/uploads\\\/2021\\\/06\\\/Datenschutz.png\",\"datePublished\":\"2021-06-08T06:24:49+00:00\",\"dateModified\":\"2023-08-16T03:07:04+00:00\",\"description\":\"Der Eidgen\u00f6ssische Datenschutzbeauftragte (Edoeb) kritisiert den mangelnden Datenschutz der Contact Tracing App der Gastrobetriebe. Die Abfragem\u00f6glichkeiten kantonaler Gesundheitsbeh\u00f6rden der erfassten Daten sollen auf ein Mindestmass beschr\u00e4nkt werden.\",\"breadcrumb\":{\"@id\":\"https:\\\/\\\/news.save.ch\\\/social-pass-begrenzung-der-abfragemoeglichkeiten-gefordert\\\/#breadcrumb\"},\"inLanguage\":\"en-US\",\"potentialAction\":[{\"@type\":\"ReadAction\",\"target\":[\"https:\\\/\\\/news.save.ch\\\/social-pass-begrenzung-der-abfragemoeglichkeiten-gefordert\\\/\"]}]},{\"@type\":\"ImageObject\",\"inLanguage\":\"en-US\",\"@id\":\"https:\\\/\\\/news.save.ch\\\/social-pass-begrenzung-der-abfragemoeglichkeiten-gefordert\\\/#primaryimage\",\"url\":\"https:\\\/\\\/news.save.ch\\\/wp-content\\\/uploads\\\/2021\\\/06\\\/Datenschutz.png\",\"contentUrl\":\"https:\\\/\\\/news.save.ch\\\/wp-content\\\/uploads\\\/2021\\\/06\\\/Datenschutz.png\",\"width\":960,\"height\":540,\"caption\":\"\u00a9Pixabay\"},{\"@type\":\"BreadcrumbList\",\"@id\":\"https:\\\/\\\/news.save.ch\\\/social-pass-begrenzung-der-abfragemoeglichkeiten-gefordert\\\/#breadcrumb\",\"itemListElement\":[{\"@type\":\"ListItem\",\"position\":1,\"name\":\"Home\",\"item\":\"https:\\\/\\\/news.save.ch\\\/de\\\/\"},{\"@type\":\"ListItem\",\"position\":2,\"name\":\"Social Pass: Begrenzung der Abfragem\u00f6glichkeiten gefordert\"}]},{\"@type\":\"WebSite\",\"@id\":\"https:\\\/\\\/news.save.ch\\\/de\\\/#website\",\"url\":\"https:\\\/\\\/news.save.ch\\\/de\\\/\",\"name\":\"Save\",\"description\":\"Schweizer Fachzeitschrift f\u00fcr Sicherheit\",\"publisher\":{\"@id\":\"https:\\\/\\\/news.save.ch\\\/de\\\/#organization\"},\"potentialAction\":[{\"@type\":\"SearchAction\",\"target\":{\"@type\":\"EntryPoint\",\"urlTemplate\":\"https:\\\/\\\/news.save.ch\\\/de\\\/?s={search_term_string}\"},\"query-input\":{\"@type\":\"PropertyValueSpecification\",\"valueRequired\":true,\"valueName\":\"search_term_string\"}}],\"inLanguage\":\"en-US\"},{\"@type\":\"Organization\",\"@id\":\"https:\\\/\\\/news.save.ch\\\/de\\\/#organization\",\"name\":\"Sicherheitsforum\",\"url\":\"https:\\\/\\\/news.save.ch\\\/de\\\/\",\"logo\":{\"@type\":\"ImageObject\",\"inLanguage\":\"en-US\",\"@id\":\"https:\\\/\\\/news.save.ch\\\/de\\\/#\\\/schema\\\/logo\\\/image\\\/\",\"url\":\"https:\\\/\\\/news.save.ch\\\/wp-content\\\/uploads\\\/2022\\\/06\\\/Logo_SF_2012.png\",\"contentUrl\":\"https:\\\/\\\/news.save.ch\\\/wp-content\\\/uploads\\\/2022\\\/06\\\/Logo_SF_2012.png\",\"width\":1100,\"height\":91,\"caption\":\"Sicherheitsforum\"},\"image\":{\"@id\":\"https:\\\/\\\/news.save.ch\\\/de\\\/#\\\/schema\\\/logo\\\/image\\\/\"}},{\"@type\":\"Person\",\"@id\":\"https:\\\/\\\/news.save.ch\\\/de\\\/#\\\/schema\\\/person\\\/ad4ef21102fd6125312409ac57d5296d\",\"name\":\"Simon Gr\u00f6flin\",\"image\":{\"@type\":\"ImageObject\",\"inLanguage\":\"en-US\",\"@id\":\"https:\\\/\\\/secure.gravatar.com\\\/avatar\\\/6ddceb80eb734354635539e0ea5140bb7c41e42de7c45c9a2ab9921b5d5c9a83?s=96&d=mm&r=g\",\"url\":\"https:\\\/\\\/secure.gravatar.com\\\/avatar\\\/6ddceb80eb734354635539e0ea5140bb7c41e42de7c45c9a2ab9921b5d5c9a83?s=96&d=mm&r=g\",\"contentUrl\":\"https:\\\/\\\/secure.gravatar.com\\\/avatar\\\/6ddceb80eb734354635539e0ea5140bb7c41e42de7c45c9a2ab9921b5d5c9a83?s=96&d=mm&r=g\",\"caption\":\"Simon Gr\u00f6flin\"},\"url\":\"https:\\\/\\\/news.save.ch\\\/en\\\/author\\\/simon-groeflin\\\/\"}]}<\/script>\n<!-- \/ Yoast SEO plugin. -->","yoast_head_json":{"title":"Social Pass: Limitation of query options demanded - Save","description":"The Federal Data Protection Commissioner (Edoeb) criticizes the lack of data protection of the contact tracing app of catering establishments. The query options of cantonal health authorities of the collected data should be limited to a minimum.","robots":{"index":"index","follow":"follow","max-snippet":"max-snippet:-1","max-image-preview":"max-image-preview:large","max-video-preview":"max-video-preview:-1"},"canonical":"https:\/\/news.save.ch\/en\/social-pass-begrenzung-der-abfragemoeglichkeiten-gefordert\/","og_locale":"en_US","og_type":"article","og_title":"Social Pass: Begrenzung der Abfragem\u00f6glichkeiten gefordert - Save","og_description":"Der Eidgen\u00f6ssische Datenschutzbeauftragte (Edoeb) kritisiert den mangelnden Datenschutz der Contact Tracing App der Gastrobetriebe. Die Abfragem\u00f6glichkeiten kantonaler Gesundheitsbeh\u00f6rden der erfassten Daten sollen auf ein Mindestmass beschr\u00e4nkt werden.","og_url":"https:\/\/news.save.ch\/en\/social-pass-begrenzung-der-abfragemoeglichkeiten-gefordert\/","og_site_name":"Save","article_published_time":"2021-06-08T06:24:49+00:00","article_modified_time":"2023-08-16T03:07:04+00:00","og_image":[{"width":960,"height":540,"url":"https:\/\/news.save.ch\/wp-content\/uploads\/2021\/06\/Datenschutz.png","type":"image\/png"}],"author":"Simon Gr\u00f6flin","twitter_card":"summary_large_image","twitter_misc":{"Written by":"Simon Gr\u00f6flin","Est. reading time":"2 minutes"},"schema":{"@context":"https:\/\/schema.org","@graph":[{"@type":"Article","@id":"https:\/\/news.save.ch\/social-pass-begrenzung-der-abfragemoeglichkeiten-gefordert\/#article","isPartOf":{"@id":"https:\/\/news.save.ch\/social-pass-begrenzung-der-abfragemoeglichkeiten-gefordert\/"},"author":{"name":"Simon Gr\u00f6flin","@id":"https:\/\/news.save.ch\/de\/#\/schema\/person\/ad4ef21102fd6125312409ac57d5296d"},"headline":"Social Pass: Begrenzung der Abfragem\u00f6glichkeiten gefordert","datePublished":"2021-06-08T06:24:49+00:00","dateModified":"2023-08-16T03:07:04+00:00","mainEntityOfPage":{"@id":"https:\/\/news.save.ch\/social-pass-begrenzung-der-abfragemoeglichkeiten-gefordert\/"},"wordCount":195,"publisher":{"@id":"https:\/\/news.save.ch\/de\/#organization"},"image":{"@id":"https:\/\/news.save.ch\/social-pass-begrenzung-der-abfragemoeglichkeiten-gefordert\/#primaryimage"},"thumbnailUrl":"https:\/\/news.save.ch\/wp-content\/uploads\/2021\/06\/Datenschutz.png","keywords":["Abfragem\u00f6glichkeiten","Contact Tracing","Datenschutz","ED\u00d6B","Social Pass"],"articleSection":["DIGITALISIERUNG"],"inLanguage":"en-US"},{"@type":"WebPage","@id":"https:\/\/news.save.ch\/social-pass-begrenzung-der-abfragemoeglichkeiten-gefordert\/","url":"https:\/\/news.save.ch\/social-pass-begrenzung-der-abfragemoeglichkeiten-gefordert\/","name":"Social Pass: Limitation of query options demanded - Save","isPartOf":{"@id":"https:\/\/news.save.ch\/de\/#website"},"primaryImageOfPage":{"@id":"https:\/\/news.save.ch\/social-pass-begrenzung-der-abfragemoeglichkeiten-gefordert\/#primaryimage"},"image":{"@id":"https:\/\/news.save.ch\/social-pass-begrenzung-der-abfragemoeglichkeiten-gefordert\/#primaryimage"},"thumbnailUrl":"https:\/\/news.save.ch\/wp-content\/uploads\/2021\/06\/Datenschutz.png","datePublished":"2021-06-08T06:24:49+00:00","dateModified":"2023-08-16T03:07:04+00:00","description":"The Federal Data Protection Commissioner (Edoeb) criticizes the lack of data protection of the contact tracing app of catering establishments. The query options of cantonal health authorities of the collected data should be limited to a minimum.","breadcrumb":{"@id":"https:\/\/news.save.ch\/social-pass-begrenzung-der-abfragemoeglichkeiten-gefordert\/#breadcrumb"},"inLanguage":"en-US","potentialAction":[{"@type":"ReadAction","target":["https:\/\/news.save.ch\/social-pass-begrenzung-der-abfragemoeglichkeiten-gefordert\/"]}]},{"@type":"ImageObject","inLanguage":"en-US","@id":"https:\/\/news.save.ch\/social-pass-begrenzung-der-abfragemoeglichkeiten-gefordert\/#primaryimage","url":"https:\/\/news.save.ch\/wp-content\/uploads\/2021\/06\/Datenschutz.png","contentUrl":"https:\/\/news.save.ch\/wp-content\/uploads\/2021\/06\/Datenschutz.png","width":960,"height":540,"caption":"\u00a9Pixabay"},{"@type":"BreadcrumbList","@id":"https:\/\/news.save.ch\/social-pass-begrenzung-der-abfragemoeglichkeiten-gefordert\/#breadcrumb","itemListElement":[{"@type":"ListItem","position":1,"name":"Home","item":"https:\/\/news.save.ch\/de\/"},{"@type":"ListItem","position":2,"name":"Social Pass: Begrenzung der Abfragem\u00f6glichkeiten gefordert"}]},{"@type":"WebSite","@id":"https:\/\/news.save.ch\/de\/#website","url":"https:\/\/news.save.ch\/de\/","name":"Save","description":"Swiss trade journal for safety","publisher":{"@id":"https:\/\/news.save.ch\/de\/#organization"},"potentialAction":[{"@type":"SearchAction","target":{"@type":"EntryPoint","urlTemplate":"https:\/\/news.save.ch\/de\/?s={search_term_string}"},"query-input":{"@type":"PropertyValueSpecification","valueRequired":true,"valueName":"search_term_string"}}],"inLanguage":"en-US"},{"@type":"Organization","@id":"https:\/\/news.save.ch\/de\/#organization","name":"Security Forum","url":"https:\/\/news.save.ch\/de\/","logo":{"@type":"ImageObject","inLanguage":"en-US","@id":"https:\/\/news.save.ch\/de\/#\/schema\/logo\/image\/","url":"https:\/\/news.save.ch\/wp-content\/uploads\/2022\/06\/Logo_SF_2012.png","contentUrl":"https:\/\/news.save.ch\/wp-content\/uploads\/2022\/06\/Logo_SF_2012.png","width":1100,"height":91,"caption":"Sicherheitsforum"},"image":{"@id":"https:\/\/news.save.ch\/de\/#\/schema\/logo\/image\/"}},{"@type":"Person","@id":"https:\/\/news.save.ch\/de\/#\/schema\/person\/ad4ef21102fd6125312409ac57d5296d","name":"Simon Gr\u00f6flin","image":{"@type":"ImageObject","inLanguage":"en-US","@id":"https:\/\/secure.gravatar.com\/avatar\/6ddceb80eb734354635539e0ea5140bb7c41e42de7c45c9a2ab9921b5d5c9a83?s=96&d=mm&r=g","url":"https:\/\/secure.gravatar.com\/avatar\/6ddceb80eb734354635539e0ea5140bb7c41e42de7c45c9a2ab9921b5d5c9a83?s=96&d=mm&r=g","contentUrl":"https:\/\/secure.gravatar.com\/avatar\/6ddceb80eb734354635539e0ea5140bb7c41e42de7c45c9a2ab9921b5d5c9a83?s=96&d=mm&r=g","caption":"Simon Gr\u00f6flin"},"url":"https:\/\/news.save.ch\/en\/author\/simon-groeflin\/"}]}},"_links":{"self":[{"href":"https:\/\/news.save.ch\/en\/wp-json\/wp\/v2\/posts\/12120","targetHints":{"allow":["GET"]}}],"collection":[{"href":"https:\/\/news.save.ch\/en\/wp-json\/wp\/v2\/posts"}],"about":[{"href":"https:\/\/news.save.ch\/en\/wp-json\/wp\/v2\/types\/post"}],"author":[{"embeddable":true,"href":"https:\/\/news.save.ch\/en\/wp-json\/wp\/v2\/users\/9"}],"replies":[{"embeddable":true,"href":"https:\/\/news.save.ch\/en\/wp-json\/wp\/v2\/comments?post=12120"}],"version-history":[{"count":5,"href":"https:\/\/news.save.ch\/en\/wp-json\/wp\/v2\/posts\/12120\/revisions"}],"predecessor-version":[{"id":21870,"href":"https:\/\/news.save.ch\/en\/wp-json\/wp\/v2\/posts\/12120\/revisions\/21870"}],"wp:featuredmedia":[{"embeddable":true,"href":"https:\/\/news.save.ch\/en\/wp-json\/wp\/v2\/media\/12096"}],"wp:attachment":[{"href":"https:\/\/news.save.ch\/en\/wp-json\/wp\/v2\/media?parent=12120"}],"wp:term":[{"taxonomy":"category","embeddable":true,"href":"https:\/\/news.save.ch\/en\/wp-json\/wp\/v2\/categories?post=12120"},{"taxonomy":"post_tag","embeddable":true,"href":"https:\/\/news.save.ch\/en\/wp-json\/wp\/v2\/tags?post=12120"}],"curies":[{"name":"wp","href":"https:\/\/api.w.org\/{rel}","templated":true}]}}