{"id":1222,"date":"2016-09-28T10:10:58","date_gmt":"2016-09-28T08:10:58","guid":{"rendered":"http:\/\/dev.safety-plus.ch\/?p=1222"},"modified":"2023-03-14T09:04:26","modified_gmt":"2023-03-14T08:04:26","slug":"ablenkung-am-steuer-neues-safety-kit","status":null,"type":"post","link":"https:\/\/news.save.ch\/en\/ablenkung-am-steuer-neues-safety-kit\/","title":{"rendered":"Distracted driving: New safety kit"},"content":{"rendered":"<figure id=\"attachment_1223\" aria-describedby=\"caption-attachment-1223\" style=\"width: 680px\" class=\"wp-caption alignnone\"><img loading=\"lazy\" decoding=\"async\" class=\"wp-image-1223 size-medium\" src=\"http:\/\/develop.safety-plus.ch\/wp-content\/uploads\/2016\/12\/Ablenkung-am-Steuer-Neues-Safety-Kit_safety-plus.jpg\" width=\"680\" height=\"968\" srcset=\"https:\/\/news.save.ch\/wp-content\/uploads\/2016\/12\/Ablenkung-am-Steuer-Neues-Safety-Kit_safety-plus.jpg 837w, https:\/\/news.save.ch\/wp-content\/uploads\/2016\/12\/Ablenkung-am-Steuer-Neues-Safety-Kit_safety-plus-680x968.jpg 680w, https:\/\/news.save.ch\/wp-content\/uploads\/2016\/12\/Ablenkung-am-Steuer-Neues-Safety-Kit_safety-plus-720x1024.jpg 720w, https:\/\/news.save.ch\/wp-content\/uploads\/2016\/12\/Ablenkung-am-Steuer-Neues-Safety-Kit_safety-plus-768x1093.jpg 768w, https:\/\/news.save.ch\/wp-content\/uploads\/2016\/12\/Ablenkung-am-Steuer-Neues-Safety-Kit_safety-plus-8x12.jpg 8w, https:\/\/news.save.ch\/wp-content\/uploads\/2016\/12\/Ablenkung-am-Steuer-Neues-Safety-Kit_safety-plus-211x300.jpg 211w, https:\/\/news.save.ch\/wp-content\/uploads\/2016\/12\/Ablenkung-am-Steuer-Neues-Safety-Kit_safety-plus-246x350.jpg 246w, https:\/\/news.save.ch\/wp-content\/uploads\/2016\/12\/Ablenkung-am-Steuer-Neues-Safety-Kit_safety-plus-562x800.jpg 562w\" sizes=\"auto, (max-width: 680px) 100vw, 680px\" \/><figcaption id=\"caption-attachment-1223\" class=\"wp-caption-text\">When driving, your full attention must be on the road - so keep your hands off distractions such as cell phones, navigation devices and radios.<\/figcaption><\/figure>\n<p>Anyone moving in road traffic should focus all their concentration on it. This is not always easy in view of the numerous sources of distraction. Accordingly, traffic accidents frequently occur with the cause \"inattention and distraction\".<\/p>\n<p>The BFU offers a new safety kit for companies on the topic of distracted driving. Posters, flyers, a presentation and a short video are designed to make employees aware of the dangers of distraction. This is intended to prevent employee absences from the workplace and save effort, expense and money.<\/p>\n<p>The documents for new campaign are available on the <a href=\"http:\/\/www.bfu.ch\/de\/fuer-fachpersonen\/betriebe\/safetykit-ablenkung\" target=\"_blank\" rel=\"noreferrer noopener\" data-cke-saved-href=\"http:\/\/www.bfu.ch\/de\/fuer-fachpersonen\/betriebe\/safetykit-ablenkung\">BFU website<\/a> available free of charge.<\/p>\n<p>Safety kits are available on other topics such as falls, alcohol, hiking, biking and hazard symbols on\u00a0<a href=\"http:\/\/www.safetykit.bfu.ch.\" target=\"_blank\" rel=\"noreferrer noopener\" data-cke-saved-href=\"http:\/\/www.safetykit.bfu.ch.\">www.safetykit.bfu.ch<\/a>.<\/p>","protected":false},"excerpt":{"rendered":"<p>Wer sich im Strassenverkehr bewegt, sollte seine ganze Konzentration darauf richten. Das ist angesichts der zahlreichen Ablenkungsquellen nicht immer einfach. Entsprechend ereignen sich h\u00e4ufig Verkehrsunf\u00e4lle mit der Ursache \u00abUnaufmerksamkeit und Ablenkung\u00bb. Die BFU bietet einen neuen Safety-Kit f\u00fcr Unternehmen zum Thema Ablenkung beim Autofahren. Plakate, Flyer, eine Pr\u00e4sentation sowie ein Kurzvideo sollen die Mitarbeitenden auf [&hellip;]<\/p>\n","protected":false},"author":1,"featured_media":1223,"comment_status":"open","ping_status":"open","sticky":false,"template":"","format":"standard","meta":{"_acf_changed":false,"pgc_sgb_lightbox_settings":"","footnotes":""},"categories":[3314],"tags":[172,2349,141],"class_list":["post-1222","post","type-post","status-publish","format-standard","has-post-thumbnail","hentry","category-health-safety","tag-arbeitssicherheit","tag-kampagnen","tag-praevention"],"acf":[],"hkrextid":null,"publication":null,"issue":null,"workflow":null,"startPage":null,"spitzmarke":null,"_posts_by_tag_page_fields":{"widget_title":"","widget_tags":""},"_at_widget":"1","_yoast_wpseo_primary_category":"5","_yoast_wpseo_focuskw_text_input":"Safety-Kit","_yoast_wpseo_opengraph-image":null,"_yoast_wpseo_opengraph-description":null,"_yoast_wpseo_opengraph-title":null,"enclosure":null,"_yoast_wpseo_twitter-title":null,"_yoast_wpseo_twitter-description":null,"_yoast_wpseo_twitter-image":null,"_wp_old_slug":null,"_yoast_wpseo_title":null,"_yoast_wpseo_canonical":null,"yoast_head":"<!-- This site is optimized with the Yoast SEO plugin v27.5 - https:\/\/yoast.com\/product\/yoast-seo-wordpress\/ -->\n<title>Ablenkung am Steuer: Neues Safety-Kit - Save<\/title>\n<meta name=\"description\" content=\"Das neuste Safety-Kit der Beratungsstelle f\u00fcr Unfallverh\u00fctung BFU zielt auf die zunehmende Anzahl von Verkehrsunf\u00e4llen durch Ablenkung ab.\" \/>\n<meta name=\"robots\" content=\"index, follow, max-snippet:-1, max-image-preview:large, max-video-preview:-1\" \/>\n<link rel=\"canonical\" href=\"https:\/\/news.save.ch\/en\/ablenkung-am-steuer-neues-safety-kit\/\" \/>\n<meta property=\"og:locale\" content=\"en_US\" \/>\n<meta property=\"og:type\" content=\"article\" \/>\n<meta property=\"og:title\" content=\"Ablenkung am Steuer: Neues Safety-Kit - Save\" \/>\n<meta property=\"og:description\" content=\"Das neuste Safety-Kit der Beratungsstelle f\u00fcr Unfallverh\u00fctung BFU zielt auf die zunehmende Anzahl von Verkehrsunf\u00e4llen durch Ablenkung ab.\" \/>\n<meta property=\"og:url\" content=\"https:\/\/news.save.ch\/en\/ablenkung-am-steuer-neues-safety-kit\/\" \/>\n<meta property=\"og:site_name\" content=\"Save\" \/>\n<meta property=\"article:published_time\" content=\"2016-09-28T08:10:58+00:00\" \/>\n<meta property=\"article:modified_time\" content=\"2023-03-14T08:04:26+00:00\" \/>\n<meta property=\"og:image\" content=\"https:\/\/news.save.ch\/wp-content\/uploads\/2016\/12\/Ablenkung-am-Steuer-Neues-Safety-Kit_safety-plus.jpg\" \/>\n\t<meta property=\"og:image:width\" content=\"837\" \/>\n\t<meta property=\"og:image:height\" content=\"1191\" \/>\n\t<meta property=\"og:image:type\" content=\"image\/jpeg\" \/>\n<meta name=\"author\" content=\"admin\" \/>\n<meta name=\"twitter:card\" content=\"summary_large_image\" \/>\n<meta name=\"twitter:label1\" content=\"Written by\" \/>\n\t<meta name=\"twitter:data1\" content=\"admin\" \/>\n\t<meta name=\"twitter:label2\" content=\"Est. reading time\" \/>\n\t<meta name=\"twitter:data2\" content=\"1 minute\" \/>\n<script type=\"application\/ld+json\" class=\"yoast-schema-graph\">{\"@context\":\"https:\\\/\\\/schema.org\",\"@graph\":[{\"@type\":\"Article\",\"@id\":\"https:\\\/\\\/news.save.ch\\\/ablenkung-am-steuer-neues-safety-kit\\\/#article\",\"isPartOf\":{\"@id\":\"https:\\\/\\\/news.save.ch\\\/ablenkung-am-steuer-neues-safety-kit\\\/\"},\"author\":{\"name\":\"admin\",\"@id\":\"https:\\\/\\\/news.save.ch\\\/de\\\/#\\\/schema\\\/person\\\/d49e199490bad7c70d64b9ab51142f2b\"},\"headline\":\"Ablenkung am Steuer: Neues Safety-Kit\",\"datePublished\":\"2016-09-28T08:10:58+00:00\",\"dateModified\":\"2023-03-14T08:04:26+00:00\",\"mainEntityOfPage\":{\"@id\":\"https:\\\/\\\/news.save.ch\\\/ablenkung-am-steuer-neues-safety-kit\\\/\"},\"wordCount\":149,\"commentCount\":0,\"publisher\":{\"@id\":\"https:\\\/\\\/news.save.ch\\\/de\\\/#organization\"},\"image\":{\"@id\":\"https:\\\/\\\/news.save.ch\\\/ablenkung-am-steuer-neues-safety-kit\\\/#primaryimage\"},\"thumbnailUrl\":\"https:\\\/\\\/news.save.ch\\\/wp-content\\\/uploads\\\/2016\\\/12\\\/Ablenkung-am-Steuer-Neues-Safety-Kit_safety-plus.jpg\",\"keywords\":[\"Arbeitssicherheit\",\"Kampagnen\",\"Pr\u00e4vention\"],\"articleSection\":[\"HEALTH &amp; SAFETY\"],\"inLanguage\":\"en-US\"},{\"@type\":\"WebPage\",\"@id\":\"https:\\\/\\\/news.save.ch\\\/ablenkung-am-steuer-neues-safety-kit\\\/\",\"url\":\"https:\\\/\\\/news.save.ch\\\/ablenkung-am-steuer-neues-safety-kit\\\/\",\"name\":\"Ablenkung am Steuer: Neues Safety-Kit - Save\",\"isPartOf\":{\"@id\":\"https:\\\/\\\/news.save.ch\\\/de\\\/#website\"},\"primaryImageOfPage\":{\"@id\":\"https:\\\/\\\/news.save.ch\\\/ablenkung-am-steuer-neues-safety-kit\\\/#primaryimage\"},\"image\":{\"@id\":\"https:\\\/\\\/news.save.ch\\\/ablenkung-am-steuer-neues-safety-kit\\\/#primaryimage\"},\"thumbnailUrl\":\"https:\\\/\\\/news.save.ch\\\/wp-content\\\/uploads\\\/2016\\\/12\\\/Ablenkung-am-Steuer-Neues-Safety-Kit_safety-plus.jpg\",\"datePublished\":\"2016-09-28T08:10:58+00:00\",\"dateModified\":\"2023-03-14T08:04:26+00:00\",\"description\":\"Das neuste Safety-Kit der Beratungsstelle f\u00fcr Unfallverh\u00fctung BFU zielt auf die zunehmende Anzahl von Verkehrsunf\u00e4llen durch Ablenkung ab.\",\"breadcrumb\":{\"@id\":\"https:\\\/\\\/news.save.ch\\\/ablenkung-am-steuer-neues-safety-kit\\\/#breadcrumb\"},\"inLanguage\":\"en-US\",\"potentialAction\":[{\"@type\":\"ReadAction\",\"target\":[\"https:\\\/\\\/news.save.ch\\\/ablenkung-am-steuer-neues-safety-kit\\\/\"]}]},{\"@type\":\"ImageObject\",\"inLanguage\":\"en-US\",\"@id\":\"https:\\\/\\\/news.save.ch\\\/ablenkung-am-steuer-neues-safety-kit\\\/#primaryimage\",\"url\":\"https:\\\/\\\/news.save.ch\\\/wp-content\\\/uploads\\\/2016\\\/12\\\/Ablenkung-am-Steuer-Neues-Safety-Kit_safety-plus.jpg\",\"contentUrl\":\"https:\\\/\\\/news.save.ch\\\/wp-content\\\/uploads\\\/2016\\\/12\\\/Ablenkung-am-Steuer-Neues-Safety-Kit_safety-plus.jpg\",\"width\":837,\"height\":1191,\"caption\":\"Beim Autofahren muss die ganze Aufmerksamkeit dem Verkehr geh\u00f6ren - also H\u00e4nde weg von Ablenkungen wie Handy, Navigationsger\u00e4t und Radio.\"},{\"@type\":\"BreadcrumbList\",\"@id\":\"https:\\\/\\\/news.save.ch\\\/ablenkung-am-steuer-neues-safety-kit\\\/#breadcrumb\",\"itemListElement\":[{\"@type\":\"ListItem\",\"position\":1,\"name\":\"Home\",\"item\":\"https:\\\/\\\/news.save.ch\\\/de\\\/\"},{\"@type\":\"ListItem\",\"position\":2,\"name\":\"Ablenkung am Steuer: Neues Safety-Kit\"}]},{\"@type\":\"WebSite\",\"@id\":\"https:\\\/\\\/news.save.ch\\\/de\\\/#website\",\"url\":\"https:\\\/\\\/news.save.ch\\\/de\\\/\",\"name\":\"Save\",\"description\":\"Schweizer Fachzeitschrift f\u00fcr Sicherheit\",\"publisher\":{\"@id\":\"https:\\\/\\\/news.save.ch\\\/de\\\/#organization\"},\"potentialAction\":[{\"@type\":\"SearchAction\",\"target\":{\"@type\":\"EntryPoint\",\"urlTemplate\":\"https:\\\/\\\/news.save.ch\\\/de\\\/?s={search_term_string}\"},\"query-input\":{\"@type\":\"PropertyValueSpecification\",\"valueRequired\":true,\"valueName\":\"search_term_string\"}}],\"inLanguage\":\"en-US\"},{\"@type\":\"Organization\",\"@id\":\"https:\\\/\\\/news.save.ch\\\/de\\\/#organization\",\"name\":\"Sicherheitsforum\",\"url\":\"https:\\\/\\\/news.save.ch\\\/de\\\/\",\"logo\":{\"@type\":\"ImageObject\",\"inLanguage\":\"en-US\",\"@id\":\"https:\\\/\\\/news.save.ch\\\/de\\\/#\\\/schema\\\/logo\\\/image\\\/\",\"url\":\"https:\\\/\\\/news.save.ch\\\/wp-content\\\/uploads\\\/2022\\\/06\\\/Logo_SF_2012.png\",\"contentUrl\":\"https:\\\/\\\/news.save.ch\\\/wp-content\\\/uploads\\\/2022\\\/06\\\/Logo_SF_2012.png\",\"width\":1100,\"height\":91,\"caption\":\"Sicherheitsforum\"},\"image\":{\"@id\":\"https:\\\/\\\/news.save.ch\\\/de\\\/#\\\/schema\\\/logo\\\/image\\\/\"}},{\"@type\":\"Person\",\"@id\":\"https:\\\/\\\/news.save.ch\\\/de\\\/#\\\/schema\\\/person\\\/d49e199490bad7c70d64b9ab51142f2b\",\"name\":\"admin\",\"image\":{\"@type\":\"ImageObject\",\"inLanguage\":\"en-US\",\"@id\":\"https:\\\/\\\/secure.gravatar.com\\\/avatar\\\/ae2f4d718e6c49043e314ce431e7e645d646302a24a5ef5a8bc8e3f5a032e319?s=96&d=mm&r=g\",\"url\":\"https:\\\/\\\/secure.gravatar.com\\\/avatar\\\/ae2f4d718e6c49043e314ce431e7e645d646302a24a5ef5a8bc8e3f5a032e319?s=96&d=mm&r=g\",\"contentUrl\":\"https:\\\/\\\/secure.gravatar.com\\\/avatar\\\/ae2f4d718e6c49043e314ce431e7e645d646302a24a5ef5a8bc8e3f5a032e319?s=96&d=mm&r=g\",\"caption\":\"admin\"},\"sameAs\":[\"https:\\\/\\\/develop.organisator.galledia.ch\"],\"url\":\"https:\\\/\\\/news.save.ch\\\/en\\\/author\\\/admin\\\/\"}]}<\/script>\n<!-- \/ Yoast SEO plugin. -->","yoast_head_json":{"title":"Distracted driving: New safety kit - Save","description":"The latest Safety Kit from the Swiss Federal Accident Prevention Bureau (BFU) targets the increasing number of traffic accidents caused by distraction.","robots":{"index":"index","follow":"follow","max-snippet":"max-snippet:-1","max-image-preview":"max-image-preview:large","max-video-preview":"max-video-preview:-1"},"canonical":"https:\/\/news.save.ch\/en\/ablenkung-am-steuer-neues-safety-kit\/","og_locale":"en_US","og_type":"article","og_title":"Ablenkung am Steuer: Neues Safety-Kit - Save","og_description":"Das neuste Safety-Kit der Beratungsstelle f\u00fcr Unfallverh\u00fctung BFU zielt auf die zunehmende Anzahl von Verkehrsunf\u00e4llen durch Ablenkung ab.","og_url":"https:\/\/news.save.ch\/en\/ablenkung-am-steuer-neues-safety-kit\/","og_site_name":"Save","article_published_time":"2016-09-28T08:10:58+00:00","article_modified_time":"2023-03-14T08:04:26+00:00","og_image":[{"width":837,"height":1191,"url":"https:\/\/news.save.ch\/wp-content\/uploads\/2016\/12\/Ablenkung-am-Steuer-Neues-Safety-Kit_safety-plus.jpg","type":"image\/jpeg"}],"author":"admin","twitter_card":"summary_large_image","twitter_misc":{"Written by":"admin","Est. reading time":"1 minute"},"schema":{"@context":"https:\/\/schema.org","@graph":[{"@type":"Article","@id":"https:\/\/news.save.ch\/ablenkung-am-steuer-neues-safety-kit\/#article","isPartOf":{"@id":"https:\/\/news.save.ch\/ablenkung-am-steuer-neues-safety-kit\/"},"author":{"name":"admin","@id":"https:\/\/news.save.ch\/de\/#\/schema\/person\/d49e199490bad7c70d64b9ab51142f2b"},"headline":"Ablenkung am Steuer: Neues Safety-Kit","datePublished":"2016-09-28T08:10:58+00:00","dateModified":"2023-03-14T08:04:26+00:00","mainEntityOfPage":{"@id":"https:\/\/news.save.ch\/ablenkung-am-steuer-neues-safety-kit\/"},"wordCount":149,"commentCount":0,"publisher":{"@id":"https:\/\/news.save.ch\/de\/#organization"},"image":{"@id":"https:\/\/news.save.ch\/ablenkung-am-steuer-neues-safety-kit\/#primaryimage"},"thumbnailUrl":"https:\/\/news.save.ch\/wp-content\/uploads\/2016\/12\/Ablenkung-am-Steuer-Neues-Safety-Kit_safety-plus.jpg","keywords":["Arbeitssicherheit","Kampagnen","Pr\u00e4vention"],"articleSection":["HEALTH &amp; SAFETY"],"inLanguage":"en-US"},{"@type":"WebPage","@id":"https:\/\/news.save.ch\/ablenkung-am-steuer-neues-safety-kit\/","url":"https:\/\/news.save.ch\/ablenkung-am-steuer-neues-safety-kit\/","name":"Distracted driving: New safety kit - Save","isPartOf":{"@id":"https:\/\/news.save.ch\/de\/#website"},"primaryImageOfPage":{"@id":"https:\/\/news.save.ch\/ablenkung-am-steuer-neues-safety-kit\/#primaryimage"},"image":{"@id":"https:\/\/news.save.ch\/ablenkung-am-steuer-neues-safety-kit\/#primaryimage"},"thumbnailUrl":"https:\/\/news.save.ch\/wp-content\/uploads\/2016\/12\/Ablenkung-am-Steuer-Neues-Safety-Kit_safety-plus.jpg","datePublished":"2016-09-28T08:10:58+00:00","dateModified":"2023-03-14T08:04:26+00:00","description":"The latest Safety Kit from the Swiss Federal Accident Prevention Bureau (BFU) targets the increasing number of traffic accidents caused by distraction.","breadcrumb":{"@id":"https:\/\/news.save.ch\/ablenkung-am-steuer-neues-safety-kit\/#breadcrumb"},"inLanguage":"en-US","potentialAction":[{"@type":"ReadAction","target":["https:\/\/news.save.ch\/ablenkung-am-steuer-neues-safety-kit\/"]}]},{"@type":"ImageObject","inLanguage":"en-US","@id":"https:\/\/news.save.ch\/ablenkung-am-steuer-neues-safety-kit\/#primaryimage","url":"https:\/\/news.save.ch\/wp-content\/uploads\/2016\/12\/Ablenkung-am-Steuer-Neues-Safety-Kit_safety-plus.jpg","contentUrl":"https:\/\/news.save.ch\/wp-content\/uploads\/2016\/12\/Ablenkung-am-Steuer-Neues-Safety-Kit_safety-plus.jpg","width":837,"height":1191,"caption":"Beim Autofahren muss die ganze Aufmerksamkeit dem Verkehr geh\u00f6ren - also H\u00e4nde weg von Ablenkungen wie Handy, Navigationsger\u00e4t und Radio."},{"@type":"BreadcrumbList","@id":"https:\/\/news.save.ch\/ablenkung-am-steuer-neues-safety-kit\/#breadcrumb","itemListElement":[{"@type":"ListItem","position":1,"name":"Home","item":"https:\/\/news.save.ch\/de\/"},{"@type":"ListItem","position":2,"name":"Ablenkung am Steuer: Neues Safety-Kit"}]},{"@type":"WebSite","@id":"https:\/\/news.save.ch\/de\/#website","url":"https:\/\/news.save.ch\/de\/","name":"Save","description":"Swiss trade journal for safety","publisher":{"@id":"https:\/\/news.save.ch\/de\/#organization"},"potentialAction":[{"@type":"SearchAction","target":{"@type":"EntryPoint","urlTemplate":"https:\/\/news.save.ch\/de\/?s={search_term_string}"},"query-input":{"@type":"PropertyValueSpecification","valueRequired":true,"valueName":"search_term_string"}}],"inLanguage":"en-US"},{"@type":"Organization","@id":"https:\/\/news.save.ch\/de\/#organization","name":"Security Forum","url":"https:\/\/news.save.ch\/de\/","logo":{"@type":"ImageObject","inLanguage":"en-US","@id":"https:\/\/news.save.ch\/de\/#\/schema\/logo\/image\/","url":"https:\/\/news.save.ch\/wp-content\/uploads\/2022\/06\/Logo_SF_2012.png","contentUrl":"https:\/\/news.save.ch\/wp-content\/uploads\/2022\/06\/Logo_SF_2012.png","width":1100,"height":91,"caption":"Sicherheitsforum"},"image":{"@id":"https:\/\/news.save.ch\/de\/#\/schema\/logo\/image\/"}},{"@type":"Person","@id":"https:\/\/news.save.ch\/de\/#\/schema\/person\/d49e199490bad7c70d64b9ab51142f2b","name":"admin","image":{"@type":"ImageObject","inLanguage":"en-US","@id":"https:\/\/secure.gravatar.com\/avatar\/ae2f4d718e6c49043e314ce431e7e645d646302a24a5ef5a8bc8e3f5a032e319?s=96&d=mm&r=g","url":"https:\/\/secure.gravatar.com\/avatar\/ae2f4d718e6c49043e314ce431e7e645d646302a24a5ef5a8bc8e3f5a032e319?s=96&d=mm&r=g","contentUrl":"https:\/\/secure.gravatar.com\/avatar\/ae2f4d718e6c49043e314ce431e7e645d646302a24a5ef5a8bc8e3f5a032e319?s=96&d=mm&r=g","caption":"admin"},"sameAs":["https:\/\/develop.organisator.galledia.ch"],"url":"https:\/\/news.save.ch\/en\/author\/admin\/"}]}},"_links":{"self":[{"href":"https:\/\/news.save.ch\/en\/wp-json\/wp\/v2\/posts\/1222","targetHints":{"allow":["GET"]}}],"collection":[{"href":"https:\/\/news.save.ch\/en\/wp-json\/wp\/v2\/posts"}],"about":[{"href":"https:\/\/news.save.ch\/en\/wp-json\/wp\/v2\/types\/post"}],"author":[{"embeddable":true,"href":"https:\/\/news.save.ch\/en\/wp-json\/wp\/v2\/users\/1"}],"replies":[{"embeddable":true,"href":"https:\/\/news.save.ch\/en\/wp-json\/wp\/v2\/comments?post=1222"}],"version-history":[{"count":1,"href":"https:\/\/news.save.ch\/en\/wp-json\/wp\/v2\/posts\/1222\/revisions"}],"predecessor-version":[{"id":18354,"href":"https:\/\/news.save.ch\/en\/wp-json\/wp\/v2\/posts\/1222\/revisions\/18354"}],"wp:featuredmedia":[{"embeddable":true,"href":"https:\/\/news.save.ch\/en\/wp-json\/wp\/v2\/media\/1223"}],"wp:attachment":[{"href":"https:\/\/news.save.ch\/en\/wp-json\/wp\/v2\/media?parent=1222"}],"wp:term":[{"taxonomy":"category","embeddable":true,"href":"https:\/\/news.save.ch\/en\/wp-json\/wp\/v2\/categories?post=1222"},{"taxonomy":"post_tag","embeddable":true,"href":"https:\/\/news.save.ch\/en\/wp-json\/wp\/v2\/tags?post=1222"}],"curies":[{"name":"wp","href":"https:\/\/api.w.org\/{rel}","templated":true}]}}