{"id":12372,"date":"2021-07-21T10:30:38","date_gmt":"2021-07-21T08:30:38","guid":{"rendered":"https:\/\/news.save.ch\/?p=12372"},"modified":"2023-08-16T04:44:54","modified_gmt":"2023-08-16T02:44:54","slug":"adobe-stopft-kritische-luecke-in-photoshop","status":null,"type":"post","link":"https:\/\/news.save.ch\/en\/adobe-stopft-kritische-luecke-in-photoshop\/","title":{"rendered":"Adobe plugs critical holes in Photoshop"},"content":{"rendered":"<p><img loading=\"lazy\" decoding=\"async\" class=\"alignnone wp-image-12373 size-full\" src=\"https:\/\/news.save.ch\/wp-content\/uploads\/2021\/07\/Photoshop_Depositphotos_310315104_s-2019.jpg\" alt=\"Photoshop\" width=\"1000\" height=\"665\" srcset=\"https:\/\/news.save.ch\/wp-content\/uploads\/2021\/07\/Photoshop_Depositphotos_310315104_s-2019.jpg 1000w, https:\/\/news.save.ch\/wp-content\/uploads\/2021\/07\/Photoshop_Depositphotos_310315104_s-2019-375x249.jpg 375w\" sizes=\"auto, (max-width: 1000px) 100vw, 1000px\" \/><br \/>\n<span style=\"font-size: 14px;\">\u00a9Depositphotos<\/span><\/p>\n<p>Adobe has followed up with a series of security updates for its Adobe Photoshop products. The updates for seven programs address a number of security vulnerabilities rated as critical. The vendor plugs a total of 21 holes in seven products (After Effects, Premiere Pro, Media Encoder, Audition, Prelude and Character Animator). The majority of the security leaks were discovered by security researchers and classified as critical.<\/p>\n<p>Specifically, Photoshop up to version 21.2.9 and Photoshop 2021 up to version 22.4.2 have two vulnerabilities. Adobe has already fixed a critical vulnerability that could exploit a buffer overflow. Premiere Pro up to version 15.2 has a critical vulnerability that has already been fixed in version 15.4.<\/p>\n<p>The detailed Adobe Security Bulletin is <a href=\"https:\/\/helpx.adobe.com\/security.html?mv=affiliate&amp;mv2=red\" target=\"_blank\" rel=\"noopener\">on the page of the manufacturer\u00a0<\/a>viewable.<\/p>\n<p><em>Source: PC World<\/em><\/p>","protected":false},"excerpt":{"rendered":"<p>\u00a9Depositphotos Adobe hat eine Reihe von Sicherheitsupdates f\u00fcr seine Adobe-Photoshop-Produkte nachgereicht. Die Aktualisierungen f\u00fcr sieben Programme beseitigen einige als kritisch eingestufte Sicherheitsl\u00fccken. Der Hersteller stopft insgesamt 21 L\u00fccken in sieben Produkten (After Effects, Premiere Pro, Media Encoder, Audition, Prelude und Character Animator). Die Mehrzahl der Sicherheitslecks wurde von Sicherheitsforschern entdeckt und als kritisch eingestuft. Konkret [&hellip;]<\/p>\n","protected":false},"author":9,"featured_media":12373,"comment_status":"closed","ping_status":"closed","sticky":false,"template":"","format":"standard","meta":{"_acf_changed":false,"pgc_sgb_lightbox_settings":"","footnotes":""},"categories":[3313],"tags":[5205,1236,5422,5423,339,4224,1548],"class_list":["post-12372","post","type-post","status-publish","format-standard","has-post-thumbnail","hentry","category-digitalisierung","tag-adobe","tag-adobe-photoshop","tag-photoshop","tag-premiere-pro","tag-sicherheitsluecke","tag-sicherheitsluecken","tag-sicherheitsupdates"],"acf":[],"hkrextid":null,"publication":null,"issue":null,"workflow":null,"startPage":null,"spitzmarke":null,"_posts_by_tag_page_fields":{"widget_title":"","widget_tags":""},"_at_widget":"1","_yoast_wpseo_primary_category":"","_yoast_wpseo_focuskw_text_input":null,"_yoast_wpseo_opengraph-image":null,"_yoast_wpseo_opengraph-description":null,"_yoast_wpseo_opengraph-title":null,"enclosure":null,"_yoast_wpseo_twitter-title":null,"_yoast_wpseo_twitter-description":null,"_yoast_wpseo_twitter-image":null,"_wp_old_slug":null,"_yoast_wpseo_title":null,"_yoast_wpseo_canonical":null,"yoast_head":"<!-- This site is optimized with the Yoast SEO plugin v27.4 - https:\/\/yoast.com\/product\/yoast-seo-wordpress\/ -->\n<title>Adobe stopft kritische L\u00fccken in Photoshop - Save<\/title>\n<meta name=\"description\" content=\"Adobe schliesst eine Reihe von Sicherheitsl\u00fccken in Adobe Photoshop und Adobe Premiere. Einige der Schwachstellen wurden von Sicherheitsforschern bislang als kritisch eingestuft.\" \/>\n<meta name=\"robots\" content=\"index, follow, max-snippet:-1, max-image-preview:large, max-video-preview:-1\" \/>\n<link rel=\"canonical\" href=\"https:\/\/news.save.ch\/en\/adobe-stopft-kritische-luecke-in-photoshop\/\" \/>\n<meta property=\"og:locale\" content=\"en_US\" \/>\n<meta property=\"og:type\" content=\"article\" \/>\n<meta property=\"og:title\" content=\"Adobe stopft kritische L\u00fccken in Photoshop - Save\" \/>\n<meta property=\"og:description\" content=\"Adobe schliesst eine Reihe von Sicherheitsl\u00fccken in Adobe Photoshop und Adobe Premiere. Einige der Schwachstellen wurden von Sicherheitsforschern bislang als kritisch eingestuft.\" \/>\n<meta property=\"og:url\" content=\"https:\/\/news.save.ch\/en\/adobe-stopft-kritische-luecke-in-photoshop\/\" \/>\n<meta property=\"og:site_name\" content=\"Save\" \/>\n<meta property=\"article:published_time\" content=\"2021-07-21T08:30:38+00:00\" \/>\n<meta property=\"article:modified_time\" content=\"2023-08-16T02:44:54+00:00\" \/>\n<meta property=\"og:image\" content=\"https:\/\/news.save.ch\/wp-content\/uploads\/2021\/07\/Photoshop_Depositphotos_310315104_s-2019.jpg\" \/>\n\t<meta property=\"og:image:width\" content=\"1000\" \/>\n\t<meta property=\"og:image:height\" content=\"665\" \/>\n\t<meta property=\"og:image:type\" content=\"image\/jpeg\" \/>\n<meta name=\"author\" content=\"Simon Gr\u00f6flin\" \/>\n<meta name=\"twitter:card\" content=\"summary_large_image\" \/>\n<meta name=\"twitter:label1\" content=\"Written by\" \/>\n\t<meta name=\"twitter:data1\" content=\"Simon Gr\u00f6flin\" \/>\n\t<meta name=\"twitter:label2\" content=\"Est. reading time\" \/>\n\t<meta name=\"twitter:data2\" content=\"1 minute\" \/>\n<script type=\"application\/ld+json\" class=\"yoast-schema-graph\">{\"@context\":\"https:\\\/\\\/schema.org\",\"@graph\":[{\"@type\":\"Article\",\"@id\":\"https:\\\/\\\/news.save.ch\\\/adobe-stopft-kritische-luecke-in-photoshop\\\/#article\",\"isPartOf\":{\"@id\":\"https:\\\/\\\/news.save.ch\\\/adobe-stopft-kritische-luecke-in-photoshop\\\/\"},\"author\":{\"name\":\"Simon Gr\u00f6flin\",\"@id\":\"https:\\\/\\\/news.save.ch\\\/de\\\/#\\\/schema\\\/person\\\/ad4ef21102fd6125312409ac57d5296d\"},\"headline\":\"Adobe stopft kritische L\u00fccken in Photoshop\",\"datePublished\":\"2021-07-21T08:30:38+00:00\",\"dateModified\":\"2023-08-16T02:44:54+00:00\",\"mainEntityOfPage\":{\"@id\":\"https:\\\/\\\/news.save.ch\\\/adobe-stopft-kritische-luecke-in-photoshop\\\/\"},\"wordCount\":124,\"publisher\":{\"@id\":\"https:\\\/\\\/news.save.ch\\\/de\\\/#organization\"},\"image\":{\"@id\":\"https:\\\/\\\/news.save.ch\\\/adobe-stopft-kritische-luecke-in-photoshop\\\/#primaryimage\"},\"thumbnailUrl\":\"https:\\\/\\\/news.save.ch\\\/wp-content\\\/uploads\\\/2021\\\/07\\\/Photoshop_Depositphotos_310315104_s-2019.jpg\",\"keywords\":[\"Adobe\",\"Adobe Photoshop\",\"Photoshop\",\"Premiere Pro\",\"Sicherheitsl\u00fccke\",\"Sicherheitsl\u00fccken\",\"Sicherheitsupdates\"],\"articleSection\":[\"DIGITALISIERUNG\"],\"inLanguage\":\"en-US\"},{\"@type\":\"WebPage\",\"@id\":\"https:\\\/\\\/news.save.ch\\\/adobe-stopft-kritische-luecke-in-photoshop\\\/\",\"url\":\"https:\\\/\\\/news.save.ch\\\/adobe-stopft-kritische-luecke-in-photoshop\\\/\",\"name\":\"Adobe stopft kritische L\u00fccken in Photoshop - Save\",\"isPartOf\":{\"@id\":\"https:\\\/\\\/news.save.ch\\\/de\\\/#website\"},\"primaryImageOfPage\":{\"@id\":\"https:\\\/\\\/news.save.ch\\\/adobe-stopft-kritische-luecke-in-photoshop\\\/#primaryimage\"},\"image\":{\"@id\":\"https:\\\/\\\/news.save.ch\\\/adobe-stopft-kritische-luecke-in-photoshop\\\/#primaryimage\"},\"thumbnailUrl\":\"https:\\\/\\\/news.save.ch\\\/wp-content\\\/uploads\\\/2021\\\/07\\\/Photoshop_Depositphotos_310315104_s-2019.jpg\",\"datePublished\":\"2021-07-21T08:30:38+00:00\",\"dateModified\":\"2023-08-16T02:44:54+00:00\",\"description\":\"Adobe schliesst eine Reihe von Sicherheitsl\u00fccken in Adobe Photoshop und Adobe Premiere. Einige der Schwachstellen wurden von Sicherheitsforschern bislang als kritisch eingestuft.\",\"breadcrumb\":{\"@id\":\"https:\\\/\\\/news.save.ch\\\/adobe-stopft-kritische-luecke-in-photoshop\\\/#breadcrumb\"},\"inLanguage\":\"en-US\",\"potentialAction\":[{\"@type\":\"ReadAction\",\"target\":[\"https:\\\/\\\/news.save.ch\\\/adobe-stopft-kritische-luecke-in-photoshop\\\/\"]}]},{\"@type\":\"ImageObject\",\"inLanguage\":\"en-US\",\"@id\":\"https:\\\/\\\/news.save.ch\\\/adobe-stopft-kritische-luecke-in-photoshop\\\/#primaryimage\",\"url\":\"https:\\\/\\\/news.save.ch\\\/wp-content\\\/uploads\\\/2021\\\/07\\\/Photoshop_Depositphotos_310315104_s-2019.jpg\",\"contentUrl\":\"https:\\\/\\\/news.save.ch\\\/wp-content\\\/uploads\\\/2021\\\/07\\\/Photoshop_Depositphotos_310315104_s-2019.jpg\",\"width\":1000,\"height\":665,\"caption\":\"\u00a9Depositphotos\"},{\"@type\":\"BreadcrumbList\",\"@id\":\"https:\\\/\\\/news.save.ch\\\/adobe-stopft-kritische-luecke-in-photoshop\\\/#breadcrumb\",\"itemListElement\":[{\"@type\":\"ListItem\",\"position\":1,\"name\":\"Home\",\"item\":\"https:\\\/\\\/news.save.ch\\\/de\\\/\"},{\"@type\":\"ListItem\",\"position\":2,\"name\":\"Adobe stopft kritische L\u00fccken in Photoshop\"}]},{\"@type\":\"WebSite\",\"@id\":\"https:\\\/\\\/news.save.ch\\\/de\\\/#website\",\"url\":\"https:\\\/\\\/news.save.ch\\\/de\\\/\",\"name\":\"Save\",\"description\":\"Schweizer Fachzeitschrift f\u00fcr Sicherheit\",\"publisher\":{\"@id\":\"https:\\\/\\\/news.save.ch\\\/de\\\/#organization\"},\"potentialAction\":[{\"@type\":\"SearchAction\",\"target\":{\"@type\":\"EntryPoint\",\"urlTemplate\":\"https:\\\/\\\/news.save.ch\\\/de\\\/?s={search_term_string}\"},\"query-input\":{\"@type\":\"PropertyValueSpecification\",\"valueRequired\":true,\"valueName\":\"search_term_string\"}}],\"inLanguage\":\"en-US\"},{\"@type\":\"Organization\",\"@id\":\"https:\\\/\\\/news.save.ch\\\/de\\\/#organization\",\"name\":\"Sicherheitsforum\",\"url\":\"https:\\\/\\\/news.save.ch\\\/de\\\/\",\"logo\":{\"@type\":\"ImageObject\",\"inLanguage\":\"en-US\",\"@id\":\"https:\\\/\\\/news.save.ch\\\/de\\\/#\\\/schema\\\/logo\\\/image\\\/\",\"url\":\"https:\\\/\\\/news.save.ch\\\/wp-content\\\/uploads\\\/2022\\\/06\\\/Logo_SF_2012.png\",\"contentUrl\":\"https:\\\/\\\/news.save.ch\\\/wp-content\\\/uploads\\\/2022\\\/06\\\/Logo_SF_2012.png\",\"width\":1100,\"height\":91,\"caption\":\"Sicherheitsforum\"},\"image\":{\"@id\":\"https:\\\/\\\/news.save.ch\\\/de\\\/#\\\/schema\\\/logo\\\/image\\\/\"}},{\"@type\":\"Person\",\"@id\":\"https:\\\/\\\/news.save.ch\\\/de\\\/#\\\/schema\\\/person\\\/ad4ef21102fd6125312409ac57d5296d\",\"name\":\"Simon Gr\u00f6flin\",\"image\":{\"@type\":\"ImageObject\",\"inLanguage\":\"en-US\",\"@id\":\"https:\\\/\\\/secure.gravatar.com\\\/avatar\\\/6ddceb80eb734354635539e0ea5140bb7c41e42de7c45c9a2ab9921b5d5c9a83?s=96&d=mm&r=g\",\"url\":\"https:\\\/\\\/secure.gravatar.com\\\/avatar\\\/6ddceb80eb734354635539e0ea5140bb7c41e42de7c45c9a2ab9921b5d5c9a83?s=96&d=mm&r=g\",\"contentUrl\":\"https:\\\/\\\/secure.gravatar.com\\\/avatar\\\/6ddceb80eb734354635539e0ea5140bb7c41e42de7c45c9a2ab9921b5d5c9a83?s=96&d=mm&r=g\",\"caption\":\"Simon Gr\u00f6flin\"},\"url\":\"https:\\\/\\\/news.save.ch\\\/en\\\/author\\\/simon-groeflin\\\/\"}]}<\/script>\n<!-- \/ Yoast SEO plugin. -->","yoast_head_json":{"title":"Adobe plugs critical holes in Photoshop - Save","description":"Adobe closes a number of security vulnerabilities in Adobe Photoshop and Adobe Premiere. Some of the vulnerabilities were previously rated critical by security researchers.","robots":{"index":"index","follow":"follow","max-snippet":"max-snippet:-1","max-image-preview":"max-image-preview:large","max-video-preview":"max-video-preview:-1"},"canonical":"https:\/\/news.save.ch\/en\/adobe-stopft-kritische-luecke-in-photoshop\/","og_locale":"en_US","og_type":"article","og_title":"Adobe stopft kritische L\u00fccken in Photoshop - Save","og_description":"Adobe schliesst eine Reihe von Sicherheitsl\u00fccken in Adobe Photoshop und Adobe Premiere. Einige der Schwachstellen wurden von Sicherheitsforschern bislang als kritisch eingestuft.","og_url":"https:\/\/news.save.ch\/en\/adobe-stopft-kritische-luecke-in-photoshop\/","og_site_name":"Save","article_published_time":"2021-07-21T08:30:38+00:00","article_modified_time":"2023-08-16T02:44:54+00:00","og_image":[{"width":1000,"height":665,"url":"https:\/\/news.save.ch\/wp-content\/uploads\/2021\/07\/Photoshop_Depositphotos_310315104_s-2019.jpg","type":"image\/jpeg"}],"author":"Simon Gr\u00f6flin","twitter_card":"summary_large_image","twitter_misc":{"Written by":"Simon Gr\u00f6flin","Est. reading time":"1 minute"},"schema":{"@context":"https:\/\/schema.org","@graph":[{"@type":"Article","@id":"https:\/\/news.save.ch\/adobe-stopft-kritische-luecke-in-photoshop\/#article","isPartOf":{"@id":"https:\/\/news.save.ch\/adobe-stopft-kritische-luecke-in-photoshop\/"},"author":{"name":"Simon Gr\u00f6flin","@id":"https:\/\/news.save.ch\/de\/#\/schema\/person\/ad4ef21102fd6125312409ac57d5296d"},"headline":"Adobe stopft kritische L\u00fccken in Photoshop","datePublished":"2021-07-21T08:30:38+00:00","dateModified":"2023-08-16T02:44:54+00:00","mainEntityOfPage":{"@id":"https:\/\/news.save.ch\/adobe-stopft-kritische-luecke-in-photoshop\/"},"wordCount":124,"publisher":{"@id":"https:\/\/news.save.ch\/de\/#organization"},"image":{"@id":"https:\/\/news.save.ch\/adobe-stopft-kritische-luecke-in-photoshop\/#primaryimage"},"thumbnailUrl":"https:\/\/news.save.ch\/wp-content\/uploads\/2021\/07\/Photoshop_Depositphotos_310315104_s-2019.jpg","keywords":["Adobe","Adobe Photoshop","Photoshop","Premiere Pro","Sicherheitsl\u00fccke","Sicherheitsl\u00fccken","Sicherheitsupdates"],"articleSection":["DIGITALISIERUNG"],"inLanguage":"en-US"},{"@type":"WebPage","@id":"https:\/\/news.save.ch\/adobe-stopft-kritische-luecke-in-photoshop\/","url":"https:\/\/news.save.ch\/adobe-stopft-kritische-luecke-in-photoshop\/","name":"Adobe plugs critical holes in Photoshop - Save","isPartOf":{"@id":"https:\/\/news.save.ch\/de\/#website"},"primaryImageOfPage":{"@id":"https:\/\/news.save.ch\/adobe-stopft-kritische-luecke-in-photoshop\/#primaryimage"},"image":{"@id":"https:\/\/news.save.ch\/adobe-stopft-kritische-luecke-in-photoshop\/#primaryimage"},"thumbnailUrl":"https:\/\/news.save.ch\/wp-content\/uploads\/2021\/07\/Photoshop_Depositphotos_310315104_s-2019.jpg","datePublished":"2021-07-21T08:30:38+00:00","dateModified":"2023-08-16T02:44:54+00:00","description":"Adobe closes a number of security vulnerabilities in Adobe Photoshop and Adobe Premiere. Some of the vulnerabilities were previously rated critical by security researchers.","breadcrumb":{"@id":"https:\/\/news.save.ch\/adobe-stopft-kritische-luecke-in-photoshop\/#breadcrumb"},"inLanguage":"en-US","potentialAction":[{"@type":"ReadAction","target":["https:\/\/news.save.ch\/adobe-stopft-kritische-luecke-in-photoshop\/"]}]},{"@type":"ImageObject","inLanguage":"en-US","@id":"https:\/\/news.save.ch\/adobe-stopft-kritische-luecke-in-photoshop\/#primaryimage","url":"https:\/\/news.save.ch\/wp-content\/uploads\/2021\/07\/Photoshop_Depositphotos_310315104_s-2019.jpg","contentUrl":"https:\/\/news.save.ch\/wp-content\/uploads\/2021\/07\/Photoshop_Depositphotos_310315104_s-2019.jpg","width":1000,"height":665,"caption":"\u00a9Depositphotos"},{"@type":"BreadcrumbList","@id":"https:\/\/news.save.ch\/adobe-stopft-kritische-luecke-in-photoshop\/#breadcrumb","itemListElement":[{"@type":"ListItem","position":1,"name":"Home","item":"https:\/\/news.save.ch\/de\/"},{"@type":"ListItem","position":2,"name":"Adobe stopft kritische L\u00fccken in Photoshop"}]},{"@type":"WebSite","@id":"https:\/\/news.save.ch\/de\/#website","url":"https:\/\/news.save.ch\/de\/","name":"Save","description":"Swiss trade journal for safety","publisher":{"@id":"https:\/\/news.save.ch\/de\/#organization"},"potentialAction":[{"@type":"SearchAction","target":{"@type":"EntryPoint","urlTemplate":"https:\/\/news.save.ch\/de\/?s={search_term_string}"},"query-input":{"@type":"PropertyValueSpecification","valueRequired":true,"valueName":"search_term_string"}}],"inLanguage":"en-US"},{"@type":"Organization","@id":"https:\/\/news.save.ch\/de\/#organization","name":"Security Forum","url":"https:\/\/news.save.ch\/de\/","logo":{"@type":"ImageObject","inLanguage":"en-US","@id":"https:\/\/news.save.ch\/de\/#\/schema\/logo\/image\/","url":"https:\/\/news.save.ch\/wp-content\/uploads\/2022\/06\/Logo_SF_2012.png","contentUrl":"https:\/\/news.save.ch\/wp-content\/uploads\/2022\/06\/Logo_SF_2012.png","width":1100,"height":91,"caption":"Sicherheitsforum"},"image":{"@id":"https:\/\/news.save.ch\/de\/#\/schema\/logo\/image\/"}},{"@type":"Person","@id":"https:\/\/news.save.ch\/de\/#\/schema\/person\/ad4ef21102fd6125312409ac57d5296d","name":"Simon Gr\u00f6flin","image":{"@type":"ImageObject","inLanguage":"en-US","@id":"https:\/\/secure.gravatar.com\/avatar\/6ddceb80eb734354635539e0ea5140bb7c41e42de7c45c9a2ab9921b5d5c9a83?s=96&d=mm&r=g","url":"https:\/\/secure.gravatar.com\/avatar\/6ddceb80eb734354635539e0ea5140bb7c41e42de7c45c9a2ab9921b5d5c9a83?s=96&d=mm&r=g","contentUrl":"https:\/\/secure.gravatar.com\/avatar\/6ddceb80eb734354635539e0ea5140bb7c41e42de7c45c9a2ab9921b5d5c9a83?s=96&d=mm&r=g","caption":"Simon Gr\u00f6flin"},"url":"https:\/\/news.save.ch\/en\/author\/simon-groeflin\/"}]}},"_links":{"self":[{"href":"https:\/\/news.save.ch\/en\/wp-json\/wp\/v2\/posts\/12372","targetHints":{"allow":["GET"]}}],"collection":[{"href":"https:\/\/news.save.ch\/en\/wp-json\/wp\/v2\/posts"}],"about":[{"href":"https:\/\/news.save.ch\/en\/wp-json\/wp\/v2\/types\/post"}],"author":[{"embeddable":true,"href":"https:\/\/news.save.ch\/en\/wp-json\/wp\/v2\/users\/9"}],"replies":[{"embeddable":true,"href":"https:\/\/news.save.ch\/en\/wp-json\/wp\/v2\/comments?post=12372"}],"version-history":[{"count":5,"href":"https:\/\/news.save.ch\/en\/wp-json\/wp\/v2\/posts\/12372\/revisions"}],"predecessor-version":[{"id":21868,"href":"https:\/\/news.save.ch\/en\/wp-json\/wp\/v2\/posts\/12372\/revisions\/21868"}],"wp:featuredmedia":[{"embeddable":true,"href":"https:\/\/news.save.ch\/en\/wp-json\/wp\/v2\/media\/12373"}],"wp:attachment":[{"href":"https:\/\/news.save.ch\/en\/wp-json\/wp\/v2\/media?parent=12372"}],"wp:term":[{"taxonomy":"category","embeddable":true,"href":"https:\/\/news.save.ch\/en\/wp-json\/wp\/v2\/categories?post=12372"},{"taxonomy":"post_tag","embeddable":true,"href":"https:\/\/news.save.ch\/en\/wp-json\/wp\/v2\/tags?post=12372"}],"curies":[{"name":"wp","href":"https:\/\/api.w.org\/{rel}","templated":true}]}}