{"id":1240,"date":"2016-10-04T10:27:34","date_gmt":"2016-10-04T08:27:34","guid":{"rendered":"http:\/\/dev.safety-plus.ch\/?p=1240"},"modified":"2016-10-04T10:27:34","modified_gmt":"2016-10-04T08:27:34","slug":"lernendenbarometer-2016-von-berufslehre-ueberzeugt","status":null,"type":"post","link":"https:\/\/news.save.ch\/en\/lernendenbarometer-2016-von-berufslehre-ueberzeugt\/","title":{"rendered":"Apprentice barometer 2016: convinced of vocational apprenticeships"},"content":{"rendered":"<figure id=\"attachment_1241\" aria-describedby=\"caption-attachment-1241\" style=\"width: 680px\" class=\"wp-caption alignnone\"><img loading=\"lazy\" decoding=\"async\" class=\"wp-image-1241 size-medium\" src=\"http:\/\/develop.safety-plus.ch\/wp-content\/uploads\/2016\/12\/Lernendenbarometer-2016-von-Berufslehre-ueberzeugt_safety-plus.jpg\" width=\"680\" height=\"453\" \/><figcaption id=\"caption-attachment-1241\" class=\"wp-caption-text\">Overall apprentice satisfaction has increased.<\/figcaption><\/figure>\n<p>The 2016 apprentice barometer of the online apprenticeship portal <a href=\"https:\/\/www.yousty.ch\/\" target=\"_blank\" rel=\"noreferrer noopener\" data-cke-saved-href=\"https:\/\/www.yousty.ch\/\">yousti.ch<\/a>\u00a0shows: Over 80% of apprentices in Switzerland would complete an apprenticeship again if they had to decide again. In turn, 81% of these apprentices state that they are better equipped for the working world with an apprenticeship qualification than with a university degree.<\/p>\n<p>A total of 4,356 young people responded to Yousty AG's call and took part in the major online survey on apprentice satisfaction in German-speaking Switzerland between May 26 and June 21, 2016. On a scale of 1 to 10 (highest satisfaction), the young people rated their satisfaction with their apprenticeship on average at a high 7.2. Compared with last year's results, satisfaction has risen from a value of 6.9 to a value of 7.2.<\/p>\n<p><strong>Work climate still most important <\/strong><\/p>\n<p>The most relevant factor for job satisfaction is the working atmosphere with a value of 8.9. This is closely followed by interesting activities for the apprentices (8.6) and treatment as equal employees in the company (8.5). It is also particularly pleasing that the salary (3.1) has only a marginal influence on the choice of occupation and satisfaction. Urs Casty, founder and managing director of Yousty AG, is confident about these results: \"Today's apprentices believe in dual vocational training. They choose their apprenticeship because they are interested in the job and not because of the money. This shows: apprenticeships are a real alternative to high school, even for good students.\"<\/p>\n<figure id=\"attachment_1242\" aria-describedby=\"caption-attachment-1242\" style=\"width: 1344px\" class=\"wp-caption alignnone\"><a href=\"http:\/\/develop.safety-plus.ch\/wp-content\/uploads\/2016\/12\/Lernendenbarometer-2016-von-Berufslehre-u\u0308berzeugt_safety-plus-2.jpg\"><img loading=\"lazy\" decoding=\"async\" class=\"size-full wp-image-1242\" src=\"http:\/\/develop.safety-plus.ch\/wp-content\/uploads\/2016\/12\/Lernendenbarometer-2016-von-Berufslehre-u\u0308berzeugt_safety-plus-2.jpg\" alt=\"\" width=\"1344\" height=\"905\" \/><\/a><figcaption id=\"caption-attachment-1242\" class=\"wp-caption-text\">The most important factor for satisfaction is the working atmosphere.<\/figcaption><\/figure>\n<p><strong>Frontrunners Bern and Basel-Land<\/strong><\/p>\n<p>The most satisfied apprentices complete their training in the cantons of Bern (7.2) and Basel-Land (7.2), followed by Basel-Stadt (7.1) and Zug (7.0). Zug has lost 3 places compared to last year, while Bern has made up one place. The canton of Zurich also had to relinquish its third place from last year and has fallen to 5th place.<\/p>\n<p><strong>Banks and life sciences are popular <\/strong><\/p>\n<p>Banks and insurance companies as well as life sciences (chemistry, biology, physics and pharmaceuticals) form the most satisfied apprentices with a value of 7.6. This is closely followed by the IT, communications and Internet sector (7.5), and the bronze medal this year goes to the electronics sector (7.3), which has seen a strong increase in satisfaction compared to last year.<\/p>\n<p><strong>Need for SMEs to catch up <\/strong><\/p>\n<p>If satisfaction in the companies is broken down according to the size of the company, it becomes apparent: The more employees a company has, the more satisfied the learners are. The results show that the greater the size of the company, the greater the satisfaction of the learners with their vocational trainers. According to the 2016 Learner Barometer, the following factors in particular have a positive influence on satisfaction: equal treatment as employees, a good working atmosphere and less recurring stressful situations. For Domenica Mauch, project manager at Yousty AG, it is clear: \"The pressure on SMEs is great. Nevertheless, they have a duty to provide the best possible support for apprentices during their vocational training. The first two factors for increasing satisfaction can - if not must - also be implemented in small companies. Perhaps we will already see success in the 2017 Learner Barometer by yousty.ch.\"<\/p>","protected":false},"excerpt":{"rendered":"<p>Der Lernendenbarometer 2016 des Online-Lehrstellenportals yousti.ch\u00a0zeigt: \u00dcber 80% der Lernenden in der Schweiz w\u00fcrden wieder eine Berufslehre absolvieren, wenn sie nochmals entscheiden m\u00fcssten. 81% dieser Lernenden geben wiederum an, mit einem Lehrabschluss besser f\u00fcr die Arbeitswelt ger\u00fcstet zu sein, als mit einem Universit\u00e4tsabschluss. Insgesamt sind 4\u2019356 dem Aufruf der Yousty AG gefolgt und haben zwischen [&hellip;]<\/p>\n","protected":false},"author":1,"featured_media":1241,"comment_status":"open","ping_status":"open","sticky":false,"template":"","format":"standard","meta":{"_acf_changed":false,"pgc_sgb_lightbox_settings":"","footnotes":""},"categories":[1],"tags":[183,293],"class_list":["post-1240","post","type-post","status-publish","format-standard","has-post-thumbnail","hentry","category-allgemein","tag-arbeitsplatzgestaltung","tag-aus-weiterbildung"],"acf":[],"hkrextid":null,"publication":null,"issue":null,"workflow":null,"startPage":null,"spitzmarke":null,"_posts_by_tag_page_fields":{"widget_title":"","widget_tags":""},"_at_widget":"1","_yoast_wpseo_primary_category":"1","_yoast_wpseo_focuskw_text_input":"Lernendenbarometer","_yoast_wpseo_opengraph-image":null,"_yoast_wpseo_opengraph-description":null,"_yoast_wpseo_opengraph-title":null,"enclosure":null,"_yoast_wpseo_twitter-title":null,"_yoast_wpseo_twitter-description":null,"_yoast_wpseo_twitter-image":null,"_wp_old_slug":null,"_yoast_wpseo_title":null,"_yoast_wpseo_canonical":null,"yoast_head":"<!-- This site is optimized with the Yoast SEO plugin v27.4 - https:\/\/yoast.com\/product\/yoast-seo-wordpress\/ -->\n<title>Lernendenbarometer 2016: von Berufslehre \u00fcberzeugt - Save<\/title>\n<meta name=\"description\" content=\"Der Lernendenbarometer 2016 zeigt, dass das duale Berufsbildungsmodell in der Schweiz von den Lernenden gesch\u00e4tzt wird.\" \/>\n<meta name=\"robots\" content=\"index, follow, max-snippet:-1, max-image-preview:large, max-video-preview:-1\" \/>\n<link rel=\"canonical\" href=\"https:\/\/news.save.ch\/en\/lernendenbarometer-2016-von-berufslehre-ueberzeugt\/\" \/>\n<meta property=\"og:locale\" content=\"en_US\" \/>\n<meta property=\"og:type\" content=\"article\" \/>\n<meta property=\"og:title\" content=\"Lernendenbarometer 2016: von Berufslehre \u00fcberzeugt - Save\" \/>\n<meta property=\"og:description\" content=\"Der Lernendenbarometer 2016 zeigt, dass das duale Berufsbildungsmodell in der Schweiz von den Lernenden gesch\u00e4tzt wird.\" \/>\n<meta property=\"og:url\" content=\"https:\/\/news.save.ch\/en\/lernendenbarometer-2016-von-berufslehre-ueberzeugt\/\" \/>\n<meta property=\"og:site_name\" content=\"Save\" \/>\n<meta property=\"article:published_time\" content=\"2016-10-04T08:27:34+00:00\" \/>\n<meta property=\"og:image\" content=\"https:\/\/news.save.ch\/wp-content\/uploads\/2016\/12\/Lernendenbarometer-2016-von-Berufslehre-ueberzeugt_safety-plus-scaled-1.jpg\" \/>\n\t<meta property=\"og:image:width\" content=\"1200\" \/>\n\t<meta property=\"og:image:height\" content=\"801\" \/>\n\t<meta property=\"og:image:type\" content=\"image\/jpeg\" \/>\n<meta name=\"author\" content=\"admin\" \/>\n<meta name=\"twitter:card\" content=\"summary_large_image\" \/>\n<meta name=\"twitter:label1\" content=\"Written by\" \/>\n\t<meta name=\"twitter:data1\" content=\"admin\" \/>\n\t<meta name=\"twitter:label2\" content=\"Est. reading time\" \/>\n\t<meta name=\"twitter:data2\" content=\"3 minutes\" \/>\n<script type=\"application\/ld+json\" class=\"yoast-schema-graph\">{\"@context\":\"https:\\\/\\\/schema.org\",\"@graph\":[{\"@type\":\"Article\",\"@id\":\"https:\\\/\\\/news.save.ch\\\/lernendenbarometer-2016-von-berufslehre-ueberzeugt\\\/#article\",\"isPartOf\":{\"@id\":\"https:\\\/\\\/news.save.ch\\\/lernendenbarometer-2016-von-berufslehre-ueberzeugt\\\/\"},\"author\":{\"name\":\"admin\",\"@id\":\"https:\\\/\\\/news.save.ch\\\/de\\\/#\\\/schema\\\/person\\\/d49e199490bad7c70d64b9ab51142f2b\"},\"headline\":\"Lernendenbarometer 2016: von Berufslehre \u00fcberzeugt\",\"datePublished\":\"2016-10-04T08:27:34+00:00\",\"mainEntityOfPage\":{\"@id\":\"https:\\\/\\\/news.save.ch\\\/lernendenbarometer-2016-von-berufslehre-ueberzeugt\\\/\"},\"wordCount\":513,\"commentCount\":2,\"publisher\":{\"@id\":\"https:\\\/\\\/news.save.ch\\\/de\\\/#organization\"},\"image\":{\"@id\":\"https:\\\/\\\/news.save.ch\\\/lernendenbarometer-2016-von-berufslehre-ueberzeugt\\\/#primaryimage\"},\"thumbnailUrl\":\"https:\\\/\\\/news.save.ch\\\/wp-content\\\/uploads\\\/2016\\\/12\\\/Lernendenbarometer-2016-von-Berufslehre-ueberzeugt_safety-plus-scaled-1.jpg\",\"keywords\":[\"Arbeitsplatzgestaltung\",\"Aus- &amp; Weiterbildung\"],\"articleSection\":[\"ALLGEMEIN\"],\"inLanguage\":\"en-US\"},{\"@type\":\"WebPage\",\"@id\":\"https:\\\/\\\/news.save.ch\\\/lernendenbarometer-2016-von-berufslehre-ueberzeugt\\\/\",\"url\":\"https:\\\/\\\/news.save.ch\\\/lernendenbarometer-2016-von-berufslehre-ueberzeugt\\\/\",\"name\":\"Lernendenbarometer 2016: von Berufslehre \u00fcberzeugt - Save\",\"isPartOf\":{\"@id\":\"https:\\\/\\\/news.save.ch\\\/de\\\/#website\"},\"primaryImageOfPage\":{\"@id\":\"https:\\\/\\\/news.save.ch\\\/lernendenbarometer-2016-von-berufslehre-ueberzeugt\\\/#primaryimage\"},\"image\":{\"@id\":\"https:\\\/\\\/news.save.ch\\\/lernendenbarometer-2016-von-berufslehre-ueberzeugt\\\/#primaryimage\"},\"thumbnailUrl\":\"https:\\\/\\\/news.save.ch\\\/wp-content\\\/uploads\\\/2016\\\/12\\\/Lernendenbarometer-2016-von-Berufslehre-ueberzeugt_safety-plus-scaled-1.jpg\",\"datePublished\":\"2016-10-04T08:27:34+00:00\",\"description\":\"Der Lernendenbarometer 2016 zeigt, dass das duale Berufsbildungsmodell in der Schweiz von den Lernenden gesch\u00e4tzt wird.\",\"breadcrumb\":{\"@id\":\"https:\\\/\\\/news.save.ch\\\/lernendenbarometer-2016-von-berufslehre-ueberzeugt\\\/#breadcrumb\"},\"inLanguage\":\"en-US\",\"potentialAction\":[{\"@type\":\"ReadAction\",\"target\":[\"https:\\\/\\\/news.save.ch\\\/lernendenbarometer-2016-von-berufslehre-ueberzeugt\\\/\"]}]},{\"@type\":\"ImageObject\",\"inLanguage\":\"en-US\",\"@id\":\"https:\\\/\\\/news.save.ch\\\/lernendenbarometer-2016-von-berufslehre-ueberzeugt\\\/#primaryimage\",\"url\":\"https:\\\/\\\/news.save.ch\\\/wp-content\\\/uploads\\\/2016\\\/12\\\/Lernendenbarometer-2016-von-Berufslehre-ueberzeugt_safety-plus-scaled-1.jpg\",\"contentUrl\":\"https:\\\/\\\/news.save.ch\\\/wp-content\\\/uploads\\\/2016\\\/12\\\/Lernendenbarometer-2016-von-Berufslehre-ueberzeugt_safety-plus-scaled-1.jpg\",\"width\":1200,\"height\":801,\"caption\":\"Die Zufriedenheit der Lehrlinge ist insgesamt gestiegen.\"},{\"@type\":\"BreadcrumbList\",\"@id\":\"https:\\\/\\\/news.save.ch\\\/lernendenbarometer-2016-von-berufslehre-ueberzeugt\\\/#breadcrumb\",\"itemListElement\":[{\"@type\":\"ListItem\",\"position\":1,\"name\":\"Home\",\"item\":\"https:\\\/\\\/news.save.ch\\\/de\\\/\"},{\"@type\":\"ListItem\",\"position\":2,\"name\":\"Lernendenbarometer 2016: von Berufslehre \u00fcberzeugt\"}]},{\"@type\":\"WebSite\",\"@id\":\"https:\\\/\\\/news.save.ch\\\/de\\\/#website\",\"url\":\"https:\\\/\\\/news.save.ch\\\/de\\\/\",\"name\":\"Save\",\"description\":\"Schweizer Fachzeitschrift f\u00fcr Sicherheit\",\"publisher\":{\"@id\":\"https:\\\/\\\/news.save.ch\\\/de\\\/#organization\"},\"potentialAction\":[{\"@type\":\"SearchAction\",\"target\":{\"@type\":\"EntryPoint\",\"urlTemplate\":\"https:\\\/\\\/news.save.ch\\\/de\\\/?s={search_term_string}\"},\"query-input\":{\"@type\":\"PropertyValueSpecification\",\"valueRequired\":true,\"valueName\":\"search_term_string\"}}],\"inLanguage\":\"en-US\"},{\"@type\":\"Organization\",\"@id\":\"https:\\\/\\\/news.save.ch\\\/de\\\/#organization\",\"name\":\"Sicherheitsforum\",\"url\":\"https:\\\/\\\/news.save.ch\\\/de\\\/\",\"logo\":{\"@type\":\"ImageObject\",\"inLanguage\":\"en-US\",\"@id\":\"https:\\\/\\\/news.save.ch\\\/de\\\/#\\\/schema\\\/logo\\\/image\\\/\",\"url\":\"https:\\\/\\\/news.save.ch\\\/wp-content\\\/uploads\\\/2022\\\/06\\\/Logo_SF_2012.png\",\"contentUrl\":\"https:\\\/\\\/news.save.ch\\\/wp-content\\\/uploads\\\/2022\\\/06\\\/Logo_SF_2012.png\",\"width\":1100,\"height\":91,\"caption\":\"Sicherheitsforum\"},\"image\":{\"@id\":\"https:\\\/\\\/news.save.ch\\\/de\\\/#\\\/schema\\\/logo\\\/image\\\/\"}},{\"@type\":\"Person\",\"@id\":\"https:\\\/\\\/news.save.ch\\\/de\\\/#\\\/schema\\\/person\\\/d49e199490bad7c70d64b9ab51142f2b\",\"name\":\"admin\",\"image\":{\"@type\":\"ImageObject\",\"inLanguage\":\"en-US\",\"@id\":\"https:\\\/\\\/secure.gravatar.com\\\/avatar\\\/ae2f4d718e6c49043e314ce431e7e645d646302a24a5ef5a8bc8e3f5a032e319?s=96&d=mm&r=g\",\"url\":\"https:\\\/\\\/secure.gravatar.com\\\/avatar\\\/ae2f4d718e6c49043e314ce431e7e645d646302a24a5ef5a8bc8e3f5a032e319?s=96&d=mm&r=g\",\"contentUrl\":\"https:\\\/\\\/secure.gravatar.com\\\/avatar\\\/ae2f4d718e6c49043e314ce431e7e645d646302a24a5ef5a8bc8e3f5a032e319?s=96&d=mm&r=g\",\"caption\":\"admin\"},\"sameAs\":[\"https:\\\/\\\/develop.organisator.galledia.ch\"],\"url\":\"https:\\\/\\\/news.save.ch\\\/en\\\/author\\\/admin\\\/\"}]}<\/script>\n<!-- \/ Yoast SEO plugin. -->","yoast_head_json":{"title":"Apprentice barometer 2016: convinced of vocational apprenticeship - Save","description":"The 2016 Learner Barometer shows that the dual vocational training model in Switzerland is appreciated by learners.","robots":{"index":"index","follow":"follow","max-snippet":"max-snippet:-1","max-image-preview":"max-image-preview:large","max-video-preview":"max-video-preview:-1"},"canonical":"https:\/\/news.save.ch\/en\/lernendenbarometer-2016-von-berufslehre-ueberzeugt\/","og_locale":"en_US","og_type":"article","og_title":"Lernendenbarometer 2016: von Berufslehre \u00fcberzeugt - Save","og_description":"Der Lernendenbarometer 2016 zeigt, dass das duale Berufsbildungsmodell in der Schweiz von den Lernenden gesch\u00e4tzt wird.","og_url":"https:\/\/news.save.ch\/en\/lernendenbarometer-2016-von-berufslehre-ueberzeugt\/","og_site_name":"Save","article_published_time":"2016-10-04T08:27:34+00:00","og_image":[{"width":1200,"height":801,"url":"https:\/\/news.save.ch\/wp-content\/uploads\/2016\/12\/Lernendenbarometer-2016-von-Berufslehre-ueberzeugt_safety-plus-scaled-1.jpg","type":"image\/jpeg"}],"author":"admin","twitter_card":"summary_large_image","twitter_misc":{"Written by":"admin","Est. reading time":"3 minutes"},"schema":{"@context":"https:\/\/schema.org","@graph":[{"@type":"Article","@id":"https:\/\/news.save.ch\/lernendenbarometer-2016-von-berufslehre-ueberzeugt\/#article","isPartOf":{"@id":"https:\/\/news.save.ch\/lernendenbarometer-2016-von-berufslehre-ueberzeugt\/"},"author":{"name":"admin","@id":"https:\/\/news.save.ch\/de\/#\/schema\/person\/d49e199490bad7c70d64b9ab51142f2b"},"headline":"Lernendenbarometer 2016: von Berufslehre \u00fcberzeugt","datePublished":"2016-10-04T08:27:34+00:00","mainEntityOfPage":{"@id":"https:\/\/news.save.ch\/lernendenbarometer-2016-von-berufslehre-ueberzeugt\/"},"wordCount":513,"commentCount":2,"publisher":{"@id":"https:\/\/news.save.ch\/de\/#organization"},"image":{"@id":"https:\/\/news.save.ch\/lernendenbarometer-2016-von-berufslehre-ueberzeugt\/#primaryimage"},"thumbnailUrl":"https:\/\/news.save.ch\/wp-content\/uploads\/2016\/12\/Lernendenbarometer-2016-von-Berufslehre-ueberzeugt_safety-plus-scaled-1.jpg","keywords":["Arbeitsplatzgestaltung","Aus- &amp; Weiterbildung"],"articleSection":["ALLGEMEIN"],"inLanguage":"en-US"},{"@type":"WebPage","@id":"https:\/\/news.save.ch\/lernendenbarometer-2016-von-berufslehre-ueberzeugt\/","url":"https:\/\/news.save.ch\/lernendenbarometer-2016-von-berufslehre-ueberzeugt\/","name":"Apprentice barometer 2016: convinced of vocational apprenticeship - Save","isPartOf":{"@id":"https:\/\/news.save.ch\/de\/#website"},"primaryImageOfPage":{"@id":"https:\/\/news.save.ch\/lernendenbarometer-2016-von-berufslehre-ueberzeugt\/#primaryimage"},"image":{"@id":"https:\/\/news.save.ch\/lernendenbarometer-2016-von-berufslehre-ueberzeugt\/#primaryimage"},"thumbnailUrl":"https:\/\/news.save.ch\/wp-content\/uploads\/2016\/12\/Lernendenbarometer-2016-von-Berufslehre-ueberzeugt_safety-plus-scaled-1.jpg","datePublished":"2016-10-04T08:27:34+00:00","description":"The 2016 Learner Barometer shows that the dual vocational training model in Switzerland is appreciated by learners.","breadcrumb":{"@id":"https:\/\/news.save.ch\/lernendenbarometer-2016-von-berufslehre-ueberzeugt\/#breadcrumb"},"inLanguage":"en-US","potentialAction":[{"@type":"ReadAction","target":["https:\/\/news.save.ch\/lernendenbarometer-2016-von-berufslehre-ueberzeugt\/"]}]},{"@type":"ImageObject","inLanguage":"en-US","@id":"https:\/\/news.save.ch\/lernendenbarometer-2016-von-berufslehre-ueberzeugt\/#primaryimage","url":"https:\/\/news.save.ch\/wp-content\/uploads\/2016\/12\/Lernendenbarometer-2016-von-Berufslehre-ueberzeugt_safety-plus-scaled-1.jpg","contentUrl":"https:\/\/news.save.ch\/wp-content\/uploads\/2016\/12\/Lernendenbarometer-2016-von-Berufslehre-ueberzeugt_safety-plus-scaled-1.jpg","width":1200,"height":801,"caption":"Die Zufriedenheit der Lehrlinge ist insgesamt gestiegen."},{"@type":"BreadcrumbList","@id":"https:\/\/news.save.ch\/lernendenbarometer-2016-von-berufslehre-ueberzeugt\/#breadcrumb","itemListElement":[{"@type":"ListItem","position":1,"name":"Home","item":"https:\/\/news.save.ch\/de\/"},{"@type":"ListItem","position":2,"name":"Lernendenbarometer 2016: von Berufslehre \u00fcberzeugt"}]},{"@type":"WebSite","@id":"https:\/\/news.save.ch\/de\/#website","url":"https:\/\/news.save.ch\/de\/","name":"Save","description":"Swiss trade journal for safety","publisher":{"@id":"https:\/\/news.save.ch\/de\/#organization"},"potentialAction":[{"@type":"SearchAction","target":{"@type":"EntryPoint","urlTemplate":"https:\/\/news.save.ch\/de\/?s={search_term_string}"},"query-input":{"@type":"PropertyValueSpecification","valueRequired":true,"valueName":"search_term_string"}}],"inLanguage":"en-US"},{"@type":"Organization","@id":"https:\/\/news.save.ch\/de\/#organization","name":"Security Forum","url":"https:\/\/news.save.ch\/de\/","logo":{"@type":"ImageObject","inLanguage":"en-US","@id":"https:\/\/news.save.ch\/de\/#\/schema\/logo\/image\/","url":"https:\/\/news.save.ch\/wp-content\/uploads\/2022\/06\/Logo_SF_2012.png","contentUrl":"https:\/\/news.save.ch\/wp-content\/uploads\/2022\/06\/Logo_SF_2012.png","width":1100,"height":91,"caption":"Sicherheitsforum"},"image":{"@id":"https:\/\/news.save.ch\/de\/#\/schema\/logo\/image\/"}},{"@type":"Person","@id":"https:\/\/news.save.ch\/de\/#\/schema\/person\/d49e199490bad7c70d64b9ab51142f2b","name":"admin","image":{"@type":"ImageObject","inLanguage":"en-US","@id":"https:\/\/secure.gravatar.com\/avatar\/ae2f4d718e6c49043e314ce431e7e645d646302a24a5ef5a8bc8e3f5a032e319?s=96&d=mm&r=g","url":"https:\/\/secure.gravatar.com\/avatar\/ae2f4d718e6c49043e314ce431e7e645d646302a24a5ef5a8bc8e3f5a032e319?s=96&d=mm&r=g","contentUrl":"https:\/\/secure.gravatar.com\/avatar\/ae2f4d718e6c49043e314ce431e7e645d646302a24a5ef5a8bc8e3f5a032e319?s=96&d=mm&r=g","caption":"admin"},"sameAs":["https:\/\/develop.organisator.galledia.ch"],"url":"https:\/\/news.save.ch\/en\/author\/admin\/"}]}},"_links":{"self":[{"href":"https:\/\/news.save.ch\/en\/wp-json\/wp\/v2\/posts\/1240","targetHints":{"allow":["GET"]}}],"collection":[{"href":"https:\/\/news.save.ch\/en\/wp-json\/wp\/v2\/posts"}],"about":[{"href":"https:\/\/news.save.ch\/en\/wp-json\/wp\/v2\/types\/post"}],"author":[{"embeddable":true,"href":"https:\/\/news.save.ch\/en\/wp-json\/wp\/v2\/users\/1"}],"replies":[{"embeddable":true,"href":"https:\/\/news.save.ch\/en\/wp-json\/wp\/v2\/comments?post=1240"}],"version-history":[{"count":0,"href":"https:\/\/news.save.ch\/en\/wp-json\/wp\/v2\/posts\/1240\/revisions"}],"wp:featuredmedia":[{"embeddable":true,"href":"https:\/\/news.save.ch\/en\/wp-json\/wp\/v2\/media\/1241"}],"wp:attachment":[{"href":"https:\/\/news.save.ch\/en\/wp-json\/wp\/v2\/media?parent=1240"}],"wp:term":[{"taxonomy":"category","embeddable":true,"href":"https:\/\/news.save.ch\/en\/wp-json\/wp\/v2\/categories?post=1240"},{"taxonomy":"post_tag","embeddable":true,"href":"https:\/\/news.save.ch\/en\/wp-json\/wp\/v2\/tags?post=1240"}],"curies":[{"name":"wp","href":"https:\/\/api.w.org\/{rel}","templated":true}]}}