{"id":126,"date":"2015-04-18T13:13:54","date_gmt":"2015-04-18T11:13:54","guid":{"rendered":"https:\/\/dev.sicherheitsforum.ch\/?p=126"},"modified":"2015-04-18T13:13:54","modified_gmt":"2015-04-18T11:13:54","slug":"baselbieter-setzen-vermehrt-auf-private-sicherheitsfirmen","status":null,"type":"post","link":"https:\/\/news.save.ch\/en\/baselbieter-setzen-vermehrt-auf-private-sicherheitsfirmen\/","title":{"rendered":"Basel-Landesians increasingly rely on private security companies"},"content":{"rendered":"<figure id=\"attachment_127\" aria-describedby=\"caption-attachment-127\" style=\"width: 680px\" class=\"wp-caption alignnone\"><img loading=\"lazy\" decoding=\"async\" class=\"size-medium wp-image-127\" src=\"https:\/\/sicherheitsforum.ch\/wp-content\/uploads\/2016\/12\/Baselbieter-setzen-vermehrt-auf-private-Sicherheitsfirmen__sicherheitsforum.jpg\" alt=\"In Baselland, private security companies are increasingly being used.\" width=\"680\" height=\"997\" \/><figcaption id=\"caption-attachment-127\" class=\"wp-caption-text\">In Baselland, private security companies are increasingly being used.<\/figcaption><\/figure>\n<p>A wave of privatization is spreading in the police sector. Based on the new police law of the canton of Basel-Landschaft, more than 80 municipalities there had to decide by the end of February who should ensure peace and order on their territory in the future. The new law provides for a strict separation between the communal and the cantonal police services. In concrete terms, this means: Do the municipalities organize (and pay for) the 24-hour job themselves or do they also draw on cantonal support? The municipality must settle any service agreement with the cantonal police with a lump sum based on the number of inhabitants.<\/p>\n<p>Today, it is apparent that both larger and smaller municipalities in Basel-Landschaft are outsourcing some of their police duties to private security companies. The reason: saving money is the order of the day. This is also the case in the municipality of M\u00fcnchenstein, which has a population of around 12,000 and, with 8,000 jobs, is also an important employment and business location in the region. In an interview with Swiss television, the mayor of the municipality calculated that he was spending between 5,000 and 10,000 francs less a year by using private security companies.<\/p>\n<p>As elsewhere, the M\u00fcnchenstein municipal police cannot provide a 24-hour service. Therefore, in the past, additional services were taken over by the cantonal police. But this costs, especially since the canton is working with a new financing model, which, according to M\u00fcnchenstein, entails massive additional expenses. For this reason, the municipality has been doing without the service of the cantonal police since the end of March.<\/p>\n<p>If the phone rings at the M\u00fcnchenstein police station, the citizen may be automatically forwarded to a contracted security company. For the time being, this will be a trial until the end of March 2016, according to reports. Then the people of M\u00fcnchenstein will take stock and assess whether the \"partial privatization\" of the police service has proved successful. <em>(rs)<\/em><\/p>\n<p><em>(Edited 4\/23\/2015)<\/em><\/p>","protected":false},"excerpt":{"rendered":"<p>Im Polizeiwesen macht sich eine Privatisierungswelle breit. Gest\u00fctzt auf das neue Polizeigesetz des Kantons Basel-Landschaft mussten dort \u00fcber 80 Gemeinden bis Ende Februar entscheiden, wer in Zukunft auf ihrem Territorium f\u00fcr Ruhe und Ordnung sorgen soll. Das neue Gesetz sieht eine strikte Trennung zwischen den kommunalen und den kantonalen Polizeidiensten vor. Konkret bedeutet das: Organisieren [&hellip;]<\/p>\n","protected":false},"author":1,"featured_media":127,"comment_status":"open","ping_status":"open","sticky":false,"template":"","format":"standard","meta":{"_acf_changed":false,"pgc_sgb_lightbox_settings":"","footnotes":""},"categories":[1],"tags":[69,102,103,104],"class_list":["post-126","post","type-post","status-publish","format-standard","has-post-thumbnail","hentry","category-allgemein","tag-justiz-polizei","tag-polizeigesetz-kanton-basel-land","tag-private-sicherheitsfirma","tag-ruhe-und-ordnung"],"acf":[],"hkrextid":null,"publication":null,"issue":null,"workflow":null,"startPage":null,"spitzmarke":null,"_posts_by_tag_page_fields":{"widget_title":"","widget_tags":""},"_at_widget":"1","_yoast_wpseo_primary_category":"1","_yoast_wpseo_focuskw_text_input":"private Sicherheitsfirma","_yoast_wpseo_opengraph-image":"https:\/\/sicherheitsforum.ch\/wp-content\/uploads\/2016\/12\/Baselbieter-setzen-vermehrt-auf-private-Sicherheitsfirmen__sicherheitsforum.jpg","_yoast_wpseo_opengraph-description":"In Baselland weichen verschiedene Gemeinden auf private Sicherheitsfirmen aus, um f\u00fcr Ruhe und Ordnung zu sorgen.","_yoast_wpseo_opengraph-title":"Baselbieter setzen vermehrt auf private Sicherheitsfirmen","enclosure":null,"_yoast_wpseo_twitter-title":null,"_yoast_wpseo_twitter-description":null,"_yoast_wpseo_twitter-image":null,"_wp_old_slug":null,"_yoast_wpseo_title":null,"_yoast_wpseo_canonical":null,"yoast_head":"<!-- This site is optimized with the Yoast SEO plugin v27.4 - https:\/\/yoast.com\/product\/yoast-seo-wordpress\/ -->\n<title>Baselbieter setzen vermehrt auf private Sicherheitsfirmen - Save<\/title>\n<meta name=\"description\" content=\"In Baselland weichen verschiedene Gemeinden auf private Sicherheitsfirmen aus, um f\u00fcr Ruhe und Ordnung zu sorgen.\" \/>\n<meta name=\"robots\" content=\"index, follow, max-snippet:-1, max-image-preview:large, max-video-preview:-1\" \/>\n<link rel=\"canonical\" href=\"https:\/\/news.save.ch\/en\/baselbieter-setzen-vermehrt-auf-private-sicherheitsfirmen\/\" \/>\n<meta property=\"og:locale\" content=\"en_US\" \/>\n<meta property=\"og:type\" content=\"article\" \/>\n<meta property=\"og:title\" content=\"Baselbieter setzen vermehrt auf private Sicherheitsfirmen\" \/>\n<meta property=\"og:description\" content=\"In Baselland weichen verschiedene Gemeinden auf private Sicherheitsfirmen aus, um f\u00fcr Ruhe und Ordnung zu sorgen.\" \/>\n<meta property=\"og:url\" content=\"https:\/\/news.save.ch\/en\/baselbieter-setzen-vermehrt-auf-private-sicherheitsfirmen\/\" \/>\n<meta property=\"og:site_name\" content=\"Save\" \/>\n<meta property=\"article:published_time\" content=\"2015-04-18T11:13:54+00:00\" \/>\n<meta property=\"og:image\" content=\"https:\/\/sicherheitsforum.ch\/wp-content\/uploads\/2016\/12\/Baselbieter-setzen-vermehrt-auf-private-Sicherheitsfirmen__sicherheitsforum.jpg\" \/>\n<meta name=\"author\" content=\"admin\" \/>\n<meta name=\"twitter:card\" content=\"summary_large_image\" \/>\n<meta name=\"twitter:label1\" content=\"Written by\" \/>\n\t<meta name=\"twitter:data1\" content=\"admin\" \/>\n\t<meta name=\"twitter:label2\" content=\"Est. reading time\" \/>\n\t<meta name=\"twitter:data2\" content=\"1 minute\" \/>\n<script type=\"application\/ld+json\" class=\"yoast-schema-graph\">{\"@context\":\"https:\\\/\\\/schema.org\",\"@graph\":[{\"@type\":\"Article\",\"@id\":\"https:\\\/\\\/news.save.ch\\\/baselbieter-setzen-vermehrt-auf-private-sicherheitsfirmen\\\/#article\",\"isPartOf\":{\"@id\":\"https:\\\/\\\/news.save.ch\\\/baselbieter-setzen-vermehrt-auf-private-sicherheitsfirmen\\\/\"},\"author\":{\"name\":\"admin\",\"@id\":\"https:\\\/\\\/news.save.ch\\\/de\\\/#\\\/schema\\\/person\\\/d49e199490bad7c70d64b9ab51142f2b\"},\"headline\":\"Baselbieter setzen vermehrt auf private Sicherheitsfirmen\",\"datePublished\":\"2015-04-18T11:13:54+00:00\",\"mainEntityOfPage\":{\"@id\":\"https:\\\/\\\/news.save.ch\\\/baselbieter-setzen-vermehrt-auf-private-sicherheitsfirmen\\\/\"},\"wordCount\":294,\"commentCount\":0,\"publisher\":{\"@id\":\"https:\\\/\\\/news.save.ch\\\/de\\\/#organization\"},\"image\":{\"@id\":\"https:\\\/\\\/news.save.ch\\\/baselbieter-setzen-vermehrt-auf-private-sicherheitsfirmen\\\/#primaryimage\"},\"thumbnailUrl\":\"https:\\\/\\\/news.save.ch\\\/wp-content\\\/uploads\\\/2016\\\/12\\\/Baselbieter-setzen-vermehrt-auf-private-Sicherheitsfirmen__sicherheitsforum-scaled.jpg\",\"keywords\":[\"Justiz &amp; Polizei\",\"Polizeigesetz Kanton Basel-Land\",\"Private Sicherheitsfirma\",\"Ruhe und Ordnung\"],\"articleSection\":[\"ALLGEMEIN\"],\"inLanguage\":\"en-US\"},{\"@type\":\"WebPage\",\"@id\":\"https:\\\/\\\/news.save.ch\\\/baselbieter-setzen-vermehrt-auf-private-sicherheitsfirmen\\\/\",\"url\":\"https:\\\/\\\/news.save.ch\\\/baselbieter-setzen-vermehrt-auf-private-sicherheitsfirmen\\\/\",\"name\":\"Baselbieter setzen vermehrt auf private Sicherheitsfirmen - Save\",\"isPartOf\":{\"@id\":\"https:\\\/\\\/news.save.ch\\\/de\\\/#website\"},\"primaryImageOfPage\":{\"@id\":\"https:\\\/\\\/news.save.ch\\\/baselbieter-setzen-vermehrt-auf-private-sicherheitsfirmen\\\/#primaryimage\"},\"image\":{\"@id\":\"https:\\\/\\\/news.save.ch\\\/baselbieter-setzen-vermehrt-auf-private-sicherheitsfirmen\\\/#primaryimage\"},\"thumbnailUrl\":\"https:\\\/\\\/news.save.ch\\\/wp-content\\\/uploads\\\/2016\\\/12\\\/Baselbieter-setzen-vermehrt-auf-private-Sicherheitsfirmen__sicherheitsforum-scaled.jpg\",\"datePublished\":\"2015-04-18T11:13:54+00:00\",\"description\":\"In Baselland weichen verschiedene Gemeinden auf private Sicherheitsfirmen aus, um f\u00fcr Ruhe und Ordnung zu sorgen.\",\"breadcrumb\":{\"@id\":\"https:\\\/\\\/news.save.ch\\\/baselbieter-setzen-vermehrt-auf-private-sicherheitsfirmen\\\/#breadcrumb\"},\"inLanguage\":\"en-US\",\"potentialAction\":[{\"@type\":\"ReadAction\",\"target\":[\"https:\\\/\\\/news.save.ch\\\/baselbieter-setzen-vermehrt-auf-private-sicherheitsfirmen\\\/\"]}]},{\"@type\":\"ImageObject\",\"inLanguage\":\"en-US\",\"@id\":\"https:\\\/\\\/news.save.ch\\\/baselbieter-setzen-vermehrt-auf-private-sicherheitsfirmen\\\/#primaryimage\",\"url\":\"https:\\\/\\\/news.save.ch\\\/wp-content\\\/uploads\\\/2016\\\/12\\\/Baselbieter-setzen-vermehrt-auf-private-Sicherheitsfirmen__sicherheitsforum-scaled.jpg\",\"contentUrl\":\"https:\\\/\\\/news.save.ch\\\/wp-content\\\/uploads\\\/2016\\\/12\\\/Baselbieter-setzen-vermehrt-auf-private-Sicherheitsfirmen__sicherheitsforum-scaled.jpg\",\"width\":955,\"height\":1400,\"caption\":\"In Baselland kommen vermehrt private Sicherheitsfirmen zum Einsatz.\"},{\"@type\":\"BreadcrumbList\",\"@id\":\"https:\\\/\\\/news.save.ch\\\/baselbieter-setzen-vermehrt-auf-private-sicherheitsfirmen\\\/#breadcrumb\",\"itemListElement\":[{\"@type\":\"ListItem\",\"position\":1,\"name\":\"Home\",\"item\":\"https:\\\/\\\/news.save.ch\\\/de\\\/\"},{\"@type\":\"ListItem\",\"position\":2,\"name\":\"Baselbieter setzen vermehrt auf private Sicherheitsfirmen\"}]},{\"@type\":\"WebSite\",\"@id\":\"https:\\\/\\\/news.save.ch\\\/de\\\/#website\",\"url\":\"https:\\\/\\\/news.save.ch\\\/de\\\/\",\"name\":\"Save\",\"description\":\"Schweizer Fachzeitschrift f\u00fcr Sicherheit\",\"publisher\":{\"@id\":\"https:\\\/\\\/news.save.ch\\\/de\\\/#organization\"},\"potentialAction\":[{\"@type\":\"SearchAction\",\"target\":{\"@type\":\"EntryPoint\",\"urlTemplate\":\"https:\\\/\\\/news.save.ch\\\/de\\\/?s={search_term_string}\"},\"query-input\":{\"@type\":\"PropertyValueSpecification\",\"valueRequired\":true,\"valueName\":\"search_term_string\"}}],\"inLanguage\":\"en-US\"},{\"@type\":\"Organization\",\"@id\":\"https:\\\/\\\/news.save.ch\\\/de\\\/#organization\",\"name\":\"Sicherheitsforum\",\"url\":\"https:\\\/\\\/news.save.ch\\\/de\\\/\",\"logo\":{\"@type\":\"ImageObject\",\"inLanguage\":\"en-US\",\"@id\":\"https:\\\/\\\/news.save.ch\\\/de\\\/#\\\/schema\\\/logo\\\/image\\\/\",\"url\":\"https:\\\/\\\/news.save.ch\\\/wp-content\\\/uploads\\\/2022\\\/06\\\/Logo_SF_2012.png\",\"contentUrl\":\"https:\\\/\\\/news.save.ch\\\/wp-content\\\/uploads\\\/2022\\\/06\\\/Logo_SF_2012.png\",\"width\":1100,\"height\":91,\"caption\":\"Sicherheitsforum\"},\"image\":{\"@id\":\"https:\\\/\\\/news.save.ch\\\/de\\\/#\\\/schema\\\/logo\\\/image\\\/\"}},{\"@type\":\"Person\",\"@id\":\"https:\\\/\\\/news.save.ch\\\/de\\\/#\\\/schema\\\/person\\\/d49e199490bad7c70d64b9ab51142f2b\",\"name\":\"admin\",\"image\":{\"@type\":\"ImageObject\",\"inLanguage\":\"en-US\",\"@id\":\"https:\\\/\\\/secure.gravatar.com\\\/avatar\\\/ae2f4d718e6c49043e314ce431e7e645d646302a24a5ef5a8bc8e3f5a032e319?s=96&d=mm&r=g\",\"url\":\"https:\\\/\\\/secure.gravatar.com\\\/avatar\\\/ae2f4d718e6c49043e314ce431e7e645d646302a24a5ef5a8bc8e3f5a032e319?s=96&d=mm&r=g\",\"contentUrl\":\"https:\\\/\\\/secure.gravatar.com\\\/avatar\\\/ae2f4d718e6c49043e314ce431e7e645d646302a24a5ef5a8bc8e3f5a032e319?s=96&d=mm&r=g\",\"caption\":\"admin\"},\"sameAs\":[\"https:\\\/\\\/develop.organisator.galledia.ch\"],\"url\":\"https:\\\/\\\/news.save.ch\\\/en\\\/author\\\/admin\\\/\"}]}<\/script>\n<!-- \/ Yoast SEO plugin. -->","yoast_head_json":{"title":"Baselbieter increasingly rely on private security companies - Save","description":"In Baselland, various municipalities are turning to private security companies to ensure peace and order.","robots":{"index":"index","follow":"follow","max-snippet":"max-snippet:-1","max-image-preview":"max-image-preview:large","max-video-preview":"max-video-preview:-1"},"canonical":"https:\/\/news.save.ch\/en\/baselbieter-setzen-vermehrt-auf-private-sicherheitsfirmen\/","og_locale":"en_US","og_type":"article","og_title":"Baselbieter setzen vermehrt auf private Sicherheitsfirmen","og_description":"In Baselland weichen verschiedene Gemeinden auf private Sicherheitsfirmen aus, um f\u00fcr Ruhe und Ordnung zu sorgen.","og_url":"https:\/\/news.save.ch\/en\/baselbieter-setzen-vermehrt-auf-private-sicherheitsfirmen\/","og_site_name":"Save","article_published_time":"2015-04-18T11:13:54+00:00","og_image":[{"url":"https:\/\/sicherheitsforum.ch\/wp-content\/uploads\/2016\/12\/Baselbieter-setzen-vermehrt-auf-private-Sicherheitsfirmen__sicherheitsforum.jpg","type":"","width":"","height":""}],"author":"admin","twitter_card":"summary_large_image","twitter_misc":{"Written by":"admin","Est. reading time":"1 minute"},"schema":{"@context":"https:\/\/schema.org","@graph":[{"@type":"Article","@id":"https:\/\/news.save.ch\/baselbieter-setzen-vermehrt-auf-private-sicherheitsfirmen\/#article","isPartOf":{"@id":"https:\/\/news.save.ch\/baselbieter-setzen-vermehrt-auf-private-sicherheitsfirmen\/"},"author":{"name":"admin","@id":"https:\/\/news.save.ch\/de\/#\/schema\/person\/d49e199490bad7c70d64b9ab51142f2b"},"headline":"Baselbieter setzen vermehrt auf private Sicherheitsfirmen","datePublished":"2015-04-18T11:13:54+00:00","mainEntityOfPage":{"@id":"https:\/\/news.save.ch\/baselbieter-setzen-vermehrt-auf-private-sicherheitsfirmen\/"},"wordCount":294,"commentCount":0,"publisher":{"@id":"https:\/\/news.save.ch\/de\/#organization"},"image":{"@id":"https:\/\/news.save.ch\/baselbieter-setzen-vermehrt-auf-private-sicherheitsfirmen\/#primaryimage"},"thumbnailUrl":"https:\/\/news.save.ch\/wp-content\/uploads\/2016\/12\/Baselbieter-setzen-vermehrt-auf-private-Sicherheitsfirmen__sicherheitsforum-scaled.jpg","keywords":["Justiz &amp; Polizei","Polizeigesetz Kanton Basel-Land","Private Sicherheitsfirma","Ruhe und Ordnung"],"articleSection":["ALLGEMEIN"],"inLanguage":"en-US"},{"@type":"WebPage","@id":"https:\/\/news.save.ch\/baselbieter-setzen-vermehrt-auf-private-sicherheitsfirmen\/","url":"https:\/\/news.save.ch\/baselbieter-setzen-vermehrt-auf-private-sicherheitsfirmen\/","name":"Baselbieter increasingly rely on private security companies - Save","isPartOf":{"@id":"https:\/\/news.save.ch\/de\/#website"},"primaryImageOfPage":{"@id":"https:\/\/news.save.ch\/baselbieter-setzen-vermehrt-auf-private-sicherheitsfirmen\/#primaryimage"},"image":{"@id":"https:\/\/news.save.ch\/baselbieter-setzen-vermehrt-auf-private-sicherheitsfirmen\/#primaryimage"},"thumbnailUrl":"https:\/\/news.save.ch\/wp-content\/uploads\/2016\/12\/Baselbieter-setzen-vermehrt-auf-private-Sicherheitsfirmen__sicherheitsforum-scaled.jpg","datePublished":"2015-04-18T11:13:54+00:00","description":"In Baselland, various municipalities are turning to private security companies to ensure peace and order.","breadcrumb":{"@id":"https:\/\/news.save.ch\/baselbieter-setzen-vermehrt-auf-private-sicherheitsfirmen\/#breadcrumb"},"inLanguage":"en-US","potentialAction":[{"@type":"ReadAction","target":["https:\/\/news.save.ch\/baselbieter-setzen-vermehrt-auf-private-sicherheitsfirmen\/"]}]},{"@type":"ImageObject","inLanguage":"en-US","@id":"https:\/\/news.save.ch\/baselbieter-setzen-vermehrt-auf-private-sicherheitsfirmen\/#primaryimage","url":"https:\/\/news.save.ch\/wp-content\/uploads\/2016\/12\/Baselbieter-setzen-vermehrt-auf-private-Sicherheitsfirmen__sicherheitsforum-scaled.jpg","contentUrl":"https:\/\/news.save.ch\/wp-content\/uploads\/2016\/12\/Baselbieter-setzen-vermehrt-auf-private-Sicherheitsfirmen__sicherheitsforum-scaled.jpg","width":955,"height":1400,"caption":"In Baselland kommen vermehrt private Sicherheitsfirmen zum Einsatz."},{"@type":"BreadcrumbList","@id":"https:\/\/news.save.ch\/baselbieter-setzen-vermehrt-auf-private-sicherheitsfirmen\/#breadcrumb","itemListElement":[{"@type":"ListItem","position":1,"name":"Home","item":"https:\/\/news.save.ch\/de\/"},{"@type":"ListItem","position":2,"name":"Baselbieter setzen vermehrt auf private Sicherheitsfirmen"}]},{"@type":"WebSite","@id":"https:\/\/news.save.ch\/de\/#website","url":"https:\/\/news.save.ch\/de\/","name":"Save","description":"Swiss trade journal for safety","publisher":{"@id":"https:\/\/news.save.ch\/de\/#organization"},"potentialAction":[{"@type":"SearchAction","target":{"@type":"EntryPoint","urlTemplate":"https:\/\/news.save.ch\/de\/?s={search_term_string}"},"query-input":{"@type":"PropertyValueSpecification","valueRequired":true,"valueName":"search_term_string"}}],"inLanguage":"en-US"},{"@type":"Organization","@id":"https:\/\/news.save.ch\/de\/#organization","name":"Security Forum","url":"https:\/\/news.save.ch\/de\/","logo":{"@type":"ImageObject","inLanguage":"en-US","@id":"https:\/\/news.save.ch\/de\/#\/schema\/logo\/image\/","url":"https:\/\/news.save.ch\/wp-content\/uploads\/2022\/06\/Logo_SF_2012.png","contentUrl":"https:\/\/news.save.ch\/wp-content\/uploads\/2022\/06\/Logo_SF_2012.png","width":1100,"height":91,"caption":"Sicherheitsforum"},"image":{"@id":"https:\/\/news.save.ch\/de\/#\/schema\/logo\/image\/"}},{"@type":"Person","@id":"https:\/\/news.save.ch\/de\/#\/schema\/person\/d49e199490bad7c70d64b9ab51142f2b","name":"admin","image":{"@type":"ImageObject","inLanguage":"en-US","@id":"https:\/\/secure.gravatar.com\/avatar\/ae2f4d718e6c49043e314ce431e7e645d646302a24a5ef5a8bc8e3f5a032e319?s=96&d=mm&r=g","url":"https:\/\/secure.gravatar.com\/avatar\/ae2f4d718e6c49043e314ce431e7e645d646302a24a5ef5a8bc8e3f5a032e319?s=96&d=mm&r=g","contentUrl":"https:\/\/secure.gravatar.com\/avatar\/ae2f4d718e6c49043e314ce431e7e645d646302a24a5ef5a8bc8e3f5a032e319?s=96&d=mm&r=g","caption":"admin"},"sameAs":["https:\/\/develop.organisator.galledia.ch"],"url":"https:\/\/news.save.ch\/en\/author\/admin\/"}]}},"_links":{"self":[{"href":"https:\/\/news.save.ch\/en\/wp-json\/wp\/v2\/posts\/126","targetHints":{"allow":["GET"]}}],"collection":[{"href":"https:\/\/news.save.ch\/en\/wp-json\/wp\/v2\/posts"}],"about":[{"href":"https:\/\/news.save.ch\/en\/wp-json\/wp\/v2\/types\/post"}],"author":[{"embeddable":true,"href":"https:\/\/news.save.ch\/en\/wp-json\/wp\/v2\/users\/1"}],"replies":[{"embeddable":true,"href":"https:\/\/news.save.ch\/en\/wp-json\/wp\/v2\/comments?post=126"}],"version-history":[{"count":0,"href":"https:\/\/news.save.ch\/en\/wp-json\/wp\/v2\/posts\/126\/revisions"}],"wp:featuredmedia":[{"embeddable":true,"href":"https:\/\/news.save.ch\/en\/wp-json\/wp\/v2\/media\/127"}],"wp:attachment":[{"href":"https:\/\/news.save.ch\/en\/wp-json\/wp\/v2\/media?parent=126"}],"wp:term":[{"taxonomy":"category","embeddable":true,"href":"https:\/\/news.save.ch\/en\/wp-json\/wp\/v2\/categories?post=126"},{"taxonomy":"post_tag","embeddable":true,"href":"https:\/\/news.save.ch\/en\/wp-json\/wp\/v2\/tags?post=126"}],"curies":[{"name":"wp","href":"https:\/\/api.w.org\/{rel}","templated":true}]}}