{"id":1279,"date":"2016-09-08T17:12:23","date_gmt":"2016-09-08T15:12:23","guid":{"rendered":"https:\/\/dev.sicherheitsforum.ch\/?p=1279"},"modified":"2023-03-14T08:57:13","modified_gmt":"2023-03-14T07:57:13","slug":"vereinheitlichung-der-e-beurkundung","status":null,"type":"post","link":"https:\/\/news.save.ch\/en\/vereinheitlichung-der-e-beurkundung\/","title":{"rendered":"Unification of e-certification"},"content":{"rendered":"<figure id=\"attachment_1280\" aria-describedby=\"caption-attachment-1280\" style=\"width: 680px\" class=\"wp-caption alignnone\"><img loading=\"lazy\" decoding=\"async\" class=\"size-medium wp-image-1280\" src=\"https:\/\/sicherheitsforum.ch\/wp-content\/uploads\/2016\/12\/Vereinheitlichung-der-E-Beurkundung-it-security.jpg\" alt=\"\" width=\"680\" height=\"454\" srcset=\"https:\/\/news.save.ch\/wp-content\/uploads\/2016\/12\/Vereinheitlichung-der-E-Beurkundung-it-security.jpg 1000w, https:\/\/news.save.ch\/wp-content\/uploads\/2016\/12\/Vereinheitlichung-der-E-Beurkundung-it-security-375x250.jpg 375w\" sizes=\"auto, (max-width: 680px) 100vw, 680px\" \/><figcaption id=\"caption-attachment-1280\" class=\"wp-caption-text\">\u00a9 depositphotos<\/figcaption><\/figure>\n<p>The Ordinance on Electronic Public Authentication (E\u00d6BV) came into force on January 1, 2012. Due to the advancing digitalization of electronic notarization, the Federal Council is proposing adjustments. In addition to notaries, other notarial staff (e.g. civil registrars, employees of the commercial registry authorities, land registry administrators) are now to be subject to the provisions of the Ordinance. This standardization creates transparency and strengthens legal certainty, especially in transactions that cross cantonal and national borders.<\/p>\n<p>In the area of public deeds and certifications, there will also be a coexistence of paper documents and electronic documents in the future. The cantons are still not obliged to introduce electronic public deeds and electronic certification.<\/p>\n<p>The new requirements for the creation of electronic public documents and electronic certifications are to come into force on January 1, 2018.<\/p>\n<p><em>Press release: Federal Department of Justice and Police<\/em><\/p>\n<p>&nbsp;<\/p>","protected":false},"excerpt":{"rendered":"<p>Am 1. Januar 2012 ist die Verordnung \u00fcber die elektronische \u00f6ffentliche Beurkundung (E\u00d6BV) in Kraft getreten. Aufgrund der fortschreitenden Digitalisierung der elektronischen Beurkundung schl\u00e4gt der Bundesrat Anpassungen vor. Neu sollen namentlich neben Notarinnen und Notaren auch andere Urkundspersonen (z.B. Zivilstandsbeamte, Mitarbeiter der Handelsregisterbeh\u00f6rden, Grundbuchverwalter) den Bestimmungen der E\u00d6BV unterstellt werden. Diese Vereinheitlichung schafft Transparenz und [&hellip;]<\/p>\n","protected":false},"author":1,"featured_media":1280,"comment_status":"open","ping_status":"open","sticky":false,"template":"","format":"standard","meta":{"_acf_changed":false,"pgc_sgb_lightbox_settings":"","footnotes":""},"categories":[3313],"tags":[62,63,69],"class_list":["post-1279","post","type-post","status-publish","format-standard","has-post-thumbnail","hentry","category-digitalisierung","tag-ict-sicherheit","tag-it-security","tag-justiz-polizei"],"acf":[],"hkrextid":null,"publication":null,"issue":null,"workflow":null,"startPage":null,"spitzmarke":null,"_posts_by_tag_page_fields":{"widget_title":"","widget_tags":""},"_at_widget":"1","_yoast_wpseo_primary_category":"2","_yoast_wpseo_focuskw_text_input":"E-Beurkundung","_yoast_wpseo_opengraph-image":"https:\/\/news.save.ch\/wp-content\/uploads\/2016\/12\/Vereinheitlichung-der-E-Beurkundung-it-security.jpg","_yoast_wpseo_opengraph-description":"Der Bundesrat will die Digitalisierung der \u00f6ffentlichen Urkunden und Beglaubigungen vorantreiben und die Rechtssicherheit der elektronischen Dokumente st\u00e4rken. Er hat dazu am Mittwoch die Totalrevision der Verordnung \u00fcber die Erstellung elektronischer \u00f6ffentlicher Urkunden und elektronischer Beglaubigungen bis am 7. Dezember 2016 in die Vernehmlassung geschickt.","_yoast_wpseo_opengraph-title":"Vereinheitlichung der E-Beurkundung","enclosure":null,"_yoast_wpseo_twitter-title":null,"_yoast_wpseo_twitter-description":null,"_yoast_wpseo_twitter-image":null,"_wp_old_slug":null,"_yoast_wpseo_title":null,"_yoast_wpseo_canonical":null,"yoast_head":"<!-- This site is optimized with the Yoast SEO plugin v27.5 - https:\/\/yoast.com\/product\/yoast-seo-wordpress\/ -->\n<title>Vereinheitlichung der E-Beurkundung - Save<\/title>\n<meta name=\"description\" content=\"E-Beurkundung: Der Bundesrat will die Digitalisierung der \u00f6ffentlichen Urkunden und Beglaubigungen vorantreiben.\" \/>\n<meta name=\"robots\" content=\"index, follow, max-snippet:-1, max-image-preview:large, max-video-preview:-1\" \/>\n<link rel=\"canonical\" href=\"https:\/\/news.save.ch\/en\/vereinheitlichung-der-e-beurkundung\/\" \/>\n<meta property=\"og:locale\" content=\"en_US\" \/>\n<meta property=\"og:type\" content=\"article\" \/>\n<meta property=\"og:title\" content=\"Vereinheitlichung der E-Beurkundung\" \/>\n<meta property=\"og:description\" content=\"Der Bundesrat will die Digitalisierung der \u00f6ffentlichen Urkunden und Beglaubigungen vorantreiben und die Rechtssicherheit der elektronischen Dokumente st\u00e4rken. Er hat dazu am Mittwoch die Totalrevision der Verordnung \u00fcber die Erstellung elektronischer \u00f6ffentlicher Urkunden und elektronischer Beglaubigungen bis am 7. Dezember 2016 in die Vernehmlassung geschickt.\" \/>\n<meta property=\"og:url\" content=\"https:\/\/news.save.ch\/en\/vereinheitlichung-der-e-beurkundung\/\" \/>\n<meta property=\"og:site_name\" content=\"Save\" \/>\n<meta property=\"article:published_time\" content=\"2016-09-08T15:12:23+00:00\" \/>\n<meta property=\"article:modified_time\" content=\"2023-03-14T07:57:13+00:00\" \/>\n<meta property=\"og:image\" content=\"https:\/\/news.save.ch\/wp-content\/uploads\/2016\/12\/Vereinheitlichung-der-E-Beurkundung-it-security.jpg\" \/>\n<meta name=\"author\" content=\"admin\" \/>\n<meta name=\"twitter:card\" content=\"summary_large_image\" \/>\n<meta name=\"twitter:label1\" content=\"Written by\" \/>\n\t<meta name=\"twitter:data1\" content=\"admin\" \/>\n\t<meta name=\"twitter:label2\" content=\"Est. reading time\" \/>\n\t<meta name=\"twitter:data2\" content=\"1 minute\" \/>\n<script type=\"application\/ld+json\" class=\"yoast-schema-graph\">{\"@context\":\"https:\\\/\\\/schema.org\",\"@graph\":[{\"@type\":\"Article\",\"@id\":\"https:\\\/\\\/news.save.ch\\\/vereinheitlichung-der-e-beurkundung\\\/#article\",\"isPartOf\":{\"@id\":\"https:\\\/\\\/news.save.ch\\\/vereinheitlichung-der-e-beurkundung\\\/\"},\"author\":{\"name\":\"admin\",\"@id\":\"https:\\\/\\\/news.save.ch\\\/de\\\/#\\\/schema\\\/person\\\/d49e199490bad7c70d64b9ab51142f2b\"},\"headline\":\"Vereinheitlichung der E-Beurkundung\",\"datePublished\":\"2016-09-08T15:12:23+00:00\",\"dateModified\":\"2023-03-14T07:57:13+00:00\",\"mainEntityOfPage\":{\"@id\":\"https:\\\/\\\/news.save.ch\\\/vereinheitlichung-der-e-beurkundung\\\/\"},\"wordCount\":145,\"commentCount\":0,\"publisher\":{\"@id\":\"https:\\\/\\\/news.save.ch\\\/de\\\/#organization\"},\"image\":{\"@id\":\"https:\\\/\\\/news.save.ch\\\/vereinheitlichung-der-e-beurkundung\\\/#primaryimage\"},\"thumbnailUrl\":\"https:\\\/\\\/news.save.ch\\\/wp-content\\\/uploads\\\/2016\\\/12\\\/Vereinheitlichung-der-E-Beurkundung-it-security.jpg\",\"keywords\":[\"ICT-Sicherheit\",\"IT-SECURITY\",\"Justiz &amp; Polizei\"],\"articleSection\":[\"DIGITALISIERUNG\"],\"inLanguage\":\"en-US\"},{\"@type\":\"WebPage\",\"@id\":\"https:\\\/\\\/news.save.ch\\\/vereinheitlichung-der-e-beurkundung\\\/\",\"url\":\"https:\\\/\\\/news.save.ch\\\/vereinheitlichung-der-e-beurkundung\\\/\",\"name\":\"Vereinheitlichung der E-Beurkundung - Save\",\"isPartOf\":{\"@id\":\"https:\\\/\\\/news.save.ch\\\/de\\\/#website\"},\"primaryImageOfPage\":{\"@id\":\"https:\\\/\\\/news.save.ch\\\/vereinheitlichung-der-e-beurkundung\\\/#primaryimage\"},\"image\":{\"@id\":\"https:\\\/\\\/news.save.ch\\\/vereinheitlichung-der-e-beurkundung\\\/#primaryimage\"},\"thumbnailUrl\":\"https:\\\/\\\/news.save.ch\\\/wp-content\\\/uploads\\\/2016\\\/12\\\/Vereinheitlichung-der-E-Beurkundung-it-security.jpg\",\"datePublished\":\"2016-09-08T15:12:23+00:00\",\"dateModified\":\"2023-03-14T07:57:13+00:00\",\"description\":\"E-Beurkundung: Der Bundesrat will die Digitalisierung der \u00f6ffentlichen Urkunden und Beglaubigungen vorantreiben.\",\"breadcrumb\":{\"@id\":\"https:\\\/\\\/news.save.ch\\\/vereinheitlichung-der-e-beurkundung\\\/#breadcrumb\"},\"inLanguage\":\"en-US\",\"potentialAction\":[{\"@type\":\"ReadAction\",\"target\":[\"https:\\\/\\\/news.save.ch\\\/vereinheitlichung-der-e-beurkundung\\\/\"]}]},{\"@type\":\"ImageObject\",\"inLanguage\":\"en-US\",\"@id\":\"https:\\\/\\\/news.save.ch\\\/vereinheitlichung-der-e-beurkundung\\\/#primaryimage\",\"url\":\"https:\\\/\\\/news.save.ch\\\/wp-content\\\/uploads\\\/2016\\\/12\\\/Vereinheitlichung-der-E-Beurkundung-it-security.jpg\",\"contentUrl\":\"https:\\\/\\\/news.save.ch\\\/wp-content\\\/uploads\\\/2016\\\/12\\\/Vereinheitlichung-der-E-Beurkundung-it-security.jpg\",\"width\":1000,\"height\":667,\"caption\":\"\u00a9 depositphotos\"},{\"@type\":\"BreadcrumbList\",\"@id\":\"https:\\\/\\\/news.save.ch\\\/vereinheitlichung-der-e-beurkundung\\\/#breadcrumb\",\"itemListElement\":[{\"@type\":\"ListItem\",\"position\":1,\"name\":\"Home\",\"item\":\"https:\\\/\\\/news.save.ch\\\/de\\\/\"},{\"@type\":\"ListItem\",\"position\":2,\"name\":\"Vereinheitlichung der E-Beurkundung\"}]},{\"@type\":\"WebSite\",\"@id\":\"https:\\\/\\\/news.save.ch\\\/de\\\/#website\",\"url\":\"https:\\\/\\\/news.save.ch\\\/de\\\/\",\"name\":\"Save\",\"description\":\"Schweizer Fachzeitschrift f\u00fcr Sicherheit\",\"publisher\":{\"@id\":\"https:\\\/\\\/news.save.ch\\\/de\\\/#organization\"},\"potentialAction\":[{\"@type\":\"SearchAction\",\"target\":{\"@type\":\"EntryPoint\",\"urlTemplate\":\"https:\\\/\\\/news.save.ch\\\/de\\\/?s={search_term_string}\"},\"query-input\":{\"@type\":\"PropertyValueSpecification\",\"valueRequired\":true,\"valueName\":\"search_term_string\"}}],\"inLanguage\":\"en-US\"},{\"@type\":\"Organization\",\"@id\":\"https:\\\/\\\/news.save.ch\\\/de\\\/#organization\",\"name\":\"Sicherheitsforum\",\"url\":\"https:\\\/\\\/news.save.ch\\\/de\\\/\",\"logo\":{\"@type\":\"ImageObject\",\"inLanguage\":\"en-US\",\"@id\":\"https:\\\/\\\/news.save.ch\\\/de\\\/#\\\/schema\\\/logo\\\/image\\\/\",\"url\":\"https:\\\/\\\/news.save.ch\\\/wp-content\\\/uploads\\\/2022\\\/06\\\/Logo_SF_2012.png\",\"contentUrl\":\"https:\\\/\\\/news.save.ch\\\/wp-content\\\/uploads\\\/2022\\\/06\\\/Logo_SF_2012.png\",\"width\":1100,\"height\":91,\"caption\":\"Sicherheitsforum\"},\"image\":{\"@id\":\"https:\\\/\\\/news.save.ch\\\/de\\\/#\\\/schema\\\/logo\\\/image\\\/\"}},{\"@type\":\"Person\",\"@id\":\"https:\\\/\\\/news.save.ch\\\/de\\\/#\\\/schema\\\/person\\\/d49e199490bad7c70d64b9ab51142f2b\",\"name\":\"admin\",\"image\":{\"@type\":\"ImageObject\",\"inLanguage\":\"en-US\",\"@id\":\"https:\\\/\\\/secure.gravatar.com\\\/avatar\\\/ae2f4d718e6c49043e314ce431e7e645d646302a24a5ef5a8bc8e3f5a032e319?s=96&d=mm&r=g\",\"url\":\"https:\\\/\\\/secure.gravatar.com\\\/avatar\\\/ae2f4d718e6c49043e314ce431e7e645d646302a24a5ef5a8bc8e3f5a032e319?s=96&d=mm&r=g\",\"contentUrl\":\"https:\\\/\\\/secure.gravatar.com\\\/avatar\\\/ae2f4d718e6c49043e314ce431e7e645d646302a24a5ef5a8bc8e3f5a032e319?s=96&d=mm&r=g\",\"caption\":\"admin\"},\"sameAs\":[\"https:\\\/\\\/develop.organisator.galledia.ch\"],\"url\":\"https:\\\/\\\/news.save.ch\\\/en\\\/author\\\/admin\\\/\"}]}<\/script>\n<!-- \/ Yoast SEO plugin. -->","yoast_head_json":{"title":"Unification of e-certification - Save","description":"E-certification: The Federal Council wants to drive forward the digitization of public deeds and certifications.","robots":{"index":"index","follow":"follow","max-snippet":"max-snippet:-1","max-image-preview":"max-image-preview:large","max-video-preview":"max-video-preview:-1"},"canonical":"https:\/\/news.save.ch\/en\/vereinheitlichung-der-e-beurkundung\/","og_locale":"en_US","og_type":"article","og_title":"Vereinheitlichung der E-Beurkundung","og_description":"Der Bundesrat will die Digitalisierung der \u00f6ffentlichen Urkunden und Beglaubigungen vorantreiben und die Rechtssicherheit der elektronischen Dokumente st\u00e4rken. Er hat dazu am Mittwoch die Totalrevision der Verordnung \u00fcber die Erstellung elektronischer \u00f6ffentlicher Urkunden und elektronischer Beglaubigungen bis am 7. Dezember 2016 in die Vernehmlassung geschickt.","og_url":"https:\/\/news.save.ch\/en\/vereinheitlichung-der-e-beurkundung\/","og_site_name":"Save","article_published_time":"2016-09-08T15:12:23+00:00","article_modified_time":"2023-03-14T07:57:13+00:00","og_image":[{"url":"https:\/\/news.save.ch\/wp-content\/uploads\/2016\/12\/Vereinheitlichung-der-E-Beurkundung-it-security.jpg","type":"","width":"","height":""}],"author":"admin","twitter_card":"summary_large_image","twitter_misc":{"Written by":"admin","Est. reading time":"1 minute"},"schema":{"@context":"https:\/\/schema.org","@graph":[{"@type":"Article","@id":"https:\/\/news.save.ch\/vereinheitlichung-der-e-beurkundung\/#article","isPartOf":{"@id":"https:\/\/news.save.ch\/vereinheitlichung-der-e-beurkundung\/"},"author":{"name":"admin","@id":"https:\/\/news.save.ch\/de\/#\/schema\/person\/d49e199490bad7c70d64b9ab51142f2b"},"headline":"Vereinheitlichung der E-Beurkundung","datePublished":"2016-09-08T15:12:23+00:00","dateModified":"2023-03-14T07:57:13+00:00","mainEntityOfPage":{"@id":"https:\/\/news.save.ch\/vereinheitlichung-der-e-beurkundung\/"},"wordCount":145,"commentCount":0,"publisher":{"@id":"https:\/\/news.save.ch\/de\/#organization"},"image":{"@id":"https:\/\/news.save.ch\/vereinheitlichung-der-e-beurkundung\/#primaryimage"},"thumbnailUrl":"https:\/\/news.save.ch\/wp-content\/uploads\/2016\/12\/Vereinheitlichung-der-E-Beurkundung-it-security.jpg","keywords":["ICT-Sicherheit","IT-SECURITY","Justiz &amp; Polizei"],"articleSection":["DIGITALISIERUNG"],"inLanguage":"en-US"},{"@type":"WebPage","@id":"https:\/\/news.save.ch\/vereinheitlichung-der-e-beurkundung\/","url":"https:\/\/news.save.ch\/vereinheitlichung-der-e-beurkundung\/","name":"Unification of e-certification - Save","isPartOf":{"@id":"https:\/\/news.save.ch\/de\/#website"},"primaryImageOfPage":{"@id":"https:\/\/news.save.ch\/vereinheitlichung-der-e-beurkundung\/#primaryimage"},"image":{"@id":"https:\/\/news.save.ch\/vereinheitlichung-der-e-beurkundung\/#primaryimage"},"thumbnailUrl":"https:\/\/news.save.ch\/wp-content\/uploads\/2016\/12\/Vereinheitlichung-der-E-Beurkundung-it-security.jpg","datePublished":"2016-09-08T15:12:23+00:00","dateModified":"2023-03-14T07:57:13+00:00","description":"E-certification: The Federal Council wants to drive forward the digitization of public deeds and certifications.","breadcrumb":{"@id":"https:\/\/news.save.ch\/vereinheitlichung-der-e-beurkundung\/#breadcrumb"},"inLanguage":"en-US","potentialAction":[{"@type":"ReadAction","target":["https:\/\/news.save.ch\/vereinheitlichung-der-e-beurkundung\/"]}]},{"@type":"ImageObject","inLanguage":"en-US","@id":"https:\/\/news.save.ch\/vereinheitlichung-der-e-beurkundung\/#primaryimage","url":"https:\/\/news.save.ch\/wp-content\/uploads\/2016\/12\/Vereinheitlichung-der-E-Beurkundung-it-security.jpg","contentUrl":"https:\/\/news.save.ch\/wp-content\/uploads\/2016\/12\/Vereinheitlichung-der-E-Beurkundung-it-security.jpg","width":1000,"height":667,"caption":"\u00a9 depositphotos"},{"@type":"BreadcrumbList","@id":"https:\/\/news.save.ch\/vereinheitlichung-der-e-beurkundung\/#breadcrumb","itemListElement":[{"@type":"ListItem","position":1,"name":"Home","item":"https:\/\/news.save.ch\/de\/"},{"@type":"ListItem","position":2,"name":"Vereinheitlichung der E-Beurkundung"}]},{"@type":"WebSite","@id":"https:\/\/news.save.ch\/de\/#website","url":"https:\/\/news.save.ch\/de\/","name":"Save","description":"Swiss trade journal for safety","publisher":{"@id":"https:\/\/news.save.ch\/de\/#organization"},"potentialAction":[{"@type":"SearchAction","target":{"@type":"EntryPoint","urlTemplate":"https:\/\/news.save.ch\/de\/?s={search_term_string}"},"query-input":{"@type":"PropertyValueSpecification","valueRequired":true,"valueName":"search_term_string"}}],"inLanguage":"en-US"},{"@type":"Organization","@id":"https:\/\/news.save.ch\/de\/#organization","name":"Security Forum","url":"https:\/\/news.save.ch\/de\/","logo":{"@type":"ImageObject","inLanguage":"en-US","@id":"https:\/\/news.save.ch\/de\/#\/schema\/logo\/image\/","url":"https:\/\/news.save.ch\/wp-content\/uploads\/2022\/06\/Logo_SF_2012.png","contentUrl":"https:\/\/news.save.ch\/wp-content\/uploads\/2022\/06\/Logo_SF_2012.png","width":1100,"height":91,"caption":"Sicherheitsforum"},"image":{"@id":"https:\/\/news.save.ch\/de\/#\/schema\/logo\/image\/"}},{"@type":"Person","@id":"https:\/\/news.save.ch\/de\/#\/schema\/person\/d49e199490bad7c70d64b9ab51142f2b","name":"admin","image":{"@type":"ImageObject","inLanguage":"en-US","@id":"https:\/\/secure.gravatar.com\/avatar\/ae2f4d718e6c49043e314ce431e7e645d646302a24a5ef5a8bc8e3f5a032e319?s=96&d=mm&r=g","url":"https:\/\/secure.gravatar.com\/avatar\/ae2f4d718e6c49043e314ce431e7e645d646302a24a5ef5a8bc8e3f5a032e319?s=96&d=mm&r=g","contentUrl":"https:\/\/secure.gravatar.com\/avatar\/ae2f4d718e6c49043e314ce431e7e645d646302a24a5ef5a8bc8e3f5a032e319?s=96&d=mm&r=g","caption":"admin"},"sameAs":["https:\/\/develop.organisator.galledia.ch"],"url":"https:\/\/news.save.ch\/en\/author\/admin\/"}]}},"_links":{"self":[{"href":"https:\/\/news.save.ch\/en\/wp-json\/wp\/v2\/posts\/1279","targetHints":{"allow":["GET"]}}],"collection":[{"href":"https:\/\/news.save.ch\/en\/wp-json\/wp\/v2\/posts"}],"about":[{"href":"https:\/\/news.save.ch\/en\/wp-json\/wp\/v2\/types\/post"}],"author":[{"embeddable":true,"href":"https:\/\/news.save.ch\/en\/wp-json\/wp\/v2\/users\/1"}],"replies":[{"embeddable":true,"href":"https:\/\/news.save.ch\/en\/wp-json\/wp\/v2\/comments?post=1279"}],"version-history":[{"count":1,"href":"https:\/\/news.save.ch\/en\/wp-json\/wp\/v2\/posts\/1279\/revisions"}],"predecessor-version":[{"id":17576,"href":"https:\/\/news.save.ch\/en\/wp-json\/wp\/v2\/posts\/1279\/revisions\/17576"}],"wp:featuredmedia":[{"embeddable":true,"href":"https:\/\/news.save.ch\/en\/wp-json\/wp\/v2\/media\/1280"}],"wp:attachment":[{"href":"https:\/\/news.save.ch\/en\/wp-json\/wp\/v2\/media?parent=1279"}],"wp:term":[{"taxonomy":"category","embeddable":true,"href":"https:\/\/news.save.ch\/en\/wp-json\/wp\/v2\/categories?post=1279"},{"taxonomy":"post_tag","embeddable":true,"href":"https:\/\/news.save.ch\/en\/wp-json\/wp\/v2\/tags?post=1279"}],"curies":[{"name":"wp","href":"https:\/\/api.w.org\/{rel}","templated":true}]}}