{"id":12887,"date":"2021-11-03T10:07:11","date_gmt":"2021-11-03T09:07:11","guid":{"rendered":"https:\/\/news.save.ch\/?p=12887"},"modified":"2023-08-15T02:22:56","modified_gmt":"2023-08-15T00:22:56","slug":"sicherheitspruefung-von-flughafenpersonal-wird-erweitert","status":null,"type":"post","link":"https:\/\/news.save.ch\/en\/sicherheitspruefung-von-flughafenpersonal-wird-erweitert\/","title":{"rendered":"Security screening of airport personnel is expanded"},"content":{"rendered":"<p><img loading=\"lazy\" decoding=\"async\" class=\"alignnone wp-image-12889 size-full\" src=\"https:\/\/news.save.ch\/wp-content\/uploads\/2021\/11\/Depositphotos_162654660_S.jpg\" alt=\"Airport staff\" width=\"1000\" height=\"667\" srcset=\"https:\/\/news.save.ch\/wp-content\/uploads\/2021\/11\/Depositphotos_162654660_S.jpg 1000w, https:\/\/news.save.ch\/wp-content\/uploads\/2021\/11\/Depositphotos_162654660_S-375x250.jpg 375w\" sizes=\"auto, (max-width: 1000px) 100vw, 1000px\" \/><\/p>\n<p>Very high security standards apply at airports today. This also includes the screening of personnel working in the security area of an airport. The European Union (EU) has extended the requirements for this so-called background check: It is mandatory to obtain police and intelligence information.<\/p>\n<p>The bilateral air transport agreement with the EU obliges Switzerland to adopt these new requirements. The necessary legal basis for this was created by the Federal Law on Police Measures to Combat Terrorism (PMT), which was approved by 56.6 percent of voters on June 13, 2021.<\/p>\n<h2>EU implementation deadline met<\/h2>\n<p>The corresponding articles do not have to be specified at ordinance level and can therefore enter into force early on January 1, 2022. In this way, Switzerland meets the EU deadline for the implementation of the extended safety check. The entire PMT Act and the associated ordinance are expected to enter into force in the first half of 2022.<\/p>\n<p><em>Source: Federal Council<\/em><\/p>","protected":false},"excerpt":{"rendered":"<p>An Flugh\u00e4fen gelten heute sehr hohe Sicherheitsstandards. Dazu geh\u00f6rt auch die \u00dcberpr\u00fcfung des Personals, das im Sicherheitsbereich eines Flughafens arbeitet. Die Europ\u00e4ische Union (EU) hat die Vorgaben f\u00fcr diese sogenannte Zuverl\u00e4ssigkeits\u00fcberpr\u00fcfung erweitert: Es m\u00fcssen zwingend polizeiliche und nachrichtendienstliche Informationen eingeholt werden. Das bilaterale Luftverkehrsabkommen mit der EU verpflichtet die Schweiz, diese neuen Vorgaben zu \u00fcbernehmen. [&hellip;]<\/p>\n","protected":false},"author":9,"featured_media":12889,"comment_status":"closed","ping_status":"closed","sticky":false,"template":"","format":"standard","meta":{"_acf_changed":false,"pgc_sgb_lightbox_settings":"","footnotes":""},"categories":[1],"tags":[4749,56,1303,6266,310,5114,6265],"class_list":["post-12887","post","type-post","status-publish","format-standard","has-post-thumbnail","hentry","category-allgemein","tag-europaeische-union","tag-flughafen","tag-flughafenpersonal","tag-luftverkehrsabkommen","tag-sicherheit","tag-sicherheitsstandards","tag-zuverlaessigkeitsueberpruefung"],"acf":[],"hkrextid":null,"publication":null,"issue":null,"workflow":null,"startPage":null,"spitzmarke":null,"_posts_by_tag_page_fields":{"widget_title":"","widget_tags":""},"_at_widget":"1","_yoast_wpseo_primary_category":"1","_yoast_wpseo_focuskw_text_input":null,"_yoast_wpseo_opengraph-image":null,"_yoast_wpseo_opengraph-description":null,"_yoast_wpseo_opengraph-title":null,"enclosure":null,"_yoast_wpseo_twitter-title":null,"_yoast_wpseo_twitter-description":null,"_yoast_wpseo_twitter-image":null,"_wp_old_slug":null,"_yoast_wpseo_title":null,"_yoast_wpseo_canonical":null,"yoast_head":"<!-- This site is optimized with the Yoast SEO plugin v27.4 - https:\/\/yoast.com\/product\/yoast-seo-wordpress\/ -->\n<title>Sicherheitspr\u00fcfung von Flughafenpersonal wird erweitert - Save<\/title>\n<meta name=\"description\" content=\"Das Flughafenpersonal wird infolge eines Bundesratsbeschlusses zur Bek\u00e4mpfung von Terrorismus genauer kontrolliert. Die Schweiz adaptiert damit Sicherheitsrechte des Flughafenpersonals der Europ\u00e4ischen Union.\u00a0\" \/>\n<meta name=\"robots\" content=\"index, follow, max-snippet:-1, max-image-preview:large, max-video-preview:-1\" \/>\n<link rel=\"canonical\" href=\"https:\/\/news.save.ch\/en\/sicherheitspruefung-von-flughafenpersonal-wird-erweitert\/\" \/>\n<meta property=\"og:locale\" content=\"en_US\" \/>\n<meta property=\"og:type\" content=\"article\" \/>\n<meta property=\"og:title\" content=\"Sicherheitspr\u00fcfung von Flughafenpersonal wird erweitert - Save\" \/>\n<meta property=\"og:description\" content=\"Das Flughafenpersonal wird infolge eines Bundesratsbeschlusses zur Bek\u00e4mpfung von Terrorismus genauer kontrolliert. Die Schweiz adaptiert damit Sicherheitsrechte des Flughafenpersonals der Europ\u00e4ischen Union.\u00a0\" \/>\n<meta property=\"og:url\" content=\"https:\/\/news.save.ch\/en\/sicherheitspruefung-von-flughafenpersonal-wird-erweitert\/\" \/>\n<meta property=\"og:site_name\" content=\"Save\" \/>\n<meta property=\"article:published_time\" content=\"2021-11-03T09:07:11+00:00\" \/>\n<meta property=\"article:modified_time\" content=\"2023-08-15T00:22:56+00:00\" \/>\n<meta property=\"og:image\" content=\"https:\/\/news.save.ch\/wp-content\/uploads\/2021\/11\/Depositphotos_162654660_S.jpg\" \/>\n\t<meta property=\"og:image:width\" content=\"1000\" \/>\n\t<meta property=\"og:image:height\" content=\"667\" \/>\n\t<meta property=\"og:image:type\" content=\"image\/jpeg\" \/>\n<meta name=\"author\" content=\"Simon Gr\u00f6flin\" \/>\n<meta name=\"twitter:card\" content=\"summary_large_image\" \/>\n<meta name=\"twitter:label1\" content=\"Written by\" \/>\n\t<meta name=\"twitter:data1\" content=\"Simon Gr\u00f6flin\" \/>\n\t<meta name=\"twitter:label2\" content=\"Est. reading time\" \/>\n\t<meta name=\"twitter:data2\" content=\"2 minutes\" \/>\n<script type=\"application\/ld+json\" class=\"yoast-schema-graph\">{\"@context\":\"https:\\\/\\\/schema.org\",\"@graph\":[{\"@type\":\"Article\",\"@id\":\"https:\\\/\\\/news.save.ch\\\/sicherheitspruefung-von-flughafenpersonal-wird-erweitert\\\/#article\",\"isPartOf\":{\"@id\":\"https:\\\/\\\/news.save.ch\\\/sicherheitspruefung-von-flughafenpersonal-wird-erweitert\\\/\"},\"author\":{\"name\":\"Simon Gr\u00f6flin\",\"@id\":\"https:\\\/\\\/news.save.ch\\\/de\\\/#\\\/schema\\\/person\\\/ad4ef21102fd6125312409ac57d5296d\"},\"headline\":\"Sicherheitspr\u00fcfung von Flughafenpersonal wird erweitert\",\"datePublished\":\"2021-11-03T09:07:11+00:00\",\"dateModified\":\"2023-08-15T00:22:56+00:00\",\"mainEntityOfPage\":{\"@id\":\"https:\\\/\\\/news.save.ch\\\/sicherheitspruefung-von-flughafenpersonal-wird-erweitert\\\/\"},\"wordCount\":162,\"publisher\":{\"@id\":\"https:\\\/\\\/news.save.ch\\\/de\\\/#organization\"},\"image\":{\"@id\":\"https:\\\/\\\/news.save.ch\\\/sicherheitspruefung-von-flughafenpersonal-wird-erweitert\\\/#primaryimage\"},\"thumbnailUrl\":\"https:\\\/\\\/news.save.ch\\\/wp-content\\\/uploads\\\/2021\\\/11\\\/Depositphotos_162654660_S.jpg\",\"keywords\":[\"Europ\u00e4ische Union\",\"Flughafen\",\"Flughafenpersonal\",\"Luftverkehrsabkommen\",\"Sicherheit\",\"Sicherheitsstandards\",\"Zuverl\u00e4ssigkeits\u00fcberpr\u00fcfung\"],\"articleSection\":[\"ALLGEMEIN\"],\"inLanguage\":\"en-US\"},{\"@type\":\"WebPage\",\"@id\":\"https:\\\/\\\/news.save.ch\\\/sicherheitspruefung-von-flughafenpersonal-wird-erweitert\\\/\",\"url\":\"https:\\\/\\\/news.save.ch\\\/sicherheitspruefung-von-flughafenpersonal-wird-erweitert\\\/\",\"name\":\"Sicherheitspr\u00fcfung von Flughafenpersonal wird erweitert - Save\",\"isPartOf\":{\"@id\":\"https:\\\/\\\/news.save.ch\\\/de\\\/#website\"},\"primaryImageOfPage\":{\"@id\":\"https:\\\/\\\/news.save.ch\\\/sicherheitspruefung-von-flughafenpersonal-wird-erweitert\\\/#primaryimage\"},\"image\":{\"@id\":\"https:\\\/\\\/news.save.ch\\\/sicherheitspruefung-von-flughafenpersonal-wird-erweitert\\\/#primaryimage\"},\"thumbnailUrl\":\"https:\\\/\\\/news.save.ch\\\/wp-content\\\/uploads\\\/2021\\\/11\\\/Depositphotos_162654660_S.jpg\",\"datePublished\":\"2021-11-03T09:07:11+00:00\",\"dateModified\":\"2023-08-15T00:22:56+00:00\",\"description\":\"Das Flughafenpersonal wird infolge eines Bundesratsbeschlusses zur Bek\u00e4mpfung von Terrorismus genauer kontrolliert. Die Schweiz adaptiert damit Sicherheitsrechte des Flughafenpersonals der Europ\u00e4ischen Union.\u00a0\",\"breadcrumb\":{\"@id\":\"https:\\\/\\\/news.save.ch\\\/sicherheitspruefung-von-flughafenpersonal-wird-erweitert\\\/#breadcrumb\"},\"inLanguage\":\"en-US\",\"potentialAction\":[{\"@type\":\"ReadAction\",\"target\":[\"https:\\\/\\\/news.save.ch\\\/sicherheitspruefung-von-flughafenpersonal-wird-erweitert\\\/\"]}]},{\"@type\":\"ImageObject\",\"inLanguage\":\"en-US\",\"@id\":\"https:\\\/\\\/news.save.ch\\\/sicherheitspruefung-von-flughafenpersonal-wird-erweitert\\\/#primaryimage\",\"url\":\"https:\\\/\\\/news.save.ch\\\/wp-content\\\/uploads\\\/2021\\\/11\\\/Depositphotos_162654660_S.jpg\",\"contentUrl\":\"https:\\\/\\\/news.save.ch\\\/wp-content\\\/uploads\\\/2021\\\/11\\\/Depositphotos_162654660_S.jpg\",\"width\":1000,\"height\":667},{\"@type\":\"BreadcrumbList\",\"@id\":\"https:\\\/\\\/news.save.ch\\\/sicherheitspruefung-von-flughafenpersonal-wird-erweitert\\\/#breadcrumb\",\"itemListElement\":[{\"@type\":\"ListItem\",\"position\":1,\"name\":\"Home\",\"item\":\"https:\\\/\\\/news.save.ch\\\/de\\\/\"},{\"@type\":\"ListItem\",\"position\":2,\"name\":\"Sicherheitspr\u00fcfung von Flughafenpersonal wird erweitert\"}]},{\"@type\":\"WebSite\",\"@id\":\"https:\\\/\\\/news.save.ch\\\/de\\\/#website\",\"url\":\"https:\\\/\\\/news.save.ch\\\/de\\\/\",\"name\":\"Save\",\"description\":\"Schweizer Fachzeitschrift f\u00fcr Sicherheit\",\"publisher\":{\"@id\":\"https:\\\/\\\/news.save.ch\\\/de\\\/#organization\"},\"potentialAction\":[{\"@type\":\"SearchAction\",\"target\":{\"@type\":\"EntryPoint\",\"urlTemplate\":\"https:\\\/\\\/news.save.ch\\\/de\\\/?s={search_term_string}\"},\"query-input\":{\"@type\":\"PropertyValueSpecification\",\"valueRequired\":true,\"valueName\":\"search_term_string\"}}],\"inLanguage\":\"en-US\"},{\"@type\":\"Organization\",\"@id\":\"https:\\\/\\\/news.save.ch\\\/de\\\/#organization\",\"name\":\"Sicherheitsforum\",\"url\":\"https:\\\/\\\/news.save.ch\\\/de\\\/\",\"logo\":{\"@type\":\"ImageObject\",\"inLanguage\":\"en-US\",\"@id\":\"https:\\\/\\\/news.save.ch\\\/de\\\/#\\\/schema\\\/logo\\\/image\\\/\",\"url\":\"https:\\\/\\\/news.save.ch\\\/wp-content\\\/uploads\\\/2022\\\/06\\\/Logo_SF_2012.png\",\"contentUrl\":\"https:\\\/\\\/news.save.ch\\\/wp-content\\\/uploads\\\/2022\\\/06\\\/Logo_SF_2012.png\",\"width\":1100,\"height\":91,\"caption\":\"Sicherheitsforum\"},\"image\":{\"@id\":\"https:\\\/\\\/news.save.ch\\\/de\\\/#\\\/schema\\\/logo\\\/image\\\/\"}},{\"@type\":\"Person\",\"@id\":\"https:\\\/\\\/news.save.ch\\\/de\\\/#\\\/schema\\\/person\\\/ad4ef21102fd6125312409ac57d5296d\",\"name\":\"Simon Gr\u00f6flin\",\"image\":{\"@type\":\"ImageObject\",\"inLanguage\":\"en-US\",\"@id\":\"https:\\\/\\\/secure.gravatar.com\\\/avatar\\\/6ddceb80eb734354635539e0ea5140bb7c41e42de7c45c9a2ab9921b5d5c9a83?s=96&d=mm&r=g\",\"url\":\"https:\\\/\\\/secure.gravatar.com\\\/avatar\\\/6ddceb80eb734354635539e0ea5140bb7c41e42de7c45c9a2ab9921b5d5c9a83?s=96&d=mm&r=g\",\"contentUrl\":\"https:\\\/\\\/secure.gravatar.com\\\/avatar\\\/6ddceb80eb734354635539e0ea5140bb7c41e42de7c45c9a2ab9921b5d5c9a83?s=96&d=mm&r=g\",\"caption\":\"Simon Gr\u00f6flin\"},\"url\":\"https:\\\/\\\/news.save.ch\\\/en\\\/author\\\/simon-groeflin\\\/\"}]}<\/script>\n<!-- \/ Yoast SEO plugin. -->","yoast_head_json":{"title":"Security check of airport personnel is extended - Save","description":"Airport personnel will be more closely monitored as a result of a Federal Council decision to combat terrorism. Switzerland is thus adapting airport staff security rights to those of the European Union.\u00a0","robots":{"index":"index","follow":"follow","max-snippet":"max-snippet:-1","max-image-preview":"max-image-preview:large","max-video-preview":"max-video-preview:-1"},"canonical":"https:\/\/news.save.ch\/en\/sicherheitspruefung-von-flughafenpersonal-wird-erweitert\/","og_locale":"en_US","og_type":"article","og_title":"Sicherheitspr\u00fcfung von Flughafenpersonal wird erweitert - Save","og_description":"Das Flughafenpersonal wird infolge eines Bundesratsbeschlusses zur Bek\u00e4mpfung von Terrorismus genauer kontrolliert. Die Schweiz adaptiert damit Sicherheitsrechte des Flughafenpersonals der Europ\u00e4ischen Union.\u00a0","og_url":"https:\/\/news.save.ch\/en\/sicherheitspruefung-von-flughafenpersonal-wird-erweitert\/","og_site_name":"Save","article_published_time":"2021-11-03T09:07:11+00:00","article_modified_time":"2023-08-15T00:22:56+00:00","og_image":[{"width":1000,"height":667,"url":"https:\/\/news.save.ch\/wp-content\/uploads\/2021\/11\/Depositphotos_162654660_S.jpg","type":"image\/jpeg"}],"author":"Simon Gr\u00f6flin","twitter_card":"summary_large_image","twitter_misc":{"Written by":"Simon Gr\u00f6flin","Est. reading time":"2 minutes"},"schema":{"@context":"https:\/\/schema.org","@graph":[{"@type":"Article","@id":"https:\/\/news.save.ch\/sicherheitspruefung-von-flughafenpersonal-wird-erweitert\/#article","isPartOf":{"@id":"https:\/\/news.save.ch\/sicherheitspruefung-von-flughafenpersonal-wird-erweitert\/"},"author":{"name":"Simon Gr\u00f6flin","@id":"https:\/\/news.save.ch\/de\/#\/schema\/person\/ad4ef21102fd6125312409ac57d5296d"},"headline":"Sicherheitspr\u00fcfung von Flughafenpersonal wird erweitert","datePublished":"2021-11-03T09:07:11+00:00","dateModified":"2023-08-15T00:22:56+00:00","mainEntityOfPage":{"@id":"https:\/\/news.save.ch\/sicherheitspruefung-von-flughafenpersonal-wird-erweitert\/"},"wordCount":162,"publisher":{"@id":"https:\/\/news.save.ch\/de\/#organization"},"image":{"@id":"https:\/\/news.save.ch\/sicherheitspruefung-von-flughafenpersonal-wird-erweitert\/#primaryimage"},"thumbnailUrl":"https:\/\/news.save.ch\/wp-content\/uploads\/2021\/11\/Depositphotos_162654660_S.jpg","keywords":["Europ\u00e4ische Union","Flughafen","Flughafenpersonal","Luftverkehrsabkommen","Sicherheit","Sicherheitsstandards","Zuverl\u00e4ssigkeits\u00fcberpr\u00fcfung"],"articleSection":["ALLGEMEIN"],"inLanguage":"en-US"},{"@type":"WebPage","@id":"https:\/\/news.save.ch\/sicherheitspruefung-von-flughafenpersonal-wird-erweitert\/","url":"https:\/\/news.save.ch\/sicherheitspruefung-von-flughafenpersonal-wird-erweitert\/","name":"Security check of airport personnel is extended - Save","isPartOf":{"@id":"https:\/\/news.save.ch\/de\/#website"},"primaryImageOfPage":{"@id":"https:\/\/news.save.ch\/sicherheitspruefung-von-flughafenpersonal-wird-erweitert\/#primaryimage"},"image":{"@id":"https:\/\/news.save.ch\/sicherheitspruefung-von-flughafenpersonal-wird-erweitert\/#primaryimage"},"thumbnailUrl":"https:\/\/news.save.ch\/wp-content\/uploads\/2021\/11\/Depositphotos_162654660_S.jpg","datePublished":"2021-11-03T09:07:11+00:00","dateModified":"2023-08-15T00:22:56+00:00","description":"Airport personnel will be more closely monitored as a result of a Federal Council decision to combat terrorism. Switzerland is thus adapting airport staff security rights to those of the European Union.\u00a0","breadcrumb":{"@id":"https:\/\/news.save.ch\/sicherheitspruefung-von-flughafenpersonal-wird-erweitert\/#breadcrumb"},"inLanguage":"en-US","potentialAction":[{"@type":"ReadAction","target":["https:\/\/news.save.ch\/sicherheitspruefung-von-flughafenpersonal-wird-erweitert\/"]}]},{"@type":"ImageObject","inLanguage":"en-US","@id":"https:\/\/news.save.ch\/sicherheitspruefung-von-flughafenpersonal-wird-erweitert\/#primaryimage","url":"https:\/\/news.save.ch\/wp-content\/uploads\/2021\/11\/Depositphotos_162654660_S.jpg","contentUrl":"https:\/\/news.save.ch\/wp-content\/uploads\/2021\/11\/Depositphotos_162654660_S.jpg","width":1000,"height":667},{"@type":"BreadcrumbList","@id":"https:\/\/news.save.ch\/sicherheitspruefung-von-flughafenpersonal-wird-erweitert\/#breadcrumb","itemListElement":[{"@type":"ListItem","position":1,"name":"Home","item":"https:\/\/news.save.ch\/de\/"},{"@type":"ListItem","position":2,"name":"Sicherheitspr\u00fcfung von Flughafenpersonal wird erweitert"}]},{"@type":"WebSite","@id":"https:\/\/news.save.ch\/de\/#website","url":"https:\/\/news.save.ch\/de\/","name":"Save","description":"Swiss trade journal for safety","publisher":{"@id":"https:\/\/news.save.ch\/de\/#organization"},"potentialAction":[{"@type":"SearchAction","target":{"@type":"EntryPoint","urlTemplate":"https:\/\/news.save.ch\/de\/?s={search_term_string}"},"query-input":{"@type":"PropertyValueSpecification","valueRequired":true,"valueName":"search_term_string"}}],"inLanguage":"en-US"},{"@type":"Organization","@id":"https:\/\/news.save.ch\/de\/#organization","name":"Security Forum","url":"https:\/\/news.save.ch\/de\/","logo":{"@type":"ImageObject","inLanguage":"en-US","@id":"https:\/\/news.save.ch\/de\/#\/schema\/logo\/image\/","url":"https:\/\/news.save.ch\/wp-content\/uploads\/2022\/06\/Logo_SF_2012.png","contentUrl":"https:\/\/news.save.ch\/wp-content\/uploads\/2022\/06\/Logo_SF_2012.png","width":1100,"height":91,"caption":"Sicherheitsforum"},"image":{"@id":"https:\/\/news.save.ch\/de\/#\/schema\/logo\/image\/"}},{"@type":"Person","@id":"https:\/\/news.save.ch\/de\/#\/schema\/person\/ad4ef21102fd6125312409ac57d5296d","name":"Simon Gr\u00f6flin","image":{"@type":"ImageObject","inLanguage":"en-US","@id":"https:\/\/secure.gravatar.com\/avatar\/6ddceb80eb734354635539e0ea5140bb7c41e42de7c45c9a2ab9921b5d5c9a83?s=96&d=mm&r=g","url":"https:\/\/secure.gravatar.com\/avatar\/6ddceb80eb734354635539e0ea5140bb7c41e42de7c45c9a2ab9921b5d5c9a83?s=96&d=mm&r=g","contentUrl":"https:\/\/secure.gravatar.com\/avatar\/6ddceb80eb734354635539e0ea5140bb7c41e42de7c45c9a2ab9921b5d5c9a83?s=96&d=mm&r=g","caption":"Simon Gr\u00f6flin"},"url":"https:\/\/news.save.ch\/en\/author\/simon-groeflin\/"}]}},"_links":{"self":[{"href":"https:\/\/news.save.ch\/en\/wp-json\/wp\/v2\/posts\/12887","targetHints":{"allow":["GET"]}}],"collection":[{"href":"https:\/\/news.save.ch\/en\/wp-json\/wp\/v2\/posts"}],"about":[{"href":"https:\/\/news.save.ch\/en\/wp-json\/wp\/v2\/types\/post"}],"author":[{"embeddable":true,"href":"https:\/\/news.save.ch\/en\/wp-json\/wp\/v2\/users\/9"}],"replies":[{"embeddable":true,"href":"https:\/\/news.save.ch\/en\/wp-json\/wp\/v2\/comments?post=12887"}],"version-history":[{"count":2,"href":"https:\/\/news.save.ch\/en\/wp-json\/wp\/v2\/posts\/12887\/revisions"}],"predecessor-version":[{"id":21742,"href":"https:\/\/news.save.ch\/en\/wp-json\/wp\/v2\/posts\/12887\/revisions\/21742"}],"wp:featuredmedia":[{"embeddable":true,"href":"https:\/\/news.save.ch\/en\/wp-json\/wp\/v2\/media\/12889"}],"wp:attachment":[{"href":"https:\/\/news.save.ch\/en\/wp-json\/wp\/v2\/media?parent=12887"}],"wp:term":[{"taxonomy":"category","embeddable":true,"href":"https:\/\/news.save.ch\/en\/wp-json\/wp\/v2\/categories?post=12887"},{"taxonomy":"post_tag","embeddable":true,"href":"https:\/\/news.save.ch\/en\/wp-json\/wp\/v2\/tags?post=12887"}],"curies":[{"name":"wp","href":"https:\/\/api.w.org\/{rel}","templated":true}]}}